{"id":85927,"date":"2021-10-22T14:05:20","date_gmt":"2021-10-22T14:05:20","guid":{"rendered":"https:\/\/quehacerpolitico.mx\/?p=85927"},"modified":"2021-10-22T14:05:23","modified_gmt":"2021-10-22T14:05:23","slug":"mariana-rodriguez-llega-al-palacio-de-gobierno-vestida-de-cenicienta","status":"publish","type":"post","link":"https:\/\/quehacerpolitico.mx\/?p=85927","title":{"rendered":"Mariana Rodr\u00edguez llega al Palacio de Gobierno vestida de Cenicienta"},"content":{"rendered":"\n<p>Por Redacci\u00f3n QP<\/p>\n\n\n\n<p>Al parecer esta no es la primera vez en la que la primera dama aparece disfrazada en el Palacio de Gobierno.<\/p>\n\n\n\n<p>La famosa influencia y primera dama del estado de Nuevo Le\u00f3n,\u00a0Mariana Rodr\u00edguez sorprendi\u00f3 a sus seguidores en redes sociales y a su esposo, el gobernador\u00a0<strong>Samuel Garc\u00eda<\/strong>\u00a0quien reacciona a sus ocurrencias, pues se disfraz\u00f3 de un dinosaurio y ahora se convirti\u00f3 en\u00a0<strong>Cenicienta<\/strong>.<\/p>\n\n\n\n<p>A trav\u00e9s de sus redes sociales, Samuel Garc\u00eda comparti\u00f3 algunas historias en Instagram donde se puede ver a su esposa disfrazada de una de las princesas m\u00e1s famosas de&nbsp;<strong>Disney<\/strong>, Cenicienta, por lo que no pudo dejar de reaccionar ante la sorpresa de su amada, quien se present\u00f3 as\u00ed en el&nbsp;<strong>Palacio de Gobierno.<\/strong><\/p>\n\n\n\n<p>Ante la divertida sorpresa, Samuel tuvo una divertida reacci\u00f3n.\u00a0<em>\u201c\u00bfQu\u00e9 traes?, \u00bfapoco Cinderella ten\u00eda collar negro?\u201d,\u00a0<\/em>se puede escuchar al gobernador, quien no aparece en el video y aprovech\u00f3 el momento para pedirle que\u00a0<strong>se diera una vuelta.<\/strong><\/p>\n\n\n\n<figure class=\"wp-block-embed is-type-rich is-provider-twitter wp-block-embed-twitter\"><div class=\"wp-block-embed__wrapper\">\nhttps:\/\/twitter.com\/videosvirales69\/status\/1451200513358192640?s=21\n<\/div><\/figure>\n\n\n\n<p>Sin embargo, esta no es la primera vez que la influencer aparece disfrazada en el Palacio de Gobierno, pues hace unos d\u00edas comparti\u00f3 en sus historias de Instagram una serie de videos en los que se le ve presumiendo su nuevo disfraz para las fiestas de&nbsp;<strong>Halloween<\/strong>.<\/p>\n\n\n\n<p><em>&#8220;@marianardzcantu ya consigui\u00f3 su disfraz para la fiesta de Halloween del DIF. \u00bfRecuerdan la villa de los peque\u00f1os que les gustaban los dinosaurios? Bueno pues aqu\u00ed el de Toy Story jajajaja&#8221;, fueron las palabras con las que el gobernador dio a conocer con un video el traje que llevar\u00e1 Mariana Rodr\u00edguez.<\/em><\/p>\n\n\n\n<p><strong>\u00bfQui\u00e9n es Mariana Rodr\u00edguez?<\/strong><\/p>\n\n\n\n<p>Mariana Rodr\u00edguez Cant\u00fa es una funcionaria, celebridad de internet, empresaria y modelo mexicana, propietaria de la marca\u00a0<strong>Mar Cosmetics.\u200b\u00a0<\/strong>Es esposa del gobernador de Nuevo Le\u00f3n Samuel Garc\u00eda.\u200b Desde el 4 de octubre de\u00a0<strong>2021\u00a0<\/strong>es la titular de<strong>\u00a0Amar a Nuevo Le\u00f3n.<\/strong><\/p>\n\n\n\n<figure class=\"wp-block-image size-large\"><img loading=\"lazy\" decoding=\"async\" width=\"1024\" height=\"781\" src=\"https:\/\/quehacerpolitico.mx\/wp-content\/uploads\/2021\/10\/image-25-1024x781.jpeg\" alt=\"\" class=\"wp-image-85928\" srcset=\"https:\/\/quehacerpolitico.mx\/wp-content\/uploads\/2021\/10\/image-25-1024x781.jpeg 1024w, https:\/\/quehacerpolitico.mx\/wp-content\/uploads\/2021\/10\/image-25-300x229.jpeg 300w, https:\/\/quehacerpolitico.mx\/wp-content\/uploads\/2021\/10\/image-25-768x586.jpeg 768w, https:\/\/quehacerpolitico.mx\/wp-content\/uploads\/2021\/10\/image-25-191x146.jpeg 191w, https:\/\/quehacerpolitico.mx\/wp-content\/uploads\/2021\/10\/image-25-50x38.jpeg 50w, https:\/\/quehacerpolitico.mx\/wp-content\/uploads\/2021\/10\/image-25-98x75.jpeg 98w, https:\/\/quehacerpolitico.mx\/wp-content\/uploads\/2021\/10\/image-25.jpeg 1196w\" sizes=\"auto, (max-width: 1024px) 100vw, 1024px\" \/><\/figure>\n","protected":false},"excerpt":{"rendered":"<p>Por Redacci\u00f3n QP Al parecer esta no es la primera vez en la que la&#8230;<\/p>\n","protected":false},"author":2,"featured_media":85929,"comment_status":"open","ping_status":"open","sticky":false,"template":"","format":"standard","meta":{"_monsterinsights_skip_tracking":false,"_monsterinsights_sitenote_active":false,"_monsterinsights_sitenote_note":"","_monsterinsights_sitenote_category":0,"footnotes":""},"categories":[2],"tags":[],"class_list":["post-85927","post","type-post","status-publish","format-standard","has-post-thumbnail","hentry","category-noticias"],"yoast_head":"<!-- This site is optimized with the Yoast SEO plugin v27.3 - https:\/\/yoast.com\/product\/yoast-seo-wordpress\/ -->\n<title>Mariana Rodr\u00edguez llega al Palacio de Gobierno vestida de Cenicienta -<\/title>\n<meta name=\"robots\" content=\"index, follow, max-snippet:-1, max-image-preview:large, max-video-preview:-1\" \/>\n<link rel=\"canonical\" href=\"https:\/\/quehacerpolitico.mx\/?p=85927\" \/>\n<meta property=\"og:locale\" content=\"es_MX\" \/>\n<meta property=\"og:type\" content=\"article\" \/>\n<meta property=\"og:title\" content=\"Mariana Rodr\u00edguez llega al Palacio de Gobierno vestida de Cenicienta -\" \/>\n<meta property=\"og:description\" content=\"Por Redacci\u00f3n QP Al parecer esta no es la primera vez en la que la...\" \/>\n<meta property=\"og:url\" content=\"https:\/\/quehacerpolitico.mx\/?p=85927\" \/>\n<meta property=\"article:published_time\" content=\"2021-10-22T14:05:20+00:00\" \/>\n<meta property=\"article:modified_time\" content=\"2021-10-22T14:05:23+00:00\" \/>\n<meta property=\"og:image\" content=\"https:\/\/quehacerpolitico.mx\/wp-content\/uploads\/2021\/10\/34581DD3-8E58-49CB-9D6E-A13FB4E065C4.jpeg\" \/>\n\t<meta property=\"og:image:width\" content=\"696\" \/>\n\t<meta property=\"og:image:height\" content=\"433\" \/>\n\t<meta property=\"og:image:type\" content=\"image\/jpeg\" \/>\n<meta name=\"author\" content=\"Redacci\u00f3n QP\" \/>\n<meta name=\"twitter:card\" content=\"summary_large_image\" \/>\n<meta name=\"twitter:label1\" content=\"Escrito por\" \/>\n\t<meta name=\"twitter:data1\" content=\"Redacci\u00f3n QP\" \/>\n\t<meta name=\"twitter:label2\" content=\"Tiempo de lectura\" \/>\n\t<meta name=\"twitter:data2\" content=\"2 minutos\" \/>\n<script type=\"application\/ld+json\" class=\"yoast-schema-graph\">{\"@context\":\"https:\\\/\\\/schema.org\",\"@graph\":[{\"@type\":\"Article\",\"@id\":\"https:\\\/\\\/quehacerpolitico.mx\\\/?p=85927#article\",\"isPartOf\":{\"@id\":\"https:\\\/\\\/quehacerpolitico.mx\\\/?p=85927\"},\"author\":{\"name\":\"Redacci\u00f3n QP\",\"@id\":\"https:\\\/\\\/quehacerpolitico.mx\\\/#\\\/schema\\\/person\\\/496d8ad2d1d3f8036101dca7ee39e585\"},\"headline\":\"Mariana Rodr\u00edguez llega al Palacio de Gobierno vestida de Cenicienta\",\"datePublished\":\"2021-10-22T14:05:20+00:00\",\"dateModified\":\"2021-10-22T14:05:23+00:00\",\"mainEntityOfPage\":{\"@id\":\"https:\\\/\\\/quehacerpolitico.mx\\\/?p=85927\"},\"wordCount\":342,\"commentCount\":0,\"image\":{\"@id\":\"https:\\\/\\\/quehacerpolitico.mx\\\/?p=85927#primaryimage\"},\"thumbnailUrl\":\"https:\\\/\\\/quehacerpolitico.mx\\\/wp-content\\\/uploads\\\/2021\\\/10\\\/34581DD3-8E58-49CB-9D6E-A13FB4E065C4.jpeg\",\"articleSection\":[\"Noticias\"],\"inLanguage\":\"es\",\"potentialAction\":[{\"@type\":\"CommentAction\",\"name\":\"Comment\",\"target\":[\"https:\\\/\\\/quehacerpolitico.mx\\\/?p=85927#respond\"]}]},{\"@type\":\"WebPage\",\"@id\":\"https:\\\/\\\/quehacerpolitico.mx\\\/?p=85927\",\"url\":\"https:\\\/\\\/quehacerpolitico.mx\\\/?p=85927\",\"name\":\"Mariana Rodr\u00edguez llega al Palacio de Gobierno vestida de Cenicienta -\",\"isPartOf\":{\"@id\":\"https:\\\/\\\/quehacerpolitico.mx\\\/#website\"},\"primaryImageOfPage\":{\"@id\":\"https:\\\/\\\/quehacerpolitico.mx\\\/?p=85927#primaryimage\"},\"image\":{\"@id\":\"https:\\\/\\\/quehacerpolitico.mx\\\/?p=85927#primaryimage\"},\"thumbnailUrl\":\"https:\\\/\\\/quehacerpolitico.mx\\\/wp-content\\\/uploads\\\/2021\\\/10\\\/34581DD3-8E58-49CB-9D6E-A13FB4E065C4.jpeg\",\"datePublished\":\"2021-10-22T14:05:20+00:00\",\"dateModified\":\"2021-10-22T14:05:23+00:00\",\"author\":{\"@id\":\"https:\\\/\\\/quehacerpolitico.mx\\\/#\\\/schema\\\/person\\\/496d8ad2d1d3f8036101dca7ee39e585\"},\"breadcrumb\":{\"@id\":\"https:\\\/\\\/quehacerpolitico.mx\\\/?p=85927#breadcrumb\"},\"inLanguage\":\"es\",\"potentialAction\":[{\"@type\":\"ReadAction\",\"target\":[\"https:\\\/\\\/quehacerpolitico.mx\\\/?p=85927\"]}]},{\"@type\":\"ImageObject\",\"inLanguage\":\"es\",\"@id\":\"https:\\\/\\\/quehacerpolitico.mx\\\/?p=85927#primaryimage\",\"url\":\"https:\\\/\\\/quehacerpolitico.mx\\\/wp-content\\\/uploads\\\/2021\\\/10\\\/34581DD3-8E58-49CB-9D6E-A13FB4E065C4.jpeg\",\"contentUrl\":\"https:\\\/\\\/quehacerpolitico.mx\\\/wp-content\\\/uploads\\\/2021\\\/10\\\/34581DD3-8E58-49CB-9D6E-A13FB4E065C4.jpeg\",\"width\":696,\"height\":433},{\"@type\":\"BreadcrumbList\",\"@id\":\"https:\\\/\\\/quehacerpolitico.mx\\\/?p=85927#breadcrumb\",\"itemListElement\":[{\"@type\":\"ListItem\",\"position\":1,\"name\":\"Inicio\",\"item\":\"https:\\\/\\\/quehacerpolitico.mx\\\/\"},{\"@type\":\"ListItem\",\"position\":2,\"name\":\"Mariana Rodr\u00edguez llega al Palacio de Gobierno vestida de Cenicienta\"}]},{\"@type\":\"WebSite\",\"@id\":\"https:\\\/\\\/quehacerpolitico.mx\\\/#website\",\"url\":\"https:\\\/\\\/quehacerpolitico.mx\\\/\",\"name\":\"\",\"description\":\"\",\"potentialAction\":[{\"@type\":\"SearchAction\",\"target\":{\"@type\":\"EntryPoint\",\"urlTemplate\":\"https:\\\/\\\/quehacerpolitico.mx\\\/?s={search_term_string}\"},\"query-input\":{\"@type\":\"PropertyValueSpecification\",\"valueRequired\":true,\"valueName\":\"search_term_string\"}}],\"inLanguage\":\"es\"},{\"@type\":\"Person\",\"@id\":\"https:\\\/\\\/quehacerpolitico.mx\\\/#\\\/schema\\\/person\\\/496d8ad2d1d3f8036101dca7ee39e585\",\"name\":\"Redacci\u00f3n QP\",\"image\":{\"@type\":\"ImageObject\",\"inLanguage\":\"es\",\"@id\":\"https:\\\/\\\/secure.gravatar.com\\\/avatar\\\/c7164ed6fdec453195284ad24a5ae5b6e1eed2b848477fa2a4787ba9adf39a41?s=96&d=mm&r=g\",\"url\":\"https:\\\/\\\/secure.gravatar.com\\\/avatar\\\/c7164ed6fdec453195284ad24a5ae5b6e1eed2b848477fa2a4787ba9adf39a41?s=96&d=mm&r=g\",\"contentUrl\":\"https:\\\/\\\/secure.gravatar.com\\\/avatar\\\/c7164ed6fdec453195284ad24a5ae5b6e1eed2b848477fa2a4787ba9adf39a41?s=96&d=mm&r=g\",\"caption\":\"Redacci\u00f3n QP\"},\"url\":\"https:\\\/\\\/quehacerpolitico.mx\\\/?author=2\"}]}<\/script>\n<!-- \/ Yoast SEO plugin. -->","yoast_head_json":{"title":"Mariana Rodr\u00edguez llega al Palacio de Gobierno vestida de Cenicienta -","robots":{"index":"index","follow":"follow","max-snippet":"max-snippet:-1","max-image-preview":"max-image-preview:large","max-video-preview":"max-video-preview:-1"},"canonical":"https:\/\/quehacerpolitico.mx\/?p=85927","og_locale":"es_MX","og_type":"article","og_title":"Mariana Rodr\u00edguez llega al Palacio de Gobierno vestida de Cenicienta -","og_description":"Por Redacci\u00f3n QP Al parecer esta no es la primera vez en la que la...","og_url":"https:\/\/quehacerpolitico.mx\/?p=85927","article_published_time":"2021-10-22T14:05:20+00:00","article_modified_time":"2021-10-22T14:05:23+00:00","og_image":[{"width":696,"height":433,"url":"https:\/\/quehacerpolitico.mx\/wp-content\/uploads\/2021\/10\/34581DD3-8E58-49CB-9D6E-A13FB4E065C4.jpeg","type":"image\/jpeg"}],"author":"Redacci\u00f3n QP","twitter_card":"summary_large_image","twitter_misc":{"Escrito por":"Redacci\u00f3n QP","Tiempo de lectura":"2 minutos"},"schema":{"@context":"https:\/\/schema.org","@graph":[{"@type":"Article","@id":"https:\/\/quehacerpolitico.mx\/?p=85927#article","isPartOf":{"@id":"https:\/\/quehacerpolitico.mx\/?p=85927"},"author":{"name":"Redacci\u00f3n QP","@id":"https:\/\/quehacerpolitico.mx\/#\/schema\/person\/496d8ad2d1d3f8036101dca7ee39e585"},"headline":"Mariana Rodr\u00edguez llega al Palacio de Gobierno vestida de Cenicienta","datePublished":"2021-10-22T14:05:20+00:00","dateModified":"2021-10-22T14:05:23+00:00","mainEntityOfPage":{"@id":"https:\/\/quehacerpolitico.mx\/?p=85927"},"wordCount":342,"commentCount":0,"image":{"@id":"https:\/\/quehacerpolitico.mx\/?p=85927#primaryimage"},"thumbnailUrl":"https:\/\/quehacerpolitico.mx\/wp-content\/uploads\/2021\/10\/34581DD3-8E58-49CB-9D6E-A13FB4E065C4.jpeg","articleSection":["Noticias"],"inLanguage":"es","potentialAction":[{"@type":"CommentAction","name":"Comment","target":["https:\/\/quehacerpolitico.mx\/?p=85927#respond"]}]},{"@type":"WebPage","@id":"https:\/\/quehacerpolitico.mx\/?p=85927","url":"https:\/\/quehacerpolitico.mx\/?p=85927","name":"Mariana Rodr\u00edguez llega al Palacio de Gobierno vestida de Cenicienta -","isPartOf":{"@id":"https:\/\/quehacerpolitico.mx\/#website"},"primaryImageOfPage":{"@id":"https:\/\/quehacerpolitico.mx\/?p=85927#primaryimage"},"image":{"@id":"https:\/\/quehacerpolitico.mx\/?p=85927#primaryimage"},"thumbnailUrl":"https:\/\/quehacerpolitico.mx\/wp-content\/uploads\/2021\/10\/34581DD3-8E58-49CB-9D6E-A13FB4E065C4.jpeg","datePublished":"2021-10-22T14:05:20+00:00","dateModified":"2021-10-22T14:05:23+00:00","author":{"@id":"https:\/\/quehacerpolitico.mx\/#\/schema\/person\/496d8ad2d1d3f8036101dca7ee39e585"},"breadcrumb":{"@id":"https:\/\/quehacerpolitico.mx\/?p=85927#breadcrumb"},"inLanguage":"es","potentialAction":[{"@type":"ReadAction","target":["https:\/\/quehacerpolitico.mx\/?p=85927"]}]},{"@type":"ImageObject","inLanguage":"es","@id":"https:\/\/quehacerpolitico.mx\/?p=85927#primaryimage","url":"https:\/\/quehacerpolitico.mx\/wp-content\/uploads\/2021\/10\/34581DD3-8E58-49CB-9D6E-A13FB4E065C4.jpeg","contentUrl":"https:\/\/quehacerpolitico.mx\/wp-content\/uploads\/2021\/10\/34581DD3-8E58-49CB-9D6E-A13FB4E065C4.jpeg","width":696,"height":433},{"@type":"BreadcrumbList","@id":"https:\/\/quehacerpolitico.mx\/?p=85927#breadcrumb","itemListElement":[{"@type":"ListItem","position":1,"name":"Inicio","item":"https:\/\/quehacerpolitico.mx\/"},{"@type":"ListItem","position":2,"name":"Mariana Rodr\u00edguez llega al Palacio de Gobierno vestida de Cenicienta"}]},{"@type":"WebSite","@id":"https:\/\/quehacerpolitico.mx\/#website","url":"https:\/\/quehacerpolitico.mx\/","name":"","description":"","potentialAction":[{"@type":"SearchAction","target":{"@type":"EntryPoint","urlTemplate":"https:\/\/quehacerpolitico.mx\/?s={search_term_string}"},"query-input":{"@type":"PropertyValueSpecification","valueRequired":true,"valueName":"search_term_string"}}],"inLanguage":"es"},{"@type":"Person","@id":"https:\/\/quehacerpolitico.mx\/#\/schema\/person\/496d8ad2d1d3f8036101dca7ee39e585","name":"Redacci\u00f3n QP","image":{"@type":"ImageObject","inLanguage":"es","@id":"https:\/\/secure.gravatar.com\/avatar\/c7164ed6fdec453195284ad24a5ae5b6e1eed2b848477fa2a4787ba9adf39a41?s=96&d=mm&r=g","url":"https:\/\/secure.gravatar.com\/avatar\/c7164ed6fdec453195284ad24a5ae5b6e1eed2b848477fa2a4787ba9adf39a41?s=96&d=mm&r=g","contentUrl":"https:\/\/secure.gravatar.com\/avatar\/c7164ed6fdec453195284ad24a5ae5b6e1eed2b848477fa2a4787ba9adf39a41?s=96&d=mm&r=g","caption":"Redacci\u00f3n QP"},"url":"https:\/\/quehacerpolitico.mx\/?author=2"}]}},"featured_image_urls":{"full":["https:\/\/quehacerpolitico.mx\/wp-content\/uploads\/2021\/10\/34581DD3-8E58-49CB-9D6E-A13FB4E065C4.jpeg",696,433,false],"thumbnail":["https:\/\/quehacerpolitico.mx\/wp-content\/uploads\/2021\/10\/34581DD3-8E58-49CB-9D6E-A13FB4E065C4-150x150.jpeg",150,150,true],"medium":["https:\/\/quehacerpolitico.mx\/wp-content\/uploads\/2021\/10\/34581DD3-8E58-49CB-9D6E-A13FB4E065C4-300x187.jpeg",300,187,true],"medium_large":["https:\/\/quehacerpolitico.mx\/wp-content\/uploads\/2021\/10\/34581DD3-8E58-49CB-9D6E-A13FB4E065C4.jpeg",640,398,false],"large":["https:\/\/quehacerpolitico.mx\/wp-content\/uploads\/2021\/10\/34581DD3-8E58-49CB-9D6E-A13FB4E065C4.jpeg",640,398,false],"1536x1536":["https:\/\/quehacerpolitico.mx\/wp-content\/uploads\/2021\/10\/34581DD3-8E58-49CB-9D6E-A13FB4E065C4.jpeg",696,433,false],"2048x2048":["https:\/\/quehacerpolitico.mx\/wp-content\/uploads\/2021\/10\/34581DD3-8E58-49CB-9D6E-A13FB4E065C4.jpeg",696,433,false],"covernews-featured":["https:\/\/quehacerpolitico.mx\/wp-content\/uploads\/2021\/10\/34581DD3-8E58-49CB-9D6E-A13FB4E065C4.jpeg",696,433,false],"covernews-medium":["https:\/\/quehacerpolitico.mx\/wp-content\/uploads\/2021\/10\/34581DD3-8E58-49CB-9D6E-A13FB4E065C4.jpeg",540,336,false]},"author_info":{"display_name":"Redacci\u00f3n QP","author_link":"https:\/\/quehacerpolitico.mx\/?author=2"},"category_info":"<a href=\"https:\/\/quehacerpolitico.mx\/?cat=2\" rel=\"category\">Noticias<\/a>","tag_info":"Noticias","comment_count":"0","_links":{"self":[{"href":"https:\/\/quehacerpolitico.mx\/index.php?rest_route=\/wp\/v2\/posts\/85927","targetHints":{"allow":["GET"]}}],"collection":[{"href":"https:\/\/quehacerpolitico.mx\/index.php?rest_route=\/wp\/v2\/posts"}],"about":[{"href":"https:\/\/quehacerpolitico.mx\/index.php?rest_route=\/wp\/v2\/types\/post"}],"author":[{"embeddable":true,"href":"https:\/\/quehacerpolitico.mx\/index.php?rest_route=\/wp\/v2\/users\/2"}],"replies":[{"embeddable":true,"href":"https:\/\/quehacerpolitico.mx\/index.php?rest_route=%2Fwp%2Fv2%2Fcomments&post=85927"}],"version-history":[{"count":1,"href":"https:\/\/quehacerpolitico.mx\/index.php?rest_route=\/wp\/v2\/posts\/85927\/revisions"}],"predecessor-version":[{"id":85930,"href":"https:\/\/quehacerpolitico.mx\/index.php?rest_route=\/wp\/v2\/posts\/85927\/revisions\/85930"}],"wp:featuredmedia":[{"embeddable":true,"href":"https:\/\/quehacerpolitico.mx\/index.php?rest_route=\/wp\/v2\/media\/85929"}],"wp:attachment":[{"href":"https:\/\/quehacerpolitico.mx\/index.php?rest_route=%2Fwp%2Fv2%2Fmedia&parent=85927"}],"wp:term":[{"taxonomy":"category","embeddable":true,"href":"https:\/\/quehacerpolitico.mx\/index.php?rest_route=%2Fwp%2Fv2%2Fcategories&post=85927"},{"taxonomy":"post_tag","embeddable":true,"href":"https:\/\/quehacerpolitico.mx\/index.php?rest_route=%2Fwp%2Fv2%2Ftags&post=85927"}],"curies":[{"name":"wp","href":"https:\/\/api.w.org\/{rel}","templated":true}]}}