{"id":85907,"date":"2021-10-21T14:23:08","date_gmt":"2021-10-21T14:23:08","guid":{"rendered":"https:\/\/quehacerpolitico.mx\/?p=85907"},"modified":"2021-10-21T14:23:12","modified_gmt":"2021-10-21T14:23:12","slug":"amlo-asegura-que-no-hay-persecucion-ni-venganza-contra-rosario-robles-tras-decision-del-juez","status":"publish","type":"post","link":"https:\/\/quehacerpolitico.mx\/?p=85907","title":{"rendered":"AMLO asegura que no hay persecuci\u00f3n ni venganza contra Rosario Robles tras decisi\u00f3n del juez"},"content":{"rendered":"\n<p>Por Redacci\u00f3n QP<\/p>\n\n\n\n<p>&#8220;De parte del Ejecutivo no hay persecuci\u00f3n a nadie, no se denuncia a nadie por consigna pol\u00edtica&#8221;, declara AMLO con relaci\u00f3n al caso de Rosario Robles<\/p>\n\n\n\n<p>El Presidente Andres Manuel L\u00f3pez Obrador (AMLO) asegur\u00f3 que no hay persecuci\u00f3n ni venganza contra\u00a0Rosario Robles luego de que el Poder Judicial decidiera mantenerla en prisi\u00f3n preventiva.<\/p>\n\n\n\n<p>AMLO asegur\u00f3, durante su conferencia de prensa ma\u00f1anera:\u00a0<strong>&#8220;Es una decisi\u00f3n del Poder Judicial, de los jueces, de ellos depende y por lo que corresponde al Ejecutivo no hay ninguna venganza, nosotros no hacemos eso, eso es inmoral e indigno, eso le resta a cualquiera autoridad y para nosotros lo m\u00e1s importante es la autoridad moral&#8221;<\/strong>. Y agreg\u00f3:<\/p>\n\n\n\n<p>&#8220;De parte del Ejecutivo no hay persecuci\u00f3n a nadie, no se denuncia a nadie por consigna pol\u00edtica y estos asuntos los trata en primera instancia la Fiscal\u00eda que es un poder aut\u00f3nomo y luego el Poder Judicial&#8221;.<\/p>\n\n\n\n<p>L\u00f3pez Obrador tambi\u00e9n dijo que si el juez actu\u00f3 por consigna deber\u00eda ser sancionado.<\/p>\n\n\n\n<p>&#8220;En el caso de Rosario Robles es un asunto del Poder Judicial, es el que resuelve y\u00a0<strong>si el juez recibi\u00f3 una orden y actu\u00f3 por consigna, deber\u00eda ser sancionado, porque los jueces deber\u00eda actuar con autonom\u00eda&#8221;<\/strong>.<\/p>\n\n\n\n<figure class=\"wp-block-embed is-type-rich is-provider-twitter wp-block-embed-twitter\"><div class=\"wp-block-embed__wrapper\">\n<blockquote class=\"twitter-tweet\" data-width=\"550\" data-dnt=\"true\"><p lang=\"es\" dir=\"ltr\">&quot;No hay ninguna venganza, nosotros no hacemos eso, es inmoral e indigno&quot;, dice el presidente <a href=\"https:\/\/twitter.com\/lopezobrador_?ref_src=twsrc%5Etfw\">@lopezobrador_<\/a> sobre el caso de Rosario Robles, a quien anoche le negaron llevar su proceso en libertad. <a href=\"https:\/\/t.co\/Q6DXHLHZ6i\">pic.twitter.com\/Q6DXHLHZ6i<\/a><\/p>&mdash; Ruido en la Red (@RuidoEnLaRed) <a href=\"https:\/\/twitter.com\/RuidoEnLaRed\/status\/1451164093101002756?ref_src=twsrc%5Etfw\">October 21, 2021<\/a><\/blockquote><script async src=\"https:\/\/platform.twitter.com\/widgets.js\" charset=\"utf-8\"><\/script>\n<\/div><\/figure>\n\n\n\n<p>&#8220;S\u00ed (revisar la actuaci\u00f3n del juez) y no nos corresponde a nosotros, pero podr\u00eda participar la Comisi\u00f3n Nacional de Derechos Humanos e internacional, se tiene que actuar por todos los medios cuando hay una inconformidad o se piense que hay una injusticia&#8221;, asever\u00f3.<\/p>\n\n\n\n<p>Rosario Robles est\u00e1 presa en Santa Martha Acatitla por su probable participaci\u00f3n en el delito de delincuencia organizada en el caso conocido como la &#8220;Estafa Maestra&#8221; y ayer mi\u00e9rcoles, la ex titular de la Sedesol, un juez rechaz\u00f3 liberarla.<\/p>\n\n\n\n<p>Con Informaci\u00f3n de SUN <\/p>\n","protected":false},"excerpt":{"rendered":"<p>Por Redacci\u00f3n QP &#8220;De parte del Ejecutivo no hay persecuci\u00f3n a nadie, no se denuncia&#8230;<\/p>\n","protected":false},"author":2,"featured_media":85908,"comment_status":"open","ping_status":"open","sticky":false,"template":"","format":"standard","meta":{"_monsterinsights_skip_tracking":false,"_monsterinsights_sitenote_active":false,"_monsterinsights_sitenote_note":"","_monsterinsights_sitenote_category":0,"footnotes":""},"categories":[2],"tags":[],"class_list":["post-85907","post","type-post","status-publish","format-standard","has-post-thumbnail","hentry","category-noticias"],"yoast_head":"<!-- This site is optimized with the Yoast SEO plugin v27.3 - https:\/\/yoast.com\/product\/yoast-seo-wordpress\/ -->\n<title>AMLO asegura que no hay persecuci\u00f3n ni venganza contra Rosario Robles tras decisi\u00f3n del juez -<\/title>\n<meta name=\"robots\" content=\"index, follow, max-snippet:-1, max-image-preview:large, max-video-preview:-1\" \/>\n<link rel=\"canonical\" href=\"https:\/\/quehacerpolitico.mx\/?p=85907\" \/>\n<meta property=\"og:locale\" content=\"es_MX\" \/>\n<meta property=\"og:type\" content=\"article\" \/>\n<meta property=\"og:title\" content=\"AMLO asegura que no hay persecuci\u00f3n ni venganza contra Rosario Robles tras decisi\u00f3n del juez -\" \/>\n<meta property=\"og:description\" content=\"Por Redacci\u00f3n QP &#8220;De parte del Ejecutivo no hay persecuci\u00f3n a nadie, no se denuncia...\" \/>\n<meta property=\"og:url\" content=\"https:\/\/quehacerpolitico.mx\/?p=85907\" \/>\n<meta property=\"article:published_time\" content=\"2021-10-21T14:23:08+00:00\" \/>\n<meta property=\"article:modified_time\" content=\"2021-10-21T14:23:12+00:00\" \/>\n<meta property=\"og:image\" content=\"https:\/\/quehacerpolitico.mx\/wp-content\/uploads\/2021\/10\/F80DCDD9-D55E-4715-B455-6BD4DBD9DE84.jpeg\" \/>\n\t<meta property=\"og:image:width\" content=\"1284\" \/>\n\t<meta property=\"og:image:height\" content=\"714\" \/>\n\t<meta property=\"og:image:type\" content=\"image\/jpeg\" \/>\n<meta name=\"author\" content=\"Redacci\u00f3n QP\" \/>\n<meta name=\"twitter:card\" content=\"summary_large_image\" \/>\n<meta name=\"twitter:label1\" content=\"Escrito por\" \/>\n\t<meta name=\"twitter:data1\" content=\"Redacci\u00f3n QP\" \/>\n\t<meta name=\"twitter:label2\" content=\"Tiempo de lectura\" \/>\n\t<meta name=\"twitter:data2\" content=\"2 minutos\" \/>\n<script type=\"application\/ld+json\" class=\"yoast-schema-graph\">{\"@context\":\"https:\\\/\\\/schema.org\",\"@graph\":[{\"@type\":\"Article\",\"@id\":\"https:\\\/\\\/quehacerpolitico.mx\\\/?p=85907#article\",\"isPartOf\":{\"@id\":\"https:\\\/\\\/quehacerpolitico.mx\\\/?p=85907\"},\"author\":{\"name\":\"Redacci\u00f3n QP\",\"@id\":\"https:\\\/\\\/quehacerpolitico.mx\\\/#\\\/schema\\\/person\\\/496d8ad2d1d3f8036101dca7ee39e585\"},\"headline\":\"AMLO asegura que no hay persecuci\u00f3n ni venganza contra Rosario Robles tras decisi\u00f3n del juez\",\"datePublished\":\"2021-10-21T14:23:08+00:00\",\"dateModified\":\"2021-10-21T14:23:12+00:00\",\"mainEntityOfPage\":{\"@id\":\"https:\\\/\\\/quehacerpolitico.mx\\\/?p=85907\"},\"wordCount\":338,\"commentCount\":0,\"image\":{\"@id\":\"https:\\\/\\\/quehacerpolitico.mx\\\/?p=85907#primaryimage\"},\"thumbnailUrl\":\"https:\\\/\\\/quehacerpolitico.mx\\\/wp-content\\\/uploads\\\/2021\\\/10\\\/F80DCDD9-D55E-4715-B455-6BD4DBD9DE84.jpeg\",\"articleSection\":[\"Noticias\"],\"inLanguage\":\"es\",\"potentialAction\":[{\"@type\":\"CommentAction\",\"name\":\"Comment\",\"target\":[\"https:\\\/\\\/quehacerpolitico.mx\\\/?p=85907#respond\"]}]},{\"@type\":\"WebPage\",\"@id\":\"https:\\\/\\\/quehacerpolitico.mx\\\/?p=85907\",\"url\":\"https:\\\/\\\/quehacerpolitico.mx\\\/?p=85907\",\"name\":\"AMLO asegura que no hay persecuci\u00f3n ni venganza contra Rosario Robles tras decisi\u00f3n del juez -\",\"isPartOf\":{\"@id\":\"https:\\\/\\\/quehacerpolitico.mx\\\/#website\"},\"primaryImageOfPage\":{\"@id\":\"https:\\\/\\\/quehacerpolitico.mx\\\/?p=85907#primaryimage\"},\"image\":{\"@id\":\"https:\\\/\\\/quehacerpolitico.mx\\\/?p=85907#primaryimage\"},\"thumbnailUrl\":\"https:\\\/\\\/quehacerpolitico.mx\\\/wp-content\\\/uploads\\\/2021\\\/10\\\/F80DCDD9-D55E-4715-B455-6BD4DBD9DE84.jpeg\",\"datePublished\":\"2021-10-21T14:23:08+00:00\",\"dateModified\":\"2021-10-21T14:23:12+00:00\",\"author\":{\"@id\":\"https:\\\/\\\/quehacerpolitico.mx\\\/#\\\/schema\\\/person\\\/496d8ad2d1d3f8036101dca7ee39e585\"},\"breadcrumb\":{\"@id\":\"https:\\\/\\\/quehacerpolitico.mx\\\/?p=85907#breadcrumb\"},\"inLanguage\":\"es\",\"potentialAction\":[{\"@type\":\"ReadAction\",\"target\":[\"https:\\\/\\\/quehacerpolitico.mx\\\/?p=85907\"]}]},{\"@type\":\"ImageObject\",\"inLanguage\":\"es\",\"@id\":\"https:\\\/\\\/quehacerpolitico.mx\\\/?p=85907#primaryimage\",\"url\":\"https:\\\/\\\/quehacerpolitico.mx\\\/wp-content\\\/uploads\\\/2021\\\/10\\\/F80DCDD9-D55E-4715-B455-6BD4DBD9DE84.jpeg\",\"contentUrl\":\"https:\\\/\\\/quehacerpolitico.mx\\\/wp-content\\\/uploads\\\/2021\\\/10\\\/F80DCDD9-D55E-4715-B455-6BD4DBD9DE84.jpeg\",\"width\":1284,\"height\":714},{\"@type\":\"BreadcrumbList\",\"@id\":\"https:\\\/\\\/quehacerpolitico.mx\\\/?p=85907#breadcrumb\",\"itemListElement\":[{\"@type\":\"ListItem\",\"position\":1,\"name\":\"Inicio\",\"item\":\"https:\\\/\\\/quehacerpolitico.mx\\\/\"},{\"@type\":\"ListItem\",\"position\":2,\"name\":\"AMLO asegura que no hay persecuci\u00f3n ni venganza contra Rosario Robles tras decisi\u00f3n del juez\"}]},{\"@type\":\"WebSite\",\"@id\":\"https:\\\/\\\/quehacerpolitico.mx\\\/#website\",\"url\":\"https:\\\/\\\/quehacerpolitico.mx\\\/\",\"name\":\"\",\"description\":\"\",\"potentialAction\":[{\"@type\":\"SearchAction\",\"target\":{\"@type\":\"EntryPoint\",\"urlTemplate\":\"https:\\\/\\\/quehacerpolitico.mx\\\/?s={search_term_string}\"},\"query-input\":{\"@type\":\"PropertyValueSpecification\",\"valueRequired\":true,\"valueName\":\"search_term_string\"}}],\"inLanguage\":\"es\"},{\"@type\":\"Person\",\"@id\":\"https:\\\/\\\/quehacerpolitico.mx\\\/#\\\/schema\\\/person\\\/496d8ad2d1d3f8036101dca7ee39e585\",\"name\":\"Redacci\u00f3n QP\",\"image\":{\"@type\":\"ImageObject\",\"inLanguage\":\"es\",\"@id\":\"https:\\\/\\\/secure.gravatar.com\\\/avatar\\\/c7164ed6fdec453195284ad24a5ae5b6e1eed2b848477fa2a4787ba9adf39a41?s=96&d=mm&r=g\",\"url\":\"https:\\\/\\\/secure.gravatar.com\\\/avatar\\\/c7164ed6fdec453195284ad24a5ae5b6e1eed2b848477fa2a4787ba9adf39a41?s=96&d=mm&r=g\",\"contentUrl\":\"https:\\\/\\\/secure.gravatar.com\\\/avatar\\\/c7164ed6fdec453195284ad24a5ae5b6e1eed2b848477fa2a4787ba9adf39a41?s=96&d=mm&r=g\",\"caption\":\"Redacci\u00f3n QP\"},\"url\":\"https:\\\/\\\/quehacerpolitico.mx\\\/?author=2\"}]}<\/script>\n<!-- \/ Yoast SEO plugin. -->","yoast_head_json":{"title":"AMLO asegura que no hay persecuci\u00f3n ni venganza contra Rosario Robles tras decisi\u00f3n del juez -","robots":{"index":"index","follow":"follow","max-snippet":"max-snippet:-1","max-image-preview":"max-image-preview:large","max-video-preview":"max-video-preview:-1"},"canonical":"https:\/\/quehacerpolitico.mx\/?p=85907","og_locale":"es_MX","og_type":"article","og_title":"AMLO asegura que no hay persecuci\u00f3n ni venganza contra Rosario Robles tras decisi\u00f3n del juez -","og_description":"Por Redacci\u00f3n QP &#8220;De parte del Ejecutivo no hay persecuci\u00f3n a nadie, no se denuncia...","og_url":"https:\/\/quehacerpolitico.mx\/?p=85907","article_published_time":"2021-10-21T14:23:08+00:00","article_modified_time":"2021-10-21T14:23:12+00:00","og_image":[{"width":1284,"height":714,"url":"https:\/\/quehacerpolitico.mx\/wp-content\/uploads\/2021\/10\/F80DCDD9-D55E-4715-B455-6BD4DBD9DE84.jpeg","type":"image\/jpeg"}],"author":"Redacci\u00f3n QP","twitter_card":"summary_large_image","twitter_misc":{"Escrito por":"Redacci\u00f3n QP","Tiempo de lectura":"2 minutos"},"schema":{"@context":"https:\/\/schema.org","@graph":[{"@type":"Article","@id":"https:\/\/quehacerpolitico.mx\/?p=85907#article","isPartOf":{"@id":"https:\/\/quehacerpolitico.mx\/?p=85907"},"author":{"name":"Redacci\u00f3n QP","@id":"https:\/\/quehacerpolitico.mx\/#\/schema\/person\/496d8ad2d1d3f8036101dca7ee39e585"},"headline":"AMLO asegura que no hay persecuci\u00f3n ni venganza contra Rosario Robles tras decisi\u00f3n del juez","datePublished":"2021-10-21T14:23:08+00:00","dateModified":"2021-10-21T14:23:12+00:00","mainEntityOfPage":{"@id":"https:\/\/quehacerpolitico.mx\/?p=85907"},"wordCount":338,"commentCount":0,"image":{"@id":"https:\/\/quehacerpolitico.mx\/?p=85907#primaryimage"},"thumbnailUrl":"https:\/\/quehacerpolitico.mx\/wp-content\/uploads\/2021\/10\/F80DCDD9-D55E-4715-B455-6BD4DBD9DE84.jpeg","articleSection":["Noticias"],"inLanguage":"es","potentialAction":[{"@type":"CommentAction","name":"Comment","target":["https:\/\/quehacerpolitico.mx\/?p=85907#respond"]}]},{"@type":"WebPage","@id":"https:\/\/quehacerpolitico.mx\/?p=85907","url":"https:\/\/quehacerpolitico.mx\/?p=85907","name":"AMLO asegura que no hay persecuci\u00f3n ni venganza contra Rosario Robles tras decisi\u00f3n del juez -","isPartOf":{"@id":"https:\/\/quehacerpolitico.mx\/#website"},"primaryImageOfPage":{"@id":"https:\/\/quehacerpolitico.mx\/?p=85907#primaryimage"},"image":{"@id":"https:\/\/quehacerpolitico.mx\/?p=85907#primaryimage"},"thumbnailUrl":"https:\/\/quehacerpolitico.mx\/wp-content\/uploads\/2021\/10\/F80DCDD9-D55E-4715-B455-6BD4DBD9DE84.jpeg","datePublished":"2021-10-21T14:23:08+00:00","dateModified":"2021-10-21T14:23:12+00:00","author":{"@id":"https:\/\/quehacerpolitico.mx\/#\/schema\/person\/496d8ad2d1d3f8036101dca7ee39e585"},"breadcrumb":{"@id":"https:\/\/quehacerpolitico.mx\/?p=85907#breadcrumb"},"inLanguage":"es","potentialAction":[{"@type":"ReadAction","target":["https:\/\/quehacerpolitico.mx\/?p=85907"]}]},{"@type":"ImageObject","inLanguage":"es","@id":"https:\/\/quehacerpolitico.mx\/?p=85907#primaryimage","url":"https:\/\/quehacerpolitico.mx\/wp-content\/uploads\/2021\/10\/F80DCDD9-D55E-4715-B455-6BD4DBD9DE84.jpeg","contentUrl":"https:\/\/quehacerpolitico.mx\/wp-content\/uploads\/2021\/10\/F80DCDD9-D55E-4715-B455-6BD4DBD9DE84.jpeg","width":1284,"height":714},{"@type":"BreadcrumbList","@id":"https:\/\/quehacerpolitico.mx\/?p=85907#breadcrumb","itemListElement":[{"@type":"ListItem","position":1,"name":"Inicio","item":"https:\/\/quehacerpolitico.mx\/"},{"@type":"ListItem","position":2,"name":"AMLO asegura que no hay persecuci\u00f3n ni venganza contra Rosario Robles tras decisi\u00f3n del juez"}]},{"@type":"WebSite","@id":"https:\/\/quehacerpolitico.mx\/#website","url":"https:\/\/quehacerpolitico.mx\/","name":"","description":"","potentialAction":[{"@type":"SearchAction","target":{"@type":"EntryPoint","urlTemplate":"https:\/\/quehacerpolitico.mx\/?s={search_term_string}"},"query-input":{"@type":"PropertyValueSpecification","valueRequired":true,"valueName":"search_term_string"}}],"inLanguage":"es"},{"@type":"Person","@id":"https:\/\/quehacerpolitico.mx\/#\/schema\/person\/496d8ad2d1d3f8036101dca7ee39e585","name":"Redacci\u00f3n QP","image":{"@type":"ImageObject","inLanguage":"es","@id":"https:\/\/secure.gravatar.com\/avatar\/c7164ed6fdec453195284ad24a5ae5b6e1eed2b848477fa2a4787ba9adf39a41?s=96&d=mm&r=g","url":"https:\/\/secure.gravatar.com\/avatar\/c7164ed6fdec453195284ad24a5ae5b6e1eed2b848477fa2a4787ba9adf39a41?s=96&d=mm&r=g","contentUrl":"https:\/\/secure.gravatar.com\/avatar\/c7164ed6fdec453195284ad24a5ae5b6e1eed2b848477fa2a4787ba9adf39a41?s=96&d=mm&r=g","caption":"Redacci\u00f3n QP"},"url":"https:\/\/quehacerpolitico.mx\/?author=2"}]}},"featured_image_urls":{"full":["https:\/\/quehacerpolitico.mx\/wp-content\/uploads\/2021\/10\/F80DCDD9-D55E-4715-B455-6BD4DBD9DE84.jpeg",1284,714,false],"thumbnail":["https:\/\/quehacerpolitico.mx\/wp-content\/uploads\/2021\/10\/F80DCDD9-D55E-4715-B455-6BD4DBD9DE84-150x150.jpeg",150,150,true],"medium":["https:\/\/quehacerpolitico.mx\/wp-content\/uploads\/2021\/10\/F80DCDD9-D55E-4715-B455-6BD4DBD9DE84-300x167.jpeg",300,167,true],"medium_large":["https:\/\/quehacerpolitico.mx\/wp-content\/uploads\/2021\/10\/F80DCDD9-D55E-4715-B455-6BD4DBD9DE84-768x427.jpeg",640,356,true],"large":["https:\/\/quehacerpolitico.mx\/wp-content\/uploads\/2021\/10\/F80DCDD9-D55E-4715-B455-6BD4DBD9DE84-1024x569.jpeg",640,356,true],"1536x1536":["https:\/\/quehacerpolitico.mx\/wp-content\/uploads\/2021\/10\/F80DCDD9-D55E-4715-B455-6BD4DBD9DE84.jpeg",1284,714,false],"2048x2048":["https:\/\/quehacerpolitico.mx\/wp-content\/uploads\/2021\/10\/F80DCDD9-D55E-4715-B455-6BD4DBD9DE84.jpeg",1284,714,false],"covernews-featured":["https:\/\/quehacerpolitico.mx\/wp-content\/uploads\/2021\/10\/F80DCDD9-D55E-4715-B455-6BD4DBD9DE84.jpeg",1024,569,false],"covernews-medium":["https:\/\/quehacerpolitico.mx\/wp-content\/uploads\/2021\/10\/F80DCDD9-D55E-4715-B455-6BD4DBD9DE84.jpeg",540,300,false]},"author_info":{"display_name":"Redacci\u00f3n QP","author_link":"https:\/\/quehacerpolitico.mx\/?author=2"},"category_info":"<a href=\"https:\/\/quehacerpolitico.mx\/?cat=2\" rel=\"category\">Noticias<\/a>","tag_info":"Noticias","comment_count":"0","_links":{"self":[{"href":"https:\/\/quehacerpolitico.mx\/index.php?rest_route=\/wp\/v2\/posts\/85907","targetHints":{"allow":["GET"]}}],"collection":[{"href":"https:\/\/quehacerpolitico.mx\/index.php?rest_route=\/wp\/v2\/posts"}],"about":[{"href":"https:\/\/quehacerpolitico.mx\/index.php?rest_route=\/wp\/v2\/types\/post"}],"author":[{"embeddable":true,"href":"https:\/\/quehacerpolitico.mx\/index.php?rest_route=\/wp\/v2\/users\/2"}],"replies":[{"embeddable":true,"href":"https:\/\/quehacerpolitico.mx\/index.php?rest_route=%2Fwp%2Fv2%2Fcomments&post=85907"}],"version-history":[{"count":1,"href":"https:\/\/quehacerpolitico.mx\/index.php?rest_route=\/wp\/v2\/posts\/85907\/revisions"}],"predecessor-version":[{"id":85909,"href":"https:\/\/quehacerpolitico.mx\/index.php?rest_route=\/wp\/v2\/posts\/85907\/revisions\/85909"}],"wp:featuredmedia":[{"embeddable":true,"href":"https:\/\/quehacerpolitico.mx\/index.php?rest_route=\/wp\/v2\/media\/85908"}],"wp:attachment":[{"href":"https:\/\/quehacerpolitico.mx\/index.php?rest_route=%2Fwp%2Fv2%2Fmedia&parent=85907"}],"wp:term":[{"taxonomy":"category","embeddable":true,"href":"https:\/\/quehacerpolitico.mx\/index.php?rest_route=%2Fwp%2Fv2%2Fcategories&post=85907"},{"taxonomy":"post_tag","embeddable":true,"href":"https:\/\/quehacerpolitico.mx\/index.php?rest_route=%2Fwp%2Fv2%2Ftags&post=85907"}],"curies":[{"name":"wp","href":"https:\/\/api.w.org\/{rel}","templated":true}]}}