{"id":85904,"date":"2021-10-21T14:09:00","date_gmt":"2021-10-21T14:09:00","guid":{"rendered":"https:\/\/quehacerpolitico.mx\/?p=85904"},"modified":"2021-10-21T14:09:04","modified_gmt":"2021-10-21T14:09:04","slug":"las-marchas-bloqueos-y-manifestaciones-hoy-en-cdmx-75","status":"publish","type":"post","link":"https:\/\/quehacerpolitico.mx\/?p=85904","title":{"rendered":"Las marchas, bloqueos y manifestaciones hoy en CDMX"},"content":{"rendered":"\n<p>Por Redacci\u00f3n QP<\/p>\n\n\n\n<p>Autoridades de la\u00a0<strong>Ciudad de M\u00e9xico (CDMX)<\/strong>informaron que hoy, 21 de octubre de 2021, habr\u00e1 seis\u00a0marchas en la capital del pa\u00eds; aqu\u00ed te damos todos los detalles donde se realizar\u00e1n las manifestaciones.<\/p>\n\n\n\n<figure class=\"wp-block-embed is-type-rich is-provider-twitter wp-block-embed-twitter\"><div class=\"wp-block-embed__wrapper\">\n<blockquote class=\"twitter-tweet\" data-width=\"550\" data-dnt=\"true\"><p lang=\"es\" dir=\"ltr\">\u26a0\ufe0f\ud83d\udce2Te compartimos las movilizaciones sociales previstas para este d\u00eda en la <a href=\"https:\/\/twitter.com\/hashtag\/CDMX?src=hash&amp;ref_src=twsrc%5Etfw\">#CDMX<\/a> .<a href=\"https:\/\/twitter.com\/hashtag\/C5?src=hash&amp;ref_src=twsrc%5Etfw\">#C5<\/a>   <a href=\"https:\/\/twitter.com\/hashtag\/MovilidadCDMX?src=hash&amp;ref_src=twsrc%5Etfw\">#MovilidadCDMX<\/a> <a href=\"https:\/\/t.co\/z844ZqDlzb\">pic.twitter.com\/z844ZqDlzb<\/a><\/p>&mdash; C5 CDMX (@C5_CDMX) <a href=\"https:\/\/twitter.com\/C5_CDMX\/status\/1451149923639074817?ref_src=twsrc%5Etfw\">October 21, 2021<\/a><\/blockquote><script async src=\"https:\/\/platform.twitter.com\/widgets.js\" charset=\"utf-8\"><\/script>\n<\/div><\/figure>\n\n\n\n<h2 class=\"wp-block-heading\">Alcald\u00eda Cuauht\u00e9moc<\/h2>\n\n\n\n<p>A las&nbsp;<strong>9:00 horas<\/strong>&nbsp;habr\u00e1 una concentraci\u00f3n de Movimiento Ind\u00edgena Campesina de M\u00e9xico en Calzada San Antonio Abad sin n\u00famero, colonia Vista Alegre, para realizar una marcha rumbo a Calzada San Antonio Abad 32, colonia Tr\u00e1nsito, con posible ruta:<\/p>\n\n\n\n<ul class=\"wp-block-list\"><li>Calzada San Antonio Abad<\/li><\/ul>\n\n\n\n<p>A las<strong>&nbsp;10:00 horas<\/strong>&nbsp;habr\u00e1 una concentraci\u00f3n de Educaci\u00f3n con Rumbo en:<\/p>\n\n\n\n<ul class=\"wp-block-list\"><li>Rep\u00fablica de Argentina 28, colonia Centro Hist\u00f3rico<\/li><\/ul>\n\n\n\n<p>A las&nbsp;<strong>10:30 horas<\/strong>&nbsp;habr\u00e1 una concentraci\u00f3n de SSC Preventivos GCDMX en:<\/p>\n\n\n\n<ul class=\"wp-block-list\"><li>Pedro Moreno 219, colonia Buenavista<\/li><\/ul>\n\n\n\n<p>A las&nbsp;<strong>11:00 horas<\/strong>&nbsp;habr\u00e1 una concentraci\u00f3n de Coordinadora Nacional de Usuarios en Resistencia (CONUR), Movimiento de Uni\u00f3n Socialista en avenida Plaza de la Constituci\u00f3n sin n\u00famero, colonia Centro Hist\u00f3rico, para realizar una marcha rumbo H. Congreso de la Uni\u00f3n 66, colonia El Parque, con posible ruta:<\/p>\n\n\n\n<ul class=\"wp-block-list\"><li>Jos\u00e9 Mar\u00eda Pino Su\u00e1rez<\/li><li>Fray Servando Teresa de Mier<\/li><li>Congreso de la Uni\u00f3n<\/li><\/ul>\n\n\n\n<p>A las&nbsp;<strong>11:00 horas<\/strong>&nbsp;habr\u00e1 una concentraci\u00f3n de Organizaci\u00f3n de Lucha por la Emancipaci\u00f3n Popular (OLEP), Uni\u00f3n Democr\u00e1tica Independiente de Trabajadoras y Trabajadores en:<\/p>\n\n\n\n<ul class=\"wp-block-list\"><li>Avenida R\u00edo de la Loza 68, colonia Doctores<\/li><\/ul>\n\n\n\n<p>A las&nbsp;<strong>11:00 horas<\/strong>&nbsp;habr\u00e1 una concentraci\u00f3n de Daniela S\u00e1nchez en:<\/p>\n\n\n\n<ul class=\"wp-block-list\"><li>Doctor Lavista 114, colonia Doctores<\/li><\/ul>\n\n\n\n<p>A las 1<strong>2:00 horas<\/strong>&nbsp;habr\u00e1 una concentraci\u00f3n de Vanguardia Mexicana de Trabajadores y Extrabajadores de Seguridad P\u00fablica en:<\/p>\n\n\n\n<ul class=\"wp-block-list\"><li>Fray Servando Teresa de Mier 77, colonia Centro<\/li><\/ul>\n\n\n\n<h2 class=\"wp-block-heading\">Alcald\u00eda Miguel Hidalgo<\/h2>\n\n\n\n<p>A las<strong>&nbsp;13:30 horas<\/strong>&nbsp;habr\u00e1 una concentraci\u00f3n de Animal Save en:<\/p>\n\n\n\n<ul class=\"wp-block-list\"><li>Avenida Horacio y Arqu\u00edmedes, colonia Polanco V Secci\u00f3n<\/li><\/ul>\n\n\n\n<p><strong>Durante el d\u00eda<\/strong>&nbsp;habr\u00e1 una concentraci\u00f3n de Colectiva Brujas de la Calle en:<\/p>\n\n\n\n<ul class=\"wp-block-list\"><li>Calzada M\u00e9xico Tacuba, colonia Tacuba<\/li><\/ul>\n\n\n\n<h2 class=\"wp-block-heading\">Alcald\u00eda Cuauht\u00e9moc<\/h2>\n\n\n\n<p><strong>Durante el d\u00eda<\/strong>&nbsp;habr\u00e1 una concentraci\u00f3n de Frente Nacional Pro Cesant\u00eda en:<\/p>\n\n\n\n<ul class=\"wp-block-list\"><li>Plaza de la Constituci\u00f3n sin n\u00famero, colonia Centro Hist\u00f3rico<\/li><\/ul>\n\n\n\n<p><strong>Durante el d\u00eda<\/strong>&nbsp;habr\u00e1 una concentraci\u00f3n de Coalici\u00f3n de Organizaciones Ind\u00edgenas Aut\u00f3nomas de la CDMX en:<\/p>\n\n\n\n<ul class=\"wp-block-list\"><li>Plaza de la Constituci\u00f3n 1, colonia Centro Hist\u00f3rico<\/li><\/ul>\n\n\n\n<p><em>Con informaci\u00f3n del Centro de Comando, Control, C\u00f3mputo, Comunicaciones y Contacto Ciudadano<\/em><\/p>\n","protected":false},"excerpt":{"rendered":"<p>Por Redacci\u00f3n QP Autoridades de la\u00a0Ciudad de M\u00e9xico (CDMX)informaron que hoy, 21 de octubre de&#8230;<\/p>\n","protected":false},"author":2,"featured_media":85905,"comment_status":"open","ping_status":"open","sticky":false,"template":"","format":"standard","meta":{"_monsterinsights_skip_tracking":false,"_monsterinsights_sitenote_active":false,"_monsterinsights_sitenote_note":"","_monsterinsights_sitenote_category":0,"footnotes":""},"categories":[55],"tags":[],"class_list":["post-85904","post","type-post","status-publish","format-standard","has-post-thumbnail","hentry","category-cdmx"],"yoast_head":"<!-- This site is optimized with the Yoast SEO plugin v27.3 - https:\/\/yoast.com\/product\/yoast-seo-wordpress\/ -->\n<title>Las marchas, bloqueos y manifestaciones hoy en CDMX -<\/title>\n<meta name=\"robots\" content=\"index, follow, max-snippet:-1, max-image-preview:large, max-video-preview:-1\" \/>\n<link rel=\"canonical\" href=\"https:\/\/quehacerpolitico.mx\/?p=85904\" \/>\n<meta property=\"og:locale\" content=\"es_MX\" \/>\n<meta property=\"og:type\" content=\"article\" \/>\n<meta property=\"og:title\" content=\"Las marchas, bloqueos y manifestaciones hoy en CDMX -\" \/>\n<meta property=\"og:description\" content=\"Por Redacci\u00f3n QP Autoridades de la\u00a0Ciudad de M\u00e9xico (CDMX)informaron que hoy, 21 de octubre de...\" \/>\n<meta property=\"og:url\" content=\"https:\/\/quehacerpolitico.mx\/?p=85904\" \/>\n<meta property=\"article:published_time\" content=\"2021-10-21T14:09:00+00:00\" \/>\n<meta property=\"article:modified_time\" content=\"2021-10-21T14:09:04+00:00\" \/>\n<meta property=\"og:image\" content=\"https:\/\/quehacerpolitico.mx\/wp-content\/uploads\/2021\/10\/A0043EA9-37F2-467E-A249-57645A6FFAC6.jpeg\" \/>\n\t<meta property=\"og:image:width\" content=\"701\" \/>\n\t<meta property=\"og:image:height\" content=\"438\" \/>\n\t<meta property=\"og:image:type\" content=\"image\/jpeg\" \/>\n<meta name=\"author\" content=\"Redacci\u00f3n QP\" \/>\n<meta name=\"twitter:card\" content=\"summary_large_image\" \/>\n<meta name=\"twitter:label1\" content=\"Escrito por\" \/>\n\t<meta name=\"twitter:data1\" content=\"Redacci\u00f3n QP\" \/>\n\t<meta name=\"twitter:label2\" content=\"Tiempo de lectura\" \/>\n\t<meta name=\"twitter:data2\" content=\"2 minutos\" \/>\n<script type=\"application\/ld+json\" class=\"yoast-schema-graph\">{\"@context\":\"https:\\\/\\\/schema.org\",\"@graph\":[{\"@type\":\"Article\",\"@id\":\"https:\\\/\\\/quehacerpolitico.mx\\\/?p=85904#article\",\"isPartOf\":{\"@id\":\"https:\\\/\\\/quehacerpolitico.mx\\\/?p=85904\"},\"author\":{\"name\":\"Redacci\u00f3n QP\",\"@id\":\"https:\\\/\\\/quehacerpolitico.mx\\\/#\\\/schema\\\/person\\\/496d8ad2d1d3f8036101dca7ee39e585\"},\"headline\":\"Las marchas, bloqueos y manifestaciones hoy en CDMX\",\"datePublished\":\"2021-10-21T14:09:00+00:00\",\"dateModified\":\"2021-10-21T14:09:04+00:00\",\"mainEntityOfPage\":{\"@id\":\"https:\\\/\\\/quehacerpolitico.mx\\\/?p=85904\"},\"wordCount\":425,\"commentCount\":0,\"image\":{\"@id\":\"https:\\\/\\\/quehacerpolitico.mx\\\/?p=85904#primaryimage\"},\"thumbnailUrl\":\"https:\\\/\\\/quehacerpolitico.mx\\\/wp-content\\\/uploads\\\/2021\\\/10\\\/A0043EA9-37F2-467E-A249-57645A6FFAC6.jpeg\",\"articleSection\":[\"CDMX\"],\"inLanguage\":\"es\",\"potentialAction\":[{\"@type\":\"CommentAction\",\"name\":\"Comment\",\"target\":[\"https:\\\/\\\/quehacerpolitico.mx\\\/?p=85904#respond\"]}]},{\"@type\":\"WebPage\",\"@id\":\"https:\\\/\\\/quehacerpolitico.mx\\\/?p=85904\",\"url\":\"https:\\\/\\\/quehacerpolitico.mx\\\/?p=85904\",\"name\":\"Las marchas, bloqueos y manifestaciones hoy en CDMX -\",\"isPartOf\":{\"@id\":\"https:\\\/\\\/quehacerpolitico.mx\\\/#website\"},\"primaryImageOfPage\":{\"@id\":\"https:\\\/\\\/quehacerpolitico.mx\\\/?p=85904#primaryimage\"},\"image\":{\"@id\":\"https:\\\/\\\/quehacerpolitico.mx\\\/?p=85904#primaryimage\"},\"thumbnailUrl\":\"https:\\\/\\\/quehacerpolitico.mx\\\/wp-content\\\/uploads\\\/2021\\\/10\\\/A0043EA9-37F2-467E-A249-57645A6FFAC6.jpeg\",\"datePublished\":\"2021-10-21T14:09:00+00:00\",\"dateModified\":\"2021-10-21T14:09:04+00:00\",\"author\":{\"@id\":\"https:\\\/\\\/quehacerpolitico.mx\\\/#\\\/schema\\\/person\\\/496d8ad2d1d3f8036101dca7ee39e585\"},\"breadcrumb\":{\"@id\":\"https:\\\/\\\/quehacerpolitico.mx\\\/?p=85904#breadcrumb\"},\"inLanguage\":\"es\",\"potentialAction\":[{\"@type\":\"ReadAction\",\"target\":[\"https:\\\/\\\/quehacerpolitico.mx\\\/?p=85904\"]}]},{\"@type\":\"ImageObject\",\"inLanguage\":\"es\",\"@id\":\"https:\\\/\\\/quehacerpolitico.mx\\\/?p=85904#primaryimage\",\"url\":\"https:\\\/\\\/quehacerpolitico.mx\\\/wp-content\\\/uploads\\\/2021\\\/10\\\/A0043EA9-37F2-467E-A249-57645A6FFAC6.jpeg\",\"contentUrl\":\"https:\\\/\\\/quehacerpolitico.mx\\\/wp-content\\\/uploads\\\/2021\\\/10\\\/A0043EA9-37F2-467E-A249-57645A6FFAC6.jpeg\",\"width\":701,\"height\":438},{\"@type\":\"BreadcrumbList\",\"@id\":\"https:\\\/\\\/quehacerpolitico.mx\\\/?p=85904#breadcrumb\",\"itemListElement\":[{\"@type\":\"ListItem\",\"position\":1,\"name\":\"Inicio\",\"item\":\"https:\\\/\\\/quehacerpolitico.mx\\\/\"},{\"@type\":\"ListItem\",\"position\":2,\"name\":\"Las marchas, bloqueos y manifestaciones hoy en CDMX\"}]},{\"@type\":\"WebSite\",\"@id\":\"https:\\\/\\\/quehacerpolitico.mx\\\/#website\",\"url\":\"https:\\\/\\\/quehacerpolitico.mx\\\/\",\"name\":\"\",\"description\":\"\",\"potentialAction\":[{\"@type\":\"SearchAction\",\"target\":{\"@type\":\"EntryPoint\",\"urlTemplate\":\"https:\\\/\\\/quehacerpolitico.mx\\\/?s={search_term_string}\"},\"query-input\":{\"@type\":\"PropertyValueSpecification\",\"valueRequired\":true,\"valueName\":\"search_term_string\"}}],\"inLanguage\":\"es\"},{\"@type\":\"Person\",\"@id\":\"https:\\\/\\\/quehacerpolitico.mx\\\/#\\\/schema\\\/person\\\/496d8ad2d1d3f8036101dca7ee39e585\",\"name\":\"Redacci\u00f3n QP\",\"image\":{\"@type\":\"ImageObject\",\"inLanguage\":\"es\",\"@id\":\"https:\\\/\\\/secure.gravatar.com\\\/avatar\\\/c7164ed6fdec453195284ad24a5ae5b6e1eed2b848477fa2a4787ba9adf39a41?s=96&d=mm&r=g\",\"url\":\"https:\\\/\\\/secure.gravatar.com\\\/avatar\\\/c7164ed6fdec453195284ad24a5ae5b6e1eed2b848477fa2a4787ba9adf39a41?s=96&d=mm&r=g\",\"contentUrl\":\"https:\\\/\\\/secure.gravatar.com\\\/avatar\\\/c7164ed6fdec453195284ad24a5ae5b6e1eed2b848477fa2a4787ba9adf39a41?s=96&d=mm&r=g\",\"caption\":\"Redacci\u00f3n QP\"},\"url\":\"https:\\\/\\\/quehacerpolitico.mx\\\/?author=2\"}]}<\/script>\n<!-- \/ Yoast SEO plugin. -->","yoast_head_json":{"title":"Las marchas, bloqueos y manifestaciones hoy en CDMX -","robots":{"index":"index","follow":"follow","max-snippet":"max-snippet:-1","max-image-preview":"max-image-preview:large","max-video-preview":"max-video-preview:-1"},"canonical":"https:\/\/quehacerpolitico.mx\/?p=85904","og_locale":"es_MX","og_type":"article","og_title":"Las marchas, bloqueos y manifestaciones hoy en CDMX -","og_description":"Por Redacci\u00f3n QP Autoridades de la\u00a0Ciudad de M\u00e9xico (CDMX)informaron que hoy, 21 de octubre de...","og_url":"https:\/\/quehacerpolitico.mx\/?p=85904","article_published_time":"2021-10-21T14:09:00+00:00","article_modified_time":"2021-10-21T14:09:04+00:00","og_image":[{"width":701,"height":438,"url":"https:\/\/quehacerpolitico.mx\/wp-content\/uploads\/2021\/10\/A0043EA9-37F2-467E-A249-57645A6FFAC6.jpeg","type":"image\/jpeg"}],"author":"Redacci\u00f3n QP","twitter_card":"summary_large_image","twitter_misc":{"Escrito por":"Redacci\u00f3n QP","Tiempo de lectura":"2 minutos"},"schema":{"@context":"https:\/\/schema.org","@graph":[{"@type":"Article","@id":"https:\/\/quehacerpolitico.mx\/?p=85904#article","isPartOf":{"@id":"https:\/\/quehacerpolitico.mx\/?p=85904"},"author":{"name":"Redacci\u00f3n QP","@id":"https:\/\/quehacerpolitico.mx\/#\/schema\/person\/496d8ad2d1d3f8036101dca7ee39e585"},"headline":"Las marchas, bloqueos y manifestaciones hoy en CDMX","datePublished":"2021-10-21T14:09:00+00:00","dateModified":"2021-10-21T14:09:04+00:00","mainEntityOfPage":{"@id":"https:\/\/quehacerpolitico.mx\/?p=85904"},"wordCount":425,"commentCount":0,"image":{"@id":"https:\/\/quehacerpolitico.mx\/?p=85904#primaryimage"},"thumbnailUrl":"https:\/\/quehacerpolitico.mx\/wp-content\/uploads\/2021\/10\/A0043EA9-37F2-467E-A249-57645A6FFAC6.jpeg","articleSection":["CDMX"],"inLanguage":"es","potentialAction":[{"@type":"CommentAction","name":"Comment","target":["https:\/\/quehacerpolitico.mx\/?p=85904#respond"]}]},{"@type":"WebPage","@id":"https:\/\/quehacerpolitico.mx\/?p=85904","url":"https:\/\/quehacerpolitico.mx\/?p=85904","name":"Las marchas, bloqueos y manifestaciones hoy en CDMX -","isPartOf":{"@id":"https:\/\/quehacerpolitico.mx\/#website"},"primaryImageOfPage":{"@id":"https:\/\/quehacerpolitico.mx\/?p=85904#primaryimage"},"image":{"@id":"https:\/\/quehacerpolitico.mx\/?p=85904#primaryimage"},"thumbnailUrl":"https:\/\/quehacerpolitico.mx\/wp-content\/uploads\/2021\/10\/A0043EA9-37F2-467E-A249-57645A6FFAC6.jpeg","datePublished":"2021-10-21T14:09:00+00:00","dateModified":"2021-10-21T14:09:04+00:00","author":{"@id":"https:\/\/quehacerpolitico.mx\/#\/schema\/person\/496d8ad2d1d3f8036101dca7ee39e585"},"breadcrumb":{"@id":"https:\/\/quehacerpolitico.mx\/?p=85904#breadcrumb"},"inLanguage":"es","potentialAction":[{"@type":"ReadAction","target":["https:\/\/quehacerpolitico.mx\/?p=85904"]}]},{"@type":"ImageObject","inLanguage":"es","@id":"https:\/\/quehacerpolitico.mx\/?p=85904#primaryimage","url":"https:\/\/quehacerpolitico.mx\/wp-content\/uploads\/2021\/10\/A0043EA9-37F2-467E-A249-57645A6FFAC6.jpeg","contentUrl":"https:\/\/quehacerpolitico.mx\/wp-content\/uploads\/2021\/10\/A0043EA9-37F2-467E-A249-57645A6FFAC6.jpeg","width":701,"height":438},{"@type":"BreadcrumbList","@id":"https:\/\/quehacerpolitico.mx\/?p=85904#breadcrumb","itemListElement":[{"@type":"ListItem","position":1,"name":"Inicio","item":"https:\/\/quehacerpolitico.mx\/"},{"@type":"ListItem","position":2,"name":"Las marchas, bloqueos y manifestaciones hoy en CDMX"}]},{"@type":"WebSite","@id":"https:\/\/quehacerpolitico.mx\/#website","url":"https:\/\/quehacerpolitico.mx\/","name":"","description":"","potentialAction":[{"@type":"SearchAction","target":{"@type":"EntryPoint","urlTemplate":"https:\/\/quehacerpolitico.mx\/?s={search_term_string}"},"query-input":{"@type":"PropertyValueSpecification","valueRequired":true,"valueName":"search_term_string"}}],"inLanguage":"es"},{"@type":"Person","@id":"https:\/\/quehacerpolitico.mx\/#\/schema\/person\/496d8ad2d1d3f8036101dca7ee39e585","name":"Redacci\u00f3n QP","image":{"@type":"ImageObject","inLanguage":"es","@id":"https:\/\/secure.gravatar.com\/avatar\/c7164ed6fdec453195284ad24a5ae5b6e1eed2b848477fa2a4787ba9adf39a41?s=96&d=mm&r=g","url":"https:\/\/secure.gravatar.com\/avatar\/c7164ed6fdec453195284ad24a5ae5b6e1eed2b848477fa2a4787ba9adf39a41?s=96&d=mm&r=g","contentUrl":"https:\/\/secure.gravatar.com\/avatar\/c7164ed6fdec453195284ad24a5ae5b6e1eed2b848477fa2a4787ba9adf39a41?s=96&d=mm&r=g","caption":"Redacci\u00f3n QP"},"url":"https:\/\/quehacerpolitico.mx\/?author=2"}]}},"featured_image_urls":{"full":["https:\/\/quehacerpolitico.mx\/wp-content\/uploads\/2021\/10\/A0043EA9-37F2-467E-A249-57645A6FFAC6.jpeg",701,438,false],"thumbnail":["https:\/\/quehacerpolitico.mx\/wp-content\/uploads\/2021\/10\/A0043EA9-37F2-467E-A249-57645A6FFAC6-150x150.jpeg",150,150,true],"medium":["https:\/\/quehacerpolitico.mx\/wp-content\/uploads\/2021\/10\/A0043EA9-37F2-467E-A249-57645A6FFAC6-300x187.jpeg",300,187,true],"medium_large":["https:\/\/quehacerpolitico.mx\/wp-content\/uploads\/2021\/10\/A0043EA9-37F2-467E-A249-57645A6FFAC6.jpeg",640,400,false],"large":["https:\/\/quehacerpolitico.mx\/wp-content\/uploads\/2021\/10\/A0043EA9-37F2-467E-A249-57645A6FFAC6.jpeg",640,400,false],"1536x1536":["https:\/\/quehacerpolitico.mx\/wp-content\/uploads\/2021\/10\/A0043EA9-37F2-467E-A249-57645A6FFAC6.jpeg",701,438,false],"2048x2048":["https:\/\/quehacerpolitico.mx\/wp-content\/uploads\/2021\/10\/A0043EA9-37F2-467E-A249-57645A6FFAC6.jpeg",701,438,false],"covernews-featured":["https:\/\/quehacerpolitico.mx\/wp-content\/uploads\/2021\/10\/A0043EA9-37F2-467E-A249-57645A6FFAC6.jpeg",701,438,false],"covernews-medium":["https:\/\/quehacerpolitico.mx\/wp-content\/uploads\/2021\/10\/A0043EA9-37F2-467E-A249-57645A6FFAC6.jpeg",540,337,false]},"author_info":{"display_name":"Redacci\u00f3n QP","author_link":"https:\/\/quehacerpolitico.mx\/?author=2"},"category_info":"<a href=\"https:\/\/quehacerpolitico.mx\/?cat=55\" rel=\"category\">CDMX<\/a>","tag_info":"CDMX","comment_count":"0","_links":{"self":[{"href":"https:\/\/quehacerpolitico.mx\/index.php?rest_route=\/wp\/v2\/posts\/85904","targetHints":{"allow":["GET"]}}],"collection":[{"href":"https:\/\/quehacerpolitico.mx\/index.php?rest_route=\/wp\/v2\/posts"}],"about":[{"href":"https:\/\/quehacerpolitico.mx\/index.php?rest_route=\/wp\/v2\/types\/post"}],"author":[{"embeddable":true,"href":"https:\/\/quehacerpolitico.mx\/index.php?rest_route=\/wp\/v2\/users\/2"}],"replies":[{"embeddable":true,"href":"https:\/\/quehacerpolitico.mx\/index.php?rest_route=%2Fwp%2Fv2%2Fcomments&post=85904"}],"version-history":[{"count":1,"href":"https:\/\/quehacerpolitico.mx\/index.php?rest_route=\/wp\/v2\/posts\/85904\/revisions"}],"predecessor-version":[{"id":85906,"href":"https:\/\/quehacerpolitico.mx\/index.php?rest_route=\/wp\/v2\/posts\/85904\/revisions\/85906"}],"wp:featuredmedia":[{"embeddable":true,"href":"https:\/\/quehacerpolitico.mx\/index.php?rest_route=\/wp\/v2\/media\/85905"}],"wp:attachment":[{"href":"https:\/\/quehacerpolitico.mx\/index.php?rest_route=%2Fwp%2Fv2%2Fmedia&parent=85904"}],"wp:term":[{"taxonomy":"category","embeddable":true,"href":"https:\/\/quehacerpolitico.mx\/index.php?rest_route=%2Fwp%2Fv2%2Fcategories&post=85904"},{"taxonomy":"post_tag","embeddable":true,"href":"https:\/\/quehacerpolitico.mx\/index.php?rest_route=%2Fwp%2Fv2%2Ftags&post=85904"}],"curies":[{"name":"wp","href":"https:\/\/api.w.org\/{rel}","templated":true}]}}