{"id":85739,"date":"2021-10-15T03:32:38","date_gmt":"2021-10-15T03:32:38","guid":{"rendered":"https:\/\/quehacerpolitico.mx\/?p=85739"},"modified":"2021-10-15T03:32:41","modified_gmt":"2021-10-15T03:32:41","slug":"pele-dice-que-esta-mejor-de-salud-y-bromea-con-volver-a-las-canchas","status":"publish","type":"post","link":"https:\/\/quehacerpolitico.mx\/?p=85739","title":{"rendered":"Pel\u00e9 dice que &#8220;est\u00e1 mejor&#8221; de salud y bromea con volver a las canchas"},"content":{"rendered":"\n<p>Por Redacci\u00f3n QP<\/p>\n\n\n\n<p>&#8220;El Rey&#8221; se mostr\u00f3\u00a0animado en su recuperaci\u00f3n y asegur\u00f3 que cada d\u00eda va mejorando<\/p>\n\n\n\n<p>El legendario exfutbolista brasile\u00f1o Pel\u00e9 dijo este jueves que est\u00e1 &#8220;mejor&#8221; de salud y brome\u00f3 con volver a jugar a la pelota, dos semanas despu\u00e9s de salir del hospital de Sao Paulo donde lo operaron de un tumor en el colon.<\/p>\n\n\n\n<p>&#8220;Gracias a Dios estoy bien, estoy mejor, estoy dispuesto incluso a jugar el domingo.\u00a0<strong>Pero ya hablando en serio, gracias por todo, gracias a todos aquellos que me mandaron un abrazo y me dan fuerza.<\/strong>\u00a0Si Dios quiere, muy pronto estar\u00e9 con ustedes&#8221;, dijo el exastro en un video publicado en las cuentas de Instagram de dos de sus hijas.<\/p>\n\n\n\n<figure class=\"wp-block-embed is-type-video is-provider-youtube wp-block-embed-youtube wp-embed-aspect-16-9 wp-has-aspect-ratio\"><div class=\"wp-block-embed__wrapper\">\n<iframe loading=\"lazy\" title=\"Pel\u00e9 comparte video y bromea con regresar a las canchas\" width=\"640\" height=\"360\" src=\"https:\/\/www.youtube.com\/embed\/SdzotxZvRxc?feature=oembed\" frameborder=\"0\" allow=\"accelerometer; autoplay; clipboard-write; encrypted-media; gyroscope; picture-in-picture; web-share\" referrerpolicy=\"strict-origin-when-cross-origin\" allowfullscreen><\/iframe>\n<\/div><\/figure>\n\n\n\n<p>En el video, el primero en que aparece despu\u00e9s de salir del centro m\u00e9dico en el que estuvo internado durante un mes, el \u00fanico futbolista en ganar tres mundiales (1958, 1962, 1970) aparece sonriente y de buen semblante.<\/p>\n\n\n\n<p>Edson Arantes do Nascimento, que el 23 de octubre cumplir\u00e1 81 a\u00f1os,&nbsp;<strong>dej\u00f3 el hospital Albert Einstein el 30 de septiembre luego de que en un chequeo rutinario le detectaran un tumor &#8220;sospechoso&#8221; en el colon.<\/strong><\/p>\n\n\n\n<p>Fue operado el 4 de septiembre y el d\u00eda que recibi\u00f3 el alta, tras algunos pasos por la unidad de cuidados intensivos, los especialistas aseguraron que el otrora goleador seguir\u00e1 un tratamiento de quimioterapia, un procedimiento con el que se trata a las personas enfermas de c\u00e1ncer.<\/p>\n\n\n\n<p><strong>Ni los m\u00e9dicos ni el exfutbolista y su familia han informado hasta el momento sobre los resultados del an\u00e1lisis patol\u00f3gico del tumor ni si &#8216;O Rei&#8217; padece c\u00e1ncer.&nbsp;<\/strong><\/p>\n\n\n\n<p>Mientras estuvo hospitalizado, el exatacante, considerado por muchos el mejor futbolista de la historia, comparti\u00f3 c\u00f3mo iba evolucionando su salud en publicaciones en sus redes sociales, muchas de ellas impregnadas de su particular sentido del humor.<\/p>\n\n\n\n<p>En los \u00faltimos a\u00f1os, Pel\u00e9 ha ingresado varias veces en el hospital por distintos problemas de salud.<\/p>\n\n\n\n<p>Con Informaci\u00f3n de AFP<\/p>\n","protected":false},"excerpt":{"rendered":"<p>Por Redacci\u00f3n QP &#8220;El Rey&#8221; se mostr\u00f3\u00a0animado en su recuperaci\u00f3n y asegur\u00f3 que cada d\u00eda&#8230;<\/p>\n","protected":false},"author":2,"featured_media":85740,"comment_status":"open","ping_status":"open","sticky":false,"template":"","format":"standard","meta":{"_monsterinsights_skip_tracking":false,"_monsterinsights_sitenote_active":false,"_monsterinsights_sitenote_note":"","_monsterinsights_sitenote_category":0,"footnotes":""},"categories":[54],"tags":[],"class_list":["post-85739","post","type-post","status-publish","format-standard","has-post-thumbnail","hentry","category-deportes"],"yoast_head":"<!-- This site is optimized with the Yoast SEO plugin v27.3 - https:\/\/yoast.com\/product\/yoast-seo-wordpress\/ -->\n<title>Pel\u00e9 dice que &quot;est\u00e1 mejor&quot; de salud y bromea con volver a las canchas -<\/title>\n<meta name=\"robots\" content=\"index, follow, max-snippet:-1, max-image-preview:large, max-video-preview:-1\" \/>\n<link rel=\"canonical\" href=\"https:\/\/quehacerpolitico.mx\/?p=85739\" \/>\n<meta property=\"og:locale\" content=\"es_MX\" \/>\n<meta property=\"og:type\" content=\"article\" \/>\n<meta property=\"og:title\" content=\"Pel\u00e9 dice que &quot;est\u00e1 mejor&quot; de salud y bromea con volver a las canchas -\" \/>\n<meta property=\"og:description\" content=\"Por Redacci\u00f3n QP &#8220;El Rey&#8221; se mostr\u00f3\u00a0animado en su recuperaci\u00f3n y asegur\u00f3 que cada d\u00eda...\" \/>\n<meta property=\"og:url\" content=\"https:\/\/quehacerpolitico.mx\/?p=85739\" \/>\n<meta property=\"article:published_time\" content=\"2021-10-15T03:32:38+00:00\" \/>\n<meta property=\"article:modified_time\" content=\"2021-10-15T03:32:41+00:00\" \/>\n<meta property=\"og:image\" content=\"https:\/\/quehacerpolitico.mx\/wp-content\/uploads\/2021\/10\/925B5C23-11AB-4EFC-A62A-E0C76B6AC574.jpeg\" \/>\n\t<meta property=\"og:image:width\" content=\"1284\" \/>\n\t<meta property=\"og:image:height\" content=\"1255\" \/>\n\t<meta property=\"og:image:type\" content=\"image\/jpeg\" \/>\n<meta name=\"author\" content=\"Redacci\u00f3n QP\" \/>\n<meta name=\"twitter:card\" content=\"summary_large_image\" \/>\n<meta name=\"twitter:label1\" content=\"Escrito por\" \/>\n\t<meta name=\"twitter:data1\" content=\"Redacci\u00f3n QP\" \/>\n\t<meta name=\"twitter:label2\" content=\"Tiempo de lectura\" \/>\n\t<meta name=\"twitter:data2\" content=\"2 minutos\" \/>\n<script type=\"application\/ld+json\" class=\"yoast-schema-graph\">{\"@context\":\"https:\\\/\\\/schema.org\",\"@graph\":[{\"@type\":\"Article\",\"@id\":\"https:\\\/\\\/quehacerpolitico.mx\\\/?p=85739#article\",\"isPartOf\":{\"@id\":\"https:\\\/\\\/quehacerpolitico.mx\\\/?p=85739\"},\"author\":{\"name\":\"Redacci\u00f3n QP\",\"@id\":\"https:\\\/\\\/quehacerpolitico.mx\\\/#\\\/schema\\\/person\\\/496d8ad2d1d3f8036101dca7ee39e585\"},\"headline\":\"Pel\u00e9 dice que &#8220;est\u00e1 mejor&#8221; de salud y bromea con volver a las canchas\",\"datePublished\":\"2021-10-15T03:32:38+00:00\",\"dateModified\":\"2021-10-15T03:32:41+00:00\",\"mainEntityOfPage\":{\"@id\":\"https:\\\/\\\/quehacerpolitico.mx\\\/?p=85739\"},\"wordCount\":355,\"commentCount\":0,\"image\":{\"@id\":\"https:\\\/\\\/quehacerpolitico.mx\\\/?p=85739#primaryimage\"},\"thumbnailUrl\":\"https:\\\/\\\/quehacerpolitico.mx\\\/wp-content\\\/uploads\\\/2021\\\/10\\\/925B5C23-11AB-4EFC-A62A-E0C76B6AC574.jpeg\",\"articleSection\":[\"Deportes\"],\"inLanguage\":\"es\",\"potentialAction\":[{\"@type\":\"CommentAction\",\"name\":\"Comment\",\"target\":[\"https:\\\/\\\/quehacerpolitico.mx\\\/?p=85739#respond\"]}]},{\"@type\":\"WebPage\",\"@id\":\"https:\\\/\\\/quehacerpolitico.mx\\\/?p=85739\",\"url\":\"https:\\\/\\\/quehacerpolitico.mx\\\/?p=85739\",\"name\":\"Pel\u00e9 dice que \\\"est\u00e1 mejor\\\" de salud y bromea con volver a las canchas -\",\"isPartOf\":{\"@id\":\"https:\\\/\\\/quehacerpolitico.mx\\\/#website\"},\"primaryImageOfPage\":{\"@id\":\"https:\\\/\\\/quehacerpolitico.mx\\\/?p=85739#primaryimage\"},\"image\":{\"@id\":\"https:\\\/\\\/quehacerpolitico.mx\\\/?p=85739#primaryimage\"},\"thumbnailUrl\":\"https:\\\/\\\/quehacerpolitico.mx\\\/wp-content\\\/uploads\\\/2021\\\/10\\\/925B5C23-11AB-4EFC-A62A-E0C76B6AC574.jpeg\",\"datePublished\":\"2021-10-15T03:32:38+00:00\",\"dateModified\":\"2021-10-15T03:32:41+00:00\",\"author\":{\"@id\":\"https:\\\/\\\/quehacerpolitico.mx\\\/#\\\/schema\\\/person\\\/496d8ad2d1d3f8036101dca7ee39e585\"},\"breadcrumb\":{\"@id\":\"https:\\\/\\\/quehacerpolitico.mx\\\/?p=85739#breadcrumb\"},\"inLanguage\":\"es\",\"potentialAction\":[{\"@type\":\"ReadAction\",\"target\":[\"https:\\\/\\\/quehacerpolitico.mx\\\/?p=85739\"]}]},{\"@type\":\"ImageObject\",\"inLanguage\":\"es\",\"@id\":\"https:\\\/\\\/quehacerpolitico.mx\\\/?p=85739#primaryimage\",\"url\":\"https:\\\/\\\/quehacerpolitico.mx\\\/wp-content\\\/uploads\\\/2021\\\/10\\\/925B5C23-11AB-4EFC-A62A-E0C76B6AC574.jpeg\",\"contentUrl\":\"https:\\\/\\\/quehacerpolitico.mx\\\/wp-content\\\/uploads\\\/2021\\\/10\\\/925B5C23-11AB-4EFC-A62A-E0C76B6AC574.jpeg\",\"width\":1284,\"height\":1255},{\"@type\":\"BreadcrumbList\",\"@id\":\"https:\\\/\\\/quehacerpolitico.mx\\\/?p=85739#breadcrumb\",\"itemListElement\":[{\"@type\":\"ListItem\",\"position\":1,\"name\":\"Inicio\",\"item\":\"https:\\\/\\\/quehacerpolitico.mx\\\/\"},{\"@type\":\"ListItem\",\"position\":2,\"name\":\"Pel\u00e9 dice que &#8220;est\u00e1 mejor&#8221; de salud y bromea con volver a las canchas\"}]},{\"@type\":\"WebSite\",\"@id\":\"https:\\\/\\\/quehacerpolitico.mx\\\/#website\",\"url\":\"https:\\\/\\\/quehacerpolitico.mx\\\/\",\"name\":\"\",\"description\":\"\",\"potentialAction\":[{\"@type\":\"SearchAction\",\"target\":{\"@type\":\"EntryPoint\",\"urlTemplate\":\"https:\\\/\\\/quehacerpolitico.mx\\\/?s={search_term_string}\"},\"query-input\":{\"@type\":\"PropertyValueSpecification\",\"valueRequired\":true,\"valueName\":\"search_term_string\"}}],\"inLanguage\":\"es\"},{\"@type\":\"Person\",\"@id\":\"https:\\\/\\\/quehacerpolitico.mx\\\/#\\\/schema\\\/person\\\/496d8ad2d1d3f8036101dca7ee39e585\",\"name\":\"Redacci\u00f3n QP\",\"image\":{\"@type\":\"ImageObject\",\"inLanguage\":\"es\",\"@id\":\"https:\\\/\\\/secure.gravatar.com\\\/avatar\\\/c7164ed6fdec453195284ad24a5ae5b6e1eed2b848477fa2a4787ba9adf39a41?s=96&d=mm&r=g\",\"url\":\"https:\\\/\\\/secure.gravatar.com\\\/avatar\\\/c7164ed6fdec453195284ad24a5ae5b6e1eed2b848477fa2a4787ba9adf39a41?s=96&d=mm&r=g\",\"contentUrl\":\"https:\\\/\\\/secure.gravatar.com\\\/avatar\\\/c7164ed6fdec453195284ad24a5ae5b6e1eed2b848477fa2a4787ba9adf39a41?s=96&d=mm&r=g\",\"caption\":\"Redacci\u00f3n QP\"},\"url\":\"https:\\\/\\\/quehacerpolitico.mx\\\/?author=2\"}]}<\/script>\n<!-- \/ Yoast SEO plugin. -->","yoast_head_json":{"title":"Pel\u00e9 dice que \"est\u00e1 mejor\" de salud y bromea con volver a las canchas -","robots":{"index":"index","follow":"follow","max-snippet":"max-snippet:-1","max-image-preview":"max-image-preview:large","max-video-preview":"max-video-preview:-1"},"canonical":"https:\/\/quehacerpolitico.mx\/?p=85739","og_locale":"es_MX","og_type":"article","og_title":"Pel\u00e9 dice que \"est\u00e1 mejor\" de salud y bromea con volver a las canchas -","og_description":"Por Redacci\u00f3n QP &#8220;El Rey&#8221; se mostr\u00f3\u00a0animado en su recuperaci\u00f3n y asegur\u00f3 que cada d\u00eda...","og_url":"https:\/\/quehacerpolitico.mx\/?p=85739","article_published_time":"2021-10-15T03:32:38+00:00","article_modified_time":"2021-10-15T03:32:41+00:00","og_image":[{"width":1284,"height":1255,"url":"https:\/\/quehacerpolitico.mx\/wp-content\/uploads\/2021\/10\/925B5C23-11AB-4EFC-A62A-E0C76B6AC574.jpeg","type":"image\/jpeg"}],"author":"Redacci\u00f3n QP","twitter_card":"summary_large_image","twitter_misc":{"Escrito por":"Redacci\u00f3n QP","Tiempo de lectura":"2 minutos"},"schema":{"@context":"https:\/\/schema.org","@graph":[{"@type":"Article","@id":"https:\/\/quehacerpolitico.mx\/?p=85739#article","isPartOf":{"@id":"https:\/\/quehacerpolitico.mx\/?p=85739"},"author":{"name":"Redacci\u00f3n QP","@id":"https:\/\/quehacerpolitico.mx\/#\/schema\/person\/496d8ad2d1d3f8036101dca7ee39e585"},"headline":"Pel\u00e9 dice que &#8220;est\u00e1 mejor&#8221; de salud y bromea con volver a las canchas","datePublished":"2021-10-15T03:32:38+00:00","dateModified":"2021-10-15T03:32:41+00:00","mainEntityOfPage":{"@id":"https:\/\/quehacerpolitico.mx\/?p=85739"},"wordCount":355,"commentCount":0,"image":{"@id":"https:\/\/quehacerpolitico.mx\/?p=85739#primaryimage"},"thumbnailUrl":"https:\/\/quehacerpolitico.mx\/wp-content\/uploads\/2021\/10\/925B5C23-11AB-4EFC-A62A-E0C76B6AC574.jpeg","articleSection":["Deportes"],"inLanguage":"es","potentialAction":[{"@type":"CommentAction","name":"Comment","target":["https:\/\/quehacerpolitico.mx\/?p=85739#respond"]}]},{"@type":"WebPage","@id":"https:\/\/quehacerpolitico.mx\/?p=85739","url":"https:\/\/quehacerpolitico.mx\/?p=85739","name":"Pel\u00e9 dice que \"est\u00e1 mejor\" de salud y bromea con volver a las canchas -","isPartOf":{"@id":"https:\/\/quehacerpolitico.mx\/#website"},"primaryImageOfPage":{"@id":"https:\/\/quehacerpolitico.mx\/?p=85739#primaryimage"},"image":{"@id":"https:\/\/quehacerpolitico.mx\/?p=85739#primaryimage"},"thumbnailUrl":"https:\/\/quehacerpolitico.mx\/wp-content\/uploads\/2021\/10\/925B5C23-11AB-4EFC-A62A-E0C76B6AC574.jpeg","datePublished":"2021-10-15T03:32:38+00:00","dateModified":"2021-10-15T03:32:41+00:00","author":{"@id":"https:\/\/quehacerpolitico.mx\/#\/schema\/person\/496d8ad2d1d3f8036101dca7ee39e585"},"breadcrumb":{"@id":"https:\/\/quehacerpolitico.mx\/?p=85739#breadcrumb"},"inLanguage":"es","potentialAction":[{"@type":"ReadAction","target":["https:\/\/quehacerpolitico.mx\/?p=85739"]}]},{"@type":"ImageObject","inLanguage":"es","@id":"https:\/\/quehacerpolitico.mx\/?p=85739#primaryimage","url":"https:\/\/quehacerpolitico.mx\/wp-content\/uploads\/2021\/10\/925B5C23-11AB-4EFC-A62A-E0C76B6AC574.jpeg","contentUrl":"https:\/\/quehacerpolitico.mx\/wp-content\/uploads\/2021\/10\/925B5C23-11AB-4EFC-A62A-E0C76B6AC574.jpeg","width":1284,"height":1255},{"@type":"BreadcrumbList","@id":"https:\/\/quehacerpolitico.mx\/?p=85739#breadcrumb","itemListElement":[{"@type":"ListItem","position":1,"name":"Inicio","item":"https:\/\/quehacerpolitico.mx\/"},{"@type":"ListItem","position":2,"name":"Pel\u00e9 dice que &#8220;est\u00e1 mejor&#8221; de salud y bromea con volver a las canchas"}]},{"@type":"WebSite","@id":"https:\/\/quehacerpolitico.mx\/#website","url":"https:\/\/quehacerpolitico.mx\/","name":"","description":"","potentialAction":[{"@type":"SearchAction","target":{"@type":"EntryPoint","urlTemplate":"https:\/\/quehacerpolitico.mx\/?s={search_term_string}"},"query-input":{"@type":"PropertyValueSpecification","valueRequired":true,"valueName":"search_term_string"}}],"inLanguage":"es"},{"@type":"Person","@id":"https:\/\/quehacerpolitico.mx\/#\/schema\/person\/496d8ad2d1d3f8036101dca7ee39e585","name":"Redacci\u00f3n QP","image":{"@type":"ImageObject","inLanguage":"es","@id":"https:\/\/secure.gravatar.com\/avatar\/c7164ed6fdec453195284ad24a5ae5b6e1eed2b848477fa2a4787ba9adf39a41?s=96&d=mm&r=g","url":"https:\/\/secure.gravatar.com\/avatar\/c7164ed6fdec453195284ad24a5ae5b6e1eed2b848477fa2a4787ba9adf39a41?s=96&d=mm&r=g","contentUrl":"https:\/\/secure.gravatar.com\/avatar\/c7164ed6fdec453195284ad24a5ae5b6e1eed2b848477fa2a4787ba9adf39a41?s=96&d=mm&r=g","caption":"Redacci\u00f3n QP"},"url":"https:\/\/quehacerpolitico.mx\/?author=2"}]}},"featured_image_urls":{"full":["https:\/\/quehacerpolitico.mx\/wp-content\/uploads\/2021\/10\/925B5C23-11AB-4EFC-A62A-E0C76B6AC574.jpeg",1284,1255,false],"thumbnail":["https:\/\/quehacerpolitico.mx\/wp-content\/uploads\/2021\/10\/925B5C23-11AB-4EFC-A62A-E0C76B6AC574-150x150.jpeg",150,150,true],"medium":["https:\/\/quehacerpolitico.mx\/wp-content\/uploads\/2021\/10\/925B5C23-11AB-4EFC-A62A-E0C76B6AC574-300x293.jpeg",300,293,true],"medium_large":["https:\/\/quehacerpolitico.mx\/wp-content\/uploads\/2021\/10\/925B5C23-11AB-4EFC-A62A-E0C76B6AC574-768x751.jpeg",640,626,true],"large":["https:\/\/quehacerpolitico.mx\/wp-content\/uploads\/2021\/10\/925B5C23-11AB-4EFC-A62A-E0C76B6AC574-1024x1001.jpeg",640,626,true],"1536x1536":["https:\/\/quehacerpolitico.mx\/wp-content\/uploads\/2021\/10\/925B5C23-11AB-4EFC-A62A-E0C76B6AC574.jpeg",1284,1255,false],"2048x2048":["https:\/\/quehacerpolitico.mx\/wp-content\/uploads\/2021\/10\/925B5C23-11AB-4EFC-A62A-E0C76B6AC574.jpeg",1284,1255,false],"covernews-featured":["https:\/\/quehacerpolitico.mx\/wp-content\/uploads\/2021\/10\/925B5C23-11AB-4EFC-A62A-E0C76B6AC574.jpeg",1024,1001,false],"covernews-medium":["https:\/\/quehacerpolitico.mx\/wp-content\/uploads\/2021\/10\/925B5C23-11AB-4EFC-A62A-E0C76B6AC574.jpeg",348,340,false]},"author_info":{"display_name":"Redacci\u00f3n QP","author_link":"https:\/\/quehacerpolitico.mx\/?author=2"},"category_info":"<a href=\"https:\/\/quehacerpolitico.mx\/?cat=54\" rel=\"category\">Deportes<\/a>","tag_info":"Deportes","comment_count":"0","_links":{"self":[{"href":"https:\/\/quehacerpolitico.mx\/index.php?rest_route=\/wp\/v2\/posts\/85739","targetHints":{"allow":["GET"]}}],"collection":[{"href":"https:\/\/quehacerpolitico.mx\/index.php?rest_route=\/wp\/v2\/posts"}],"about":[{"href":"https:\/\/quehacerpolitico.mx\/index.php?rest_route=\/wp\/v2\/types\/post"}],"author":[{"embeddable":true,"href":"https:\/\/quehacerpolitico.mx\/index.php?rest_route=\/wp\/v2\/users\/2"}],"replies":[{"embeddable":true,"href":"https:\/\/quehacerpolitico.mx\/index.php?rest_route=%2Fwp%2Fv2%2Fcomments&post=85739"}],"version-history":[{"count":1,"href":"https:\/\/quehacerpolitico.mx\/index.php?rest_route=\/wp\/v2\/posts\/85739\/revisions"}],"predecessor-version":[{"id":85741,"href":"https:\/\/quehacerpolitico.mx\/index.php?rest_route=\/wp\/v2\/posts\/85739\/revisions\/85741"}],"wp:featuredmedia":[{"embeddable":true,"href":"https:\/\/quehacerpolitico.mx\/index.php?rest_route=\/wp\/v2\/media\/85740"}],"wp:attachment":[{"href":"https:\/\/quehacerpolitico.mx\/index.php?rest_route=%2Fwp%2Fv2%2Fmedia&parent=85739"}],"wp:term":[{"taxonomy":"category","embeddable":true,"href":"https:\/\/quehacerpolitico.mx\/index.php?rest_route=%2Fwp%2Fv2%2Fcategories&post=85739"},{"taxonomy":"post_tag","embeddable":true,"href":"https:\/\/quehacerpolitico.mx\/index.php?rest_route=%2Fwp%2Fv2%2Ftags&post=85739"}],"curies":[{"name":"wp","href":"https:\/\/api.w.org\/{rel}","templated":true}]}}