{"id":85733,"date":"2021-10-15T02:39:50","date_gmt":"2021-10-15T02:39:50","guid":{"rendered":"https:\/\/quehacerpolitico.mx\/?p=85733"},"modified":"2021-10-15T02:39:52","modified_gmt":"2021-10-15T02:39:52","slug":"revocacion-de-mandato-bloque-de-oposicion-impugna-ley-ante-scjn","status":"publish","type":"post","link":"https:\/\/quehacerpolitico.mx\/?p=85733","title":{"rendered":"Revocaci\u00f3n de mandato: Bloque de oposici\u00f3n impugna ley ante SCJN"},"content":{"rendered":"\n<p>Por Redacci\u00f3n QP<\/p>\n\n\n\n<p>Legisladores arguementan que se trata de una\u00a0ley anticonstitucional<\/p>\n\n\n\n<p>Legisladores del bloque opositor de\u00a0<strong>Va por M\u00e9xico<\/strong>, que integran PAN, PRI y PRD, present\u00f3 hoy una acci\u00f3n de inconstitucionalidad ante la Suprema Corte de Justicia de la Naci\u00f3n (SCJN)\u00a0<strong>en contra de la Ley Federal de Revocaci\u00f3n de Mandato<\/strong> aprobada en septiembre pasado por el Congreso.<\/p>\n\n\n\n<p>Despu\u00e9s de la entrega de este recurso ante el m\u00e1ximo tribunal del pa\u00eds, el coordinador panista, Jorge Romero Herrera, explic\u00f3 que su queja se basa en el<strong>\u00a0art\u00edculo 105\u00a0<\/strong>de la Constituci\u00f3n contra la que fue la publicaci\u00f3n de la Ley para la Revocaci\u00f3n del Mandato porque es una ley anticonstitucional.<\/p>\n\n\n\n<p>El panista capitalino record\u00f3 que Va por M\u00e9xico cuenta con los n\u00fameros constitucionales para recurrir ante la Suprema Corte, es decir, &#8220;<strong>esta alianza tiene un poder pol\u00edtico\u00a0<\/strong>para poder frenar reformas constitucionales por los n\u00fameros electorales que nos dio la gente, pero esta alianza electoral tambi\u00e9n tiene el poder jur\u00eddico de contar con el 33%, para cada que haga falta y consideremos que este gobierno abusa con su mayor\u00eda, la podamos incurrir en una acci\u00f3n de inconstitucionalidad&#8221;.<\/p>\n\n\n\n<p>Record\u00f3 que lo que se modific\u00f3 con la reforma constitucional anterior, al adicionar una fracci\u00f3n novena del art\u00edculo 35, era preguntarle a la gente si quieren que se le revoque el mandato del Presidente. Esa es la disposici\u00f3n constitucional y ninguna ley secundaria puede ampliar, modificar, sustraer lo que dice la Constituci\u00f3n.&nbsp;<\/p>\n\n\n\n<p>&#8220;Y con esta Ley de Revocaci\u00f3n de Mandato\u00a0<strong>se ampl\u00eda indebidamente la pregunta<\/strong>. Porque en lugar de preguntar simple y categ\u00f3ricamente as\u00ed se debe o no revocar el mandato, la desnaturaliza, ampliando la pregunta si debe ratificarse en el mandato, cuando la Constituci\u00f3n se\u00f1ala que es preguntarle a la gente, a ti y a m\u00ed que me escuchas, si es un s\u00ed o si es un no&#8221;, explic\u00f3 el panista.<\/p>\n\n\n\n<p>&#8220;No puede d\u00e1rsele a esta pregunta una interpretaci\u00f3n de ratificaci\u00f3n de mandato, porque si hoy se les antoja pensar que se puede ratificar un mandato, &nbsp;no queremos como oposici\u00f3n pensar que es lo que se les puede ocurrir el d\u00eda de ma\u00f1ana&#8221;, explic\u00f3 el panista.<\/p>\n\n\n\n<p>Asimismo, el l\u00edder del PRD\u00a0en la C\u00e1mara de Diputados,\u00a0<strong>Luis Espinosa Ch\u00e1zaro<\/strong>, dijo que como integrante del sol azteca y de Va por M\u00e9xico seguir\u00e1n defendiendo los intereses de\u00a0los mexicanos.<\/p>\n\n\n\n<figure class=\"wp-block-embed is-type-rich is-provider-twitter wp-block-embed-twitter\"><div class=\"wp-block-embed__wrapper\">\n<blockquote class=\"twitter-tweet\" data-width=\"550\" data-dnt=\"true\"><p lang=\"es\" dir=\"ltr\">La coalici\u00f3n legislativa <a href=\"https:\/\/twitter.com\/hashtag\/VaPorM%C3%A9xico?src=hash&amp;ref_src=twsrc%5Etfw\">#VaPorM\u00e9xico<\/a> est\u00e1 unida y firme. Hoy presentamos la Acci\u00f3n de Inconstitucionalidad contra la Ley Federal de Revocaci\u00f3n de Mandato ante la <a href=\"https:\/\/twitter.com\/SCJN?ref_src=twsrc%5Etfw\">@SCJN<\/a>. <a href=\"https:\/\/twitter.com\/hashtag\/LXVLegislatura?src=hash&amp;ref_src=twsrc%5Etfw\">#LXVLegislatura<\/a> <a href=\"https:\/\/twitter.com\/hashtag\/M%C3%A9xico?src=hash&amp;ref_src=twsrc%5Etfw\">#M\u00e9xico<\/a> <a href=\"https:\/\/twitter.com\/hashtag\/YaEsTiempo?src=hash&amp;ref_src=twsrc%5Etfw\">#YaEsTiempo<\/a> <a href=\"https:\/\/t.co\/rS2H0c9kmf\">pic.twitter.com\/rS2H0c9kmf<\/a><\/p>&mdash; Luis E. Ch\u00e1zaro (@LuisChazaroMX) <a href=\"https:\/\/twitter.com\/LuisChazaroMX\/status\/1448674482504278024?ref_src=twsrc%5Etfw\">October 14, 2021<\/a><\/blockquote><script async src=\"https:\/\/platform.twitter.com\/widgets.js\" charset=\"utf-8\"><\/script>\n<\/div><\/figure>\n\n\n\n<p>Por su parte, el l\u00edder del PRI,&nbsp;<strong>Rub\u00e9n Moreira<\/strong>, asegur\u00f3 que en esta coalici\u00f3n est\u00e1n unidos con la convicci\u00f3n de proteger los intereses de los mexicanos, por lo que ante esta ley impuesta, decidieron solicitarle a la Corte que&nbsp;<strong>declare inconstitucional<\/strong>&nbsp;la Ley Federal de Revocaci\u00f3n de Mandato.<\/p>\n\n\n\n<p>&#8220;En la coalici\u00f3n #VaPorM\u00e9xico estamos unidos con la convicci\u00f3n de proteger los intereses de los mexicanos.Ante una ley impuesta, nos hemos unido para solicitar a la Suprema Corte de Justicia de la Naci\u00f3n, declare la inconstitucionalidad de la Ley de Revocaci\u00f3n de Mandato&#8221;, poste\u00f3 el priista en su cuenta de Twitter.<\/p>\n\n\n\n<figure class=\"wp-block-embed is-type-rich is-provider-twitter wp-block-embed-twitter\"><div class=\"wp-block-embed__wrapper\">\n<blockquote class=\"twitter-tweet\" data-width=\"550\" data-dnt=\"true\"><p lang=\"es\" dir=\"ltr\">En la coalici\u00f3n <a href=\"https:\/\/twitter.com\/hashtag\/VaPorM%C3%A9xico?src=hash&amp;ref_src=twsrc%5Etfw\">#VaPorM\u00e9xico<\/a> estamos unidos con la convicci\u00f3n de proteger los intereses de los mexicanos.<br><br>Ante una ley impuesta, nos hemos unido para solicitar a la Suprema Corte de Justicia de la Naci\u00f3n, declare la inconstitucionalidad de la Ley de Revocaci\u00f3n de Mandato. <a href=\"https:\/\/t.co\/ACFFBKVpex\">pic.twitter.com\/ACFFBKVpex<\/a><\/p>&mdash; Rub\u00e9n Moreira (@rubenmoreiravdz) <a href=\"https:\/\/twitter.com\/rubenmoreiravdz\/status\/1448662873538916355?ref_src=twsrc%5Etfw\">October 14, 2021<\/a><\/blockquote><script async src=\"https:\/\/platform.twitter.com\/widgets.js\" charset=\"utf-8\"><\/script>\n<\/div><\/figure>\n\n\n\n<p>Con Informaci\u00f3n de SUN <\/p>\n","protected":false},"excerpt":{"rendered":"<p>Por Redacci\u00f3n QP Legisladores arguementan que se trata de una\u00a0ley anticonstitucional Legisladores del bloque opositor&#8230;<\/p>\n","protected":false},"author":2,"featured_media":85734,"comment_status":"open","ping_status":"open","sticky":false,"template":"","format":"standard","meta":{"_monsterinsights_skip_tracking":false,"_monsterinsights_sitenote_active":false,"_monsterinsights_sitenote_note":"","_monsterinsights_sitenote_category":0,"footnotes":""},"categories":[2],"tags":[],"class_list":["post-85733","post","type-post","status-publish","format-standard","has-post-thumbnail","hentry","category-noticias"],"yoast_head":"<!-- This site is optimized with the Yoast SEO plugin v27.3 - https:\/\/yoast.com\/product\/yoast-seo-wordpress\/ -->\n<title>Revocaci\u00f3n de mandato: Bloque de oposici\u00f3n impugna ley ante SCJN -<\/title>\n<meta name=\"robots\" content=\"index, follow, max-snippet:-1, max-image-preview:large, max-video-preview:-1\" \/>\n<link rel=\"canonical\" href=\"https:\/\/quehacerpolitico.mx\/?p=85733\" \/>\n<meta property=\"og:locale\" content=\"es_MX\" \/>\n<meta property=\"og:type\" content=\"article\" \/>\n<meta property=\"og:title\" content=\"Revocaci\u00f3n de mandato: Bloque de oposici\u00f3n impugna ley ante SCJN -\" \/>\n<meta property=\"og:description\" content=\"Por Redacci\u00f3n QP Legisladores arguementan que se trata de una\u00a0ley anticonstitucional Legisladores del bloque opositor...\" \/>\n<meta property=\"og:url\" content=\"https:\/\/quehacerpolitico.mx\/?p=85733\" \/>\n<meta property=\"article:published_time\" content=\"2021-10-15T02:39:50+00:00\" \/>\n<meta property=\"article:modified_time\" content=\"2021-10-15T02:39:52+00:00\" \/>\n<meta property=\"og:image\" content=\"https:\/\/quehacerpolitico.mx\/wp-content\/uploads\/2021\/10\/99970522-B640-47F8-AF39-7657FDC11D04.jpeg\" \/>\n\t<meta property=\"og:image:width\" content=\"1600\" \/>\n\t<meta property=\"og:image:height\" content=\"1066\" \/>\n\t<meta property=\"og:image:type\" content=\"image\/jpeg\" \/>\n<meta name=\"author\" content=\"Redacci\u00f3n QP\" \/>\n<meta name=\"twitter:card\" content=\"summary_large_image\" \/>\n<meta name=\"twitter:label1\" content=\"Escrito por\" \/>\n\t<meta name=\"twitter:data1\" content=\"Redacci\u00f3n QP\" \/>\n\t<meta name=\"twitter:label2\" content=\"Tiempo de lectura\" \/>\n\t<meta name=\"twitter:data2\" content=\"3 minutos\" \/>\n<script type=\"application\/ld+json\" class=\"yoast-schema-graph\">{\"@context\":\"https:\\\/\\\/schema.org\",\"@graph\":[{\"@type\":\"Article\",\"@id\":\"https:\\\/\\\/quehacerpolitico.mx\\\/?p=85733#article\",\"isPartOf\":{\"@id\":\"https:\\\/\\\/quehacerpolitico.mx\\\/?p=85733\"},\"author\":{\"name\":\"Redacci\u00f3n QP\",\"@id\":\"https:\\\/\\\/quehacerpolitico.mx\\\/#\\\/schema\\\/person\\\/496d8ad2d1d3f8036101dca7ee39e585\"},\"headline\":\"Revocaci\u00f3n de mandato: Bloque de oposici\u00f3n impugna ley ante SCJN\",\"datePublished\":\"2021-10-15T02:39:50+00:00\",\"dateModified\":\"2021-10-15T02:39:52+00:00\",\"mainEntityOfPage\":{\"@id\":\"https:\\\/\\\/quehacerpolitico.mx\\\/?p=85733\"},\"wordCount\":568,\"commentCount\":0,\"image\":{\"@id\":\"https:\\\/\\\/quehacerpolitico.mx\\\/?p=85733#primaryimage\"},\"thumbnailUrl\":\"https:\\\/\\\/quehacerpolitico.mx\\\/wp-content\\\/uploads\\\/2021\\\/10\\\/99970522-B640-47F8-AF39-7657FDC11D04.jpeg\",\"articleSection\":[\"Noticias\"],\"inLanguage\":\"es\",\"potentialAction\":[{\"@type\":\"CommentAction\",\"name\":\"Comment\",\"target\":[\"https:\\\/\\\/quehacerpolitico.mx\\\/?p=85733#respond\"]}]},{\"@type\":\"WebPage\",\"@id\":\"https:\\\/\\\/quehacerpolitico.mx\\\/?p=85733\",\"url\":\"https:\\\/\\\/quehacerpolitico.mx\\\/?p=85733\",\"name\":\"Revocaci\u00f3n de mandato: Bloque de oposici\u00f3n impugna ley ante SCJN -\",\"isPartOf\":{\"@id\":\"https:\\\/\\\/quehacerpolitico.mx\\\/#website\"},\"primaryImageOfPage\":{\"@id\":\"https:\\\/\\\/quehacerpolitico.mx\\\/?p=85733#primaryimage\"},\"image\":{\"@id\":\"https:\\\/\\\/quehacerpolitico.mx\\\/?p=85733#primaryimage\"},\"thumbnailUrl\":\"https:\\\/\\\/quehacerpolitico.mx\\\/wp-content\\\/uploads\\\/2021\\\/10\\\/99970522-B640-47F8-AF39-7657FDC11D04.jpeg\",\"datePublished\":\"2021-10-15T02:39:50+00:00\",\"dateModified\":\"2021-10-15T02:39:52+00:00\",\"author\":{\"@id\":\"https:\\\/\\\/quehacerpolitico.mx\\\/#\\\/schema\\\/person\\\/496d8ad2d1d3f8036101dca7ee39e585\"},\"breadcrumb\":{\"@id\":\"https:\\\/\\\/quehacerpolitico.mx\\\/?p=85733#breadcrumb\"},\"inLanguage\":\"es\",\"potentialAction\":[{\"@type\":\"ReadAction\",\"target\":[\"https:\\\/\\\/quehacerpolitico.mx\\\/?p=85733\"]}]},{\"@type\":\"ImageObject\",\"inLanguage\":\"es\",\"@id\":\"https:\\\/\\\/quehacerpolitico.mx\\\/?p=85733#primaryimage\",\"url\":\"https:\\\/\\\/quehacerpolitico.mx\\\/wp-content\\\/uploads\\\/2021\\\/10\\\/99970522-B640-47F8-AF39-7657FDC11D04.jpeg\",\"contentUrl\":\"https:\\\/\\\/quehacerpolitico.mx\\\/wp-content\\\/uploads\\\/2021\\\/10\\\/99970522-B640-47F8-AF39-7657FDC11D04.jpeg\",\"width\":1600,\"height\":1066},{\"@type\":\"BreadcrumbList\",\"@id\":\"https:\\\/\\\/quehacerpolitico.mx\\\/?p=85733#breadcrumb\",\"itemListElement\":[{\"@type\":\"ListItem\",\"position\":1,\"name\":\"Inicio\",\"item\":\"https:\\\/\\\/quehacerpolitico.mx\\\/\"},{\"@type\":\"ListItem\",\"position\":2,\"name\":\"Revocaci\u00f3n de mandato: Bloque de oposici\u00f3n impugna ley ante SCJN\"}]},{\"@type\":\"WebSite\",\"@id\":\"https:\\\/\\\/quehacerpolitico.mx\\\/#website\",\"url\":\"https:\\\/\\\/quehacerpolitico.mx\\\/\",\"name\":\"\",\"description\":\"\",\"potentialAction\":[{\"@type\":\"SearchAction\",\"target\":{\"@type\":\"EntryPoint\",\"urlTemplate\":\"https:\\\/\\\/quehacerpolitico.mx\\\/?s={search_term_string}\"},\"query-input\":{\"@type\":\"PropertyValueSpecification\",\"valueRequired\":true,\"valueName\":\"search_term_string\"}}],\"inLanguage\":\"es\"},{\"@type\":\"Person\",\"@id\":\"https:\\\/\\\/quehacerpolitico.mx\\\/#\\\/schema\\\/person\\\/496d8ad2d1d3f8036101dca7ee39e585\",\"name\":\"Redacci\u00f3n QP\",\"image\":{\"@type\":\"ImageObject\",\"inLanguage\":\"es\",\"@id\":\"https:\\\/\\\/secure.gravatar.com\\\/avatar\\\/c7164ed6fdec453195284ad24a5ae5b6e1eed2b848477fa2a4787ba9adf39a41?s=96&d=mm&r=g\",\"url\":\"https:\\\/\\\/secure.gravatar.com\\\/avatar\\\/c7164ed6fdec453195284ad24a5ae5b6e1eed2b848477fa2a4787ba9adf39a41?s=96&d=mm&r=g\",\"contentUrl\":\"https:\\\/\\\/secure.gravatar.com\\\/avatar\\\/c7164ed6fdec453195284ad24a5ae5b6e1eed2b848477fa2a4787ba9adf39a41?s=96&d=mm&r=g\",\"caption\":\"Redacci\u00f3n QP\"},\"url\":\"https:\\\/\\\/quehacerpolitico.mx\\\/?author=2\"}]}<\/script>\n<!-- \/ Yoast SEO plugin. -->","yoast_head_json":{"title":"Revocaci\u00f3n de mandato: Bloque de oposici\u00f3n impugna ley ante SCJN -","robots":{"index":"index","follow":"follow","max-snippet":"max-snippet:-1","max-image-preview":"max-image-preview:large","max-video-preview":"max-video-preview:-1"},"canonical":"https:\/\/quehacerpolitico.mx\/?p=85733","og_locale":"es_MX","og_type":"article","og_title":"Revocaci\u00f3n de mandato: Bloque de oposici\u00f3n impugna ley ante SCJN -","og_description":"Por Redacci\u00f3n QP Legisladores arguementan que se trata de una\u00a0ley anticonstitucional Legisladores del bloque opositor...","og_url":"https:\/\/quehacerpolitico.mx\/?p=85733","article_published_time":"2021-10-15T02:39:50+00:00","article_modified_time":"2021-10-15T02:39:52+00:00","og_image":[{"width":1600,"height":1066,"url":"https:\/\/quehacerpolitico.mx\/wp-content\/uploads\/2021\/10\/99970522-B640-47F8-AF39-7657FDC11D04.jpeg","type":"image\/jpeg"}],"author":"Redacci\u00f3n QP","twitter_card":"summary_large_image","twitter_misc":{"Escrito por":"Redacci\u00f3n QP","Tiempo de lectura":"3 minutos"},"schema":{"@context":"https:\/\/schema.org","@graph":[{"@type":"Article","@id":"https:\/\/quehacerpolitico.mx\/?p=85733#article","isPartOf":{"@id":"https:\/\/quehacerpolitico.mx\/?p=85733"},"author":{"name":"Redacci\u00f3n QP","@id":"https:\/\/quehacerpolitico.mx\/#\/schema\/person\/496d8ad2d1d3f8036101dca7ee39e585"},"headline":"Revocaci\u00f3n de mandato: Bloque de oposici\u00f3n impugna ley ante SCJN","datePublished":"2021-10-15T02:39:50+00:00","dateModified":"2021-10-15T02:39:52+00:00","mainEntityOfPage":{"@id":"https:\/\/quehacerpolitico.mx\/?p=85733"},"wordCount":568,"commentCount":0,"image":{"@id":"https:\/\/quehacerpolitico.mx\/?p=85733#primaryimage"},"thumbnailUrl":"https:\/\/quehacerpolitico.mx\/wp-content\/uploads\/2021\/10\/99970522-B640-47F8-AF39-7657FDC11D04.jpeg","articleSection":["Noticias"],"inLanguage":"es","potentialAction":[{"@type":"CommentAction","name":"Comment","target":["https:\/\/quehacerpolitico.mx\/?p=85733#respond"]}]},{"@type":"WebPage","@id":"https:\/\/quehacerpolitico.mx\/?p=85733","url":"https:\/\/quehacerpolitico.mx\/?p=85733","name":"Revocaci\u00f3n de mandato: Bloque de oposici\u00f3n impugna ley ante SCJN -","isPartOf":{"@id":"https:\/\/quehacerpolitico.mx\/#website"},"primaryImageOfPage":{"@id":"https:\/\/quehacerpolitico.mx\/?p=85733#primaryimage"},"image":{"@id":"https:\/\/quehacerpolitico.mx\/?p=85733#primaryimage"},"thumbnailUrl":"https:\/\/quehacerpolitico.mx\/wp-content\/uploads\/2021\/10\/99970522-B640-47F8-AF39-7657FDC11D04.jpeg","datePublished":"2021-10-15T02:39:50+00:00","dateModified":"2021-10-15T02:39:52+00:00","author":{"@id":"https:\/\/quehacerpolitico.mx\/#\/schema\/person\/496d8ad2d1d3f8036101dca7ee39e585"},"breadcrumb":{"@id":"https:\/\/quehacerpolitico.mx\/?p=85733#breadcrumb"},"inLanguage":"es","potentialAction":[{"@type":"ReadAction","target":["https:\/\/quehacerpolitico.mx\/?p=85733"]}]},{"@type":"ImageObject","inLanguage":"es","@id":"https:\/\/quehacerpolitico.mx\/?p=85733#primaryimage","url":"https:\/\/quehacerpolitico.mx\/wp-content\/uploads\/2021\/10\/99970522-B640-47F8-AF39-7657FDC11D04.jpeg","contentUrl":"https:\/\/quehacerpolitico.mx\/wp-content\/uploads\/2021\/10\/99970522-B640-47F8-AF39-7657FDC11D04.jpeg","width":1600,"height":1066},{"@type":"BreadcrumbList","@id":"https:\/\/quehacerpolitico.mx\/?p=85733#breadcrumb","itemListElement":[{"@type":"ListItem","position":1,"name":"Inicio","item":"https:\/\/quehacerpolitico.mx\/"},{"@type":"ListItem","position":2,"name":"Revocaci\u00f3n de mandato: Bloque de oposici\u00f3n impugna ley ante SCJN"}]},{"@type":"WebSite","@id":"https:\/\/quehacerpolitico.mx\/#website","url":"https:\/\/quehacerpolitico.mx\/","name":"","description":"","potentialAction":[{"@type":"SearchAction","target":{"@type":"EntryPoint","urlTemplate":"https:\/\/quehacerpolitico.mx\/?s={search_term_string}"},"query-input":{"@type":"PropertyValueSpecification","valueRequired":true,"valueName":"search_term_string"}}],"inLanguage":"es"},{"@type":"Person","@id":"https:\/\/quehacerpolitico.mx\/#\/schema\/person\/496d8ad2d1d3f8036101dca7ee39e585","name":"Redacci\u00f3n QP","image":{"@type":"ImageObject","inLanguage":"es","@id":"https:\/\/secure.gravatar.com\/avatar\/c7164ed6fdec453195284ad24a5ae5b6e1eed2b848477fa2a4787ba9adf39a41?s=96&d=mm&r=g","url":"https:\/\/secure.gravatar.com\/avatar\/c7164ed6fdec453195284ad24a5ae5b6e1eed2b848477fa2a4787ba9adf39a41?s=96&d=mm&r=g","contentUrl":"https:\/\/secure.gravatar.com\/avatar\/c7164ed6fdec453195284ad24a5ae5b6e1eed2b848477fa2a4787ba9adf39a41?s=96&d=mm&r=g","caption":"Redacci\u00f3n QP"},"url":"https:\/\/quehacerpolitico.mx\/?author=2"}]}},"featured_image_urls":{"full":["https:\/\/quehacerpolitico.mx\/wp-content\/uploads\/2021\/10\/99970522-B640-47F8-AF39-7657FDC11D04.jpeg",1600,1066,false],"thumbnail":["https:\/\/quehacerpolitico.mx\/wp-content\/uploads\/2021\/10\/99970522-B640-47F8-AF39-7657FDC11D04-150x150.jpeg",150,150,true],"medium":["https:\/\/quehacerpolitico.mx\/wp-content\/uploads\/2021\/10\/99970522-B640-47F8-AF39-7657FDC11D04-300x200.jpeg",300,200,true],"medium_large":["https:\/\/quehacerpolitico.mx\/wp-content\/uploads\/2021\/10\/99970522-B640-47F8-AF39-7657FDC11D04-768x512.jpeg",640,427,true],"large":["https:\/\/quehacerpolitico.mx\/wp-content\/uploads\/2021\/10\/99970522-B640-47F8-AF39-7657FDC11D04-1024x682.jpeg",640,426,true],"1536x1536":["https:\/\/quehacerpolitico.mx\/wp-content\/uploads\/2021\/10\/99970522-B640-47F8-AF39-7657FDC11D04-1536x1023.jpeg",1536,1023,true],"2048x2048":["https:\/\/quehacerpolitico.mx\/wp-content\/uploads\/2021\/10\/99970522-B640-47F8-AF39-7657FDC11D04.jpeg",1600,1066,false],"covernews-featured":["https:\/\/quehacerpolitico.mx\/wp-content\/uploads\/2021\/10\/99970522-B640-47F8-AF39-7657FDC11D04.jpeg",1024,682,false],"covernews-medium":["https:\/\/quehacerpolitico.mx\/wp-content\/uploads\/2021\/10\/99970522-B640-47F8-AF39-7657FDC11D04.jpeg",510,340,false]},"author_info":{"display_name":"Redacci\u00f3n QP","author_link":"https:\/\/quehacerpolitico.mx\/?author=2"},"category_info":"<a href=\"https:\/\/quehacerpolitico.mx\/?cat=2\" rel=\"category\">Noticias<\/a>","tag_info":"Noticias","comment_count":"0","_links":{"self":[{"href":"https:\/\/quehacerpolitico.mx\/index.php?rest_route=\/wp\/v2\/posts\/85733","targetHints":{"allow":["GET"]}}],"collection":[{"href":"https:\/\/quehacerpolitico.mx\/index.php?rest_route=\/wp\/v2\/posts"}],"about":[{"href":"https:\/\/quehacerpolitico.mx\/index.php?rest_route=\/wp\/v2\/types\/post"}],"author":[{"embeddable":true,"href":"https:\/\/quehacerpolitico.mx\/index.php?rest_route=\/wp\/v2\/users\/2"}],"replies":[{"embeddable":true,"href":"https:\/\/quehacerpolitico.mx\/index.php?rest_route=%2Fwp%2Fv2%2Fcomments&post=85733"}],"version-history":[{"count":1,"href":"https:\/\/quehacerpolitico.mx\/index.php?rest_route=\/wp\/v2\/posts\/85733\/revisions"}],"predecessor-version":[{"id":85735,"href":"https:\/\/quehacerpolitico.mx\/index.php?rest_route=\/wp\/v2\/posts\/85733\/revisions\/85735"}],"wp:featuredmedia":[{"embeddable":true,"href":"https:\/\/quehacerpolitico.mx\/index.php?rest_route=\/wp\/v2\/media\/85734"}],"wp:attachment":[{"href":"https:\/\/quehacerpolitico.mx\/index.php?rest_route=%2Fwp%2Fv2%2Fmedia&parent=85733"}],"wp:term":[{"taxonomy":"category","embeddable":true,"href":"https:\/\/quehacerpolitico.mx\/index.php?rest_route=%2Fwp%2Fv2%2Fcategories&post=85733"},{"taxonomy":"post_tag","embeddable":true,"href":"https:\/\/quehacerpolitico.mx\/index.php?rest_route=%2Fwp%2Fv2%2Ftags&post=85733"}],"curies":[{"name":"wp","href":"https:\/\/api.w.org\/{rel}","templated":true}]}}