{"id":85724,"date":"2021-10-14T17:51:30","date_gmt":"2021-10-14T17:51:30","guid":{"rendered":"https:\/\/quehacerpolitico.mx\/?p=85724"},"modified":"2021-10-14T17:51:32","modified_gmt":"2021-10-14T17:51:32","slug":"amlo-revela-acuerdo-con-cuba-para-adquirir-su-vacuna-anticovid-abdala","status":"publish","type":"post","link":"https:\/\/quehacerpolitico.mx\/?p=85724","title":{"rendered":"AMLO revela acuerdo con Cuba para adquirir su vacuna anticovid Abdala"},"content":{"rendered":"\n<p>Por Redacci\u00f3n QP<\/p>\n\n\n\n<p>AMLO revela que existe un acuerdo con el Gobierno de Cuba para adquirir su vacuna Abdala contra el\u00a0COVID-19 y\u00a0asegura que seguir\u00e1n trabajando juntos<\/p>\n\n\n\n<p>El Presidente<strong>\u00a0Andr\u00e9s Manuel L\u00f3pez Obrador\u00a0<\/strong>(AMLO) revel\u00f3 este jueves que existe un acuerdo con el Gobierno de Cuba para adquirir su vacuna Abdala contra el\u00a0COVID-19<\/p>\n\n\n\n<p><strong>&#8220;Hay un acuerdo con el Gobierno de Cuba para adquirir vacunas, nada m\u00e1s que todav\u00eda no se ha podido concretar&#8221;<\/strong>, afirm\u00f3 L\u00f3pez Obrador durante su conferencia de prensa matutina desde el Palacio Nacional.<\/p>\n\n\n\n<figure class=\"wp-block-embed is-type-video is-provider-youtube wp-block-embed-youtube wp-embed-aspect-16-9 wp-has-aspect-ratio\"><div class=\"wp-block-embed__wrapper\">\n<iframe loading=\"lazy\" title=\"Hay acuerdo con Cuba para adquirir vacunas anticovid, pero no se ha concretado: AMLO\" width=\"640\" height=\"360\" src=\"https:\/\/www.youtube.com\/embed\/d81J95a0px0?feature=oembed\" frameborder=\"0\" allow=\"accelerometer; autoplay; clipboard-write; encrypted-media; gyroscope; picture-in-picture; web-share\" referrerpolicy=\"strict-origin-when-cross-origin\" allowfullscreen><\/iframe>\n<\/div><\/figure>\n\n\n\n<p>AMLO expuso que esto es resultado de la relaci\u00f3n de cooperaci\u00f3n &#8220;sobre todo en el campo m\u00e9dico con Cuba&#8221; &#8220;Y vamos a seguir trabajando juntos&#8221;, puntualiz\u00f3.<\/p>\n\n\n\n<p>Recientemente, Cuba vendi\u00f3 cinco millones de dosis de Abdala a Vietnam y envi\u00f3 900 mil unidades a Venezuela.<\/p>\n\n\n\n<p>A\u00f1adi\u00f3 que aunque se puede adquirir la vacuna producida en Cuba, M\u00e9xico traz\u00f3 desde el principio una estrategia integral de vacunaci\u00f3n que por el momento solo contempla a los mayores de 18 a\u00f1os.<\/p>\n\n\n\n<p>En agosto pasado, la Comisi\u00f3n Federal para la Protecci\u00f3n contra Riesgos Sanitarios&nbsp;<strong>(Cofepris)&nbsp;<\/strong>de M\u00e9xico dio una opini\u00f3n t\u00e9cnica favorable sobre la vacuna Abdala, desarrollada por el Centro de Ingenier\u00eda Gen\u00e9tica y Biotecnolog\u00eda de Cuba.<\/p>\n\n\n\n<p>De acuerdo con la Cofepris, el biol\u00f3gico<strong>\u00a0&#8220;es elaborado con la prote\u00edna recombinante del dominio de uni\u00f3n al receptor del virus SARS-CoV-2&#8221;<\/strong>.<\/p>\n\n\n\n<p>Hasta ahora, M\u00e9xico ha aprobado ocho vacunas anticovid para su uso de emergencia: Pfizer, AstraZeneca, Sinovac, CanSino, Sputnik V, Moderna y Janssen, adem\u00e1s de Covaxin, que todav\u00eda no se aplica en el pa\u00eds.<\/p>\n\n\n\n<p>Este jueves, L\u00f3pez Obrador record\u00f3 que la federaci\u00f3n ha destinado m\u00e1s de 40 mil millones de pesos&nbsp;en la adquisici\u00f3n de vacunas para garantizar el abasto.<\/p>\n\n\n\n<h2 class=\"wp-block-heading\">AMLO insistir\u00e1 a la OMS para autorizar vacunas&nbsp;<\/h2>\n\n\n\n<p>El presidente dijo que est\u00e1 esperando las decisiones de la Organizaci\u00f3n Mundial de la Salud&nbsp;<strong>(OMS)<\/strong>&nbsp;para que, si se requiere m\u00e9dicamente, se vacune a todos los menores de 18 a\u00f1os.<\/p>\n\n\n\n<p>Insisti\u00f3 de nuevo a la OMS para que autoricen las vacunas que han demostrado<strong>&nbsp;&#8220;eficacia&#8221; y han &#8220;salvado vidas&#8221; sin causar da\u00f1os.<\/strong><\/p>\n\n\n\n<p>Afirm\u00f3 que mandar\u00e1 una carta al organismo para que &#8220;no tarden y se autoricen&#8221; las vacunas y record\u00f3 que millones de personas, incluso menores de edad, ya se han vacunado y no presentaron casos graves por reacci\u00f3n de la vacuna.<\/p>\n\n\n\n<p>Record\u00f3 que Estados Unidos acept\u00f3 que entren personas inmunizadas con vacunas no elaboradas por ellos y lament\u00f3 que en algunos pa\u00edses no se permita la entrada a personas vacunadas con marcas distintas a las que est\u00e1n aprobadas en sus territorios.<\/p>\n\n\n\n<p><strong>&#8220;No es posible que porque haya una vacuna que se produce en un pa\u00eds con un sistema pol\u00edtico, se le trate de marginar&#8221;<\/strong>, subray\u00f3.<\/p>\n\n\n\n<p>Actualmente, M\u00e9xico suma m\u00e1s de 3.7 millones de contagios y 283 mil 193 defunciones debido al COVID-19.<\/p>\n\n\n\n<p>Con Informaci\u00f3n de EFE<\/p>\n","protected":false},"excerpt":{"rendered":"<p>Por Redacci\u00f3n QP AMLO revela que existe un acuerdo con el Gobierno de Cuba para&#8230;<\/p>\n","protected":false},"author":2,"featured_media":85725,"comment_status":"open","ping_status":"open","sticky":false,"template":"","format":"standard","meta":{"_monsterinsights_skip_tracking":false,"_monsterinsights_sitenote_active":false,"_monsterinsights_sitenote_note":"","_monsterinsights_sitenote_category":0,"footnotes":""},"categories":[2],"tags":[],"class_list":["post-85724","post","type-post","status-publish","format-standard","has-post-thumbnail","hentry","category-noticias"],"yoast_head":"<!-- This site is optimized with the Yoast SEO plugin v27.3 - https:\/\/yoast.com\/product\/yoast-seo-wordpress\/ -->\n<title>AMLO revela acuerdo con Cuba para adquirir su vacuna anticovid Abdala -<\/title>\n<meta name=\"robots\" content=\"index, follow, max-snippet:-1, max-image-preview:large, max-video-preview:-1\" \/>\n<link rel=\"canonical\" href=\"https:\/\/quehacerpolitico.mx\/?p=85724\" \/>\n<meta property=\"og:locale\" content=\"es_MX\" \/>\n<meta property=\"og:type\" content=\"article\" \/>\n<meta property=\"og:title\" content=\"AMLO revela acuerdo con Cuba para adquirir su vacuna anticovid Abdala -\" \/>\n<meta property=\"og:description\" content=\"Por Redacci\u00f3n QP AMLO revela que existe un acuerdo con el Gobierno de Cuba para...\" \/>\n<meta property=\"og:url\" content=\"https:\/\/quehacerpolitico.mx\/?p=85724\" \/>\n<meta property=\"article:published_time\" content=\"2021-10-14T17:51:30+00:00\" \/>\n<meta property=\"article:modified_time\" content=\"2021-10-14T17:51:32+00:00\" \/>\n<meta property=\"og:image\" content=\"https:\/\/quehacerpolitico.mx\/wp-content\/uploads\/2021\/10\/81B85714-DB20-47B8-9148-200EB2B930DF.jpeg\" \/>\n\t<meta property=\"og:image:width\" content=\"1284\" \/>\n\t<meta property=\"og:image:height\" content=\"700\" \/>\n\t<meta property=\"og:image:type\" content=\"image\/jpeg\" \/>\n<meta name=\"author\" content=\"Redacci\u00f3n QP\" \/>\n<meta name=\"twitter:card\" content=\"summary_large_image\" \/>\n<meta name=\"twitter:label1\" content=\"Escrito por\" \/>\n\t<meta name=\"twitter:data1\" content=\"Redacci\u00f3n QP\" \/>\n\t<meta name=\"twitter:label2\" content=\"Tiempo de lectura\" \/>\n\t<meta name=\"twitter:data2\" content=\"3 minutos\" \/>\n<script type=\"application\/ld+json\" class=\"yoast-schema-graph\">{\"@context\":\"https:\\\/\\\/schema.org\",\"@graph\":[{\"@type\":\"Article\",\"@id\":\"https:\\\/\\\/quehacerpolitico.mx\\\/?p=85724#article\",\"isPartOf\":{\"@id\":\"https:\\\/\\\/quehacerpolitico.mx\\\/?p=85724\"},\"author\":{\"name\":\"Redacci\u00f3n QP\",\"@id\":\"https:\\\/\\\/quehacerpolitico.mx\\\/#\\\/schema\\\/person\\\/496d8ad2d1d3f8036101dca7ee39e585\"},\"headline\":\"AMLO revela acuerdo con Cuba para adquirir su vacuna anticovid Abdala\",\"datePublished\":\"2021-10-14T17:51:30+00:00\",\"dateModified\":\"2021-10-14T17:51:32+00:00\",\"mainEntityOfPage\":{\"@id\":\"https:\\\/\\\/quehacerpolitico.mx\\\/?p=85724\"},\"wordCount\":530,\"commentCount\":0,\"image\":{\"@id\":\"https:\\\/\\\/quehacerpolitico.mx\\\/?p=85724#primaryimage\"},\"thumbnailUrl\":\"https:\\\/\\\/quehacerpolitico.mx\\\/wp-content\\\/uploads\\\/2021\\\/10\\\/81B85714-DB20-47B8-9148-200EB2B930DF.jpeg\",\"articleSection\":[\"Noticias\"],\"inLanguage\":\"es\",\"potentialAction\":[{\"@type\":\"CommentAction\",\"name\":\"Comment\",\"target\":[\"https:\\\/\\\/quehacerpolitico.mx\\\/?p=85724#respond\"]}]},{\"@type\":\"WebPage\",\"@id\":\"https:\\\/\\\/quehacerpolitico.mx\\\/?p=85724\",\"url\":\"https:\\\/\\\/quehacerpolitico.mx\\\/?p=85724\",\"name\":\"AMLO revela acuerdo con Cuba para adquirir su vacuna anticovid Abdala -\",\"isPartOf\":{\"@id\":\"https:\\\/\\\/quehacerpolitico.mx\\\/#website\"},\"primaryImageOfPage\":{\"@id\":\"https:\\\/\\\/quehacerpolitico.mx\\\/?p=85724#primaryimage\"},\"image\":{\"@id\":\"https:\\\/\\\/quehacerpolitico.mx\\\/?p=85724#primaryimage\"},\"thumbnailUrl\":\"https:\\\/\\\/quehacerpolitico.mx\\\/wp-content\\\/uploads\\\/2021\\\/10\\\/81B85714-DB20-47B8-9148-200EB2B930DF.jpeg\",\"datePublished\":\"2021-10-14T17:51:30+00:00\",\"dateModified\":\"2021-10-14T17:51:32+00:00\",\"author\":{\"@id\":\"https:\\\/\\\/quehacerpolitico.mx\\\/#\\\/schema\\\/person\\\/496d8ad2d1d3f8036101dca7ee39e585\"},\"breadcrumb\":{\"@id\":\"https:\\\/\\\/quehacerpolitico.mx\\\/?p=85724#breadcrumb\"},\"inLanguage\":\"es\",\"potentialAction\":[{\"@type\":\"ReadAction\",\"target\":[\"https:\\\/\\\/quehacerpolitico.mx\\\/?p=85724\"]}]},{\"@type\":\"ImageObject\",\"inLanguage\":\"es\",\"@id\":\"https:\\\/\\\/quehacerpolitico.mx\\\/?p=85724#primaryimage\",\"url\":\"https:\\\/\\\/quehacerpolitico.mx\\\/wp-content\\\/uploads\\\/2021\\\/10\\\/81B85714-DB20-47B8-9148-200EB2B930DF.jpeg\",\"contentUrl\":\"https:\\\/\\\/quehacerpolitico.mx\\\/wp-content\\\/uploads\\\/2021\\\/10\\\/81B85714-DB20-47B8-9148-200EB2B930DF.jpeg\",\"width\":1284,\"height\":700},{\"@type\":\"BreadcrumbList\",\"@id\":\"https:\\\/\\\/quehacerpolitico.mx\\\/?p=85724#breadcrumb\",\"itemListElement\":[{\"@type\":\"ListItem\",\"position\":1,\"name\":\"Inicio\",\"item\":\"https:\\\/\\\/quehacerpolitico.mx\\\/\"},{\"@type\":\"ListItem\",\"position\":2,\"name\":\"AMLO revela acuerdo con Cuba para adquirir su vacuna anticovid Abdala\"}]},{\"@type\":\"WebSite\",\"@id\":\"https:\\\/\\\/quehacerpolitico.mx\\\/#website\",\"url\":\"https:\\\/\\\/quehacerpolitico.mx\\\/\",\"name\":\"\",\"description\":\"\",\"potentialAction\":[{\"@type\":\"SearchAction\",\"target\":{\"@type\":\"EntryPoint\",\"urlTemplate\":\"https:\\\/\\\/quehacerpolitico.mx\\\/?s={search_term_string}\"},\"query-input\":{\"@type\":\"PropertyValueSpecification\",\"valueRequired\":true,\"valueName\":\"search_term_string\"}}],\"inLanguage\":\"es\"},{\"@type\":\"Person\",\"@id\":\"https:\\\/\\\/quehacerpolitico.mx\\\/#\\\/schema\\\/person\\\/496d8ad2d1d3f8036101dca7ee39e585\",\"name\":\"Redacci\u00f3n QP\",\"image\":{\"@type\":\"ImageObject\",\"inLanguage\":\"es\",\"@id\":\"https:\\\/\\\/secure.gravatar.com\\\/avatar\\\/c7164ed6fdec453195284ad24a5ae5b6e1eed2b848477fa2a4787ba9adf39a41?s=96&d=mm&r=g\",\"url\":\"https:\\\/\\\/secure.gravatar.com\\\/avatar\\\/c7164ed6fdec453195284ad24a5ae5b6e1eed2b848477fa2a4787ba9adf39a41?s=96&d=mm&r=g\",\"contentUrl\":\"https:\\\/\\\/secure.gravatar.com\\\/avatar\\\/c7164ed6fdec453195284ad24a5ae5b6e1eed2b848477fa2a4787ba9adf39a41?s=96&d=mm&r=g\",\"caption\":\"Redacci\u00f3n QP\"},\"url\":\"https:\\\/\\\/quehacerpolitico.mx\\\/?author=2\"}]}<\/script>\n<!-- \/ Yoast SEO plugin. -->","yoast_head_json":{"title":"AMLO revela acuerdo con Cuba para adquirir su vacuna anticovid Abdala -","robots":{"index":"index","follow":"follow","max-snippet":"max-snippet:-1","max-image-preview":"max-image-preview:large","max-video-preview":"max-video-preview:-1"},"canonical":"https:\/\/quehacerpolitico.mx\/?p=85724","og_locale":"es_MX","og_type":"article","og_title":"AMLO revela acuerdo con Cuba para adquirir su vacuna anticovid Abdala -","og_description":"Por Redacci\u00f3n QP AMLO revela que existe un acuerdo con el Gobierno de Cuba para...","og_url":"https:\/\/quehacerpolitico.mx\/?p=85724","article_published_time":"2021-10-14T17:51:30+00:00","article_modified_time":"2021-10-14T17:51:32+00:00","og_image":[{"width":1284,"height":700,"url":"https:\/\/quehacerpolitico.mx\/wp-content\/uploads\/2021\/10\/81B85714-DB20-47B8-9148-200EB2B930DF.jpeg","type":"image\/jpeg"}],"author":"Redacci\u00f3n QP","twitter_card":"summary_large_image","twitter_misc":{"Escrito por":"Redacci\u00f3n QP","Tiempo de lectura":"3 minutos"},"schema":{"@context":"https:\/\/schema.org","@graph":[{"@type":"Article","@id":"https:\/\/quehacerpolitico.mx\/?p=85724#article","isPartOf":{"@id":"https:\/\/quehacerpolitico.mx\/?p=85724"},"author":{"name":"Redacci\u00f3n QP","@id":"https:\/\/quehacerpolitico.mx\/#\/schema\/person\/496d8ad2d1d3f8036101dca7ee39e585"},"headline":"AMLO revela acuerdo con Cuba para adquirir su vacuna anticovid Abdala","datePublished":"2021-10-14T17:51:30+00:00","dateModified":"2021-10-14T17:51:32+00:00","mainEntityOfPage":{"@id":"https:\/\/quehacerpolitico.mx\/?p=85724"},"wordCount":530,"commentCount":0,"image":{"@id":"https:\/\/quehacerpolitico.mx\/?p=85724#primaryimage"},"thumbnailUrl":"https:\/\/quehacerpolitico.mx\/wp-content\/uploads\/2021\/10\/81B85714-DB20-47B8-9148-200EB2B930DF.jpeg","articleSection":["Noticias"],"inLanguage":"es","potentialAction":[{"@type":"CommentAction","name":"Comment","target":["https:\/\/quehacerpolitico.mx\/?p=85724#respond"]}]},{"@type":"WebPage","@id":"https:\/\/quehacerpolitico.mx\/?p=85724","url":"https:\/\/quehacerpolitico.mx\/?p=85724","name":"AMLO revela acuerdo con Cuba para adquirir su vacuna anticovid Abdala -","isPartOf":{"@id":"https:\/\/quehacerpolitico.mx\/#website"},"primaryImageOfPage":{"@id":"https:\/\/quehacerpolitico.mx\/?p=85724#primaryimage"},"image":{"@id":"https:\/\/quehacerpolitico.mx\/?p=85724#primaryimage"},"thumbnailUrl":"https:\/\/quehacerpolitico.mx\/wp-content\/uploads\/2021\/10\/81B85714-DB20-47B8-9148-200EB2B930DF.jpeg","datePublished":"2021-10-14T17:51:30+00:00","dateModified":"2021-10-14T17:51:32+00:00","author":{"@id":"https:\/\/quehacerpolitico.mx\/#\/schema\/person\/496d8ad2d1d3f8036101dca7ee39e585"},"breadcrumb":{"@id":"https:\/\/quehacerpolitico.mx\/?p=85724#breadcrumb"},"inLanguage":"es","potentialAction":[{"@type":"ReadAction","target":["https:\/\/quehacerpolitico.mx\/?p=85724"]}]},{"@type":"ImageObject","inLanguage":"es","@id":"https:\/\/quehacerpolitico.mx\/?p=85724#primaryimage","url":"https:\/\/quehacerpolitico.mx\/wp-content\/uploads\/2021\/10\/81B85714-DB20-47B8-9148-200EB2B930DF.jpeg","contentUrl":"https:\/\/quehacerpolitico.mx\/wp-content\/uploads\/2021\/10\/81B85714-DB20-47B8-9148-200EB2B930DF.jpeg","width":1284,"height":700},{"@type":"BreadcrumbList","@id":"https:\/\/quehacerpolitico.mx\/?p=85724#breadcrumb","itemListElement":[{"@type":"ListItem","position":1,"name":"Inicio","item":"https:\/\/quehacerpolitico.mx\/"},{"@type":"ListItem","position":2,"name":"AMLO revela acuerdo con Cuba para adquirir su vacuna anticovid Abdala"}]},{"@type":"WebSite","@id":"https:\/\/quehacerpolitico.mx\/#website","url":"https:\/\/quehacerpolitico.mx\/","name":"","description":"","potentialAction":[{"@type":"SearchAction","target":{"@type":"EntryPoint","urlTemplate":"https:\/\/quehacerpolitico.mx\/?s={search_term_string}"},"query-input":{"@type":"PropertyValueSpecification","valueRequired":true,"valueName":"search_term_string"}}],"inLanguage":"es"},{"@type":"Person","@id":"https:\/\/quehacerpolitico.mx\/#\/schema\/person\/496d8ad2d1d3f8036101dca7ee39e585","name":"Redacci\u00f3n QP","image":{"@type":"ImageObject","inLanguage":"es","@id":"https:\/\/secure.gravatar.com\/avatar\/c7164ed6fdec453195284ad24a5ae5b6e1eed2b848477fa2a4787ba9adf39a41?s=96&d=mm&r=g","url":"https:\/\/secure.gravatar.com\/avatar\/c7164ed6fdec453195284ad24a5ae5b6e1eed2b848477fa2a4787ba9adf39a41?s=96&d=mm&r=g","contentUrl":"https:\/\/secure.gravatar.com\/avatar\/c7164ed6fdec453195284ad24a5ae5b6e1eed2b848477fa2a4787ba9adf39a41?s=96&d=mm&r=g","caption":"Redacci\u00f3n QP"},"url":"https:\/\/quehacerpolitico.mx\/?author=2"}]}},"featured_image_urls":{"full":["https:\/\/quehacerpolitico.mx\/wp-content\/uploads\/2021\/10\/81B85714-DB20-47B8-9148-200EB2B930DF.jpeg",1284,700,false],"thumbnail":["https:\/\/quehacerpolitico.mx\/wp-content\/uploads\/2021\/10\/81B85714-DB20-47B8-9148-200EB2B930DF-150x150.jpeg",150,150,true],"medium":["https:\/\/quehacerpolitico.mx\/wp-content\/uploads\/2021\/10\/81B85714-DB20-47B8-9148-200EB2B930DF-300x164.jpeg",300,164,true],"medium_large":["https:\/\/quehacerpolitico.mx\/wp-content\/uploads\/2021\/10\/81B85714-DB20-47B8-9148-200EB2B930DF-768x419.jpeg",640,349,true],"large":["https:\/\/quehacerpolitico.mx\/wp-content\/uploads\/2021\/10\/81B85714-DB20-47B8-9148-200EB2B930DF-1024x558.jpeg",640,349,true],"1536x1536":["https:\/\/quehacerpolitico.mx\/wp-content\/uploads\/2021\/10\/81B85714-DB20-47B8-9148-200EB2B930DF.jpeg",1284,700,false],"2048x2048":["https:\/\/quehacerpolitico.mx\/wp-content\/uploads\/2021\/10\/81B85714-DB20-47B8-9148-200EB2B930DF.jpeg",1284,700,false],"covernews-featured":["https:\/\/quehacerpolitico.mx\/wp-content\/uploads\/2021\/10\/81B85714-DB20-47B8-9148-200EB2B930DF.jpeg",1024,558,false],"covernews-medium":["https:\/\/quehacerpolitico.mx\/wp-content\/uploads\/2021\/10\/81B85714-DB20-47B8-9148-200EB2B930DF.jpeg",540,294,false]},"author_info":{"display_name":"Redacci\u00f3n QP","author_link":"https:\/\/quehacerpolitico.mx\/?author=2"},"category_info":"<a href=\"https:\/\/quehacerpolitico.mx\/?cat=2\" rel=\"category\">Noticias<\/a>","tag_info":"Noticias","comment_count":"0","_links":{"self":[{"href":"https:\/\/quehacerpolitico.mx\/index.php?rest_route=\/wp\/v2\/posts\/85724","targetHints":{"allow":["GET"]}}],"collection":[{"href":"https:\/\/quehacerpolitico.mx\/index.php?rest_route=\/wp\/v2\/posts"}],"about":[{"href":"https:\/\/quehacerpolitico.mx\/index.php?rest_route=\/wp\/v2\/types\/post"}],"author":[{"embeddable":true,"href":"https:\/\/quehacerpolitico.mx\/index.php?rest_route=\/wp\/v2\/users\/2"}],"replies":[{"embeddable":true,"href":"https:\/\/quehacerpolitico.mx\/index.php?rest_route=%2Fwp%2Fv2%2Fcomments&post=85724"}],"version-history":[{"count":1,"href":"https:\/\/quehacerpolitico.mx\/index.php?rest_route=\/wp\/v2\/posts\/85724\/revisions"}],"predecessor-version":[{"id":85726,"href":"https:\/\/quehacerpolitico.mx\/index.php?rest_route=\/wp\/v2\/posts\/85724\/revisions\/85726"}],"wp:featuredmedia":[{"embeddable":true,"href":"https:\/\/quehacerpolitico.mx\/index.php?rest_route=\/wp\/v2\/media\/85725"}],"wp:attachment":[{"href":"https:\/\/quehacerpolitico.mx\/index.php?rest_route=%2Fwp%2Fv2%2Fmedia&parent=85724"}],"wp:term":[{"taxonomy":"category","embeddable":true,"href":"https:\/\/quehacerpolitico.mx\/index.php?rest_route=%2Fwp%2Fv2%2Fcategories&post=85724"},{"taxonomy":"post_tag","embeddable":true,"href":"https:\/\/quehacerpolitico.mx\/index.php?rest_route=%2Fwp%2Fv2%2Ftags&post=85724"}],"curies":[{"name":"wp","href":"https:\/\/api.w.org\/{rel}","templated":true}]}}