{"id":85717,"date":"2021-10-14T17:21:12","date_gmt":"2021-10-14T17:21:12","guid":{"rendered":"https:\/\/quehacerpolitico.mx\/?p=85717"},"modified":"2021-10-14T17:45:38","modified_gmt":"2021-10-14T17:45:38","slug":"amlo-descarta-intervencion-extranjera-en-protesta-de-dos-bocas","status":"publish","type":"post","link":"https:\/\/quehacerpolitico.mx\/?p=85717","title":{"rendered":"AMLO descarta intervenci\u00f3n extranjera en protesta de Dos Bocas"},"content":{"rendered":"\n<p>Por Redacci\u00f3n QP<\/p>\n\n\n\n<p>AMLO conf\u00eda en que los conflictos ocurridos el mi\u00e9rcoles en la nueva refiner\u00eda&nbsp;Dos Bocas sea un&nbsp;&#8220;caso aislado&#8221;<\/p>\n\n\n\n<p>El Presidente de M\u00e9xico, Andr\u00e9s Manuel L\u00f3pez Obrador (AMLO), descart\u00f3 este jueves que en los enfrentamientos ocurridos el mi\u00e9rcoles en la refiner\u00eda de Dos Bocas, en el estado de Tabasco, haya &#8220;mano negra&#8221; desde el extranjero para detener la construcci\u00f3n de la obra, una de las m\u00e1s representativas de su Gobierno.<\/p>\n\n\n\n<p>&#8220;No creo que haya mano negra para parar la refiner\u00eda porque no quieran en el extranjero que se produzcan las gasolinas en M\u00e9xico&#8221;, apunt\u00f3 el AMLO&nbsp;durante su conferencia de prensa matutina, &#8220;La Ma\u00f1anera&#8221;, desde Palacio Nacional.<\/p>\n\n\n\n<h2 class=\"wp-block-heading\"><strong>Refiner\u00eda Dos Bocas: \u00bfCu\u00e1l es el conflicto?<\/strong><\/h2>\n\n\n\n<p>Un choque entre polic\u00edas antimotines y empleados que mantienen una huelga desde el pasado martes en la refiner\u00eda de Dos Bocas exigiendo aumento salarial y otras prestaciones, dej\u00f3 el mi\u00e9rcoles un saldo de&nbsp;<strong>tres heridos<\/strong>, seg\u00fan denunciaron los trabajadores y se divulg\u00f3 en videos transmitidos por redes sociales.<\/p>\n\n\n\n<p>En ese sentido, AMLO asegur\u00f3 que tiene informaci\u00f3n de que&nbsp;<strong>a los trabajadores &#8220;se les est\u00e1 pagando lo justo y tienen otras prestaciones&#8221;<\/strong>.<\/p>\n\n\n\n<figure class=\"wp-block-embed is-type-rich is-provider-twitter wp-block-embed-twitter\"><div class=\"wp-block-embed__wrapper\">\n<blockquote class=\"twitter-tweet\" data-width=\"550\" data-dnt=\"true\"><p lang=\"es\" dir=\"ltr\">El conflicto en Dos Bocas es una lucha entre sindicatos por los contratos, insiste el presidente <a href=\"https:\/\/twitter.com\/lopezobrador_?ref_src=twsrc%5Etfw\">@lopezobrador_<\/a> y plantea a los trabajadores que hagan una cooperativa. <a href=\"https:\/\/t.co\/IrzEx9QXEK\">pic.twitter.com\/IrzEx9QXEK<\/a><\/p>&mdash; Ruido en la Red (@RuidoEnLaRed) <a href=\"https:\/\/twitter.com\/RuidoEnLaRed\/status\/1448643116689461257?ref_src=twsrc%5Etfw\">October 14, 2021<\/a><\/blockquote><script async src=\"https:\/\/platform.twitter.com\/widgets.js\" charset=\"utf-8\"><\/script>\n<\/div><\/figure>\n\n\n\n<p>Asimismo, reiter\u00f3 su postura de que los conflictos fueron derivados por una disputa entre los sindicatos que buscan conseguir la titularidad de los contratos.<\/p>\n\n\n\n<h2 class=\"wp-block-heading\"><strong>AMLO busca autosuficiencia energ\u00e9tica&nbsp;&nbsp;<\/strong><\/h2>\n\n\n\n<p>El Presidente de M\u00e9xico, AMLO, mostr\u00f3&nbsp;su esperanza de que lo ocurrido el mi\u00e9rcoles sea un &#8220;caso aislado&#8221; y por ello pidi\u00f3 a los dirigentes y trabajadores que &#8220;no se dejen manipular&#8221; ni utilizar e incluso puntualiz\u00f3 que si necesitan un dirigente que les ayude \u00e9l mismo est\u00e1 &#8220;a las \u00f3rdenes de ellos&#8221;.<\/p>\n\n\n\n<p>Con un costo de unos ocho mil 900 millones de d\u00f3lares,&nbsp;<strong>la refiner\u00eda de es una de las principales obras del Gobierno de&nbsp;AMLO<\/strong>, adem\u00e1s de la rehabilitaci\u00f3n de las seis ya existentes.<\/p>\n\n\n\n<p>El presidente busca fortalecer la petrolera estatal Pemex e impulsar proyectos como el de esta refiner\u00eda en Tabasco con el fin de lograr autosuficiencia energ\u00e9tica.<\/p>\n\n\n\n<p>Pero esta refiner\u00eda, as\u00ed como el nuevo aeropuerto capitalino o el Tren Maya, han despertado cr\u00edticas de pol\u00edticos opositores y activistas por su&nbsp;<strong>impacto ambiental<\/strong>&nbsp;y concentraci\u00f3n desproporcionada del&nbsp;<strong>presupuesto p\u00fablico<\/strong>.<\/p>\n\n\n\n<p>Con Informaci\u00f3n de EFE<\/p>\n","protected":false},"excerpt":{"rendered":"<p>Por Redacci\u00f3n QP AMLO conf\u00eda en que los conflictos ocurridos el mi\u00e9rcoles en la nueva&#8230;<\/p>\n","protected":false},"author":2,"featured_media":85718,"comment_status":"open","ping_status":"open","sticky":false,"template":"","format":"standard","meta":{"_monsterinsights_skip_tracking":false,"_monsterinsights_sitenote_active":false,"_monsterinsights_sitenote_note":"","_monsterinsights_sitenote_category":0,"footnotes":""},"categories":[2],"tags":[],"class_list":["post-85717","post","type-post","status-publish","format-standard","has-post-thumbnail","hentry","category-noticias"],"yoast_head":"<!-- This site is optimized with the Yoast SEO plugin v27.3 - https:\/\/yoast.com\/product\/yoast-seo-wordpress\/ -->\n<title>AMLO descarta intervenci\u00f3n extranjera en protesta de Dos Bocas -<\/title>\n<meta name=\"robots\" content=\"index, follow, max-snippet:-1, max-image-preview:large, max-video-preview:-1\" \/>\n<link rel=\"canonical\" href=\"https:\/\/quehacerpolitico.mx\/?p=85717\" \/>\n<meta property=\"og:locale\" content=\"es_MX\" \/>\n<meta property=\"og:type\" content=\"article\" \/>\n<meta property=\"og:title\" content=\"AMLO descarta intervenci\u00f3n extranjera en protesta de Dos Bocas -\" \/>\n<meta property=\"og:description\" content=\"Por Redacci\u00f3n QP AMLO conf\u00eda en que los conflictos ocurridos el mi\u00e9rcoles en la nueva...\" \/>\n<meta property=\"og:url\" content=\"https:\/\/quehacerpolitico.mx\/?p=85717\" \/>\n<meta property=\"article:published_time\" content=\"2021-10-14T17:21:12+00:00\" \/>\n<meta property=\"article:modified_time\" content=\"2021-10-14T17:45:38+00:00\" \/>\n<meta property=\"og:image\" content=\"https:\/\/quehacerpolitico.mx\/wp-content\/uploads\/2021\/10\/3D97F365-AD9C-42F6-91F4-31C6CF860E0B.jpeg\" \/>\n\t<meta property=\"og:image:width\" content=\"1284\" \/>\n\t<meta property=\"og:image:height\" content=\"687\" \/>\n\t<meta property=\"og:image:type\" content=\"image\/jpeg\" \/>\n<meta name=\"author\" content=\"Redacci\u00f3n QP\" \/>\n<meta name=\"twitter:card\" content=\"summary_large_image\" \/>\n<meta name=\"twitter:label1\" content=\"Escrito por\" \/>\n\t<meta name=\"twitter:data1\" content=\"Redacci\u00f3n QP\" \/>\n\t<meta name=\"twitter:label2\" content=\"Tiempo de lectura\" \/>\n\t<meta name=\"twitter:data2\" content=\"2 minutos\" \/>\n<script type=\"application\/ld+json\" class=\"yoast-schema-graph\">{\"@context\":\"https:\\\/\\\/schema.org\",\"@graph\":[{\"@type\":\"Article\",\"@id\":\"https:\\\/\\\/quehacerpolitico.mx\\\/?p=85717#article\",\"isPartOf\":{\"@id\":\"https:\\\/\\\/quehacerpolitico.mx\\\/?p=85717\"},\"author\":{\"name\":\"Redacci\u00f3n QP\",\"@id\":\"https:\\\/\\\/quehacerpolitico.mx\\\/#\\\/schema\\\/person\\\/496d8ad2d1d3f8036101dca7ee39e585\"},\"headline\":\"AMLO descarta intervenci\u00f3n extranjera en protesta de Dos Bocas\",\"datePublished\":\"2021-10-14T17:21:12+00:00\",\"dateModified\":\"2021-10-14T17:45:38+00:00\",\"mainEntityOfPage\":{\"@id\":\"https:\\\/\\\/quehacerpolitico.mx\\\/?p=85717\"},\"wordCount\":426,\"commentCount\":0,\"image\":{\"@id\":\"https:\\\/\\\/quehacerpolitico.mx\\\/?p=85717#primaryimage\"},\"thumbnailUrl\":\"https:\\\/\\\/quehacerpolitico.mx\\\/wp-content\\\/uploads\\\/2021\\\/10\\\/3D97F365-AD9C-42F6-91F4-31C6CF860E0B.jpeg\",\"articleSection\":[\"Noticias\"],\"inLanguage\":\"es\",\"potentialAction\":[{\"@type\":\"CommentAction\",\"name\":\"Comment\",\"target\":[\"https:\\\/\\\/quehacerpolitico.mx\\\/?p=85717#respond\"]}]},{\"@type\":\"WebPage\",\"@id\":\"https:\\\/\\\/quehacerpolitico.mx\\\/?p=85717\",\"url\":\"https:\\\/\\\/quehacerpolitico.mx\\\/?p=85717\",\"name\":\"AMLO descarta intervenci\u00f3n extranjera en protesta de Dos Bocas -\",\"isPartOf\":{\"@id\":\"https:\\\/\\\/quehacerpolitico.mx\\\/#website\"},\"primaryImageOfPage\":{\"@id\":\"https:\\\/\\\/quehacerpolitico.mx\\\/?p=85717#primaryimage\"},\"image\":{\"@id\":\"https:\\\/\\\/quehacerpolitico.mx\\\/?p=85717#primaryimage\"},\"thumbnailUrl\":\"https:\\\/\\\/quehacerpolitico.mx\\\/wp-content\\\/uploads\\\/2021\\\/10\\\/3D97F365-AD9C-42F6-91F4-31C6CF860E0B.jpeg\",\"datePublished\":\"2021-10-14T17:21:12+00:00\",\"dateModified\":\"2021-10-14T17:45:38+00:00\",\"author\":{\"@id\":\"https:\\\/\\\/quehacerpolitico.mx\\\/#\\\/schema\\\/person\\\/496d8ad2d1d3f8036101dca7ee39e585\"},\"breadcrumb\":{\"@id\":\"https:\\\/\\\/quehacerpolitico.mx\\\/?p=85717#breadcrumb\"},\"inLanguage\":\"es\",\"potentialAction\":[{\"@type\":\"ReadAction\",\"target\":[\"https:\\\/\\\/quehacerpolitico.mx\\\/?p=85717\"]}]},{\"@type\":\"ImageObject\",\"inLanguage\":\"es\",\"@id\":\"https:\\\/\\\/quehacerpolitico.mx\\\/?p=85717#primaryimage\",\"url\":\"https:\\\/\\\/quehacerpolitico.mx\\\/wp-content\\\/uploads\\\/2021\\\/10\\\/3D97F365-AD9C-42F6-91F4-31C6CF860E0B.jpeg\",\"contentUrl\":\"https:\\\/\\\/quehacerpolitico.mx\\\/wp-content\\\/uploads\\\/2021\\\/10\\\/3D97F365-AD9C-42F6-91F4-31C6CF860E0B.jpeg\",\"width\":1284,\"height\":687},{\"@type\":\"BreadcrumbList\",\"@id\":\"https:\\\/\\\/quehacerpolitico.mx\\\/?p=85717#breadcrumb\",\"itemListElement\":[{\"@type\":\"ListItem\",\"position\":1,\"name\":\"Inicio\",\"item\":\"https:\\\/\\\/quehacerpolitico.mx\\\/\"},{\"@type\":\"ListItem\",\"position\":2,\"name\":\"AMLO descarta intervenci\u00f3n extranjera en protesta de Dos Bocas\"}]},{\"@type\":\"WebSite\",\"@id\":\"https:\\\/\\\/quehacerpolitico.mx\\\/#website\",\"url\":\"https:\\\/\\\/quehacerpolitico.mx\\\/\",\"name\":\"\",\"description\":\"\",\"potentialAction\":[{\"@type\":\"SearchAction\",\"target\":{\"@type\":\"EntryPoint\",\"urlTemplate\":\"https:\\\/\\\/quehacerpolitico.mx\\\/?s={search_term_string}\"},\"query-input\":{\"@type\":\"PropertyValueSpecification\",\"valueRequired\":true,\"valueName\":\"search_term_string\"}}],\"inLanguage\":\"es\"},{\"@type\":\"Person\",\"@id\":\"https:\\\/\\\/quehacerpolitico.mx\\\/#\\\/schema\\\/person\\\/496d8ad2d1d3f8036101dca7ee39e585\",\"name\":\"Redacci\u00f3n QP\",\"image\":{\"@type\":\"ImageObject\",\"inLanguage\":\"es\",\"@id\":\"https:\\\/\\\/secure.gravatar.com\\\/avatar\\\/c7164ed6fdec453195284ad24a5ae5b6e1eed2b848477fa2a4787ba9adf39a41?s=96&d=mm&r=g\",\"url\":\"https:\\\/\\\/secure.gravatar.com\\\/avatar\\\/c7164ed6fdec453195284ad24a5ae5b6e1eed2b848477fa2a4787ba9adf39a41?s=96&d=mm&r=g\",\"contentUrl\":\"https:\\\/\\\/secure.gravatar.com\\\/avatar\\\/c7164ed6fdec453195284ad24a5ae5b6e1eed2b848477fa2a4787ba9adf39a41?s=96&d=mm&r=g\",\"caption\":\"Redacci\u00f3n QP\"},\"url\":\"https:\\\/\\\/quehacerpolitico.mx\\\/?author=2\"}]}<\/script>\n<!-- \/ Yoast SEO plugin. -->","yoast_head_json":{"title":"AMLO descarta intervenci\u00f3n extranjera en protesta de Dos Bocas -","robots":{"index":"index","follow":"follow","max-snippet":"max-snippet:-1","max-image-preview":"max-image-preview:large","max-video-preview":"max-video-preview:-1"},"canonical":"https:\/\/quehacerpolitico.mx\/?p=85717","og_locale":"es_MX","og_type":"article","og_title":"AMLO descarta intervenci\u00f3n extranjera en protesta de Dos Bocas -","og_description":"Por Redacci\u00f3n QP AMLO conf\u00eda en que los conflictos ocurridos el mi\u00e9rcoles en la nueva...","og_url":"https:\/\/quehacerpolitico.mx\/?p=85717","article_published_time":"2021-10-14T17:21:12+00:00","article_modified_time":"2021-10-14T17:45:38+00:00","og_image":[{"width":1284,"height":687,"url":"https:\/\/quehacerpolitico.mx\/wp-content\/uploads\/2021\/10\/3D97F365-AD9C-42F6-91F4-31C6CF860E0B.jpeg","type":"image\/jpeg"}],"author":"Redacci\u00f3n QP","twitter_card":"summary_large_image","twitter_misc":{"Escrito por":"Redacci\u00f3n QP","Tiempo de lectura":"2 minutos"},"schema":{"@context":"https:\/\/schema.org","@graph":[{"@type":"Article","@id":"https:\/\/quehacerpolitico.mx\/?p=85717#article","isPartOf":{"@id":"https:\/\/quehacerpolitico.mx\/?p=85717"},"author":{"name":"Redacci\u00f3n QP","@id":"https:\/\/quehacerpolitico.mx\/#\/schema\/person\/496d8ad2d1d3f8036101dca7ee39e585"},"headline":"AMLO descarta intervenci\u00f3n extranjera en protesta de Dos Bocas","datePublished":"2021-10-14T17:21:12+00:00","dateModified":"2021-10-14T17:45:38+00:00","mainEntityOfPage":{"@id":"https:\/\/quehacerpolitico.mx\/?p=85717"},"wordCount":426,"commentCount":0,"image":{"@id":"https:\/\/quehacerpolitico.mx\/?p=85717#primaryimage"},"thumbnailUrl":"https:\/\/quehacerpolitico.mx\/wp-content\/uploads\/2021\/10\/3D97F365-AD9C-42F6-91F4-31C6CF860E0B.jpeg","articleSection":["Noticias"],"inLanguage":"es","potentialAction":[{"@type":"CommentAction","name":"Comment","target":["https:\/\/quehacerpolitico.mx\/?p=85717#respond"]}]},{"@type":"WebPage","@id":"https:\/\/quehacerpolitico.mx\/?p=85717","url":"https:\/\/quehacerpolitico.mx\/?p=85717","name":"AMLO descarta intervenci\u00f3n extranjera en protesta de Dos Bocas -","isPartOf":{"@id":"https:\/\/quehacerpolitico.mx\/#website"},"primaryImageOfPage":{"@id":"https:\/\/quehacerpolitico.mx\/?p=85717#primaryimage"},"image":{"@id":"https:\/\/quehacerpolitico.mx\/?p=85717#primaryimage"},"thumbnailUrl":"https:\/\/quehacerpolitico.mx\/wp-content\/uploads\/2021\/10\/3D97F365-AD9C-42F6-91F4-31C6CF860E0B.jpeg","datePublished":"2021-10-14T17:21:12+00:00","dateModified":"2021-10-14T17:45:38+00:00","author":{"@id":"https:\/\/quehacerpolitico.mx\/#\/schema\/person\/496d8ad2d1d3f8036101dca7ee39e585"},"breadcrumb":{"@id":"https:\/\/quehacerpolitico.mx\/?p=85717#breadcrumb"},"inLanguage":"es","potentialAction":[{"@type":"ReadAction","target":["https:\/\/quehacerpolitico.mx\/?p=85717"]}]},{"@type":"ImageObject","inLanguage":"es","@id":"https:\/\/quehacerpolitico.mx\/?p=85717#primaryimage","url":"https:\/\/quehacerpolitico.mx\/wp-content\/uploads\/2021\/10\/3D97F365-AD9C-42F6-91F4-31C6CF860E0B.jpeg","contentUrl":"https:\/\/quehacerpolitico.mx\/wp-content\/uploads\/2021\/10\/3D97F365-AD9C-42F6-91F4-31C6CF860E0B.jpeg","width":1284,"height":687},{"@type":"BreadcrumbList","@id":"https:\/\/quehacerpolitico.mx\/?p=85717#breadcrumb","itemListElement":[{"@type":"ListItem","position":1,"name":"Inicio","item":"https:\/\/quehacerpolitico.mx\/"},{"@type":"ListItem","position":2,"name":"AMLO descarta intervenci\u00f3n extranjera en protesta de Dos Bocas"}]},{"@type":"WebSite","@id":"https:\/\/quehacerpolitico.mx\/#website","url":"https:\/\/quehacerpolitico.mx\/","name":"","description":"","potentialAction":[{"@type":"SearchAction","target":{"@type":"EntryPoint","urlTemplate":"https:\/\/quehacerpolitico.mx\/?s={search_term_string}"},"query-input":{"@type":"PropertyValueSpecification","valueRequired":true,"valueName":"search_term_string"}}],"inLanguage":"es"},{"@type":"Person","@id":"https:\/\/quehacerpolitico.mx\/#\/schema\/person\/496d8ad2d1d3f8036101dca7ee39e585","name":"Redacci\u00f3n QP","image":{"@type":"ImageObject","inLanguage":"es","@id":"https:\/\/secure.gravatar.com\/avatar\/c7164ed6fdec453195284ad24a5ae5b6e1eed2b848477fa2a4787ba9adf39a41?s=96&d=mm&r=g","url":"https:\/\/secure.gravatar.com\/avatar\/c7164ed6fdec453195284ad24a5ae5b6e1eed2b848477fa2a4787ba9adf39a41?s=96&d=mm&r=g","contentUrl":"https:\/\/secure.gravatar.com\/avatar\/c7164ed6fdec453195284ad24a5ae5b6e1eed2b848477fa2a4787ba9adf39a41?s=96&d=mm&r=g","caption":"Redacci\u00f3n QP"},"url":"https:\/\/quehacerpolitico.mx\/?author=2"}]}},"featured_image_urls":{"full":["https:\/\/quehacerpolitico.mx\/wp-content\/uploads\/2021\/10\/3D97F365-AD9C-42F6-91F4-31C6CF860E0B.jpeg",1284,687,false],"thumbnail":["https:\/\/quehacerpolitico.mx\/wp-content\/uploads\/2021\/10\/3D97F365-AD9C-42F6-91F4-31C6CF860E0B-150x150.jpeg",150,150,true],"medium":["https:\/\/quehacerpolitico.mx\/wp-content\/uploads\/2021\/10\/3D97F365-AD9C-42F6-91F4-31C6CF860E0B-300x161.jpeg",300,161,true],"medium_large":["https:\/\/quehacerpolitico.mx\/wp-content\/uploads\/2021\/10\/3D97F365-AD9C-42F6-91F4-31C6CF860E0B-768x411.jpeg",640,343,true],"large":["https:\/\/quehacerpolitico.mx\/wp-content\/uploads\/2021\/10\/3D97F365-AD9C-42F6-91F4-31C6CF860E0B-1024x548.jpeg",640,343,true],"1536x1536":["https:\/\/quehacerpolitico.mx\/wp-content\/uploads\/2021\/10\/3D97F365-AD9C-42F6-91F4-31C6CF860E0B.jpeg",1284,687,false],"2048x2048":["https:\/\/quehacerpolitico.mx\/wp-content\/uploads\/2021\/10\/3D97F365-AD9C-42F6-91F4-31C6CF860E0B.jpeg",1284,687,false],"covernews-featured":["https:\/\/quehacerpolitico.mx\/wp-content\/uploads\/2021\/10\/3D97F365-AD9C-42F6-91F4-31C6CF860E0B.jpeg",1024,548,false],"covernews-medium":["https:\/\/quehacerpolitico.mx\/wp-content\/uploads\/2021\/10\/3D97F365-AD9C-42F6-91F4-31C6CF860E0B.jpeg",540,289,false]},"author_info":{"display_name":"Redacci\u00f3n QP","author_link":"https:\/\/quehacerpolitico.mx\/?author=2"},"category_info":"<a href=\"https:\/\/quehacerpolitico.mx\/?cat=2\" rel=\"category\">Noticias<\/a>","tag_info":"Noticias","comment_count":"0","_links":{"self":[{"href":"https:\/\/quehacerpolitico.mx\/index.php?rest_route=\/wp\/v2\/posts\/85717","targetHints":{"allow":["GET"]}}],"collection":[{"href":"https:\/\/quehacerpolitico.mx\/index.php?rest_route=\/wp\/v2\/posts"}],"about":[{"href":"https:\/\/quehacerpolitico.mx\/index.php?rest_route=\/wp\/v2\/types\/post"}],"author":[{"embeddable":true,"href":"https:\/\/quehacerpolitico.mx\/index.php?rest_route=\/wp\/v2\/users\/2"}],"replies":[{"embeddable":true,"href":"https:\/\/quehacerpolitico.mx\/index.php?rest_route=%2Fwp%2Fv2%2Fcomments&post=85717"}],"version-history":[{"count":2,"href":"https:\/\/quehacerpolitico.mx\/index.php?rest_route=\/wp\/v2\/posts\/85717\/revisions"}],"predecessor-version":[{"id":85723,"href":"https:\/\/quehacerpolitico.mx\/index.php?rest_route=\/wp\/v2\/posts\/85717\/revisions\/85723"}],"wp:featuredmedia":[{"embeddable":true,"href":"https:\/\/quehacerpolitico.mx\/index.php?rest_route=\/wp\/v2\/media\/85718"}],"wp:attachment":[{"href":"https:\/\/quehacerpolitico.mx\/index.php?rest_route=%2Fwp%2Fv2%2Fmedia&parent=85717"}],"wp:term":[{"taxonomy":"category","embeddable":true,"href":"https:\/\/quehacerpolitico.mx\/index.php?rest_route=%2Fwp%2Fv2%2Fcategories&post=85717"},{"taxonomy":"post_tag","embeddable":true,"href":"https:\/\/quehacerpolitico.mx\/index.php?rest_route=%2Fwp%2Fv2%2Ftags&post=85717"}],"curies":[{"name":"wp","href":"https:\/\/api.w.org\/{rel}","templated":true}]}}