{"id":85714,"date":"2021-10-14T17:10:50","date_gmt":"2021-10-14T17:10:50","guid":{"rendered":"https:\/\/quehacerpolitico.mx\/?p=85714"},"modified":"2021-10-14T17:10:53","modified_gmt":"2021-10-14T17:10:53","slug":"amlo-nombrara-a-exgobernadores-opositores-para-embajadas-y-consulados-de-mexico","status":"publish","type":"post","link":"https:\/\/quehacerpolitico.mx\/?p=85714","title":{"rendered":"AMLO nombrar\u00e1 a exgobernadores opositores para embajadas y consulados de M\u00e9xico"},"content":{"rendered":"\n<p>Por Redacci\u00f3n QP<\/p>\n\n\n\n<p>AMLO anunciar\u00e1 proximamente a exgobernadores y l\u00edderes pol\u00edticos de diferentes partidos para ocupar cargos en embajadas y consulados<\/p>\n\n\n\n<p>El Presidente\u00a0Andr\u00e9s Manuel L\u00f3pez Obrador\u00a0(AMLO)\u00a0anunci\u00f3 este jueves que pr\u00f3ximamente nombrar\u00e1 a exgobernadores y l\u00edderes pol\u00edticos de diferentes partidos para ocupar cargos en embajadas y consulados, si bien todav\u00eda no detall\u00f3 la lista de nombres y destinos.<\/p>\n\n\n\n<p><strong>&#8220;En unos d\u00edas m\u00e1s voy a dar a conocer que van a representar a M\u00e9xico en embajadas y consulados exgobernadores y dirigentes de distintos partidos y ciudadanos sin partido&#8221;<\/strong>, dijo el Presidente, durante su rueda de prensa matutina en el Palacio Nacional.<\/p>\n\n\n\n<p>AMLO fue preguntado sobre si incorporar\u00e1 a su gabinete a los gobernadores de Yucat\u00e1n, Mauricio Vila, del conservador Partido Acci\u00f3n Nacional\u00a0<strong>(PAN)<\/strong>, y de Quintana Roo, Carlos Joaqu\u00edn Gonz\u00e1lez, del izquierdista Partido de la Revoluci\u00f3n Democr\u00e1tica\u00a0<strong>(PRD)<\/strong>, a lo que respondi\u00f3:\u00a0<strong>&#8220;van a participar exgobernadores en nuestro Gobierno&#8221;<\/strong>.<\/p>\n\n\n\n<figure class=\"wp-block-embed is-type-rich is-provider-twitter wp-block-embed-twitter\"><div class=\"wp-block-embed__wrapper\">\n<blockquote class=\"twitter-tweet\" data-width=\"550\" data-dnt=\"true\"><p lang=\"es\" dir=\"ltr\">\u00d3rale, el presidente no s\u00f3lo le hace ojitos al PRI, tambi\u00e9n varios gobernadores panistas, entre ellos Mauricio Vila y Carlos Joaqu\u00edn, podr\u00edan sumarse a su gobierno.<br><br>\u00bfNo ayer estaba acusando esas combinaciones de promiscuidad pol\u00edtica? <a href=\"https:\/\/t.co\/NIwU7iPyag\">pic.twitter.com\/NIwU7iPyag<\/a><\/p>&mdash; Ruido en la Red (@RuidoEnLaRed) <a href=\"https:\/\/twitter.com\/RuidoEnLaRed\/status\/1448638975170826244?ref_src=twsrc%5Etfw\">October 14, 2021<\/a><\/blockquote><script async src=\"https:\/\/platform.twitter.com\/widgets.js\" charset=\"utf-8\"><\/script>\n<\/div><\/figure>\n\n\n\n<p>L\u00f3pez Obrador ya hab\u00eda anunciado semanas atr\u00e1s que propondr\u00e1 al gobernador saliente de Sinaloa, Quirino Ordaz, del Partido Revolucionario Institucional&nbsp;<strong>(PRI)<\/strong>, como nuevo embajador de M\u00e9xico en Espa\u00f1a.<\/p>\n\n\n\n<p>Y este jueves se\u00f1al\u00f3 al gobernador saliente del sure\u00f1o estado de Guerrero, el tambi\u00e9n priista H\u00e9ctor Astudillo, pero todav\u00eda no inform\u00f3 de cu\u00e1l ser\u00e1 su destino.<\/p>\n\n\n\n<p>Del mandatario guerrerense dijo que no ha hecho un&nbsp;<strong>&#8220;mal trabajo&#8221;<\/strong>&nbsp;ya que gobernar Guerrero, uno de los estados m\u00e1s pobres y violentos del pa\u00eds, &#8220;no es un d\u00eda de campo&#8221;.<\/p>\n\n\n\n<p>&#8220;El que haya terminado su mandato H\u00e9ctor Astudillo habla bien porque es un estado desatendido, marginado, con mucha pobreza, tambi\u00e9n propicio para la confrontaci\u00f3n, la violencia y la inestabilidad pol\u00edtica&#8221;, opin\u00f3.<\/p>\n\n\n\n<p>Aunque L\u00f3pez Obrador suele ser cr\u00edtico con la oposici\u00f3n, ha mantenido una buena relaci\u00f3n con algunos gobernadores, especialmente del PRI, partido con el que aspira a aprobar la reforma constitucional para limitar la iniciativa privada en el sector el\u00e9ctrico.<\/p>\n\n\n\n<p>Adem\u00e1s de Ordaz y Astudillo, la exgobernadora priista de Sonora Claudia Pavlovich tambi\u00e9n suena para una embajada. &#8220;Todos los que quieran contribuir a ayudar a la transformaci\u00f3n del pa\u00eds, tienen las puertas abiertas.<\/p>\n\n\n\n<p><strong>Mujeres y hombres honestos, con deseos de servir&#8221;<\/strong>, resumi\u00f3 L\u00f3pez Obrador.<\/p>\n\n\n\n<p>En las elecciones intermedias del 6 de junio, la coalici\u00f3n oficialista de Morena arrebat\u00f3 a la oposici\u00f3n 11 de los 15 gobernadores estatales que estaban en juego.<\/p>\n\n\n\n<p>Con Informaci\u00f3n de EFE<\/p>\n","protected":false},"excerpt":{"rendered":"<p>Por Redacci\u00f3n QP AMLO anunciar\u00e1 proximamente a exgobernadores y l\u00edderes pol\u00edticos de diferentes partidos para&#8230;<\/p>\n","protected":false},"author":2,"featured_media":85715,"comment_status":"open","ping_status":"open","sticky":false,"template":"","format":"standard","meta":{"_monsterinsights_skip_tracking":false,"_monsterinsights_sitenote_active":false,"_monsterinsights_sitenote_note":"","_monsterinsights_sitenote_category":0,"footnotes":""},"categories":[2],"tags":[],"class_list":["post-85714","post","type-post","status-publish","format-standard","has-post-thumbnail","hentry","category-noticias"],"yoast_head":"<!-- This site is optimized with the Yoast SEO plugin v27.3 - https:\/\/yoast.com\/product\/yoast-seo-wordpress\/ -->\n<title>AMLO nombrar\u00e1 a exgobernadores opositores para embajadas y consulados de M\u00e9xico -<\/title>\n<meta name=\"robots\" content=\"index, follow, max-snippet:-1, max-image-preview:large, max-video-preview:-1\" \/>\n<link rel=\"canonical\" href=\"https:\/\/quehacerpolitico.mx\/?p=85714\" \/>\n<meta property=\"og:locale\" content=\"es_MX\" \/>\n<meta property=\"og:type\" content=\"article\" \/>\n<meta property=\"og:title\" content=\"AMLO nombrar\u00e1 a exgobernadores opositores para embajadas y consulados de M\u00e9xico -\" \/>\n<meta property=\"og:description\" content=\"Por Redacci\u00f3n QP AMLO anunciar\u00e1 proximamente a exgobernadores y l\u00edderes pol\u00edticos de diferentes partidos para...\" \/>\n<meta property=\"og:url\" content=\"https:\/\/quehacerpolitico.mx\/?p=85714\" \/>\n<meta property=\"article:published_time\" content=\"2021-10-14T17:10:50+00:00\" \/>\n<meta property=\"article:modified_time\" content=\"2021-10-14T17:10:53+00:00\" \/>\n<meta property=\"og:image\" content=\"https:\/\/quehacerpolitico.mx\/wp-content\/uploads\/2021\/10\/D53650AB-5978-433A-B214-D557B7CB8387.jpeg\" \/>\n\t<meta property=\"og:image:width\" content=\"1284\" \/>\n\t<meta property=\"og:image:height\" content=\"711\" \/>\n\t<meta property=\"og:image:type\" content=\"image\/jpeg\" \/>\n<meta name=\"author\" content=\"Redacci\u00f3n QP\" \/>\n<meta name=\"twitter:card\" content=\"summary_large_image\" \/>\n<meta name=\"twitter:label1\" content=\"Escrito por\" \/>\n\t<meta name=\"twitter:data1\" content=\"Redacci\u00f3n QP\" \/>\n\t<meta name=\"twitter:label2\" content=\"Tiempo de lectura\" \/>\n\t<meta name=\"twitter:data2\" content=\"2 minutos\" \/>\n<script type=\"application\/ld+json\" class=\"yoast-schema-graph\">{\"@context\":\"https:\\\/\\\/schema.org\",\"@graph\":[{\"@type\":\"Article\",\"@id\":\"https:\\\/\\\/quehacerpolitico.mx\\\/?p=85714#article\",\"isPartOf\":{\"@id\":\"https:\\\/\\\/quehacerpolitico.mx\\\/?p=85714\"},\"author\":{\"name\":\"Redacci\u00f3n QP\",\"@id\":\"https:\\\/\\\/quehacerpolitico.mx\\\/#\\\/schema\\\/person\\\/496d8ad2d1d3f8036101dca7ee39e585\"},\"headline\":\"AMLO nombrar\u00e1 a exgobernadores opositores para embajadas y consulados de M\u00e9xico\",\"datePublished\":\"2021-10-14T17:10:50+00:00\",\"dateModified\":\"2021-10-14T17:10:53+00:00\",\"mainEntityOfPage\":{\"@id\":\"https:\\\/\\\/quehacerpolitico.mx\\\/?p=85714\"},\"wordCount\":447,\"commentCount\":0,\"image\":{\"@id\":\"https:\\\/\\\/quehacerpolitico.mx\\\/?p=85714#primaryimage\"},\"thumbnailUrl\":\"https:\\\/\\\/quehacerpolitico.mx\\\/wp-content\\\/uploads\\\/2021\\\/10\\\/D53650AB-5978-433A-B214-D557B7CB8387.jpeg\",\"articleSection\":[\"Noticias\"],\"inLanguage\":\"es\",\"potentialAction\":[{\"@type\":\"CommentAction\",\"name\":\"Comment\",\"target\":[\"https:\\\/\\\/quehacerpolitico.mx\\\/?p=85714#respond\"]}]},{\"@type\":\"WebPage\",\"@id\":\"https:\\\/\\\/quehacerpolitico.mx\\\/?p=85714\",\"url\":\"https:\\\/\\\/quehacerpolitico.mx\\\/?p=85714\",\"name\":\"AMLO nombrar\u00e1 a exgobernadores opositores para embajadas y consulados de M\u00e9xico -\",\"isPartOf\":{\"@id\":\"https:\\\/\\\/quehacerpolitico.mx\\\/#website\"},\"primaryImageOfPage\":{\"@id\":\"https:\\\/\\\/quehacerpolitico.mx\\\/?p=85714#primaryimage\"},\"image\":{\"@id\":\"https:\\\/\\\/quehacerpolitico.mx\\\/?p=85714#primaryimage\"},\"thumbnailUrl\":\"https:\\\/\\\/quehacerpolitico.mx\\\/wp-content\\\/uploads\\\/2021\\\/10\\\/D53650AB-5978-433A-B214-D557B7CB8387.jpeg\",\"datePublished\":\"2021-10-14T17:10:50+00:00\",\"dateModified\":\"2021-10-14T17:10:53+00:00\",\"author\":{\"@id\":\"https:\\\/\\\/quehacerpolitico.mx\\\/#\\\/schema\\\/person\\\/496d8ad2d1d3f8036101dca7ee39e585\"},\"breadcrumb\":{\"@id\":\"https:\\\/\\\/quehacerpolitico.mx\\\/?p=85714#breadcrumb\"},\"inLanguage\":\"es\",\"potentialAction\":[{\"@type\":\"ReadAction\",\"target\":[\"https:\\\/\\\/quehacerpolitico.mx\\\/?p=85714\"]}]},{\"@type\":\"ImageObject\",\"inLanguage\":\"es\",\"@id\":\"https:\\\/\\\/quehacerpolitico.mx\\\/?p=85714#primaryimage\",\"url\":\"https:\\\/\\\/quehacerpolitico.mx\\\/wp-content\\\/uploads\\\/2021\\\/10\\\/D53650AB-5978-433A-B214-D557B7CB8387.jpeg\",\"contentUrl\":\"https:\\\/\\\/quehacerpolitico.mx\\\/wp-content\\\/uploads\\\/2021\\\/10\\\/D53650AB-5978-433A-B214-D557B7CB8387.jpeg\",\"width\":1284,\"height\":711},{\"@type\":\"BreadcrumbList\",\"@id\":\"https:\\\/\\\/quehacerpolitico.mx\\\/?p=85714#breadcrumb\",\"itemListElement\":[{\"@type\":\"ListItem\",\"position\":1,\"name\":\"Inicio\",\"item\":\"https:\\\/\\\/quehacerpolitico.mx\\\/\"},{\"@type\":\"ListItem\",\"position\":2,\"name\":\"AMLO nombrar\u00e1 a exgobernadores opositores para embajadas y consulados de M\u00e9xico\"}]},{\"@type\":\"WebSite\",\"@id\":\"https:\\\/\\\/quehacerpolitico.mx\\\/#website\",\"url\":\"https:\\\/\\\/quehacerpolitico.mx\\\/\",\"name\":\"\",\"description\":\"\",\"potentialAction\":[{\"@type\":\"SearchAction\",\"target\":{\"@type\":\"EntryPoint\",\"urlTemplate\":\"https:\\\/\\\/quehacerpolitico.mx\\\/?s={search_term_string}\"},\"query-input\":{\"@type\":\"PropertyValueSpecification\",\"valueRequired\":true,\"valueName\":\"search_term_string\"}}],\"inLanguage\":\"es\"},{\"@type\":\"Person\",\"@id\":\"https:\\\/\\\/quehacerpolitico.mx\\\/#\\\/schema\\\/person\\\/496d8ad2d1d3f8036101dca7ee39e585\",\"name\":\"Redacci\u00f3n QP\",\"image\":{\"@type\":\"ImageObject\",\"inLanguage\":\"es\",\"@id\":\"https:\\\/\\\/secure.gravatar.com\\\/avatar\\\/c7164ed6fdec453195284ad24a5ae5b6e1eed2b848477fa2a4787ba9adf39a41?s=96&d=mm&r=g\",\"url\":\"https:\\\/\\\/secure.gravatar.com\\\/avatar\\\/c7164ed6fdec453195284ad24a5ae5b6e1eed2b848477fa2a4787ba9adf39a41?s=96&d=mm&r=g\",\"contentUrl\":\"https:\\\/\\\/secure.gravatar.com\\\/avatar\\\/c7164ed6fdec453195284ad24a5ae5b6e1eed2b848477fa2a4787ba9adf39a41?s=96&d=mm&r=g\",\"caption\":\"Redacci\u00f3n QP\"},\"url\":\"https:\\\/\\\/quehacerpolitico.mx\\\/?author=2\"}]}<\/script>\n<!-- \/ Yoast SEO plugin. -->","yoast_head_json":{"title":"AMLO nombrar\u00e1 a exgobernadores opositores para embajadas y consulados de M\u00e9xico -","robots":{"index":"index","follow":"follow","max-snippet":"max-snippet:-1","max-image-preview":"max-image-preview:large","max-video-preview":"max-video-preview:-1"},"canonical":"https:\/\/quehacerpolitico.mx\/?p=85714","og_locale":"es_MX","og_type":"article","og_title":"AMLO nombrar\u00e1 a exgobernadores opositores para embajadas y consulados de M\u00e9xico -","og_description":"Por Redacci\u00f3n QP AMLO anunciar\u00e1 proximamente a exgobernadores y l\u00edderes pol\u00edticos de diferentes partidos para...","og_url":"https:\/\/quehacerpolitico.mx\/?p=85714","article_published_time":"2021-10-14T17:10:50+00:00","article_modified_time":"2021-10-14T17:10:53+00:00","og_image":[{"width":1284,"height":711,"url":"https:\/\/quehacerpolitico.mx\/wp-content\/uploads\/2021\/10\/D53650AB-5978-433A-B214-D557B7CB8387.jpeg","type":"image\/jpeg"}],"author":"Redacci\u00f3n QP","twitter_card":"summary_large_image","twitter_misc":{"Escrito por":"Redacci\u00f3n QP","Tiempo de lectura":"2 minutos"},"schema":{"@context":"https:\/\/schema.org","@graph":[{"@type":"Article","@id":"https:\/\/quehacerpolitico.mx\/?p=85714#article","isPartOf":{"@id":"https:\/\/quehacerpolitico.mx\/?p=85714"},"author":{"name":"Redacci\u00f3n QP","@id":"https:\/\/quehacerpolitico.mx\/#\/schema\/person\/496d8ad2d1d3f8036101dca7ee39e585"},"headline":"AMLO nombrar\u00e1 a exgobernadores opositores para embajadas y consulados de M\u00e9xico","datePublished":"2021-10-14T17:10:50+00:00","dateModified":"2021-10-14T17:10:53+00:00","mainEntityOfPage":{"@id":"https:\/\/quehacerpolitico.mx\/?p=85714"},"wordCount":447,"commentCount":0,"image":{"@id":"https:\/\/quehacerpolitico.mx\/?p=85714#primaryimage"},"thumbnailUrl":"https:\/\/quehacerpolitico.mx\/wp-content\/uploads\/2021\/10\/D53650AB-5978-433A-B214-D557B7CB8387.jpeg","articleSection":["Noticias"],"inLanguage":"es","potentialAction":[{"@type":"CommentAction","name":"Comment","target":["https:\/\/quehacerpolitico.mx\/?p=85714#respond"]}]},{"@type":"WebPage","@id":"https:\/\/quehacerpolitico.mx\/?p=85714","url":"https:\/\/quehacerpolitico.mx\/?p=85714","name":"AMLO nombrar\u00e1 a exgobernadores opositores para embajadas y consulados de M\u00e9xico -","isPartOf":{"@id":"https:\/\/quehacerpolitico.mx\/#website"},"primaryImageOfPage":{"@id":"https:\/\/quehacerpolitico.mx\/?p=85714#primaryimage"},"image":{"@id":"https:\/\/quehacerpolitico.mx\/?p=85714#primaryimage"},"thumbnailUrl":"https:\/\/quehacerpolitico.mx\/wp-content\/uploads\/2021\/10\/D53650AB-5978-433A-B214-D557B7CB8387.jpeg","datePublished":"2021-10-14T17:10:50+00:00","dateModified":"2021-10-14T17:10:53+00:00","author":{"@id":"https:\/\/quehacerpolitico.mx\/#\/schema\/person\/496d8ad2d1d3f8036101dca7ee39e585"},"breadcrumb":{"@id":"https:\/\/quehacerpolitico.mx\/?p=85714#breadcrumb"},"inLanguage":"es","potentialAction":[{"@type":"ReadAction","target":["https:\/\/quehacerpolitico.mx\/?p=85714"]}]},{"@type":"ImageObject","inLanguage":"es","@id":"https:\/\/quehacerpolitico.mx\/?p=85714#primaryimage","url":"https:\/\/quehacerpolitico.mx\/wp-content\/uploads\/2021\/10\/D53650AB-5978-433A-B214-D557B7CB8387.jpeg","contentUrl":"https:\/\/quehacerpolitico.mx\/wp-content\/uploads\/2021\/10\/D53650AB-5978-433A-B214-D557B7CB8387.jpeg","width":1284,"height":711},{"@type":"BreadcrumbList","@id":"https:\/\/quehacerpolitico.mx\/?p=85714#breadcrumb","itemListElement":[{"@type":"ListItem","position":1,"name":"Inicio","item":"https:\/\/quehacerpolitico.mx\/"},{"@type":"ListItem","position":2,"name":"AMLO nombrar\u00e1 a exgobernadores opositores para embajadas y consulados de M\u00e9xico"}]},{"@type":"WebSite","@id":"https:\/\/quehacerpolitico.mx\/#website","url":"https:\/\/quehacerpolitico.mx\/","name":"","description":"","potentialAction":[{"@type":"SearchAction","target":{"@type":"EntryPoint","urlTemplate":"https:\/\/quehacerpolitico.mx\/?s={search_term_string}"},"query-input":{"@type":"PropertyValueSpecification","valueRequired":true,"valueName":"search_term_string"}}],"inLanguage":"es"},{"@type":"Person","@id":"https:\/\/quehacerpolitico.mx\/#\/schema\/person\/496d8ad2d1d3f8036101dca7ee39e585","name":"Redacci\u00f3n QP","image":{"@type":"ImageObject","inLanguage":"es","@id":"https:\/\/secure.gravatar.com\/avatar\/c7164ed6fdec453195284ad24a5ae5b6e1eed2b848477fa2a4787ba9adf39a41?s=96&d=mm&r=g","url":"https:\/\/secure.gravatar.com\/avatar\/c7164ed6fdec453195284ad24a5ae5b6e1eed2b848477fa2a4787ba9adf39a41?s=96&d=mm&r=g","contentUrl":"https:\/\/secure.gravatar.com\/avatar\/c7164ed6fdec453195284ad24a5ae5b6e1eed2b848477fa2a4787ba9adf39a41?s=96&d=mm&r=g","caption":"Redacci\u00f3n QP"},"url":"https:\/\/quehacerpolitico.mx\/?author=2"}]}},"featured_image_urls":{"full":["https:\/\/quehacerpolitico.mx\/wp-content\/uploads\/2021\/10\/D53650AB-5978-433A-B214-D557B7CB8387.jpeg",1284,711,false],"thumbnail":["https:\/\/quehacerpolitico.mx\/wp-content\/uploads\/2021\/10\/D53650AB-5978-433A-B214-D557B7CB8387-150x150.jpeg",150,150,true],"medium":["https:\/\/quehacerpolitico.mx\/wp-content\/uploads\/2021\/10\/D53650AB-5978-433A-B214-D557B7CB8387-300x166.jpeg",300,166,true],"medium_large":["https:\/\/quehacerpolitico.mx\/wp-content\/uploads\/2021\/10\/D53650AB-5978-433A-B214-D557B7CB8387-768x425.jpeg",640,354,true],"large":["https:\/\/quehacerpolitico.mx\/wp-content\/uploads\/2021\/10\/D53650AB-5978-433A-B214-D557B7CB8387-1024x567.jpeg",640,354,true],"1536x1536":["https:\/\/quehacerpolitico.mx\/wp-content\/uploads\/2021\/10\/D53650AB-5978-433A-B214-D557B7CB8387.jpeg",1284,711,false],"2048x2048":["https:\/\/quehacerpolitico.mx\/wp-content\/uploads\/2021\/10\/D53650AB-5978-433A-B214-D557B7CB8387.jpeg",1284,711,false],"covernews-featured":["https:\/\/quehacerpolitico.mx\/wp-content\/uploads\/2021\/10\/D53650AB-5978-433A-B214-D557B7CB8387.jpeg",1024,567,false],"covernews-medium":["https:\/\/quehacerpolitico.mx\/wp-content\/uploads\/2021\/10\/D53650AB-5978-433A-B214-D557B7CB8387.jpeg",540,299,false]},"author_info":{"display_name":"Redacci\u00f3n QP","author_link":"https:\/\/quehacerpolitico.mx\/?author=2"},"category_info":"<a href=\"https:\/\/quehacerpolitico.mx\/?cat=2\" rel=\"category\">Noticias<\/a>","tag_info":"Noticias","comment_count":"0","_links":{"self":[{"href":"https:\/\/quehacerpolitico.mx\/index.php?rest_route=\/wp\/v2\/posts\/85714","targetHints":{"allow":["GET"]}}],"collection":[{"href":"https:\/\/quehacerpolitico.mx\/index.php?rest_route=\/wp\/v2\/posts"}],"about":[{"href":"https:\/\/quehacerpolitico.mx\/index.php?rest_route=\/wp\/v2\/types\/post"}],"author":[{"embeddable":true,"href":"https:\/\/quehacerpolitico.mx\/index.php?rest_route=\/wp\/v2\/users\/2"}],"replies":[{"embeddable":true,"href":"https:\/\/quehacerpolitico.mx\/index.php?rest_route=%2Fwp%2Fv2%2Fcomments&post=85714"}],"version-history":[{"count":1,"href":"https:\/\/quehacerpolitico.mx\/index.php?rest_route=\/wp\/v2\/posts\/85714\/revisions"}],"predecessor-version":[{"id":85716,"href":"https:\/\/quehacerpolitico.mx\/index.php?rest_route=\/wp\/v2\/posts\/85714\/revisions\/85716"}],"wp:featuredmedia":[{"embeddable":true,"href":"https:\/\/quehacerpolitico.mx\/index.php?rest_route=\/wp\/v2\/media\/85715"}],"wp:attachment":[{"href":"https:\/\/quehacerpolitico.mx\/index.php?rest_route=%2Fwp%2Fv2%2Fmedia&parent=85714"}],"wp:term":[{"taxonomy":"category","embeddable":true,"href":"https:\/\/quehacerpolitico.mx\/index.php?rest_route=%2Fwp%2Fv2%2Fcategories&post=85714"},{"taxonomy":"post_tag","embeddable":true,"href":"https:\/\/quehacerpolitico.mx\/index.php?rest_route=%2Fwp%2Fv2%2Ftags&post=85714"}],"curies":[{"name":"wp","href":"https:\/\/api.w.org\/{rel}","templated":true}]}}