{"id":85711,"date":"2021-10-14T16:57:52","date_gmt":"2021-10-14T16:57:52","guid":{"rendered":"https:\/\/quehacerpolitico.mx\/?p=85711"},"modified":"2021-10-14T16:57:55","modified_gmt":"2021-10-14T16:57:55","slug":"demasiado-apego-al-poder-amlo-critica-a-calderon-por-tuit-sobre-dos-bocas","status":"publish","type":"post","link":"https:\/\/quehacerpolitico.mx\/?p=85711","title":{"rendered":"&#8220;Demasiado apego al poder&#8221;: AMLO critica a Calder\u00f3n por tuit sobre Dos Bocas"},"content":{"rendered":"\n<p>Por Redacci\u00f3n QP<\/p>\n\n\n\n<p>AMLO difundi\u00f3 esta ma\u00f1ana el mensaje del expresidente de M\u00e9xico, Felipe Calder\u00f3n, en su conferencia de prensa<\/p>\n\n\n\n<p>\u00a0El Presiente de M\u00e9xico Andr\u00e9s Manuel L\u00f3pez Obrador (AMLO) critic\u00f3 al expresidente Felipe Calder\u00f3n Hinojosa\u00a0por su apego al poder, pues este jueves en su cuenta de Twitter pidi\u00f3 corroborar si en el conflicto en Dos Bocas hab\u00eda muerto un trabajador.<\/p>\n\n\n\n<figure class=\"wp-block-embed is-type-rich is-provider-twitter wp-block-embed-twitter\"><div class=\"wp-block-embed__wrapper\">\n<blockquote class=\"twitter-tweet\" data-width=\"550\" data-dnt=\"true\"><p lang=\"es\" dir=\"ltr\">Acusan que muri\u00f3 un trabajador de ICA en Dos Bocas &#8211; V\u00eda <a href=\"https:\/\/twitter.com\/Reforma?ref_src=twsrc%5Etfw\">@reforma<\/a><br>\u00bfPodr\u00edan corroborar el fallecimiento del trabajador? Ser\u00eda grav\u00edsimo! <a href=\"https:\/\/t.co\/QdVLwHRVTv\">https:\/\/t.co\/QdVLwHRVTv<\/a><\/p>&mdash; Felipe Calder\u00f3n \ud83c\uddf2\ud83c\uddfd (@FelipeCalderon) <a href=\"https:\/\/twitter.com\/FelipeCalderon\/status\/1448344965462073353?ref_src=twsrc%5Etfw\">October 13, 2021<\/a><\/blockquote><script async src=\"https:\/\/platform.twitter.com\/widgets.js\" charset=\"utf-8\"><\/script>\n<\/div><\/figure>\n\n\n\n<p>&#8220;Son tiempos de zopilotes, hasta el expresidente Calder\u00f3n, por eso, si el creador lo decide, la ciencia y la naturaleza,\u00a0<strong>terminando en septiembre no me vuelven a ver ni el pelo<\/strong>&#8220;.<\/p>\n\n\n\n<p>&#8220;Porque no se puede, ya uno tiene su tiempo, la oportunidad de servidor, c\u00f3mo vamos a estar con desfiguros despu\u00e9s de que, m\u00e1s en su caso que no gan\u00f3, bueno, ya termin\u00f3 su gobierno, ya, gracias a la vida, ya\u00a0lo hizo bien, lo hizo mal ya, pero no demasiado apego al poder, mucha\u00a0<strong>ambici\u00f3n<\/strong>&#8220;.<\/p>\n\n\n\n<p>En su conferencia de prensa, AMLO&nbsp;difundi\u00f3 el mensaje del expresidente Calder\u00f3n.<\/p>\n\n\n\n<p>&#8220;Miren, acusan que muri\u00f3 un trabajador de ICA en Dos Bocas. Podr\u00eda corroborar el fallecimiento del trabajador, ser\u00eda grav\u00edsimo. As\u00ed est\u00e1, lamentable&#8221;.<\/p>\n\n\n\n<figure class=\"wp-block-embed is-type-rich is-provider-twitter wp-block-embed-twitter\"><div class=\"wp-block-embed__wrapper\">\n<blockquote class=\"twitter-tweet\" data-width=\"550\" data-dnt=\"true\"><p lang=\"es\" dir=\"ltr\">&quot;Est\u00e1n muy deseosos de que haya tragedia y nos vaya mal&quot;, dice el presidente <a href=\"https:\/\/twitter.com\/lopezobrador_?ref_src=twsrc%5Etfw\">@lopezobrador_<\/a> sobre las reacciones ante el enfrentamiento en Dos Bocas.<br><br>Critica que el expresidente <a href=\"https:\/\/twitter.com\/FelipeCalderon?ref_src=twsrc%5Etfw\">@FelipeCalderon<\/a> haga &quot;desfiguros&quot;, en referencia a la informaci\u00f3n que comparti\u00f3 ayer. <a href=\"https:\/\/t.co\/S8yZ26LJLI\">pic.twitter.com\/S8yZ26LJLI<\/a><\/p>&mdash; Ruido en la Red (@RuidoEnLaRed) <a href=\"https:\/\/twitter.com\/RuidoEnLaRed\/status\/1448629299355979779?ref_src=twsrc%5Etfw\">October 14, 2021<\/a><\/blockquote><script async src=\"https:\/\/platform.twitter.com\/widgets.js\" charset=\"utf-8\"><\/script>\n<\/div><\/figure>\n\n\n\n<p>Con Informaci\u00f3n de SUN <\/p>\n","protected":false},"excerpt":{"rendered":"<p>Por Redacci\u00f3n QP AMLO difundi\u00f3 esta ma\u00f1ana el mensaje del expresidente de M\u00e9xico, Felipe Calder\u00f3n,&#8230;<\/p>\n","protected":false},"author":2,"featured_media":85712,"comment_status":"open","ping_status":"open","sticky":false,"template":"","format":"standard","meta":{"_monsterinsights_skip_tracking":false,"_monsterinsights_sitenote_active":false,"_monsterinsights_sitenote_note":"","_monsterinsights_sitenote_category":0,"footnotes":""},"categories":[2],"tags":[],"class_list":["post-85711","post","type-post","status-publish","format-standard","has-post-thumbnail","hentry","category-noticias"],"yoast_head":"<!-- This site is optimized with the Yoast SEO plugin v27.3 - https:\/\/yoast.com\/product\/yoast-seo-wordpress\/ -->\n<title>&quot;Demasiado apego al poder&quot;: AMLO critica a Calder\u00f3n por tuit sobre Dos Bocas -<\/title>\n<meta name=\"robots\" content=\"index, follow, max-snippet:-1, max-image-preview:large, max-video-preview:-1\" \/>\n<link rel=\"canonical\" href=\"https:\/\/quehacerpolitico.mx\/?p=85711\" \/>\n<meta property=\"og:locale\" content=\"es_MX\" \/>\n<meta property=\"og:type\" content=\"article\" \/>\n<meta property=\"og:title\" content=\"&quot;Demasiado apego al poder&quot;: AMLO critica a Calder\u00f3n por tuit sobre Dos Bocas -\" \/>\n<meta property=\"og:description\" content=\"Por Redacci\u00f3n QP AMLO difundi\u00f3 esta ma\u00f1ana el mensaje del expresidente de M\u00e9xico, Felipe Calder\u00f3n,...\" \/>\n<meta property=\"og:url\" content=\"https:\/\/quehacerpolitico.mx\/?p=85711\" \/>\n<meta property=\"article:published_time\" content=\"2021-10-14T16:57:52+00:00\" \/>\n<meta property=\"article:modified_time\" content=\"2021-10-14T16:57:55+00:00\" \/>\n<meta property=\"og:image\" content=\"https:\/\/quehacerpolitico.mx\/wp-content\/uploads\/2021\/10\/674DC4C8-54E3-4353-B643-09F8F2DAAF1F.jpeg\" \/>\n\t<meta property=\"og:image:width\" content=\"1284\" \/>\n\t<meta property=\"og:image:height\" content=\"719\" \/>\n\t<meta property=\"og:image:type\" content=\"image\/jpeg\" \/>\n<meta name=\"author\" content=\"Redacci\u00f3n QP\" \/>\n<meta name=\"twitter:card\" content=\"summary_large_image\" \/>\n<meta name=\"twitter:label1\" content=\"Escrito por\" \/>\n\t<meta name=\"twitter:data1\" content=\"Redacci\u00f3n QP\" \/>\n\t<meta name=\"twitter:label2\" content=\"Tiempo de lectura\" \/>\n\t<meta name=\"twitter:data2\" content=\"1 minuto\" \/>\n<script type=\"application\/ld+json\" class=\"yoast-schema-graph\">{\"@context\":\"https:\\\/\\\/schema.org\",\"@graph\":[{\"@type\":\"Article\",\"@id\":\"https:\\\/\\\/quehacerpolitico.mx\\\/?p=85711#article\",\"isPartOf\":{\"@id\":\"https:\\\/\\\/quehacerpolitico.mx\\\/?p=85711\"},\"author\":{\"name\":\"Redacci\u00f3n QP\",\"@id\":\"https:\\\/\\\/quehacerpolitico.mx\\\/#\\\/schema\\\/person\\\/496d8ad2d1d3f8036101dca7ee39e585\"},\"headline\":\"&#8220;Demasiado apego al poder&#8221;: AMLO critica a Calder\u00f3n por tuit sobre Dos Bocas\",\"datePublished\":\"2021-10-14T16:57:52+00:00\",\"dateModified\":\"2021-10-14T16:57:55+00:00\",\"mainEntityOfPage\":{\"@id\":\"https:\\\/\\\/quehacerpolitico.mx\\\/?p=85711\"},\"wordCount\":231,\"commentCount\":0,\"image\":{\"@id\":\"https:\\\/\\\/quehacerpolitico.mx\\\/?p=85711#primaryimage\"},\"thumbnailUrl\":\"https:\\\/\\\/quehacerpolitico.mx\\\/wp-content\\\/uploads\\\/2021\\\/10\\\/674DC4C8-54E3-4353-B643-09F8F2DAAF1F.jpeg\",\"articleSection\":[\"Noticias\"],\"inLanguage\":\"es\",\"potentialAction\":[{\"@type\":\"CommentAction\",\"name\":\"Comment\",\"target\":[\"https:\\\/\\\/quehacerpolitico.mx\\\/?p=85711#respond\"]}]},{\"@type\":\"WebPage\",\"@id\":\"https:\\\/\\\/quehacerpolitico.mx\\\/?p=85711\",\"url\":\"https:\\\/\\\/quehacerpolitico.mx\\\/?p=85711\",\"name\":\"\\\"Demasiado apego al poder\\\": AMLO critica a Calder\u00f3n por tuit sobre Dos Bocas -\",\"isPartOf\":{\"@id\":\"https:\\\/\\\/quehacerpolitico.mx\\\/#website\"},\"primaryImageOfPage\":{\"@id\":\"https:\\\/\\\/quehacerpolitico.mx\\\/?p=85711#primaryimage\"},\"image\":{\"@id\":\"https:\\\/\\\/quehacerpolitico.mx\\\/?p=85711#primaryimage\"},\"thumbnailUrl\":\"https:\\\/\\\/quehacerpolitico.mx\\\/wp-content\\\/uploads\\\/2021\\\/10\\\/674DC4C8-54E3-4353-B643-09F8F2DAAF1F.jpeg\",\"datePublished\":\"2021-10-14T16:57:52+00:00\",\"dateModified\":\"2021-10-14T16:57:55+00:00\",\"author\":{\"@id\":\"https:\\\/\\\/quehacerpolitico.mx\\\/#\\\/schema\\\/person\\\/496d8ad2d1d3f8036101dca7ee39e585\"},\"breadcrumb\":{\"@id\":\"https:\\\/\\\/quehacerpolitico.mx\\\/?p=85711#breadcrumb\"},\"inLanguage\":\"es\",\"potentialAction\":[{\"@type\":\"ReadAction\",\"target\":[\"https:\\\/\\\/quehacerpolitico.mx\\\/?p=85711\"]}]},{\"@type\":\"ImageObject\",\"inLanguage\":\"es\",\"@id\":\"https:\\\/\\\/quehacerpolitico.mx\\\/?p=85711#primaryimage\",\"url\":\"https:\\\/\\\/quehacerpolitico.mx\\\/wp-content\\\/uploads\\\/2021\\\/10\\\/674DC4C8-54E3-4353-B643-09F8F2DAAF1F.jpeg\",\"contentUrl\":\"https:\\\/\\\/quehacerpolitico.mx\\\/wp-content\\\/uploads\\\/2021\\\/10\\\/674DC4C8-54E3-4353-B643-09F8F2DAAF1F.jpeg\",\"width\":1284,\"height\":719},{\"@type\":\"BreadcrumbList\",\"@id\":\"https:\\\/\\\/quehacerpolitico.mx\\\/?p=85711#breadcrumb\",\"itemListElement\":[{\"@type\":\"ListItem\",\"position\":1,\"name\":\"Inicio\",\"item\":\"https:\\\/\\\/quehacerpolitico.mx\\\/\"},{\"@type\":\"ListItem\",\"position\":2,\"name\":\"&#8220;Demasiado apego al poder&#8221;: AMLO critica a Calder\u00f3n por tuit sobre Dos Bocas\"}]},{\"@type\":\"WebSite\",\"@id\":\"https:\\\/\\\/quehacerpolitico.mx\\\/#website\",\"url\":\"https:\\\/\\\/quehacerpolitico.mx\\\/\",\"name\":\"\",\"description\":\"\",\"potentialAction\":[{\"@type\":\"SearchAction\",\"target\":{\"@type\":\"EntryPoint\",\"urlTemplate\":\"https:\\\/\\\/quehacerpolitico.mx\\\/?s={search_term_string}\"},\"query-input\":{\"@type\":\"PropertyValueSpecification\",\"valueRequired\":true,\"valueName\":\"search_term_string\"}}],\"inLanguage\":\"es\"},{\"@type\":\"Person\",\"@id\":\"https:\\\/\\\/quehacerpolitico.mx\\\/#\\\/schema\\\/person\\\/496d8ad2d1d3f8036101dca7ee39e585\",\"name\":\"Redacci\u00f3n QP\",\"image\":{\"@type\":\"ImageObject\",\"inLanguage\":\"es\",\"@id\":\"https:\\\/\\\/secure.gravatar.com\\\/avatar\\\/c7164ed6fdec453195284ad24a5ae5b6e1eed2b848477fa2a4787ba9adf39a41?s=96&d=mm&r=g\",\"url\":\"https:\\\/\\\/secure.gravatar.com\\\/avatar\\\/c7164ed6fdec453195284ad24a5ae5b6e1eed2b848477fa2a4787ba9adf39a41?s=96&d=mm&r=g\",\"contentUrl\":\"https:\\\/\\\/secure.gravatar.com\\\/avatar\\\/c7164ed6fdec453195284ad24a5ae5b6e1eed2b848477fa2a4787ba9adf39a41?s=96&d=mm&r=g\",\"caption\":\"Redacci\u00f3n QP\"},\"url\":\"https:\\\/\\\/quehacerpolitico.mx\\\/?author=2\"}]}<\/script>\n<!-- \/ Yoast SEO plugin. -->","yoast_head_json":{"title":"\"Demasiado apego al poder\": AMLO critica a Calder\u00f3n por tuit sobre Dos Bocas -","robots":{"index":"index","follow":"follow","max-snippet":"max-snippet:-1","max-image-preview":"max-image-preview:large","max-video-preview":"max-video-preview:-1"},"canonical":"https:\/\/quehacerpolitico.mx\/?p=85711","og_locale":"es_MX","og_type":"article","og_title":"\"Demasiado apego al poder\": AMLO critica a Calder\u00f3n por tuit sobre Dos Bocas -","og_description":"Por Redacci\u00f3n QP AMLO difundi\u00f3 esta ma\u00f1ana el mensaje del expresidente de M\u00e9xico, Felipe Calder\u00f3n,...","og_url":"https:\/\/quehacerpolitico.mx\/?p=85711","article_published_time":"2021-10-14T16:57:52+00:00","article_modified_time":"2021-10-14T16:57:55+00:00","og_image":[{"width":1284,"height":719,"url":"https:\/\/quehacerpolitico.mx\/wp-content\/uploads\/2021\/10\/674DC4C8-54E3-4353-B643-09F8F2DAAF1F.jpeg","type":"image\/jpeg"}],"author":"Redacci\u00f3n QP","twitter_card":"summary_large_image","twitter_misc":{"Escrito por":"Redacci\u00f3n QP","Tiempo de lectura":"1 minuto"},"schema":{"@context":"https:\/\/schema.org","@graph":[{"@type":"Article","@id":"https:\/\/quehacerpolitico.mx\/?p=85711#article","isPartOf":{"@id":"https:\/\/quehacerpolitico.mx\/?p=85711"},"author":{"name":"Redacci\u00f3n QP","@id":"https:\/\/quehacerpolitico.mx\/#\/schema\/person\/496d8ad2d1d3f8036101dca7ee39e585"},"headline":"&#8220;Demasiado apego al poder&#8221;: AMLO critica a Calder\u00f3n por tuit sobre Dos Bocas","datePublished":"2021-10-14T16:57:52+00:00","dateModified":"2021-10-14T16:57:55+00:00","mainEntityOfPage":{"@id":"https:\/\/quehacerpolitico.mx\/?p=85711"},"wordCount":231,"commentCount":0,"image":{"@id":"https:\/\/quehacerpolitico.mx\/?p=85711#primaryimage"},"thumbnailUrl":"https:\/\/quehacerpolitico.mx\/wp-content\/uploads\/2021\/10\/674DC4C8-54E3-4353-B643-09F8F2DAAF1F.jpeg","articleSection":["Noticias"],"inLanguage":"es","potentialAction":[{"@type":"CommentAction","name":"Comment","target":["https:\/\/quehacerpolitico.mx\/?p=85711#respond"]}]},{"@type":"WebPage","@id":"https:\/\/quehacerpolitico.mx\/?p=85711","url":"https:\/\/quehacerpolitico.mx\/?p=85711","name":"\"Demasiado apego al poder\": AMLO critica a Calder\u00f3n por tuit sobre Dos Bocas -","isPartOf":{"@id":"https:\/\/quehacerpolitico.mx\/#website"},"primaryImageOfPage":{"@id":"https:\/\/quehacerpolitico.mx\/?p=85711#primaryimage"},"image":{"@id":"https:\/\/quehacerpolitico.mx\/?p=85711#primaryimage"},"thumbnailUrl":"https:\/\/quehacerpolitico.mx\/wp-content\/uploads\/2021\/10\/674DC4C8-54E3-4353-B643-09F8F2DAAF1F.jpeg","datePublished":"2021-10-14T16:57:52+00:00","dateModified":"2021-10-14T16:57:55+00:00","author":{"@id":"https:\/\/quehacerpolitico.mx\/#\/schema\/person\/496d8ad2d1d3f8036101dca7ee39e585"},"breadcrumb":{"@id":"https:\/\/quehacerpolitico.mx\/?p=85711#breadcrumb"},"inLanguage":"es","potentialAction":[{"@type":"ReadAction","target":["https:\/\/quehacerpolitico.mx\/?p=85711"]}]},{"@type":"ImageObject","inLanguage":"es","@id":"https:\/\/quehacerpolitico.mx\/?p=85711#primaryimage","url":"https:\/\/quehacerpolitico.mx\/wp-content\/uploads\/2021\/10\/674DC4C8-54E3-4353-B643-09F8F2DAAF1F.jpeg","contentUrl":"https:\/\/quehacerpolitico.mx\/wp-content\/uploads\/2021\/10\/674DC4C8-54E3-4353-B643-09F8F2DAAF1F.jpeg","width":1284,"height":719},{"@type":"BreadcrumbList","@id":"https:\/\/quehacerpolitico.mx\/?p=85711#breadcrumb","itemListElement":[{"@type":"ListItem","position":1,"name":"Inicio","item":"https:\/\/quehacerpolitico.mx\/"},{"@type":"ListItem","position":2,"name":"&#8220;Demasiado apego al poder&#8221;: AMLO critica a Calder\u00f3n por tuit sobre Dos Bocas"}]},{"@type":"WebSite","@id":"https:\/\/quehacerpolitico.mx\/#website","url":"https:\/\/quehacerpolitico.mx\/","name":"","description":"","potentialAction":[{"@type":"SearchAction","target":{"@type":"EntryPoint","urlTemplate":"https:\/\/quehacerpolitico.mx\/?s={search_term_string}"},"query-input":{"@type":"PropertyValueSpecification","valueRequired":true,"valueName":"search_term_string"}}],"inLanguage":"es"},{"@type":"Person","@id":"https:\/\/quehacerpolitico.mx\/#\/schema\/person\/496d8ad2d1d3f8036101dca7ee39e585","name":"Redacci\u00f3n QP","image":{"@type":"ImageObject","inLanguage":"es","@id":"https:\/\/secure.gravatar.com\/avatar\/c7164ed6fdec453195284ad24a5ae5b6e1eed2b848477fa2a4787ba9adf39a41?s=96&d=mm&r=g","url":"https:\/\/secure.gravatar.com\/avatar\/c7164ed6fdec453195284ad24a5ae5b6e1eed2b848477fa2a4787ba9adf39a41?s=96&d=mm&r=g","contentUrl":"https:\/\/secure.gravatar.com\/avatar\/c7164ed6fdec453195284ad24a5ae5b6e1eed2b848477fa2a4787ba9adf39a41?s=96&d=mm&r=g","caption":"Redacci\u00f3n QP"},"url":"https:\/\/quehacerpolitico.mx\/?author=2"}]}},"featured_image_urls":{"full":["https:\/\/quehacerpolitico.mx\/wp-content\/uploads\/2021\/10\/674DC4C8-54E3-4353-B643-09F8F2DAAF1F.jpeg",1284,719,false],"thumbnail":["https:\/\/quehacerpolitico.mx\/wp-content\/uploads\/2021\/10\/674DC4C8-54E3-4353-B643-09F8F2DAAF1F-150x150.jpeg",150,150,true],"medium":["https:\/\/quehacerpolitico.mx\/wp-content\/uploads\/2021\/10\/674DC4C8-54E3-4353-B643-09F8F2DAAF1F-300x168.jpeg",300,168,true],"medium_large":["https:\/\/quehacerpolitico.mx\/wp-content\/uploads\/2021\/10\/674DC4C8-54E3-4353-B643-09F8F2DAAF1F-768x430.jpeg",640,358,true],"large":["https:\/\/quehacerpolitico.mx\/wp-content\/uploads\/2021\/10\/674DC4C8-54E3-4353-B643-09F8F2DAAF1F-1024x573.jpeg",640,358,true],"1536x1536":["https:\/\/quehacerpolitico.mx\/wp-content\/uploads\/2021\/10\/674DC4C8-54E3-4353-B643-09F8F2DAAF1F.jpeg",1284,719,false],"2048x2048":["https:\/\/quehacerpolitico.mx\/wp-content\/uploads\/2021\/10\/674DC4C8-54E3-4353-B643-09F8F2DAAF1F.jpeg",1284,719,false],"covernews-featured":["https:\/\/quehacerpolitico.mx\/wp-content\/uploads\/2021\/10\/674DC4C8-54E3-4353-B643-09F8F2DAAF1F.jpeg",1024,573,false],"covernews-medium":["https:\/\/quehacerpolitico.mx\/wp-content\/uploads\/2021\/10\/674DC4C8-54E3-4353-B643-09F8F2DAAF1F.jpeg",540,302,false]},"author_info":{"display_name":"Redacci\u00f3n QP","author_link":"https:\/\/quehacerpolitico.mx\/?author=2"},"category_info":"<a href=\"https:\/\/quehacerpolitico.mx\/?cat=2\" rel=\"category\">Noticias<\/a>","tag_info":"Noticias","comment_count":"0","_links":{"self":[{"href":"https:\/\/quehacerpolitico.mx\/index.php?rest_route=\/wp\/v2\/posts\/85711","targetHints":{"allow":["GET"]}}],"collection":[{"href":"https:\/\/quehacerpolitico.mx\/index.php?rest_route=\/wp\/v2\/posts"}],"about":[{"href":"https:\/\/quehacerpolitico.mx\/index.php?rest_route=\/wp\/v2\/types\/post"}],"author":[{"embeddable":true,"href":"https:\/\/quehacerpolitico.mx\/index.php?rest_route=\/wp\/v2\/users\/2"}],"replies":[{"embeddable":true,"href":"https:\/\/quehacerpolitico.mx\/index.php?rest_route=%2Fwp%2Fv2%2Fcomments&post=85711"}],"version-history":[{"count":1,"href":"https:\/\/quehacerpolitico.mx\/index.php?rest_route=\/wp\/v2\/posts\/85711\/revisions"}],"predecessor-version":[{"id":85713,"href":"https:\/\/quehacerpolitico.mx\/index.php?rest_route=\/wp\/v2\/posts\/85711\/revisions\/85713"}],"wp:featuredmedia":[{"embeddable":true,"href":"https:\/\/quehacerpolitico.mx\/index.php?rest_route=\/wp\/v2\/media\/85712"}],"wp:attachment":[{"href":"https:\/\/quehacerpolitico.mx\/index.php?rest_route=%2Fwp%2Fv2%2Fmedia&parent=85711"}],"wp:term":[{"taxonomy":"category","embeddable":true,"href":"https:\/\/quehacerpolitico.mx\/index.php?rest_route=%2Fwp%2Fv2%2Fcategories&post=85711"},{"taxonomy":"post_tag","embeddable":true,"href":"https:\/\/quehacerpolitico.mx\/index.php?rest_route=%2Fwp%2Fv2%2Ftags&post=85711"}],"curies":[{"name":"wp","href":"https:\/\/api.w.org\/{rel}","templated":true}]}}