{"id":85693,"date":"2021-10-14T04:06:38","date_gmt":"2021-10-14T04:06:38","guid":{"rendered":"https:\/\/quehacerpolitico.mx\/?p=85693"},"modified":"2021-10-14T04:06:41","modified_gmt":"2021-10-14T04:06:41","slug":"roma-dedicara-una-calle-a-gabriel-garcia-marquez","status":"publish","type":"post","link":"https:\/\/quehacerpolitico.mx\/?p=85693","title":{"rendered":"Roma dedicar\u00e1 una calle a Gabriel Garc\u00eda M\u00e1rquez"},"content":{"rendered":"\n<p>Por Redacci\u00f3n QP<\/p>\n\n\n\n<p>El escritor colombiano vivi\u00f3\u00a0una temporada en la capital italiana\u00a0donde\u00a0afirm\u00f3 &#8220;sentirse como en casa&#8221;<\/p>\n\n\n\n<p>La ciudad de Roma<strong>\u00a0inaugurar\u00e1 el pr\u00f3ximo 26 de octubre<\/strong>\u00a0una calle con el nombre del escritor colombiano Gabriel Garc\u00eda M\u00e1rquez en el parque romano de Villa Borghese con una ceremonia oficial para honrar al premio Nobel, que vivi\u00f3 en la capital italiana en la d\u00e9cada de 1950.<\/p>\n\n\n\n<p>El homenaje al novelista, que contar\u00e1 con invitados como el m\u00fasico colombiano de vallenato\u00a0<strong>Camilo Molina y el flautista italiano Andrea Griminelli<\/strong>, estar\u00e1 presido por la vicepresidenta y ministra de Relaciones Exteriores de Colombia, Marta Luc\u00eda Ram\u00edrez, a la que acompa\u00f1ar\u00e1 la embajadora de Colombia en Italia, Gloria Isabel Ram\u00edrez.<\/p>\n\n\n\n<figure class=\"wp-block-image\"><img decoding=\"async\" src=\"https:\/\/www.informador.mx\/export\/sites\/elinformador\/img\/2021\/10\/13\/captura_de_pantalla_2021-10-13_153355.png_1996286230.png\" alt=\"\" title=\"\"\/><figcaption>TWITTER\/@ARodriguezVera&nbsp;<\/figcaption><\/figure>\n\n\n\n<p>El Ayuntamiento de Roma apoy\u00f3 la iniciativa de dedicar una calle a Garc\u00eda M\u00e1rquez por<strong>\u00a0&#8220;la influencia de Italia en la obra de Gabo<\/strong>, su paso por Roma y la fascinaci\u00f3n que le gener\u00f3 el neorrealismo y la cultura italiana, que<strong>\u00a0le sirvieron de inspiraci\u00f3n para la consolidaci\u00f3n de su estilo literario&#8221;<\/strong>, explic\u00f3 la embajada colombiana en un comunicado.<\/p>\n\n\n\n<p>Garc\u00eda M\u00e1rquez l<strong>leg\u00f3 a Roma en 1955 como corresponsal de El Espectador<\/strong>&nbsp;para seguir el estado de salud del papa P\u00edo XII, y se qued\u00f3 durante m\u00e1s de un a\u00f1o para estudiar cine en la ciudad, una formaci\u00f3n que afianz\u00f3 &#8220;su relaci\u00f3n con el s\u00e9ptimo arte&#8221;.<\/p>\n\n\n\n<p>La embajadora colombiana consider\u00f3\u00a0<strong>&#8220;un honor para el pa\u00eds&#8221; y un &#8220;gran logro&#8221; haber conseguido este homenaje para el escritor<\/strong>\u00a0en Roma, una ciudad de la que afirm\u00f3 que &#8220;se sent\u00eda como en casa&#8221;, record\u00f3 la embajada.<\/p>\n\n\n\n<p>Este evento tendr\u00e1 lugar tras la X Conferencia Italia-Am\u00e9rica Latina, de car\u00e1cter bienal, que re\u00fane a ministros de Exteriores u otros representantes de los distintos pa\u00edses, en colaboraci\u00f3n con el Instituto \u00cdtalo-Latinoamericano (IILA).<\/p>\n\n\n\n<p>Con Informaci\u00f3n de EFE<\/p>\n","protected":false},"excerpt":{"rendered":"<p>Por Redacci\u00f3n QP El escritor colombiano vivi\u00f3\u00a0una temporada en la capital italiana\u00a0donde\u00a0afirm\u00f3 &#8220;sentirse como en&#8230;<\/p>\n","protected":false},"author":2,"featured_media":85694,"comment_status":"open","ping_status":"open","sticky":false,"template":"","format":"standard","meta":{"_monsterinsights_skip_tracking":false,"_monsterinsights_sitenote_active":false,"_monsterinsights_sitenote_note":"","_monsterinsights_sitenote_category":0,"footnotes":""},"categories":[58],"tags":[],"class_list":["post-85693","post","type-post","status-publish","format-standard","has-post-thumbnail","hentry","category-cultura"],"yoast_head":"<!-- This site is optimized with the Yoast SEO plugin v27.3 - https:\/\/yoast.com\/product\/yoast-seo-wordpress\/ -->\n<title>Roma dedicar\u00e1 una calle a Gabriel Garc\u00eda M\u00e1rquez -<\/title>\n<meta name=\"robots\" content=\"index, follow, max-snippet:-1, max-image-preview:large, max-video-preview:-1\" \/>\n<link rel=\"canonical\" href=\"https:\/\/quehacerpolitico.mx\/?p=85693\" \/>\n<meta property=\"og:locale\" content=\"es_MX\" \/>\n<meta property=\"og:type\" content=\"article\" \/>\n<meta property=\"og:title\" content=\"Roma dedicar\u00e1 una calle a Gabriel Garc\u00eda M\u00e1rquez -\" \/>\n<meta property=\"og:description\" content=\"Por Redacci\u00f3n QP El escritor colombiano vivi\u00f3\u00a0una temporada en la capital italiana\u00a0donde\u00a0afirm\u00f3 &#8220;sentirse como en...\" \/>\n<meta property=\"og:url\" content=\"https:\/\/quehacerpolitico.mx\/?p=85693\" \/>\n<meta property=\"article:published_time\" content=\"2021-10-14T04:06:38+00:00\" \/>\n<meta property=\"article:modified_time\" content=\"2021-10-14T04:06:41+00:00\" \/>\n<meta property=\"og:image\" content=\"https:\/\/quehacerpolitico.mx\/wp-content\/uploads\/2021\/10\/32CE586C-788D-4568-AB74-21A1137B10B0.jpeg\" \/>\n\t<meta property=\"og:image:width\" content=\"739\" \/>\n\t<meta property=\"og:image:height\" content=\"415\" \/>\n\t<meta property=\"og:image:type\" content=\"image\/jpeg\" \/>\n<meta name=\"author\" content=\"Redacci\u00f3n QP\" \/>\n<meta name=\"twitter:card\" content=\"summary_large_image\" \/>\n<meta name=\"twitter:label1\" content=\"Escrito por\" \/>\n\t<meta name=\"twitter:data1\" content=\"Redacci\u00f3n QP\" \/>\n\t<meta name=\"twitter:label2\" content=\"Tiempo de lectura\" \/>\n\t<meta name=\"twitter:data2\" content=\"2 minutos\" \/>\n<script type=\"application\/ld+json\" class=\"yoast-schema-graph\">{\"@context\":\"https:\\\/\\\/schema.org\",\"@graph\":[{\"@type\":\"Article\",\"@id\":\"https:\\\/\\\/quehacerpolitico.mx\\\/?p=85693#article\",\"isPartOf\":{\"@id\":\"https:\\\/\\\/quehacerpolitico.mx\\\/?p=85693\"},\"author\":{\"name\":\"Redacci\u00f3n QP\",\"@id\":\"https:\\\/\\\/quehacerpolitico.mx\\\/#\\\/schema\\\/person\\\/496d8ad2d1d3f8036101dca7ee39e585\"},\"headline\":\"Roma dedicar\u00e1 una calle a Gabriel Garc\u00eda M\u00e1rquez\",\"datePublished\":\"2021-10-14T04:06:38+00:00\",\"dateModified\":\"2021-10-14T04:06:41+00:00\",\"mainEntityOfPage\":{\"@id\":\"https:\\\/\\\/quehacerpolitico.mx\\\/?p=85693\"},\"wordCount\":338,\"commentCount\":0,\"image\":{\"@id\":\"https:\\\/\\\/quehacerpolitico.mx\\\/?p=85693#primaryimage\"},\"thumbnailUrl\":\"https:\\\/\\\/quehacerpolitico.mx\\\/wp-content\\\/uploads\\\/2021\\\/10\\\/32CE586C-788D-4568-AB74-21A1137B10B0.jpeg\",\"articleSection\":[\"Cultura y Entretenimiento\"],\"inLanguage\":\"es\",\"potentialAction\":[{\"@type\":\"CommentAction\",\"name\":\"Comment\",\"target\":[\"https:\\\/\\\/quehacerpolitico.mx\\\/?p=85693#respond\"]}]},{\"@type\":\"WebPage\",\"@id\":\"https:\\\/\\\/quehacerpolitico.mx\\\/?p=85693\",\"url\":\"https:\\\/\\\/quehacerpolitico.mx\\\/?p=85693\",\"name\":\"Roma dedicar\u00e1 una calle a Gabriel Garc\u00eda M\u00e1rquez -\",\"isPartOf\":{\"@id\":\"https:\\\/\\\/quehacerpolitico.mx\\\/#website\"},\"primaryImageOfPage\":{\"@id\":\"https:\\\/\\\/quehacerpolitico.mx\\\/?p=85693#primaryimage\"},\"image\":{\"@id\":\"https:\\\/\\\/quehacerpolitico.mx\\\/?p=85693#primaryimage\"},\"thumbnailUrl\":\"https:\\\/\\\/quehacerpolitico.mx\\\/wp-content\\\/uploads\\\/2021\\\/10\\\/32CE586C-788D-4568-AB74-21A1137B10B0.jpeg\",\"datePublished\":\"2021-10-14T04:06:38+00:00\",\"dateModified\":\"2021-10-14T04:06:41+00:00\",\"author\":{\"@id\":\"https:\\\/\\\/quehacerpolitico.mx\\\/#\\\/schema\\\/person\\\/496d8ad2d1d3f8036101dca7ee39e585\"},\"breadcrumb\":{\"@id\":\"https:\\\/\\\/quehacerpolitico.mx\\\/?p=85693#breadcrumb\"},\"inLanguage\":\"es\",\"potentialAction\":[{\"@type\":\"ReadAction\",\"target\":[\"https:\\\/\\\/quehacerpolitico.mx\\\/?p=85693\"]}]},{\"@type\":\"ImageObject\",\"inLanguage\":\"es\",\"@id\":\"https:\\\/\\\/quehacerpolitico.mx\\\/?p=85693#primaryimage\",\"url\":\"https:\\\/\\\/quehacerpolitico.mx\\\/wp-content\\\/uploads\\\/2021\\\/10\\\/32CE586C-788D-4568-AB74-21A1137B10B0.jpeg\",\"contentUrl\":\"https:\\\/\\\/quehacerpolitico.mx\\\/wp-content\\\/uploads\\\/2021\\\/10\\\/32CE586C-788D-4568-AB74-21A1137B10B0.jpeg\",\"width\":739,\"height\":415},{\"@type\":\"BreadcrumbList\",\"@id\":\"https:\\\/\\\/quehacerpolitico.mx\\\/?p=85693#breadcrumb\",\"itemListElement\":[{\"@type\":\"ListItem\",\"position\":1,\"name\":\"Inicio\",\"item\":\"https:\\\/\\\/quehacerpolitico.mx\\\/\"},{\"@type\":\"ListItem\",\"position\":2,\"name\":\"Roma dedicar\u00e1 una calle a Gabriel Garc\u00eda M\u00e1rquez\"}]},{\"@type\":\"WebSite\",\"@id\":\"https:\\\/\\\/quehacerpolitico.mx\\\/#website\",\"url\":\"https:\\\/\\\/quehacerpolitico.mx\\\/\",\"name\":\"\",\"description\":\"\",\"potentialAction\":[{\"@type\":\"SearchAction\",\"target\":{\"@type\":\"EntryPoint\",\"urlTemplate\":\"https:\\\/\\\/quehacerpolitico.mx\\\/?s={search_term_string}\"},\"query-input\":{\"@type\":\"PropertyValueSpecification\",\"valueRequired\":true,\"valueName\":\"search_term_string\"}}],\"inLanguage\":\"es\"},{\"@type\":\"Person\",\"@id\":\"https:\\\/\\\/quehacerpolitico.mx\\\/#\\\/schema\\\/person\\\/496d8ad2d1d3f8036101dca7ee39e585\",\"name\":\"Redacci\u00f3n QP\",\"image\":{\"@type\":\"ImageObject\",\"inLanguage\":\"es\",\"@id\":\"https:\\\/\\\/secure.gravatar.com\\\/avatar\\\/c7164ed6fdec453195284ad24a5ae5b6e1eed2b848477fa2a4787ba9adf39a41?s=96&d=mm&r=g\",\"url\":\"https:\\\/\\\/secure.gravatar.com\\\/avatar\\\/c7164ed6fdec453195284ad24a5ae5b6e1eed2b848477fa2a4787ba9adf39a41?s=96&d=mm&r=g\",\"contentUrl\":\"https:\\\/\\\/secure.gravatar.com\\\/avatar\\\/c7164ed6fdec453195284ad24a5ae5b6e1eed2b848477fa2a4787ba9adf39a41?s=96&d=mm&r=g\",\"caption\":\"Redacci\u00f3n QP\"},\"url\":\"https:\\\/\\\/quehacerpolitico.mx\\\/?author=2\"}]}<\/script>\n<!-- \/ Yoast SEO plugin. -->","yoast_head_json":{"title":"Roma dedicar\u00e1 una calle a Gabriel Garc\u00eda M\u00e1rquez -","robots":{"index":"index","follow":"follow","max-snippet":"max-snippet:-1","max-image-preview":"max-image-preview:large","max-video-preview":"max-video-preview:-1"},"canonical":"https:\/\/quehacerpolitico.mx\/?p=85693","og_locale":"es_MX","og_type":"article","og_title":"Roma dedicar\u00e1 una calle a Gabriel Garc\u00eda M\u00e1rquez -","og_description":"Por Redacci\u00f3n QP El escritor colombiano vivi\u00f3\u00a0una temporada en la capital italiana\u00a0donde\u00a0afirm\u00f3 &#8220;sentirse como en...","og_url":"https:\/\/quehacerpolitico.mx\/?p=85693","article_published_time":"2021-10-14T04:06:38+00:00","article_modified_time":"2021-10-14T04:06:41+00:00","og_image":[{"width":739,"height":415,"url":"https:\/\/quehacerpolitico.mx\/wp-content\/uploads\/2021\/10\/32CE586C-788D-4568-AB74-21A1137B10B0.jpeg","type":"image\/jpeg"}],"author":"Redacci\u00f3n QP","twitter_card":"summary_large_image","twitter_misc":{"Escrito por":"Redacci\u00f3n QP","Tiempo de lectura":"2 minutos"},"schema":{"@context":"https:\/\/schema.org","@graph":[{"@type":"Article","@id":"https:\/\/quehacerpolitico.mx\/?p=85693#article","isPartOf":{"@id":"https:\/\/quehacerpolitico.mx\/?p=85693"},"author":{"name":"Redacci\u00f3n QP","@id":"https:\/\/quehacerpolitico.mx\/#\/schema\/person\/496d8ad2d1d3f8036101dca7ee39e585"},"headline":"Roma dedicar\u00e1 una calle a Gabriel Garc\u00eda M\u00e1rquez","datePublished":"2021-10-14T04:06:38+00:00","dateModified":"2021-10-14T04:06:41+00:00","mainEntityOfPage":{"@id":"https:\/\/quehacerpolitico.mx\/?p=85693"},"wordCount":338,"commentCount":0,"image":{"@id":"https:\/\/quehacerpolitico.mx\/?p=85693#primaryimage"},"thumbnailUrl":"https:\/\/quehacerpolitico.mx\/wp-content\/uploads\/2021\/10\/32CE586C-788D-4568-AB74-21A1137B10B0.jpeg","articleSection":["Cultura y Entretenimiento"],"inLanguage":"es","potentialAction":[{"@type":"CommentAction","name":"Comment","target":["https:\/\/quehacerpolitico.mx\/?p=85693#respond"]}]},{"@type":"WebPage","@id":"https:\/\/quehacerpolitico.mx\/?p=85693","url":"https:\/\/quehacerpolitico.mx\/?p=85693","name":"Roma dedicar\u00e1 una calle a Gabriel Garc\u00eda M\u00e1rquez -","isPartOf":{"@id":"https:\/\/quehacerpolitico.mx\/#website"},"primaryImageOfPage":{"@id":"https:\/\/quehacerpolitico.mx\/?p=85693#primaryimage"},"image":{"@id":"https:\/\/quehacerpolitico.mx\/?p=85693#primaryimage"},"thumbnailUrl":"https:\/\/quehacerpolitico.mx\/wp-content\/uploads\/2021\/10\/32CE586C-788D-4568-AB74-21A1137B10B0.jpeg","datePublished":"2021-10-14T04:06:38+00:00","dateModified":"2021-10-14T04:06:41+00:00","author":{"@id":"https:\/\/quehacerpolitico.mx\/#\/schema\/person\/496d8ad2d1d3f8036101dca7ee39e585"},"breadcrumb":{"@id":"https:\/\/quehacerpolitico.mx\/?p=85693#breadcrumb"},"inLanguage":"es","potentialAction":[{"@type":"ReadAction","target":["https:\/\/quehacerpolitico.mx\/?p=85693"]}]},{"@type":"ImageObject","inLanguage":"es","@id":"https:\/\/quehacerpolitico.mx\/?p=85693#primaryimage","url":"https:\/\/quehacerpolitico.mx\/wp-content\/uploads\/2021\/10\/32CE586C-788D-4568-AB74-21A1137B10B0.jpeg","contentUrl":"https:\/\/quehacerpolitico.mx\/wp-content\/uploads\/2021\/10\/32CE586C-788D-4568-AB74-21A1137B10B0.jpeg","width":739,"height":415},{"@type":"BreadcrumbList","@id":"https:\/\/quehacerpolitico.mx\/?p=85693#breadcrumb","itemListElement":[{"@type":"ListItem","position":1,"name":"Inicio","item":"https:\/\/quehacerpolitico.mx\/"},{"@type":"ListItem","position":2,"name":"Roma dedicar\u00e1 una calle a Gabriel Garc\u00eda M\u00e1rquez"}]},{"@type":"WebSite","@id":"https:\/\/quehacerpolitico.mx\/#website","url":"https:\/\/quehacerpolitico.mx\/","name":"","description":"","potentialAction":[{"@type":"SearchAction","target":{"@type":"EntryPoint","urlTemplate":"https:\/\/quehacerpolitico.mx\/?s={search_term_string}"},"query-input":{"@type":"PropertyValueSpecification","valueRequired":true,"valueName":"search_term_string"}}],"inLanguage":"es"},{"@type":"Person","@id":"https:\/\/quehacerpolitico.mx\/#\/schema\/person\/496d8ad2d1d3f8036101dca7ee39e585","name":"Redacci\u00f3n QP","image":{"@type":"ImageObject","inLanguage":"es","@id":"https:\/\/secure.gravatar.com\/avatar\/c7164ed6fdec453195284ad24a5ae5b6e1eed2b848477fa2a4787ba9adf39a41?s=96&d=mm&r=g","url":"https:\/\/secure.gravatar.com\/avatar\/c7164ed6fdec453195284ad24a5ae5b6e1eed2b848477fa2a4787ba9adf39a41?s=96&d=mm&r=g","contentUrl":"https:\/\/secure.gravatar.com\/avatar\/c7164ed6fdec453195284ad24a5ae5b6e1eed2b848477fa2a4787ba9adf39a41?s=96&d=mm&r=g","caption":"Redacci\u00f3n QP"},"url":"https:\/\/quehacerpolitico.mx\/?author=2"}]}},"featured_image_urls":{"full":["https:\/\/quehacerpolitico.mx\/wp-content\/uploads\/2021\/10\/32CE586C-788D-4568-AB74-21A1137B10B0.jpeg",739,415,false],"thumbnail":["https:\/\/quehacerpolitico.mx\/wp-content\/uploads\/2021\/10\/32CE586C-788D-4568-AB74-21A1137B10B0-150x150.jpeg",150,150,true],"medium":["https:\/\/quehacerpolitico.mx\/wp-content\/uploads\/2021\/10\/32CE586C-788D-4568-AB74-21A1137B10B0-300x168.jpeg",300,168,true],"medium_large":["https:\/\/quehacerpolitico.mx\/wp-content\/uploads\/2021\/10\/32CE586C-788D-4568-AB74-21A1137B10B0.jpeg",640,359,false],"large":["https:\/\/quehacerpolitico.mx\/wp-content\/uploads\/2021\/10\/32CE586C-788D-4568-AB74-21A1137B10B0.jpeg",640,359,false],"1536x1536":["https:\/\/quehacerpolitico.mx\/wp-content\/uploads\/2021\/10\/32CE586C-788D-4568-AB74-21A1137B10B0.jpeg",739,415,false],"2048x2048":["https:\/\/quehacerpolitico.mx\/wp-content\/uploads\/2021\/10\/32CE586C-788D-4568-AB74-21A1137B10B0.jpeg",739,415,false],"covernews-featured":["https:\/\/quehacerpolitico.mx\/wp-content\/uploads\/2021\/10\/32CE586C-788D-4568-AB74-21A1137B10B0.jpeg",739,415,false],"covernews-medium":["https:\/\/quehacerpolitico.mx\/wp-content\/uploads\/2021\/10\/32CE586C-788D-4568-AB74-21A1137B10B0.jpeg",540,303,false]},"author_info":{"display_name":"Redacci\u00f3n QP","author_link":"https:\/\/quehacerpolitico.mx\/?author=2"},"category_info":"<a href=\"https:\/\/quehacerpolitico.mx\/?cat=58\" rel=\"category\">Cultura y Entretenimiento<\/a>","tag_info":"Cultura y Entretenimiento","comment_count":"0","_links":{"self":[{"href":"https:\/\/quehacerpolitico.mx\/index.php?rest_route=\/wp\/v2\/posts\/85693","targetHints":{"allow":["GET"]}}],"collection":[{"href":"https:\/\/quehacerpolitico.mx\/index.php?rest_route=\/wp\/v2\/posts"}],"about":[{"href":"https:\/\/quehacerpolitico.mx\/index.php?rest_route=\/wp\/v2\/types\/post"}],"author":[{"embeddable":true,"href":"https:\/\/quehacerpolitico.mx\/index.php?rest_route=\/wp\/v2\/users\/2"}],"replies":[{"embeddable":true,"href":"https:\/\/quehacerpolitico.mx\/index.php?rest_route=%2Fwp%2Fv2%2Fcomments&post=85693"}],"version-history":[{"count":1,"href":"https:\/\/quehacerpolitico.mx\/index.php?rest_route=\/wp\/v2\/posts\/85693\/revisions"}],"predecessor-version":[{"id":85695,"href":"https:\/\/quehacerpolitico.mx\/index.php?rest_route=\/wp\/v2\/posts\/85693\/revisions\/85695"}],"wp:featuredmedia":[{"embeddable":true,"href":"https:\/\/quehacerpolitico.mx\/index.php?rest_route=\/wp\/v2\/media\/85694"}],"wp:attachment":[{"href":"https:\/\/quehacerpolitico.mx\/index.php?rest_route=%2Fwp%2Fv2%2Fmedia&parent=85693"}],"wp:term":[{"taxonomy":"category","embeddable":true,"href":"https:\/\/quehacerpolitico.mx\/index.php?rest_route=%2Fwp%2Fv2%2Fcategories&post=85693"},{"taxonomy":"post_tag","embeddable":true,"href":"https:\/\/quehacerpolitico.mx\/index.php?rest_route=%2Fwp%2Fv2%2Ftags&post=85693"}],"curies":[{"name":"wp","href":"https:\/\/api.w.org\/{rel}","templated":true}]}}