{"id":85681,"date":"2021-10-14T03:16:26","date_gmt":"2021-10-14T03:16:26","guid":{"rendered":"https:\/\/quehacerpolitico.mx\/?p=85681"},"modified":"2021-10-14T03:16:28","modified_gmt":"2021-10-14T03:16:28","slug":"dos-bocas-acusan-uso-de-gas-lacrimogeno-contra-protesta-en-la-refineria","status":"publish","type":"post","link":"https:\/\/quehacerpolitico.mx\/?p=85681","title":{"rendered":"Dos Bocas: Acusan uso de gas lacrim\u00f3geno contra protesta en la refiner\u00eda"},"content":{"rendered":"\n<p>Por Redacci\u00f3n QP<\/p>\n\n\n\n<p>Trabajadores en huelga denuncian un enfrentamiento con polic\u00edas antimotines en la construcci\u00f3n de Dos Bocas<\/p>\n\n\n\n<figure class=\"wp-block-image\"><img decoding=\"async\" src=\"https:\/\/www.informador.mx\/__export\/1634153274288\/sites\/elinformador\/img\/2021\/10\/13\/13dosbocas.jpg_1970638775.jpg\" alt=\"Un trabajador de la empresa Ica Fluor muestra hoy algunos proyectiles con los que \u00e9l y compa\u00f1eros argumentan que fueron agredidos por la polic\u00eda en la refiner\u00eda en construcci\u00f3n de Dos Bocas, en Tabasco. EFE\/M. L\u00f3pez\" title=\"Un trabajador de la empresa Ica Fluor muestra hoy algunos proyectiles con los que \u00e9l y compa\u00f1eros argumentan que fueron agredidos por la polic\u00eda en la refiner\u00eda en construcci\u00f3n de Dos Bocas, en Tabasco. EFE\/M. L\u00f3pez\"\/><figcaption>Un trabajador de la empresa Ica Fluor muestra hoy algunos proyectiles con los que \u00e9l y compa\u00f1eros argumentan que fueron agredidos por la polic\u00eda en la refiner\u00eda en construcci\u00f3n de Dos Bocas, en Tabasco. EFE\/M. L\u00f3pez<\/figcaption><\/figure>\n\n\n\n<p>Tres heridos fue el saldo de un\u00a0<strong>enfrentamiento\u00a0<\/strong>hoy entre polic\u00edas antimotines que lanzaron\u00a0<strong>gases lacrim\u00f3genos contra empleados<\/strong>\u00a0que mantienen una huelga en la construcci\u00f3n de la refiner\u00eda de Dos Bocas, en\u00a0Tabasco, seg\u00fan\u00a0<strong>denunciaron trabajadores<\/strong>.<\/p>\n\n\n\n<p>El desalojo ocurri\u00f3 a las<strong>\u00a0<\/strong>6:00 hora local, cuando los trabajadores que reclaman aumento salarial y otras prestaciones<strong>\u00a0intentaron ingresar<\/strong>\u00a0a las instalaciones por uno de los accesos principales.<\/p>\n\n\n\n<p>Los tres trabajadores heridos fueron trasladados al hospital del municipio vecino de C\u00e1rdenas.<\/p>\n\n\n\n<figure class=\"wp-block-embed is-type-rich is-provider-twitter wp-block-embed-twitter\"><div class=\"wp-block-embed__wrapper\">\n<blockquote class=\"twitter-tweet\" data-width=\"550\" data-dnt=\"true\"><p lang=\"es\" dir=\"ltr\">En otra toma sobre la misma escena se observan las heridas en la pierna del trabajador transportado.<a href=\"https:\/\/twitter.com\/hashtag\/DosBocas?src=hash&amp;ref_src=twsrc%5Etfw\">#DosBocas<\/a> <a href=\"https:\/\/t.co\/ErcT3qZ3b0\">pic.twitter.com\/ErcT3qZ3b0<\/a><\/p>&mdash; Ruido en la Red (@RuidoEnLaRed) <a href=\"https:\/\/twitter.com\/RuidoEnLaRed\/status\/1448304220868841473?ref_src=twsrc%5Etfw\">October 13, 2021<\/a><\/blockquote><script async src=\"https:\/\/platform.twitter.com\/widgets.js\" charset=\"utf-8\"><\/script>\n<\/div><\/figure>\n\n\n\n<p>&#8220;La Polic\u00eda empez\u00f3 a repartir toletazos (garrotazos) a todos lados y una granada de gas lacrim\u00f3geno me roz\u00f3, incluso, estaba transmitiendo en vivo y me volvi\u00f3 a rozar otra en la cabeza. A varios compa\u00f1eros los golpearon y se los llevaron. Tambi\u00e9n\u00a0<strong>dispararon balazos\u00a0<\/strong>y nos tuvimos que alejar&#8221;, narr\u00f3 uno de los obreros que registr\u00f3 en c\u00e1mara la agresi\u00f3n y prefiri\u00f3 guardar anonimato.<\/p>\n\n\n\n<p>&#8220;La Guardia Nacional informa que al momento no participa en&nbsp;<strong>ninguna diligencia relacionada con la refiner\u00eda de Dos Bocas&nbsp;<\/strong>en Tabasco&#8221;, inform\u00f3 a su vez la Secretar\u00eda de Seguridad y Protecci\u00f3n Ciudadana (SSPC) en M\u00e9xico en Twitter.<\/p>\n\n\n\n<p>Los\u00a0<strong>m\u00e1s mil 500 trabajadores inconformes<\/strong>\u00a0-de la empresa\u00a0<strong>Ica Fluor-<\/strong>\u00a0 se mostraron preocupados tras la agresi\u00f3n y la falta de respuesta de las autoridades.<\/p>\n\n\n\n<p>&#8220;No sabemos si vamos a trabajar o qu\u00e9 acuerdos se vayan a tomar. Ma\u00f1ana sigue esto y viene toda la gente&#8221;, expres\u00f3 otro trabajador.<\/p>\n\n\n\n<p>La huelga inici\u00f3 el martes y cumple ahora su&nbsp;<strong>segundo d\u00eda.<\/strong><\/p>\n\n\n\n<p>A trav\u00e9s de las redes sociales, los obreros dieron cuenta de su manifestaci\u00f3n y denunciaron que son objeto de explotaci\u00f3n laboral.<\/p>\n\n\n\n<p>Los inconformes aseguran que&nbsp;<strong>no retomar\u00e1n sus labores&nbsp;<\/strong>en tanto no cumplan sus demandas.<\/p>\n\n\n\n<figure class=\"wp-block-image\"><img decoding=\"async\" src=\"https:\/\/www.informador.mx\/__export\/1634153974207\/sites\/elinformador\/img\/2021\/10\/13\/dosbocas13efew_crop1634153973523.jpg_674994428.jpg\" alt=\"\"\/><figcaption>Polic\u00edas llegan a las inmediaciones de la refiner\u00eda Dos bocas para disolver la protesta. EFE\/M. L\u00f3pez&nbsp;<\/figcaption><\/figure>\n\n\n\n<h2 class=\"wp-block-heading\">ICA&nbsp;Fluor se\u00f1ala a&nbsp;personas ajenas de organizar protestas<\/h2>\n\n\n\n<p>En un bolet\u00edn, la empresa ICA Fluor asegur\u00f3 que cumple con las &#8220;obligaciones patronales, salariales, seguridad social, f\u00edsica e integral&#8221; de los trabajadores y conforme a lo acordado con el sindicato.<\/p>\n\n\n\n<p>Y en contraste con la SSPC, asever\u00f3: &#8220;Elementos de seguridad de la Guardia Nacional y la Secretar\u00eda de Marina resguardan las instalaciones federales para proteger a los trabajadores ante las protestas y provocaciones que se han presentado,&nbsp;<strong>organizadas por algunas personas no identificadas&nbsp;<\/strong>ni reconocidas en el contrato colectivo de trabajo que se tiene con la empresa&#8221;.<\/p>\n\n\n\n<p>Sobre el conflicto laboral, el Presidente de M\u00e9xico, Andr\u00e9s Manuel L\u00f3pez Obrador, respondi\u00f3 este mi\u00e9rcoles que se trata de\u00a0un conflicto entre sindicatos que se disputan la titularidad de contratos. Y adem\u00e1s, afirm\u00f3 que el paro de labores es moment\u00e1neo.<\/p>\n\n\n\n<p>Con un costo de unos 8 mil 900 millones de d\u00f3lares, la refiner\u00eda es una de las principales obras del Gobierno de L\u00f3pez Obrador, adem\u00e1s de la rehabilitaci\u00f3n de las seis ya existentes.<\/p>\n\n\n\n<p>El presidente busca fortalecer la petrolera estatal Pemex e impulsar proyectos como el de esta refiner\u00eda en Tabasco con el fin de lograr autosuficiencia energ\u00e9tica.<\/p>\n\n\n\n<p>Pero esta refiner\u00eda, as\u00ed como el nuevo aeropuerto capitalino o el Tren Maya, han despertado cr\u00edticas de pol\u00edticos opositores y activistas por su impacto ambiental y concentraci\u00f3n desproporcionada del presupuesto p\u00fablico.<\/p>\n\n\n\n<p>Con Informaci\u00f3n de EFE<\/p>\n","protected":false},"excerpt":{"rendered":"<p>Por Redacci\u00f3n QP Trabajadores en huelga denuncian un enfrentamiento con polic\u00edas antimotines en la construcci\u00f3n&#8230;<\/p>\n","protected":false},"author":2,"featured_media":85682,"comment_status":"open","ping_status":"open","sticky":false,"template":"","format":"standard","meta":{"_monsterinsights_skip_tracking":false,"_monsterinsights_sitenote_active":false,"_monsterinsights_sitenote_note":"","_monsterinsights_sitenote_category":0,"footnotes":""},"categories":[2],"tags":[],"class_list":["post-85681","post","type-post","status-publish","format-standard","has-post-thumbnail","hentry","category-noticias"],"yoast_head":"<!-- This site is optimized with the Yoast SEO plugin v27.3 - https:\/\/yoast.com\/product\/yoast-seo-wordpress\/ -->\n<title>Dos Bocas: Acusan uso de gas lacrim\u00f3geno contra protesta en la refiner\u00eda -<\/title>\n<meta name=\"robots\" content=\"index, follow, max-snippet:-1, max-image-preview:large, max-video-preview:-1\" \/>\n<link rel=\"canonical\" href=\"https:\/\/quehacerpolitico.mx\/?p=85681\" \/>\n<meta property=\"og:locale\" content=\"es_MX\" \/>\n<meta property=\"og:type\" content=\"article\" \/>\n<meta property=\"og:title\" content=\"Dos Bocas: Acusan uso de gas lacrim\u00f3geno contra protesta en la refiner\u00eda -\" \/>\n<meta property=\"og:description\" content=\"Por Redacci\u00f3n QP Trabajadores en huelga denuncian un enfrentamiento con polic\u00edas antimotines en la construcci\u00f3n...\" \/>\n<meta property=\"og:url\" content=\"https:\/\/quehacerpolitico.mx\/?p=85681\" \/>\n<meta property=\"article:published_time\" content=\"2021-10-14T03:16:26+00:00\" \/>\n<meta property=\"article:modified_time\" content=\"2021-10-14T03:16:28+00:00\" \/>\n<meta property=\"og:image\" content=\"https:\/\/quehacerpolitico.mx\/wp-content\/uploads\/2021\/10\/54431EDE-1F5F-4CEC-8EAD-BC8D6ABC74ED.webp\" \/>\n\t<meta property=\"og:image:width\" content=\"980\" \/>\n\t<meta property=\"og:image:height\" content=\"550\" \/>\n\t<meta property=\"og:image:type\" content=\"image\/webp\" \/>\n<meta name=\"author\" content=\"Redacci\u00f3n QP\" \/>\n<meta name=\"twitter:card\" content=\"summary_large_image\" \/>\n<meta name=\"twitter:label1\" content=\"Escrito por\" \/>\n\t<meta name=\"twitter:data1\" content=\"Redacci\u00f3n QP\" \/>\n\t<meta name=\"twitter:label2\" content=\"Tiempo de lectura\" \/>\n\t<meta name=\"twitter:data2\" content=\"3 minutos\" \/>\n<script type=\"application\/ld+json\" class=\"yoast-schema-graph\">{\"@context\":\"https:\\\/\\\/schema.org\",\"@graph\":[{\"@type\":\"Article\",\"@id\":\"https:\\\/\\\/quehacerpolitico.mx\\\/?p=85681#article\",\"isPartOf\":{\"@id\":\"https:\\\/\\\/quehacerpolitico.mx\\\/?p=85681\"},\"author\":{\"name\":\"Redacci\u00f3n QP\",\"@id\":\"https:\\\/\\\/quehacerpolitico.mx\\\/#\\\/schema\\\/person\\\/496d8ad2d1d3f8036101dca7ee39e585\"},\"headline\":\"Dos Bocas: Acusan uso de gas lacrim\u00f3geno contra protesta en la refiner\u00eda\",\"datePublished\":\"2021-10-14T03:16:26+00:00\",\"dateModified\":\"2021-10-14T03:16:28+00:00\",\"mainEntityOfPage\":{\"@id\":\"https:\\\/\\\/quehacerpolitico.mx\\\/?p=85681\"},\"wordCount\":660,\"commentCount\":0,\"image\":{\"@id\":\"https:\\\/\\\/quehacerpolitico.mx\\\/?p=85681#primaryimage\"},\"thumbnailUrl\":\"https:\\\/\\\/quehacerpolitico.mx\\\/wp-content\\\/uploads\\\/2021\\\/10\\\/54431EDE-1F5F-4CEC-8EAD-BC8D6ABC74ED.webp\",\"articleSection\":[\"Noticias\"],\"inLanguage\":\"es\",\"potentialAction\":[{\"@type\":\"CommentAction\",\"name\":\"Comment\",\"target\":[\"https:\\\/\\\/quehacerpolitico.mx\\\/?p=85681#respond\"]}]},{\"@type\":\"WebPage\",\"@id\":\"https:\\\/\\\/quehacerpolitico.mx\\\/?p=85681\",\"url\":\"https:\\\/\\\/quehacerpolitico.mx\\\/?p=85681\",\"name\":\"Dos Bocas: Acusan uso de gas lacrim\u00f3geno contra protesta en la refiner\u00eda -\",\"isPartOf\":{\"@id\":\"https:\\\/\\\/quehacerpolitico.mx\\\/#website\"},\"primaryImageOfPage\":{\"@id\":\"https:\\\/\\\/quehacerpolitico.mx\\\/?p=85681#primaryimage\"},\"image\":{\"@id\":\"https:\\\/\\\/quehacerpolitico.mx\\\/?p=85681#primaryimage\"},\"thumbnailUrl\":\"https:\\\/\\\/quehacerpolitico.mx\\\/wp-content\\\/uploads\\\/2021\\\/10\\\/54431EDE-1F5F-4CEC-8EAD-BC8D6ABC74ED.webp\",\"datePublished\":\"2021-10-14T03:16:26+00:00\",\"dateModified\":\"2021-10-14T03:16:28+00:00\",\"author\":{\"@id\":\"https:\\\/\\\/quehacerpolitico.mx\\\/#\\\/schema\\\/person\\\/496d8ad2d1d3f8036101dca7ee39e585\"},\"breadcrumb\":{\"@id\":\"https:\\\/\\\/quehacerpolitico.mx\\\/?p=85681#breadcrumb\"},\"inLanguage\":\"es\",\"potentialAction\":[{\"@type\":\"ReadAction\",\"target\":[\"https:\\\/\\\/quehacerpolitico.mx\\\/?p=85681\"]}]},{\"@type\":\"ImageObject\",\"inLanguage\":\"es\",\"@id\":\"https:\\\/\\\/quehacerpolitico.mx\\\/?p=85681#primaryimage\",\"url\":\"https:\\\/\\\/quehacerpolitico.mx\\\/wp-content\\\/uploads\\\/2021\\\/10\\\/54431EDE-1F5F-4CEC-8EAD-BC8D6ABC74ED.webp\",\"contentUrl\":\"https:\\\/\\\/quehacerpolitico.mx\\\/wp-content\\\/uploads\\\/2021\\\/10\\\/54431EDE-1F5F-4CEC-8EAD-BC8D6ABC74ED.webp\",\"width\":980,\"height\":550},{\"@type\":\"BreadcrumbList\",\"@id\":\"https:\\\/\\\/quehacerpolitico.mx\\\/?p=85681#breadcrumb\",\"itemListElement\":[{\"@type\":\"ListItem\",\"position\":1,\"name\":\"Inicio\",\"item\":\"https:\\\/\\\/quehacerpolitico.mx\\\/\"},{\"@type\":\"ListItem\",\"position\":2,\"name\":\"Dos Bocas: Acusan uso de gas lacrim\u00f3geno contra protesta en la refiner\u00eda\"}]},{\"@type\":\"WebSite\",\"@id\":\"https:\\\/\\\/quehacerpolitico.mx\\\/#website\",\"url\":\"https:\\\/\\\/quehacerpolitico.mx\\\/\",\"name\":\"\",\"description\":\"\",\"potentialAction\":[{\"@type\":\"SearchAction\",\"target\":{\"@type\":\"EntryPoint\",\"urlTemplate\":\"https:\\\/\\\/quehacerpolitico.mx\\\/?s={search_term_string}\"},\"query-input\":{\"@type\":\"PropertyValueSpecification\",\"valueRequired\":true,\"valueName\":\"search_term_string\"}}],\"inLanguage\":\"es\"},{\"@type\":\"Person\",\"@id\":\"https:\\\/\\\/quehacerpolitico.mx\\\/#\\\/schema\\\/person\\\/496d8ad2d1d3f8036101dca7ee39e585\",\"name\":\"Redacci\u00f3n QP\",\"image\":{\"@type\":\"ImageObject\",\"inLanguage\":\"es\",\"@id\":\"https:\\\/\\\/secure.gravatar.com\\\/avatar\\\/c7164ed6fdec453195284ad24a5ae5b6e1eed2b848477fa2a4787ba9adf39a41?s=96&d=mm&r=g\",\"url\":\"https:\\\/\\\/secure.gravatar.com\\\/avatar\\\/c7164ed6fdec453195284ad24a5ae5b6e1eed2b848477fa2a4787ba9adf39a41?s=96&d=mm&r=g\",\"contentUrl\":\"https:\\\/\\\/secure.gravatar.com\\\/avatar\\\/c7164ed6fdec453195284ad24a5ae5b6e1eed2b848477fa2a4787ba9adf39a41?s=96&d=mm&r=g\",\"caption\":\"Redacci\u00f3n QP\"},\"url\":\"https:\\\/\\\/quehacerpolitico.mx\\\/?author=2\"}]}<\/script>\n<!-- \/ Yoast SEO plugin. -->","yoast_head_json":{"title":"Dos Bocas: Acusan uso de gas lacrim\u00f3geno contra protesta en la refiner\u00eda -","robots":{"index":"index","follow":"follow","max-snippet":"max-snippet:-1","max-image-preview":"max-image-preview:large","max-video-preview":"max-video-preview:-1"},"canonical":"https:\/\/quehacerpolitico.mx\/?p=85681","og_locale":"es_MX","og_type":"article","og_title":"Dos Bocas: Acusan uso de gas lacrim\u00f3geno contra protesta en la refiner\u00eda -","og_description":"Por Redacci\u00f3n QP Trabajadores en huelga denuncian un enfrentamiento con polic\u00edas antimotines en la construcci\u00f3n...","og_url":"https:\/\/quehacerpolitico.mx\/?p=85681","article_published_time":"2021-10-14T03:16:26+00:00","article_modified_time":"2021-10-14T03:16:28+00:00","og_image":[{"width":980,"height":550,"url":"https:\/\/quehacerpolitico.mx\/wp-content\/uploads\/2021\/10\/54431EDE-1F5F-4CEC-8EAD-BC8D6ABC74ED.webp","type":"image\/webp"}],"author":"Redacci\u00f3n QP","twitter_card":"summary_large_image","twitter_misc":{"Escrito por":"Redacci\u00f3n QP","Tiempo de lectura":"3 minutos"},"schema":{"@context":"https:\/\/schema.org","@graph":[{"@type":"Article","@id":"https:\/\/quehacerpolitico.mx\/?p=85681#article","isPartOf":{"@id":"https:\/\/quehacerpolitico.mx\/?p=85681"},"author":{"name":"Redacci\u00f3n QP","@id":"https:\/\/quehacerpolitico.mx\/#\/schema\/person\/496d8ad2d1d3f8036101dca7ee39e585"},"headline":"Dos Bocas: Acusan uso de gas lacrim\u00f3geno contra protesta en la refiner\u00eda","datePublished":"2021-10-14T03:16:26+00:00","dateModified":"2021-10-14T03:16:28+00:00","mainEntityOfPage":{"@id":"https:\/\/quehacerpolitico.mx\/?p=85681"},"wordCount":660,"commentCount":0,"image":{"@id":"https:\/\/quehacerpolitico.mx\/?p=85681#primaryimage"},"thumbnailUrl":"https:\/\/quehacerpolitico.mx\/wp-content\/uploads\/2021\/10\/54431EDE-1F5F-4CEC-8EAD-BC8D6ABC74ED.webp","articleSection":["Noticias"],"inLanguage":"es","potentialAction":[{"@type":"CommentAction","name":"Comment","target":["https:\/\/quehacerpolitico.mx\/?p=85681#respond"]}]},{"@type":"WebPage","@id":"https:\/\/quehacerpolitico.mx\/?p=85681","url":"https:\/\/quehacerpolitico.mx\/?p=85681","name":"Dos Bocas: Acusan uso de gas lacrim\u00f3geno contra protesta en la refiner\u00eda -","isPartOf":{"@id":"https:\/\/quehacerpolitico.mx\/#website"},"primaryImageOfPage":{"@id":"https:\/\/quehacerpolitico.mx\/?p=85681#primaryimage"},"image":{"@id":"https:\/\/quehacerpolitico.mx\/?p=85681#primaryimage"},"thumbnailUrl":"https:\/\/quehacerpolitico.mx\/wp-content\/uploads\/2021\/10\/54431EDE-1F5F-4CEC-8EAD-BC8D6ABC74ED.webp","datePublished":"2021-10-14T03:16:26+00:00","dateModified":"2021-10-14T03:16:28+00:00","author":{"@id":"https:\/\/quehacerpolitico.mx\/#\/schema\/person\/496d8ad2d1d3f8036101dca7ee39e585"},"breadcrumb":{"@id":"https:\/\/quehacerpolitico.mx\/?p=85681#breadcrumb"},"inLanguage":"es","potentialAction":[{"@type":"ReadAction","target":["https:\/\/quehacerpolitico.mx\/?p=85681"]}]},{"@type":"ImageObject","inLanguage":"es","@id":"https:\/\/quehacerpolitico.mx\/?p=85681#primaryimage","url":"https:\/\/quehacerpolitico.mx\/wp-content\/uploads\/2021\/10\/54431EDE-1F5F-4CEC-8EAD-BC8D6ABC74ED.webp","contentUrl":"https:\/\/quehacerpolitico.mx\/wp-content\/uploads\/2021\/10\/54431EDE-1F5F-4CEC-8EAD-BC8D6ABC74ED.webp","width":980,"height":550},{"@type":"BreadcrumbList","@id":"https:\/\/quehacerpolitico.mx\/?p=85681#breadcrumb","itemListElement":[{"@type":"ListItem","position":1,"name":"Inicio","item":"https:\/\/quehacerpolitico.mx\/"},{"@type":"ListItem","position":2,"name":"Dos Bocas: Acusan uso de gas lacrim\u00f3geno contra protesta en la refiner\u00eda"}]},{"@type":"WebSite","@id":"https:\/\/quehacerpolitico.mx\/#website","url":"https:\/\/quehacerpolitico.mx\/","name":"","description":"","potentialAction":[{"@type":"SearchAction","target":{"@type":"EntryPoint","urlTemplate":"https:\/\/quehacerpolitico.mx\/?s={search_term_string}"},"query-input":{"@type":"PropertyValueSpecification","valueRequired":true,"valueName":"search_term_string"}}],"inLanguage":"es"},{"@type":"Person","@id":"https:\/\/quehacerpolitico.mx\/#\/schema\/person\/496d8ad2d1d3f8036101dca7ee39e585","name":"Redacci\u00f3n QP","image":{"@type":"ImageObject","inLanguage":"es","@id":"https:\/\/secure.gravatar.com\/avatar\/c7164ed6fdec453195284ad24a5ae5b6e1eed2b848477fa2a4787ba9adf39a41?s=96&d=mm&r=g","url":"https:\/\/secure.gravatar.com\/avatar\/c7164ed6fdec453195284ad24a5ae5b6e1eed2b848477fa2a4787ba9adf39a41?s=96&d=mm&r=g","contentUrl":"https:\/\/secure.gravatar.com\/avatar\/c7164ed6fdec453195284ad24a5ae5b6e1eed2b848477fa2a4787ba9adf39a41?s=96&d=mm&r=g","caption":"Redacci\u00f3n QP"},"url":"https:\/\/quehacerpolitico.mx\/?author=2"}]}},"featured_image_urls":{"full":["https:\/\/quehacerpolitico.mx\/wp-content\/uploads\/2021\/10\/54431EDE-1F5F-4CEC-8EAD-BC8D6ABC74ED.webp",980,550,false],"thumbnail":["https:\/\/quehacerpolitico.mx\/wp-content\/uploads\/2021\/10\/54431EDE-1F5F-4CEC-8EAD-BC8D6ABC74ED-150x150.webp",150,150,true],"medium":["https:\/\/quehacerpolitico.mx\/wp-content\/uploads\/2021\/10\/54431EDE-1F5F-4CEC-8EAD-BC8D6ABC74ED-300x168.webp",300,168,true],"medium_large":["https:\/\/quehacerpolitico.mx\/wp-content\/uploads\/2021\/10\/54431EDE-1F5F-4CEC-8EAD-BC8D6ABC74ED-768x431.webp",640,359,true],"large":["https:\/\/quehacerpolitico.mx\/wp-content\/uploads\/2021\/10\/54431EDE-1F5F-4CEC-8EAD-BC8D6ABC74ED.webp",640,359,false],"1536x1536":["https:\/\/quehacerpolitico.mx\/wp-content\/uploads\/2021\/10\/54431EDE-1F5F-4CEC-8EAD-BC8D6ABC74ED.webp",980,550,false],"2048x2048":["https:\/\/quehacerpolitico.mx\/wp-content\/uploads\/2021\/10\/54431EDE-1F5F-4CEC-8EAD-BC8D6ABC74ED.webp",980,550,false],"covernews-featured":["https:\/\/quehacerpolitico.mx\/wp-content\/uploads\/2021\/10\/54431EDE-1F5F-4CEC-8EAD-BC8D6ABC74ED.webp",980,550,false],"covernews-medium":["https:\/\/quehacerpolitico.mx\/wp-content\/uploads\/2021\/10\/54431EDE-1F5F-4CEC-8EAD-BC8D6ABC74ED.webp",540,303,false]},"author_info":{"display_name":"Redacci\u00f3n QP","author_link":"https:\/\/quehacerpolitico.mx\/?author=2"},"category_info":"<a href=\"https:\/\/quehacerpolitico.mx\/?cat=2\" rel=\"category\">Noticias<\/a>","tag_info":"Noticias","comment_count":"0","_links":{"self":[{"href":"https:\/\/quehacerpolitico.mx\/index.php?rest_route=\/wp\/v2\/posts\/85681","targetHints":{"allow":["GET"]}}],"collection":[{"href":"https:\/\/quehacerpolitico.mx\/index.php?rest_route=\/wp\/v2\/posts"}],"about":[{"href":"https:\/\/quehacerpolitico.mx\/index.php?rest_route=\/wp\/v2\/types\/post"}],"author":[{"embeddable":true,"href":"https:\/\/quehacerpolitico.mx\/index.php?rest_route=\/wp\/v2\/users\/2"}],"replies":[{"embeddable":true,"href":"https:\/\/quehacerpolitico.mx\/index.php?rest_route=%2Fwp%2Fv2%2Fcomments&post=85681"}],"version-history":[{"count":1,"href":"https:\/\/quehacerpolitico.mx\/index.php?rest_route=\/wp\/v2\/posts\/85681\/revisions"}],"predecessor-version":[{"id":85683,"href":"https:\/\/quehacerpolitico.mx\/index.php?rest_route=\/wp\/v2\/posts\/85681\/revisions\/85683"}],"wp:featuredmedia":[{"embeddable":true,"href":"https:\/\/quehacerpolitico.mx\/index.php?rest_route=\/wp\/v2\/media\/85682"}],"wp:attachment":[{"href":"https:\/\/quehacerpolitico.mx\/index.php?rest_route=%2Fwp%2Fv2%2Fmedia&parent=85681"}],"wp:term":[{"taxonomy":"category","embeddable":true,"href":"https:\/\/quehacerpolitico.mx\/index.php?rest_route=%2Fwp%2Fv2%2Fcategories&post=85681"},{"taxonomy":"post_tag","embeddable":true,"href":"https:\/\/quehacerpolitico.mx\/index.php?rest_route=%2Fwp%2Fv2%2Ftags&post=85681"}],"curies":[{"name":"wp","href":"https:\/\/api.w.org\/{rel}","templated":true}]}}