{"id":85678,"date":"2021-10-14T02:46:31","date_gmt":"2021-10-14T02:46:31","guid":{"rendered":"https:\/\/quehacerpolitico.mx\/?p=85678"},"modified":"2021-10-14T02:46:33","modified_gmt":"2021-10-14T02:46:33","slug":"enfrentamiento-en-dos-bocas-sin-relacion-con-pemex-presidencia","status":"publish","type":"post","link":"https:\/\/quehacerpolitico.mx\/?p=85678","title":{"rendered":"Enfrentamiento en Dos Bocas, sin relaci\u00f3n con Pemex: Presidencia"},"content":{"rendered":"\n<p>Por Redacci\u00f3n QP<\/p>\n\n\n\n<p>El vocero Jes\u00fas Ram\u00edrez lament\u00f3 el hecho y conden\u00f3 la violencia, aunque dijo respetar las protestas laborales<\/p>\n\n\n\n<figure class=\"wp-block-image\"><img decoding=\"async\" src=\"https:\/\/www.informador.mx\/__export\/1634176153694\/sites\/elinformador\/img\/2021\/10\/13\/bocas2_crop1634176141224.jpg_788543494.jpg\" alt=\"Jes\u00fas Ram\u00edrez asegur\u00f3 que los trabajadores de las empresas de Dos Bocas reciben las mejores condiciones laborales posibles. EFE\/M. L\u00f3pez\"\/><figcaption>Jes\u00fas Ram\u00edrez asegur\u00f3 que los trabajadores de las empresas de Dos Bocas reciben las mejores condiciones laborales posibles. EFE\/M. L\u00f3pez<\/figcaption><\/figure>\n\n\n\n<p>El vocero de la Presidencia de la Rep\u00fablica, Jes\u00fas Ram\u00edrez Cuevas, asegur\u00f3 que el enfrentamiento en la refiner\u00eda de Dos Bocas, en Tabasco, es una disputa sindical y no es relacionado con\u00a0Pemex, por lo que lament\u00f3 el hecho y conden\u00f3 la violencia, aunque dijo respetar las protestas laborales.<\/p>\n\n\n\n<figure class=\"wp-block-embed is-type-video is-provider-youtube wp-block-embed-youtube wp-embed-aspect-16-9 wp-has-aspect-ratio\"><div class=\"wp-block-embed__wrapper\">\n<iframe loading=\"lazy\" title=\"Gobierno federal, en contra de represi\u00f3n en protesta de Dos Bocas dice Jes\u00fas Ram\u00edrez\" width=\"640\" height=\"360\" src=\"https:\/\/www.youtube.com\/embed\/mLbTdyAE6B0?feature=oembed\" frameborder=\"0\" allow=\"accelerometer; autoplay; clipboard-write; encrypted-media; gyroscope; picture-in-picture; web-share\" referrerpolicy=\"strict-origin-when-cross-origin\" allowfullscreen><\/iframe>\n<\/div><\/figure>\n\n\n\n<p>En entrevista en la C\u00e1mara de Diputados durante la instalaci\u00f3n de la coordinaci\u00f3n tem\u00e1tica de Medio Ambiente y Recursos Naturales, Ram\u00edrez Cuevas pidi\u00f3 ver cu\u00e1l es el origen del conflicto y se manifest\u00f3 en contra de la represi\u00f3n laboral y del uso de la fuerza p\u00fablica contra la gente, aunque aclar\u00f3 que<strong>\u00a0este enfrentamiento no lo generaron desde el gobierno Federal, sino es un asunto interno de la empresa Ica Fluor.<\/strong><\/p>\n\n\n\n<p>&#8220;Entonces, hay que ver ah\u00ed cu\u00e1l es el origen del conflicto, pero nosotros no estamos ni por la represi\u00f3n ni por el uso de la fuerza p\u00fablica contra la gente. Entonces ah\u00ed hay que ver que el origen no lo provocamos nosotros como gobierno, sino que es un asunto interno de Ica Fluor&#8221;, asent\u00f3.<\/p>\n\n\n\n<p>El funcionario federal agreg\u00f3 que&nbsp;<strong>los trabajadores de las empresas de Dos Bocas reciben las mejores condiciones laborales posibles<\/strong>, como salarios dignos y prestaciones. Obligaci\u00f3n, dijo, que tienen todas las empresas que trabajan con el gobierno.<\/p>\n\n\n\n<p>&#8220;Hay una disputa sindical, no es una disputa con la empresa, sino es de un sindicato contra la titularidad de otro y lo lamentamos. No queremos la violencia, respetamos las protestas laborales. Los trabajadores de Dos Bocas todos reciben las mejores condiciones de trabajo posibles, salarios dignos, prestaciones y esa es la obligaci\u00f3n que tienen todas las empresas que trabajan en las obras del Gobierno&#8221;, consider\u00f3.<\/p>\n\n\n\n<figure class=\"wp-block-embed is-type-rich is-provider-twitter wp-block-embed-twitter\"><div class=\"wp-block-embed__wrapper\">\n<blockquote class=\"twitter-tweet\" data-width=\"550\" data-dnt=\"true\"><p lang=\"es\" dir=\"ltr\">Sobre el conflicto en Dos Bocas, Ica-Flour se\u00f1ala que ha pagado todos los salarios y prestaciones.<br><br>Confirman que las instalaciones de la refiner\u00eda est\u00e1n bajo resguardo de la Guardia Nacional; acusan que las protestas son organizadas por personas que no trabajan en la empresa. <a href=\"https:\/\/t.co\/Iioqa6VtjX\">pic.twitter.com\/Iioqa6VtjX<\/a><\/p>&mdash; Ruido en la Red (@RuidoEnLaRed) <a href=\"https:\/\/twitter.com\/RuidoEnLaRed\/status\/1448347188791291907?ref_src=twsrc%5Etfw\">October 13, 2021<\/a><\/blockquote><script async src=\"https:\/\/platform.twitter.com\/widgets.js\" charset=\"utf-8\"><\/script>\n<\/div><\/figure>\n\n\n\n<p>Con Informaci\u00f3n de SUN <\/p>\n","protected":false},"excerpt":{"rendered":"<p>Por Redacci\u00f3n QP El vocero Jes\u00fas Ram\u00edrez lament\u00f3 el hecho y conden\u00f3 la violencia, aunque&#8230;<\/p>\n","protected":false},"author":2,"featured_media":85679,"comment_status":"open","ping_status":"open","sticky":false,"template":"","format":"standard","meta":{"_monsterinsights_skip_tracking":false,"_monsterinsights_sitenote_active":false,"_monsterinsights_sitenote_note":"","_monsterinsights_sitenote_category":0,"footnotes":""},"categories":[2],"tags":[],"class_list":["post-85678","post","type-post","status-publish","format-standard","has-post-thumbnail","hentry","category-noticias"],"yoast_head":"<!-- This site is optimized with the Yoast SEO plugin v27.3 - https:\/\/yoast.com\/product\/yoast-seo-wordpress\/ -->\n<title>Enfrentamiento en Dos Bocas, sin relaci\u00f3n con Pemex: Presidencia -<\/title>\n<meta name=\"robots\" content=\"index, follow, max-snippet:-1, max-image-preview:large, max-video-preview:-1\" \/>\n<link rel=\"canonical\" href=\"https:\/\/quehacerpolitico.mx\/?p=85678\" \/>\n<meta property=\"og:locale\" content=\"es_MX\" \/>\n<meta property=\"og:type\" content=\"article\" \/>\n<meta property=\"og:title\" content=\"Enfrentamiento en Dos Bocas, sin relaci\u00f3n con Pemex: Presidencia -\" \/>\n<meta property=\"og:description\" content=\"Por Redacci\u00f3n QP El vocero Jes\u00fas Ram\u00edrez lament\u00f3 el hecho y conden\u00f3 la violencia, aunque...\" \/>\n<meta property=\"og:url\" content=\"https:\/\/quehacerpolitico.mx\/?p=85678\" \/>\n<meta property=\"article:published_time\" content=\"2021-10-14T02:46:31+00:00\" \/>\n<meta property=\"article:modified_time\" content=\"2021-10-14T02:46:33+00:00\" \/>\n<meta property=\"og:image\" content=\"https:\/\/quehacerpolitico.mx\/wp-content\/uploads\/2021\/10\/D95D48C4-F6E3-4AEE-940A-DDF68BBE2804.jpeg\" \/>\n\t<meta property=\"og:image:width\" content=\"1080\" \/>\n\t<meta property=\"og:image:height\" content=\"1238\" \/>\n\t<meta property=\"og:image:type\" content=\"image\/jpeg\" \/>\n<meta name=\"author\" content=\"Redacci\u00f3n QP\" \/>\n<meta name=\"twitter:card\" content=\"summary_large_image\" \/>\n<meta name=\"twitter:label1\" content=\"Escrito por\" \/>\n\t<meta name=\"twitter:data1\" content=\"Redacci\u00f3n QP\" \/>\n\t<meta name=\"twitter:label2\" content=\"Tiempo de lectura\" \/>\n\t<meta name=\"twitter:data2\" content=\"2 minutos\" \/>\n<script type=\"application\/ld+json\" class=\"yoast-schema-graph\">{\"@context\":\"https:\\\/\\\/schema.org\",\"@graph\":[{\"@type\":\"Article\",\"@id\":\"https:\\\/\\\/quehacerpolitico.mx\\\/?p=85678#article\",\"isPartOf\":{\"@id\":\"https:\\\/\\\/quehacerpolitico.mx\\\/?p=85678\"},\"author\":{\"name\":\"Redacci\u00f3n QP\",\"@id\":\"https:\\\/\\\/quehacerpolitico.mx\\\/#\\\/schema\\\/person\\\/496d8ad2d1d3f8036101dca7ee39e585\"},\"headline\":\"Enfrentamiento en Dos Bocas, sin relaci\u00f3n con Pemex: Presidencia\",\"datePublished\":\"2021-10-14T02:46:31+00:00\",\"dateModified\":\"2021-10-14T02:46:33+00:00\",\"mainEntityOfPage\":{\"@id\":\"https:\\\/\\\/quehacerpolitico.mx\\\/?p=85678\"},\"wordCount\":367,\"commentCount\":0,\"image\":{\"@id\":\"https:\\\/\\\/quehacerpolitico.mx\\\/?p=85678#primaryimage\"},\"thumbnailUrl\":\"https:\\\/\\\/quehacerpolitico.mx\\\/wp-content\\\/uploads\\\/2021\\\/10\\\/D95D48C4-F6E3-4AEE-940A-DDF68BBE2804.jpeg\",\"articleSection\":[\"Noticias\"],\"inLanguage\":\"es\",\"potentialAction\":[{\"@type\":\"CommentAction\",\"name\":\"Comment\",\"target\":[\"https:\\\/\\\/quehacerpolitico.mx\\\/?p=85678#respond\"]}]},{\"@type\":\"WebPage\",\"@id\":\"https:\\\/\\\/quehacerpolitico.mx\\\/?p=85678\",\"url\":\"https:\\\/\\\/quehacerpolitico.mx\\\/?p=85678\",\"name\":\"Enfrentamiento en Dos Bocas, sin relaci\u00f3n con Pemex: Presidencia -\",\"isPartOf\":{\"@id\":\"https:\\\/\\\/quehacerpolitico.mx\\\/#website\"},\"primaryImageOfPage\":{\"@id\":\"https:\\\/\\\/quehacerpolitico.mx\\\/?p=85678#primaryimage\"},\"image\":{\"@id\":\"https:\\\/\\\/quehacerpolitico.mx\\\/?p=85678#primaryimage\"},\"thumbnailUrl\":\"https:\\\/\\\/quehacerpolitico.mx\\\/wp-content\\\/uploads\\\/2021\\\/10\\\/D95D48C4-F6E3-4AEE-940A-DDF68BBE2804.jpeg\",\"datePublished\":\"2021-10-14T02:46:31+00:00\",\"dateModified\":\"2021-10-14T02:46:33+00:00\",\"author\":{\"@id\":\"https:\\\/\\\/quehacerpolitico.mx\\\/#\\\/schema\\\/person\\\/496d8ad2d1d3f8036101dca7ee39e585\"},\"breadcrumb\":{\"@id\":\"https:\\\/\\\/quehacerpolitico.mx\\\/?p=85678#breadcrumb\"},\"inLanguage\":\"es\",\"potentialAction\":[{\"@type\":\"ReadAction\",\"target\":[\"https:\\\/\\\/quehacerpolitico.mx\\\/?p=85678\"]}]},{\"@type\":\"ImageObject\",\"inLanguage\":\"es\",\"@id\":\"https:\\\/\\\/quehacerpolitico.mx\\\/?p=85678#primaryimage\",\"url\":\"https:\\\/\\\/quehacerpolitico.mx\\\/wp-content\\\/uploads\\\/2021\\\/10\\\/D95D48C4-F6E3-4AEE-940A-DDF68BBE2804.jpeg\",\"contentUrl\":\"https:\\\/\\\/quehacerpolitico.mx\\\/wp-content\\\/uploads\\\/2021\\\/10\\\/D95D48C4-F6E3-4AEE-940A-DDF68BBE2804.jpeg\",\"width\":1080,\"height\":1238},{\"@type\":\"BreadcrumbList\",\"@id\":\"https:\\\/\\\/quehacerpolitico.mx\\\/?p=85678#breadcrumb\",\"itemListElement\":[{\"@type\":\"ListItem\",\"position\":1,\"name\":\"Inicio\",\"item\":\"https:\\\/\\\/quehacerpolitico.mx\\\/\"},{\"@type\":\"ListItem\",\"position\":2,\"name\":\"Enfrentamiento en Dos Bocas, sin relaci\u00f3n con Pemex: Presidencia\"}]},{\"@type\":\"WebSite\",\"@id\":\"https:\\\/\\\/quehacerpolitico.mx\\\/#website\",\"url\":\"https:\\\/\\\/quehacerpolitico.mx\\\/\",\"name\":\"\",\"description\":\"\",\"potentialAction\":[{\"@type\":\"SearchAction\",\"target\":{\"@type\":\"EntryPoint\",\"urlTemplate\":\"https:\\\/\\\/quehacerpolitico.mx\\\/?s={search_term_string}\"},\"query-input\":{\"@type\":\"PropertyValueSpecification\",\"valueRequired\":true,\"valueName\":\"search_term_string\"}}],\"inLanguage\":\"es\"},{\"@type\":\"Person\",\"@id\":\"https:\\\/\\\/quehacerpolitico.mx\\\/#\\\/schema\\\/person\\\/496d8ad2d1d3f8036101dca7ee39e585\",\"name\":\"Redacci\u00f3n QP\",\"image\":{\"@type\":\"ImageObject\",\"inLanguage\":\"es\",\"@id\":\"https:\\\/\\\/secure.gravatar.com\\\/avatar\\\/c7164ed6fdec453195284ad24a5ae5b6e1eed2b848477fa2a4787ba9adf39a41?s=96&d=mm&r=g\",\"url\":\"https:\\\/\\\/secure.gravatar.com\\\/avatar\\\/c7164ed6fdec453195284ad24a5ae5b6e1eed2b848477fa2a4787ba9adf39a41?s=96&d=mm&r=g\",\"contentUrl\":\"https:\\\/\\\/secure.gravatar.com\\\/avatar\\\/c7164ed6fdec453195284ad24a5ae5b6e1eed2b848477fa2a4787ba9adf39a41?s=96&d=mm&r=g\",\"caption\":\"Redacci\u00f3n QP\"},\"url\":\"https:\\\/\\\/quehacerpolitico.mx\\\/?author=2\"}]}<\/script>\n<!-- \/ Yoast SEO plugin. -->","yoast_head_json":{"title":"Enfrentamiento en Dos Bocas, sin relaci\u00f3n con Pemex: Presidencia -","robots":{"index":"index","follow":"follow","max-snippet":"max-snippet:-1","max-image-preview":"max-image-preview:large","max-video-preview":"max-video-preview:-1"},"canonical":"https:\/\/quehacerpolitico.mx\/?p=85678","og_locale":"es_MX","og_type":"article","og_title":"Enfrentamiento en Dos Bocas, sin relaci\u00f3n con Pemex: Presidencia -","og_description":"Por Redacci\u00f3n QP El vocero Jes\u00fas Ram\u00edrez lament\u00f3 el hecho y conden\u00f3 la violencia, aunque...","og_url":"https:\/\/quehacerpolitico.mx\/?p=85678","article_published_time":"2021-10-14T02:46:31+00:00","article_modified_time":"2021-10-14T02:46:33+00:00","og_image":[{"width":1080,"height":1238,"url":"https:\/\/quehacerpolitico.mx\/wp-content\/uploads\/2021\/10\/D95D48C4-F6E3-4AEE-940A-DDF68BBE2804.jpeg","type":"image\/jpeg"}],"author":"Redacci\u00f3n QP","twitter_card":"summary_large_image","twitter_misc":{"Escrito por":"Redacci\u00f3n QP","Tiempo de lectura":"2 minutos"},"schema":{"@context":"https:\/\/schema.org","@graph":[{"@type":"Article","@id":"https:\/\/quehacerpolitico.mx\/?p=85678#article","isPartOf":{"@id":"https:\/\/quehacerpolitico.mx\/?p=85678"},"author":{"name":"Redacci\u00f3n QP","@id":"https:\/\/quehacerpolitico.mx\/#\/schema\/person\/496d8ad2d1d3f8036101dca7ee39e585"},"headline":"Enfrentamiento en Dos Bocas, sin relaci\u00f3n con Pemex: Presidencia","datePublished":"2021-10-14T02:46:31+00:00","dateModified":"2021-10-14T02:46:33+00:00","mainEntityOfPage":{"@id":"https:\/\/quehacerpolitico.mx\/?p=85678"},"wordCount":367,"commentCount":0,"image":{"@id":"https:\/\/quehacerpolitico.mx\/?p=85678#primaryimage"},"thumbnailUrl":"https:\/\/quehacerpolitico.mx\/wp-content\/uploads\/2021\/10\/D95D48C4-F6E3-4AEE-940A-DDF68BBE2804.jpeg","articleSection":["Noticias"],"inLanguage":"es","potentialAction":[{"@type":"CommentAction","name":"Comment","target":["https:\/\/quehacerpolitico.mx\/?p=85678#respond"]}]},{"@type":"WebPage","@id":"https:\/\/quehacerpolitico.mx\/?p=85678","url":"https:\/\/quehacerpolitico.mx\/?p=85678","name":"Enfrentamiento en Dos Bocas, sin relaci\u00f3n con Pemex: Presidencia -","isPartOf":{"@id":"https:\/\/quehacerpolitico.mx\/#website"},"primaryImageOfPage":{"@id":"https:\/\/quehacerpolitico.mx\/?p=85678#primaryimage"},"image":{"@id":"https:\/\/quehacerpolitico.mx\/?p=85678#primaryimage"},"thumbnailUrl":"https:\/\/quehacerpolitico.mx\/wp-content\/uploads\/2021\/10\/D95D48C4-F6E3-4AEE-940A-DDF68BBE2804.jpeg","datePublished":"2021-10-14T02:46:31+00:00","dateModified":"2021-10-14T02:46:33+00:00","author":{"@id":"https:\/\/quehacerpolitico.mx\/#\/schema\/person\/496d8ad2d1d3f8036101dca7ee39e585"},"breadcrumb":{"@id":"https:\/\/quehacerpolitico.mx\/?p=85678#breadcrumb"},"inLanguage":"es","potentialAction":[{"@type":"ReadAction","target":["https:\/\/quehacerpolitico.mx\/?p=85678"]}]},{"@type":"ImageObject","inLanguage":"es","@id":"https:\/\/quehacerpolitico.mx\/?p=85678#primaryimage","url":"https:\/\/quehacerpolitico.mx\/wp-content\/uploads\/2021\/10\/D95D48C4-F6E3-4AEE-940A-DDF68BBE2804.jpeg","contentUrl":"https:\/\/quehacerpolitico.mx\/wp-content\/uploads\/2021\/10\/D95D48C4-F6E3-4AEE-940A-DDF68BBE2804.jpeg","width":1080,"height":1238},{"@type":"BreadcrumbList","@id":"https:\/\/quehacerpolitico.mx\/?p=85678#breadcrumb","itemListElement":[{"@type":"ListItem","position":1,"name":"Inicio","item":"https:\/\/quehacerpolitico.mx\/"},{"@type":"ListItem","position":2,"name":"Enfrentamiento en Dos Bocas, sin relaci\u00f3n con Pemex: Presidencia"}]},{"@type":"WebSite","@id":"https:\/\/quehacerpolitico.mx\/#website","url":"https:\/\/quehacerpolitico.mx\/","name":"","description":"","potentialAction":[{"@type":"SearchAction","target":{"@type":"EntryPoint","urlTemplate":"https:\/\/quehacerpolitico.mx\/?s={search_term_string}"},"query-input":{"@type":"PropertyValueSpecification","valueRequired":true,"valueName":"search_term_string"}}],"inLanguage":"es"},{"@type":"Person","@id":"https:\/\/quehacerpolitico.mx\/#\/schema\/person\/496d8ad2d1d3f8036101dca7ee39e585","name":"Redacci\u00f3n QP","image":{"@type":"ImageObject","inLanguage":"es","@id":"https:\/\/secure.gravatar.com\/avatar\/c7164ed6fdec453195284ad24a5ae5b6e1eed2b848477fa2a4787ba9adf39a41?s=96&d=mm&r=g","url":"https:\/\/secure.gravatar.com\/avatar\/c7164ed6fdec453195284ad24a5ae5b6e1eed2b848477fa2a4787ba9adf39a41?s=96&d=mm&r=g","contentUrl":"https:\/\/secure.gravatar.com\/avatar\/c7164ed6fdec453195284ad24a5ae5b6e1eed2b848477fa2a4787ba9adf39a41?s=96&d=mm&r=g","caption":"Redacci\u00f3n QP"},"url":"https:\/\/quehacerpolitico.mx\/?author=2"}]}},"featured_image_urls":{"full":["https:\/\/quehacerpolitico.mx\/wp-content\/uploads\/2021\/10\/D95D48C4-F6E3-4AEE-940A-DDF68BBE2804.jpeg",1080,1238,false],"thumbnail":["https:\/\/quehacerpolitico.mx\/wp-content\/uploads\/2021\/10\/D95D48C4-F6E3-4AEE-940A-DDF68BBE2804-150x150.jpeg",150,150,true],"medium":["https:\/\/quehacerpolitico.mx\/wp-content\/uploads\/2021\/10\/D95D48C4-F6E3-4AEE-940A-DDF68BBE2804-262x300.jpeg",262,300,true],"medium_large":["https:\/\/quehacerpolitico.mx\/wp-content\/uploads\/2021\/10\/D95D48C4-F6E3-4AEE-940A-DDF68BBE2804-768x880.jpeg",640,733,true],"large":["https:\/\/quehacerpolitico.mx\/wp-content\/uploads\/2021\/10\/D95D48C4-F6E3-4AEE-940A-DDF68BBE2804-893x1024.jpeg",640,734,true],"1536x1536":["https:\/\/quehacerpolitico.mx\/wp-content\/uploads\/2021\/10\/D95D48C4-F6E3-4AEE-940A-DDF68BBE2804.jpeg",1080,1238,false],"2048x2048":["https:\/\/quehacerpolitico.mx\/wp-content\/uploads\/2021\/10\/D95D48C4-F6E3-4AEE-940A-DDF68BBE2804.jpeg",1080,1238,false],"covernews-featured":["https:\/\/quehacerpolitico.mx\/wp-content\/uploads\/2021\/10\/D95D48C4-F6E3-4AEE-940A-DDF68BBE2804.jpeg",1024,1174,false],"covernews-medium":["https:\/\/quehacerpolitico.mx\/wp-content\/uploads\/2021\/10\/D95D48C4-F6E3-4AEE-940A-DDF68BBE2804.jpeg",297,340,false]},"author_info":{"display_name":"Redacci\u00f3n QP","author_link":"https:\/\/quehacerpolitico.mx\/?author=2"},"category_info":"<a href=\"https:\/\/quehacerpolitico.mx\/?cat=2\" rel=\"category\">Noticias<\/a>","tag_info":"Noticias","comment_count":"0","_links":{"self":[{"href":"https:\/\/quehacerpolitico.mx\/index.php?rest_route=\/wp\/v2\/posts\/85678","targetHints":{"allow":["GET"]}}],"collection":[{"href":"https:\/\/quehacerpolitico.mx\/index.php?rest_route=\/wp\/v2\/posts"}],"about":[{"href":"https:\/\/quehacerpolitico.mx\/index.php?rest_route=\/wp\/v2\/types\/post"}],"author":[{"embeddable":true,"href":"https:\/\/quehacerpolitico.mx\/index.php?rest_route=\/wp\/v2\/users\/2"}],"replies":[{"embeddable":true,"href":"https:\/\/quehacerpolitico.mx\/index.php?rest_route=%2Fwp%2Fv2%2Fcomments&post=85678"}],"version-history":[{"count":1,"href":"https:\/\/quehacerpolitico.mx\/index.php?rest_route=\/wp\/v2\/posts\/85678\/revisions"}],"predecessor-version":[{"id":85680,"href":"https:\/\/quehacerpolitico.mx\/index.php?rest_route=\/wp\/v2\/posts\/85678\/revisions\/85680"}],"wp:featuredmedia":[{"embeddable":true,"href":"https:\/\/quehacerpolitico.mx\/index.php?rest_route=\/wp\/v2\/media\/85679"}],"wp:attachment":[{"href":"https:\/\/quehacerpolitico.mx\/index.php?rest_route=%2Fwp%2Fv2%2Fmedia&parent=85678"}],"wp:term":[{"taxonomy":"category","embeddable":true,"href":"https:\/\/quehacerpolitico.mx\/index.php?rest_route=%2Fwp%2Fv2%2Fcategories&post=85678"},{"taxonomy":"post_tag","embeddable":true,"href":"https:\/\/quehacerpolitico.mx\/index.php?rest_route=%2Fwp%2Fv2%2Ftags&post=85678"}],"curies":[{"name":"wp","href":"https:\/\/api.w.org\/{rel}","templated":true}]}}