{"id":85675,"date":"2021-10-14T02:23:25","date_gmt":"2021-10-14T02:23:25","guid":{"rendered":"https:\/\/quehacerpolitico.mx\/?p=85675"},"modified":"2021-10-14T02:23:27","modified_gmt":"2021-10-14T02:23:27","slug":"dobleces-israel-mendoza-perez-el-engrane-desdentado","status":"publish","type":"post","link":"https:\/\/quehacerpolitico.mx\/?p=85675","title":{"rendered":"Dobleces\/\/\/Israel Mendoza Perez\/\/\/El engrane desdentado"},"content":{"rendered":"\n<p>Por Israel Mendoza P\u00e9rez <\/p>\n\n\n\n<p>Para los integrantes de la alianza \u201cVa por M\u00e9xico\u201d era importante salir en la foto con\u00a0Alejandro Moreno, dirigente del priismo nacional por razones de forma y fondo. Lo primero era mostrar cohesi\u00f3n entre las dirigencias partidistas ante las presiones desde Palacio Nacional por la iniciativa de reforma energ\u00e9tica y dos evitar que a trav\u00e9s de\u00a0<em>Alito<\/em>\u00a0se encuentre el boquete que necesita Morena para reventar la alianza opositora desde lo electoral y lo legislativo.<\/p>\n\n\n\n<p>Desde que el dirigente priista dej\u00f3 que los gobernadores de su partido tomaran su propio camino opositor, unos manteni\u00e9ndose en la Conago y otros en la Alianza federalista se mostr\u00f3 al exterior, la fragilidad y la disfuncionalidad institucional permitida por Moreno C\u00e1rdenas.<\/p>\n\n\n\n<p>Y es que el PRI se encuentra dividido por las decisiones de Alejandro Moreno de excluir y palomear a candidatos previo al 6 de junio. Esa divisi\u00f3n se mantiene y amenaza con hacerse latente para las discusiones futuras y su impacto con la alianza en el legislativo y eso es parte de su responsabilidad pol\u00edtica. En el mejor de los escenarios, la votaci\u00f3n en un tema complejo como la iniciativa de reforma es que se decidir\u00e1 de manera individual, no colectiva. Esto derivado de los intereses personales y&nbsp;<em>vendettas<\/em>&nbsp;internas.<\/p>\n\n\n\n<p>Al no haber un presidente de la Rep\u00fablica emanado de sus filas para darles instrucciones, algunos tendr\u00e1n razones personales, pol\u00edticas y hasta legales para apoyar a Morena. En tanto, que otros se decantar\u00e1n por mantener una postura opositora.<\/p>\n\n\n\n<p>Tanto el panista Marko Cort\u00e9s como su hom\u00f3logo perredista Jes\u00fas Zambrano, midieron el pulso y supieron leer el contexto de que en menos de una semana ya estaba como tema alterno que el PRI es el partido que puede dar el bandazo desde el legislativo para apoyar al partido en el poder. Por ello la reuni\u00f3n fue para comprometer al priista y evitar un movimiento que afecte a la alianza.<\/p>\n\n\n\n<p>Jes\u00fas Zambrano est\u00e1 seguro que la coalici\u00f3n sigue firme, lo que no consider\u00f3 es que uno de los art\u00edfices se encuentra en una posici\u00f3n d\u00e9bil al interior de su partido. Aun as\u00ed es el interlocutor, por el momento, v\u00e1lido para continuar con la alianza programada para durar tres a\u00f1os.<\/p>\n\n\n\n<p>Marko Cort\u00e9s, dirigente panista, afirma que el PAN es una valiente oposici\u00f3n, resistente los embates y que busque articular a los partidos de oposici\u00f3n en el Congreso de la Uni\u00f3n para asumir el liderazgo que los ciudadanos le dieron en las pasadas elecciones.<\/p>\n\n\n\n<p>Aunque Alejandro Moreno dio una respuesta en la que evoca el esp\u00edritu de la amalgama pol\u00edtica al se\u00f1alar: \u201csomos una coalici\u00f3n s\u00f3lida, que se fortalece cada d\u00eda\u201d. Lo preocupante es que en su actuar al interior del PRI es el que lo pone a \u00e9l en riesgo. La alianza puede tener otros puntos sobre los que se puede sostener, incluso con la sola fracci\u00f3n parlamentaria impulsar temas; sin embargo, el insostenible entre los priistas es Moreno C\u00e1rdenas.<\/p>\n","protected":false},"excerpt":{"rendered":"<p>Por Israel Mendoza P\u00e9rez Para los integrantes de la alianza \u201cVa por M\u00e9xico\u201d era importante&#8230;<\/p>\n","protected":false},"author":2,"featured_media":85676,"comment_status":"open","ping_status":"open","sticky":false,"template":"","format":"standard","meta":{"_monsterinsights_skip_tracking":false,"_monsterinsights_sitenote_active":false,"_monsterinsights_sitenote_note":"","_monsterinsights_sitenote_category":0,"footnotes":""},"categories":[2],"tags":[],"class_list":["post-85675","post","type-post","status-publish","format-standard","has-post-thumbnail","hentry","category-noticias"],"yoast_head":"<!-- This site is optimized with the Yoast SEO plugin v27.3 - https:\/\/yoast.com\/product\/yoast-seo-wordpress\/ -->\n<title>Dobleces\/\/\/Israel Mendoza Perez\/\/\/El engrane desdentado -<\/title>\n<meta name=\"robots\" content=\"index, follow, max-snippet:-1, max-image-preview:large, max-video-preview:-1\" \/>\n<link rel=\"canonical\" href=\"https:\/\/quehacerpolitico.mx\/?p=85675\" \/>\n<meta property=\"og:locale\" content=\"es_MX\" \/>\n<meta property=\"og:type\" content=\"article\" \/>\n<meta property=\"og:title\" content=\"Dobleces\/\/\/Israel Mendoza Perez\/\/\/El engrane desdentado -\" \/>\n<meta property=\"og:description\" content=\"Por Israel Mendoza P\u00e9rez Para los integrantes de la alianza \u201cVa por M\u00e9xico\u201d era importante...\" \/>\n<meta property=\"og:url\" content=\"https:\/\/quehacerpolitico.mx\/?p=85675\" \/>\n<meta property=\"article:published_time\" content=\"2021-10-14T02:23:25+00:00\" \/>\n<meta property=\"article:modified_time\" content=\"2021-10-14T02:23:27+00:00\" \/>\n<meta property=\"og:image\" content=\"https:\/\/quehacerpolitico.mx\/wp-content\/uploads\/2021\/10\/3E674355-ABA6-4DBF-914F-8B6CF7E6320F.jpeg\" \/>\n\t<meta property=\"og:image:width\" content=\"1484\" \/>\n\t<meta property=\"og:image:height\" content=\"1044\" \/>\n\t<meta property=\"og:image:type\" content=\"image\/jpeg\" \/>\n<meta name=\"author\" content=\"Redacci\u00f3n QP\" \/>\n<meta name=\"twitter:card\" content=\"summary_large_image\" \/>\n<meta name=\"twitter:label1\" content=\"Escrito por\" \/>\n\t<meta name=\"twitter:data1\" content=\"Redacci\u00f3n QP\" \/>\n\t<meta name=\"twitter:label2\" content=\"Tiempo de lectura\" \/>\n\t<meta name=\"twitter:data2\" content=\"3 minutos\" \/>\n<script type=\"application\/ld+json\" class=\"yoast-schema-graph\">{\"@context\":\"https:\\\/\\\/schema.org\",\"@graph\":[{\"@type\":\"Article\",\"@id\":\"https:\\\/\\\/quehacerpolitico.mx\\\/?p=85675#article\",\"isPartOf\":{\"@id\":\"https:\\\/\\\/quehacerpolitico.mx\\\/?p=85675\"},\"author\":{\"name\":\"Redacci\u00f3n QP\",\"@id\":\"https:\\\/\\\/quehacerpolitico.mx\\\/#\\\/schema\\\/person\\\/496d8ad2d1d3f8036101dca7ee39e585\"},\"headline\":\"Dobleces\\\/\\\/\\\/Israel Mendoza Perez\\\/\\\/\\\/El engrane desdentado\",\"datePublished\":\"2021-10-14T02:23:25+00:00\",\"dateModified\":\"2021-10-14T02:23:27+00:00\",\"mainEntityOfPage\":{\"@id\":\"https:\\\/\\\/quehacerpolitico.mx\\\/?p=85675\"},\"wordCount\":533,\"commentCount\":0,\"image\":{\"@id\":\"https:\\\/\\\/quehacerpolitico.mx\\\/?p=85675#primaryimage\"},\"thumbnailUrl\":\"https:\\\/\\\/quehacerpolitico.mx\\\/wp-content\\\/uploads\\\/2021\\\/10\\\/3E674355-ABA6-4DBF-914F-8B6CF7E6320F.jpeg\",\"articleSection\":[\"Noticias\"],\"inLanguage\":\"es\",\"potentialAction\":[{\"@type\":\"CommentAction\",\"name\":\"Comment\",\"target\":[\"https:\\\/\\\/quehacerpolitico.mx\\\/?p=85675#respond\"]}]},{\"@type\":\"WebPage\",\"@id\":\"https:\\\/\\\/quehacerpolitico.mx\\\/?p=85675\",\"url\":\"https:\\\/\\\/quehacerpolitico.mx\\\/?p=85675\",\"name\":\"Dobleces\\\/\\\/\\\/Israel Mendoza Perez\\\/\\\/\\\/El engrane desdentado -\",\"isPartOf\":{\"@id\":\"https:\\\/\\\/quehacerpolitico.mx\\\/#website\"},\"primaryImageOfPage\":{\"@id\":\"https:\\\/\\\/quehacerpolitico.mx\\\/?p=85675#primaryimage\"},\"image\":{\"@id\":\"https:\\\/\\\/quehacerpolitico.mx\\\/?p=85675#primaryimage\"},\"thumbnailUrl\":\"https:\\\/\\\/quehacerpolitico.mx\\\/wp-content\\\/uploads\\\/2021\\\/10\\\/3E674355-ABA6-4DBF-914F-8B6CF7E6320F.jpeg\",\"datePublished\":\"2021-10-14T02:23:25+00:00\",\"dateModified\":\"2021-10-14T02:23:27+00:00\",\"author\":{\"@id\":\"https:\\\/\\\/quehacerpolitico.mx\\\/#\\\/schema\\\/person\\\/496d8ad2d1d3f8036101dca7ee39e585\"},\"breadcrumb\":{\"@id\":\"https:\\\/\\\/quehacerpolitico.mx\\\/?p=85675#breadcrumb\"},\"inLanguage\":\"es\",\"potentialAction\":[{\"@type\":\"ReadAction\",\"target\":[\"https:\\\/\\\/quehacerpolitico.mx\\\/?p=85675\"]}]},{\"@type\":\"ImageObject\",\"inLanguage\":\"es\",\"@id\":\"https:\\\/\\\/quehacerpolitico.mx\\\/?p=85675#primaryimage\",\"url\":\"https:\\\/\\\/quehacerpolitico.mx\\\/wp-content\\\/uploads\\\/2021\\\/10\\\/3E674355-ABA6-4DBF-914F-8B6CF7E6320F.jpeg\",\"contentUrl\":\"https:\\\/\\\/quehacerpolitico.mx\\\/wp-content\\\/uploads\\\/2021\\\/10\\\/3E674355-ABA6-4DBF-914F-8B6CF7E6320F.jpeg\",\"width\":1484,\"height\":1044},{\"@type\":\"BreadcrumbList\",\"@id\":\"https:\\\/\\\/quehacerpolitico.mx\\\/?p=85675#breadcrumb\",\"itemListElement\":[{\"@type\":\"ListItem\",\"position\":1,\"name\":\"Inicio\",\"item\":\"https:\\\/\\\/quehacerpolitico.mx\\\/\"},{\"@type\":\"ListItem\",\"position\":2,\"name\":\"Dobleces\\\/\\\/\\\/Israel Mendoza Perez\\\/\\\/\\\/El engrane desdentado\"}]},{\"@type\":\"WebSite\",\"@id\":\"https:\\\/\\\/quehacerpolitico.mx\\\/#website\",\"url\":\"https:\\\/\\\/quehacerpolitico.mx\\\/\",\"name\":\"\",\"description\":\"\",\"potentialAction\":[{\"@type\":\"SearchAction\",\"target\":{\"@type\":\"EntryPoint\",\"urlTemplate\":\"https:\\\/\\\/quehacerpolitico.mx\\\/?s={search_term_string}\"},\"query-input\":{\"@type\":\"PropertyValueSpecification\",\"valueRequired\":true,\"valueName\":\"search_term_string\"}}],\"inLanguage\":\"es\"},{\"@type\":\"Person\",\"@id\":\"https:\\\/\\\/quehacerpolitico.mx\\\/#\\\/schema\\\/person\\\/496d8ad2d1d3f8036101dca7ee39e585\",\"name\":\"Redacci\u00f3n QP\",\"image\":{\"@type\":\"ImageObject\",\"inLanguage\":\"es\",\"@id\":\"https:\\\/\\\/secure.gravatar.com\\\/avatar\\\/c7164ed6fdec453195284ad24a5ae5b6e1eed2b848477fa2a4787ba9adf39a41?s=96&d=mm&r=g\",\"url\":\"https:\\\/\\\/secure.gravatar.com\\\/avatar\\\/c7164ed6fdec453195284ad24a5ae5b6e1eed2b848477fa2a4787ba9adf39a41?s=96&d=mm&r=g\",\"contentUrl\":\"https:\\\/\\\/secure.gravatar.com\\\/avatar\\\/c7164ed6fdec453195284ad24a5ae5b6e1eed2b848477fa2a4787ba9adf39a41?s=96&d=mm&r=g\",\"caption\":\"Redacci\u00f3n QP\"},\"url\":\"https:\\\/\\\/quehacerpolitico.mx\\\/?author=2\"}]}<\/script>\n<!-- \/ Yoast SEO plugin. -->","yoast_head_json":{"title":"Dobleces\/\/\/Israel Mendoza Perez\/\/\/El engrane desdentado -","robots":{"index":"index","follow":"follow","max-snippet":"max-snippet:-1","max-image-preview":"max-image-preview:large","max-video-preview":"max-video-preview:-1"},"canonical":"https:\/\/quehacerpolitico.mx\/?p=85675","og_locale":"es_MX","og_type":"article","og_title":"Dobleces\/\/\/Israel Mendoza Perez\/\/\/El engrane desdentado -","og_description":"Por Israel Mendoza P\u00e9rez Para los integrantes de la alianza \u201cVa por M\u00e9xico\u201d era importante...","og_url":"https:\/\/quehacerpolitico.mx\/?p=85675","article_published_time":"2021-10-14T02:23:25+00:00","article_modified_time":"2021-10-14T02:23:27+00:00","og_image":[{"width":1484,"height":1044,"url":"https:\/\/quehacerpolitico.mx\/wp-content\/uploads\/2021\/10\/3E674355-ABA6-4DBF-914F-8B6CF7E6320F.jpeg","type":"image\/jpeg"}],"author":"Redacci\u00f3n QP","twitter_card":"summary_large_image","twitter_misc":{"Escrito por":"Redacci\u00f3n QP","Tiempo de lectura":"3 minutos"},"schema":{"@context":"https:\/\/schema.org","@graph":[{"@type":"Article","@id":"https:\/\/quehacerpolitico.mx\/?p=85675#article","isPartOf":{"@id":"https:\/\/quehacerpolitico.mx\/?p=85675"},"author":{"name":"Redacci\u00f3n QP","@id":"https:\/\/quehacerpolitico.mx\/#\/schema\/person\/496d8ad2d1d3f8036101dca7ee39e585"},"headline":"Dobleces\/\/\/Israel Mendoza Perez\/\/\/El engrane desdentado","datePublished":"2021-10-14T02:23:25+00:00","dateModified":"2021-10-14T02:23:27+00:00","mainEntityOfPage":{"@id":"https:\/\/quehacerpolitico.mx\/?p=85675"},"wordCount":533,"commentCount":0,"image":{"@id":"https:\/\/quehacerpolitico.mx\/?p=85675#primaryimage"},"thumbnailUrl":"https:\/\/quehacerpolitico.mx\/wp-content\/uploads\/2021\/10\/3E674355-ABA6-4DBF-914F-8B6CF7E6320F.jpeg","articleSection":["Noticias"],"inLanguage":"es","potentialAction":[{"@type":"CommentAction","name":"Comment","target":["https:\/\/quehacerpolitico.mx\/?p=85675#respond"]}]},{"@type":"WebPage","@id":"https:\/\/quehacerpolitico.mx\/?p=85675","url":"https:\/\/quehacerpolitico.mx\/?p=85675","name":"Dobleces\/\/\/Israel Mendoza Perez\/\/\/El engrane desdentado -","isPartOf":{"@id":"https:\/\/quehacerpolitico.mx\/#website"},"primaryImageOfPage":{"@id":"https:\/\/quehacerpolitico.mx\/?p=85675#primaryimage"},"image":{"@id":"https:\/\/quehacerpolitico.mx\/?p=85675#primaryimage"},"thumbnailUrl":"https:\/\/quehacerpolitico.mx\/wp-content\/uploads\/2021\/10\/3E674355-ABA6-4DBF-914F-8B6CF7E6320F.jpeg","datePublished":"2021-10-14T02:23:25+00:00","dateModified":"2021-10-14T02:23:27+00:00","author":{"@id":"https:\/\/quehacerpolitico.mx\/#\/schema\/person\/496d8ad2d1d3f8036101dca7ee39e585"},"breadcrumb":{"@id":"https:\/\/quehacerpolitico.mx\/?p=85675#breadcrumb"},"inLanguage":"es","potentialAction":[{"@type":"ReadAction","target":["https:\/\/quehacerpolitico.mx\/?p=85675"]}]},{"@type":"ImageObject","inLanguage":"es","@id":"https:\/\/quehacerpolitico.mx\/?p=85675#primaryimage","url":"https:\/\/quehacerpolitico.mx\/wp-content\/uploads\/2021\/10\/3E674355-ABA6-4DBF-914F-8B6CF7E6320F.jpeg","contentUrl":"https:\/\/quehacerpolitico.mx\/wp-content\/uploads\/2021\/10\/3E674355-ABA6-4DBF-914F-8B6CF7E6320F.jpeg","width":1484,"height":1044},{"@type":"BreadcrumbList","@id":"https:\/\/quehacerpolitico.mx\/?p=85675#breadcrumb","itemListElement":[{"@type":"ListItem","position":1,"name":"Inicio","item":"https:\/\/quehacerpolitico.mx\/"},{"@type":"ListItem","position":2,"name":"Dobleces\/\/\/Israel Mendoza Perez\/\/\/El engrane desdentado"}]},{"@type":"WebSite","@id":"https:\/\/quehacerpolitico.mx\/#website","url":"https:\/\/quehacerpolitico.mx\/","name":"","description":"","potentialAction":[{"@type":"SearchAction","target":{"@type":"EntryPoint","urlTemplate":"https:\/\/quehacerpolitico.mx\/?s={search_term_string}"},"query-input":{"@type":"PropertyValueSpecification","valueRequired":true,"valueName":"search_term_string"}}],"inLanguage":"es"},{"@type":"Person","@id":"https:\/\/quehacerpolitico.mx\/#\/schema\/person\/496d8ad2d1d3f8036101dca7ee39e585","name":"Redacci\u00f3n QP","image":{"@type":"ImageObject","inLanguage":"es","@id":"https:\/\/secure.gravatar.com\/avatar\/c7164ed6fdec453195284ad24a5ae5b6e1eed2b848477fa2a4787ba9adf39a41?s=96&d=mm&r=g","url":"https:\/\/secure.gravatar.com\/avatar\/c7164ed6fdec453195284ad24a5ae5b6e1eed2b848477fa2a4787ba9adf39a41?s=96&d=mm&r=g","contentUrl":"https:\/\/secure.gravatar.com\/avatar\/c7164ed6fdec453195284ad24a5ae5b6e1eed2b848477fa2a4787ba9adf39a41?s=96&d=mm&r=g","caption":"Redacci\u00f3n QP"},"url":"https:\/\/quehacerpolitico.mx\/?author=2"}]}},"featured_image_urls":{"full":["https:\/\/quehacerpolitico.mx\/wp-content\/uploads\/2021\/10\/3E674355-ABA6-4DBF-914F-8B6CF7E6320F.jpeg",1484,1044,false],"thumbnail":["https:\/\/quehacerpolitico.mx\/wp-content\/uploads\/2021\/10\/3E674355-ABA6-4DBF-914F-8B6CF7E6320F-150x150.jpeg",150,150,true],"medium":["https:\/\/quehacerpolitico.mx\/wp-content\/uploads\/2021\/10\/3E674355-ABA6-4DBF-914F-8B6CF7E6320F-300x211.jpeg",300,211,true],"medium_large":["https:\/\/quehacerpolitico.mx\/wp-content\/uploads\/2021\/10\/3E674355-ABA6-4DBF-914F-8B6CF7E6320F-768x540.jpeg",640,450,true],"large":["https:\/\/quehacerpolitico.mx\/wp-content\/uploads\/2021\/10\/3E674355-ABA6-4DBF-914F-8B6CF7E6320F-1024x720.jpeg",640,450,true],"1536x1536":["https:\/\/quehacerpolitico.mx\/wp-content\/uploads\/2021\/10\/3E674355-ABA6-4DBF-914F-8B6CF7E6320F.jpeg",1484,1044,false],"2048x2048":["https:\/\/quehacerpolitico.mx\/wp-content\/uploads\/2021\/10\/3E674355-ABA6-4DBF-914F-8B6CF7E6320F.jpeg",1484,1044,false],"covernews-featured":["https:\/\/quehacerpolitico.mx\/wp-content\/uploads\/2021\/10\/3E674355-ABA6-4DBF-914F-8B6CF7E6320F.jpeg",1024,720,false],"covernews-medium":["https:\/\/quehacerpolitico.mx\/wp-content\/uploads\/2021\/10\/3E674355-ABA6-4DBF-914F-8B6CF7E6320F.jpeg",483,340,false]},"author_info":{"display_name":"Redacci\u00f3n QP","author_link":"https:\/\/quehacerpolitico.mx\/?author=2"},"category_info":"<a href=\"https:\/\/quehacerpolitico.mx\/?cat=2\" rel=\"category\">Noticias<\/a>","tag_info":"Noticias","comment_count":"0","_links":{"self":[{"href":"https:\/\/quehacerpolitico.mx\/index.php?rest_route=\/wp\/v2\/posts\/85675","targetHints":{"allow":["GET"]}}],"collection":[{"href":"https:\/\/quehacerpolitico.mx\/index.php?rest_route=\/wp\/v2\/posts"}],"about":[{"href":"https:\/\/quehacerpolitico.mx\/index.php?rest_route=\/wp\/v2\/types\/post"}],"author":[{"embeddable":true,"href":"https:\/\/quehacerpolitico.mx\/index.php?rest_route=\/wp\/v2\/users\/2"}],"replies":[{"embeddable":true,"href":"https:\/\/quehacerpolitico.mx\/index.php?rest_route=%2Fwp%2Fv2%2Fcomments&post=85675"}],"version-history":[{"count":1,"href":"https:\/\/quehacerpolitico.mx\/index.php?rest_route=\/wp\/v2\/posts\/85675\/revisions"}],"predecessor-version":[{"id":85677,"href":"https:\/\/quehacerpolitico.mx\/index.php?rest_route=\/wp\/v2\/posts\/85675\/revisions\/85677"}],"wp:featuredmedia":[{"embeddable":true,"href":"https:\/\/quehacerpolitico.mx\/index.php?rest_route=\/wp\/v2\/media\/85676"}],"wp:attachment":[{"href":"https:\/\/quehacerpolitico.mx\/index.php?rest_route=%2Fwp%2Fv2%2Fmedia&parent=85675"}],"wp:term":[{"taxonomy":"category","embeddable":true,"href":"https:\/\/quehacerpolitico.mx\/index.php?rest_route=%2Fwp%2Fv2%2Fcategories&post=85675"},{"taxonomy":"post_tag","embeddable":true,"href":"https:\/\/quehacerpolitico.mx\/index.php?rest_route=%2Fwp%2Fv2%2Ftags&post=85675"}],"curies":[{"name":"wp","href":"https:\/\/api.w.org\/{rel}","templated":true}]}}