{"id":85664,"date":"2021-10-13T14:18:13","date_gmt":"2021-10-13T14:18:13","guid":{"rendered":"https:\/\/quehacerpolitico.mx\/?p=85664"},"modified":"2021-10-13T14:18:15","modified_gmt":"2021-10-13T14:18:15","slug":"eu-abrira-frontera-a-personas-con-vacunas-aprobadas-por-la-oms","status":"publish","type":"post","link":"https:\/\/quehacerpolitico.mx\/?p=85664","title":{"rendered":"EU abrir\u00e1 frontera a personas con vacunas aprobadas por la OMS"},"content":{"rendered":"\n<p>Por Redacci\u00f3n QP<\/p>\n\n\n\n<p>El canciller Marcelo Ebrard explica que autoridades del sector Salud se reunir\u00e1n para afinar detalles de la apertura<\/p>\n\n\n\n<p>Luego de que se diera a conocer que EU abre la frontera con M\u00e9xico a partir de noviembre,\u00a0 este mi\u00e9rcoles 13 de octubre, el titular de la Secretar\u00eda de Relaciones Exteriores (SRE), Marcelo Ebrard, dio a conocer que para la apertura de la frontera a actividades regulares el pa\u00eds vecino\u00a0<strong>tomar\u00e1 en cuenta a las personas que est\u00e9n inmunizadas con vacunas aprobadas por la Organizaci\u00f3n Mundial de la Salud<\/strong>\u00a0(OMS).<\/p>\n\n\n\n<p>En la conferencia ma\u00f1anera del Presidente Andr\u00e9s Manuel L\u00f3pez Obrador (AMLO), el canciller Ebrard coment\u00f3 que este mi\u00e9rcoles el secretario de Seguridad Nacional de Estados Unidos, Alejandro Mayorkas, le comunic\u00f3 la apertura de la frontera com\u00fan en los\u00a0<strong>primeros d\u00edas de noviembre, en una fecha que el gobierno estadounidense determinar\u00e1.<\/strong><\/p>\n\n\n\n<p>&#8220;A partir de los primeros d\u00edas de noviembre, ellos van a determinar la fecha exacta, iniciando noviembre ya muy cerca, se van a reanudar las actividades, quiere decir esto se van a permitir los viajes terrestres y a\u00e9reos hasta Estados Unidos para las personas que est\u00e1n vacunadas&#8221;.<\/p>\n\n\n\n<p>Desde Palacio Nacional, el canciller Ebrard dijo que a partir de este mi\u00e9rcoles sostendr\u00e1n reuniones con el sector Salud para afinar los detalles de la apertura.<\/p>\n\n\n\n<p>&#8220;Tenemos que ver los tipos de certificados que M\u00e9xico tiene, hay muchas preguntas, diferentes tipos de universos de personas,\u00a0<strong>Estados Unidos admite las vacunas que apruebe la Organizaci\u00f3n Mundial de la Salud, porque antes era solo unas vacunas que eran hechas en Estados Unidos,<\/strong>pero hoy ya no es as\u00ed&#8221;.<\/p>\n\n\n\n<p>Explic\u00f3 que en los siguientes d\u00edas se dar\u00e1 a conocer los detalles conforme vayan avanzando los procesos con sus contrapartes de Seguridad Nacional, la Oficina de Aduanas y Protecci\u00f3n Fronteriza y el Centro para el Control y Prevenci\u00f3n de Enfermedades de Estados Unidos.<\/p>\n\n\n\n<figure class=\"wp-block-embed is-type-video is-provider-youtube wp-block-embed-youtube wp-embed-aspect-16-9 wp-has-aspect-ratio\"><div class=\"wp-block-embed__wrapper\">\n<iframe loading=\"lazy\" title=\"#ConferenciaPresidente | Mi\u00e9rcoles 13 de octubre de 2021.\" width=\"640\" height=\"360\" src=\"https:\/\/www.youtube.com\/embed\/ya43tktxWXA?feature=oembed\" frameborder=\"0\" allow=\"accelerometer; autoplay; clipboard-write; encrypted-media; gyroscope; picture-in-picture; web-share\" referrerpolicy=\"strict-origin-when-cross-origin\" allowfullscreen><\/iframe>\n<\/div><\/figure>\n\n\n\n<p>Con informaci\u00f3n de SUN <\/p>\n","protected":false},"excerpt":{"rendered":"<p>Por Redacci\u00f3n QP El canciller Marcelo Ebrard explica que autoridades del sector Salud se reunir\u00e1n&#8230;<\/p>\n","protected":false},"author":2,"featured_media":85665,"comment_status":"open","ping_status":"open","sticky":false,"template":"","format":"standard","meta":{"_monsterinsights_skip_tracking":false,"_monsterinsights_sitenote_active":false,"_monsterinsights_sitenote_note":"","_monsterinsights_sitenote_category":0,"footnotes":""},"categories":[2],"tags":[],"class_list":["post-85664","post","type-post","status-publish","format-standard","has-post-thumbnail","hentry","category-noticias"],"yoast_head":"<!-- This site is optimized with the Yoast SEO plugin v27.3 - https:\/\/yoast.com\/product\/yoast-seo-wordpress\/ -->\n<title>EU abrir\u00e1 frontera a personas con vacunas aprobadas por la OMS -<\/title>\n<meta name=\"robots\" content=\"index, follow, max-snippet:-1, max-image-preview:large, max-video-preview:-1\" \/>\n<link rel=\"canonical\" href=\"https:\/\/quehacerpolitico.mx\/?p=85664\" \/>\n<meta property=\"og:locale\" content=\"es_MX\" \/>\n<meta property=\"og:type\" content=\"article\" \/>\n<meta property=\"og:title\" content=\"EU abrir\u00e1 frontera a personas con vacunas aprobadas por la OMS -\" \/>\n<meta property=\"og:description\" content=\"Por Redacci\u00f3n QP El canciller Marcelo Ebrard explica que autoridades del sector Salud se reunir\u00e1n...\" \/>\n<meta property=\"og:url\" content=\"https:\/\/quehacerpolitico.mx\/?p=85664\" \/>\n<meta property=\"article:published_time\" content=\"2021-10-13T14:18:13+00:00\" \/>\n<meta property=\"article:modified_time\" content=\"2021-10-13T14:18:15+00:00\" \/>\n<meta property=\"og:image\" content=\"https:\/\/quehacerpolitico.mx\/wp-content\/uploads\/2021\/10\/61E71B27-C6D9-4C07-8074-D7D45425A900.jpeg\" \/>\n\t<meta property=\"og:image:width\" content=\"1284\" \/>\n\t<meta property=\"og:image:height\" content=\"713\" \/>\n\t<meta property=\"og:image:type\" content=\"image\/jpeg\" \/>\n<meta name=\"author\" content=\"Redacci\u00f3n QP\" \/>\n<meta name=\"twitter:card\" content=\"summary_large_image\" \/>\n<meta name=\"twitter:label1\" content=\"Escrito por\" \/>\n\t<meta name=\"twitter:data1\" content=\"Redacci\u00f3n QP\" \/>\n\t<meta name=\"twitter:label2\" content=\"Tiempo de lectura\" \/>\n\t<meta name=\"twitter:data2\" content=\"2 minutos\" \/>\n<script type=\"application\/ld+json\" class=\"yoast-schema-graph\">{\"@context\":\"https:\\\/\\\/schema.org\",\"@graph\":[{\"@type\":\"Article\",\"@id\":\"https:\\\/\\\/quehacerpolitico.mx\\\/?p=85664#article\",\"isPartOf\":{\"@id\":\"https:\\\/\\\/quehacerpolitico.mx\\\/?p=85664\"},\"author\":{\"name\":\"Redacci\u00f3n QP\",\"@id\":\"https:\\\/\\\/quehacerpolitico.mx\\\/#\\\/schema\\\/person\\\/496d8ad2d1d3f8036101dca7ee39e585\"},\"headline\":\"EU abrir\u00e1 frontera a personas con vacunas aprobadas por la OMS\",\"datePublished\":\"2021-10-13T14:18:13+00:00\",\"dateModified\":\"2021-10-13T14:18:15+00:00\",\"mainEntityOfPage\":{\"@id\":\"https:\\\/\\\/quehacerpolitico.mx\\\/?p=85664\"},\"wordCount\":351,\"commentCount\":0,\"image\":{\"@id\":\"https:\\\/\\\/quehacerpolitico.mx\\\/?p=85664#primaryimage\"},\"thumbnailUrl\":\"https:\\\/\\\/quehacerpolitico.mx\\\/wp-content\\\/uploads\\\/2021\\\/10\\\/61E71B27-C6D9-4C07-8074-D7D45425A900.jpeg\",\"articleSection\":[\"Noticias\"],\"inLanguage\":\"es\",\"potentialAction\":[{\"@type\":\"CommentAction\",\"name\":\"Comment\",\"target\":[\"https:\\\/\\\/quehacerpolitico.mx\\\/?p=85664#respond\"]}]},{\"@type\":\"WebPage\",\"@id\":\"https:\\\/\\\/quehacerpolitico.mx\\\/?p=85664\",\"url\":\"https:\\\/\\\/quehacerpolitico.mx\\\/?p=85664\",\"name\":\"EU abrir\u00e1 frontera a personas con vacunas aprobadas por la OMS -\",\"isPartOf\":{\"@id\":\"https:\\\/\\\/quehacerpolitico.mx\\\/#website\"},\"primaryImageOfPage\":{\"@id\":\"https:\\\/\\\/quehacerpolitico.mx\\\/?p=85664#primaryimage\"},\"image\":{\"@id\":\"https:\\\/\\\/quehacerpolitico.mx\\\/?p=85664#primaryimage\"},\"thumbnailUrl\":\"https:\\\/\\\/quehacerpolitico.mx\\\/wp-content\\\/uploads\\\/2021\\\/10\\\/61E71B27-C6D9-4C07-8074-D7D45425A900.jpeg\",\"datePublished\":\"2021-10-13T14:18:13+00:00\",\"dateModified\":\"2021-10-13T14:18:15+00:00\",\"author\":{\"@id\":\"https:\\\/\\\/quehacerpolitico.mx\\\/#\\\/schema\\\/person\\\/496d8ad2d1d3f8036101dca7ee39e585\"},\"breadcrumb\":{\"@id\":\"https:\\\/\\\/quehacerpolitico.mx\\\/?p=85664#breadcrumb\"},\"inLanguage\":\"es\",\"potentialAction\":[{\"@type\":\"ReadAction\",\"target\":[\"https:\\\/\\\/quehacerpolitico.mx\\\/?p=85664\"]}]},{\"@type\":\"ImageObject\",\"inLanguage\":\"es\",\"@id\":\"https:\\\/\\\/quehacerpolitico.mx\\\/?p=85664#primaryimage\",\"url\":\"https:\\\/\\\/quehacerpolitico.mx\\\/wp-content\\\/uploads\\\/2021\\\/10\\\/61E71B27-C6D9-4C07-8074-D7D45425A900.jpeg\",\"contentUrl\":\"https:\\\/\\\/quehacerpolitico.mx\\\/wp-content\\\/uploads\\\/2021\\\/10\\\/61E71B27-C6D9-4C07-8074-D7D45425A900.jpeg\",\"width\":1284,\"height\":713},{\"@type\":\"BreadcrumbList\",\"@id\":\"https:\\\/\\\/quehacerpolitico.mx\\\/?p=85664#breadcrumb\",\"itemListElement\":[{\"@type\":\"ListItem\",\"position\":1,\"name\":\"Inicio\",\"item\":\"https:\\\/\\\/quehacerpolitico.mx\\\/\"},{\"@type\":\"ListItem\",\"position\":2,\"name\":\"EU abrir\u00e1 frontera a personas con vacunas aprobadas por la OMS\"}]},{\"@type\":\"WebSite\",\"@id\":\"https:\\\/\\\/quehacerpolitico.mx\\\/#website\",\"url\":\"https:\\\/\\\/quehacerpolitico.mx\\\/\",\"name\":\"\",\"description\":\"\",\"potentialAction\":[{\"@type\":\"SearchAction\",\"target\":{\"@type\":\"EntryPoint\",\"urlTemplate\":\"https:\\\/\\\/quehacerpolitico.mx\\\/?s={search_term_string}\"},\"query-input\":{\"@type\":\"PropertyValueSpecification\",\"valueRequired\":true,\"valueName\":\"search_term_string\"}}],\"inLanguage\":\"es\"},{\"@type\":\"Person\",\"@id\":\"https:\\\/\\\/quehacerpolitico.mx\\\/#\\\/schema\\\/person\\\/496d8ad2d1d3f8036101dca7ee39e585\",\"name\":\"Redacci\u00f3n QP\",\"image\":{\"@type\":\"ImageObject\",\"inLanguage\":\"es\",\"@id\":\"https:\\\/\\\/secure.gravatar.com\\\/avatar\\\/c7164ed6fdec453195284ad24a5ae5b6e1eed2b848477fa2a4787ba9adf39a41?s=96&d=mm&r=g\",\"url\":\"https:\\\/\\\/secure.gravatar.com\\\/avatar\\\/c7164ed6fdec453195284ad24a5ae5b6e1eed2b848477fa2a4787ba9adf39a41?s=96&d=mm&r=g\",\"contentUrl\":\"https:\\\/\\\/secure.gravatar.com\\\/avatar\\\/c7164ed6fdec453195284ad24a5ae5b6e1eed2b848477fa2a4787ba9adf39a41?s=96&d=mm&r=g\",\"caption\":\"Redacci\u00f3n QP\"},\"url\":\"https:\\\/\\\/quehacerpolitico.mx\\\/?author=2\"}]}<\/script>\n<!-- \/ Yoast SEO plugin. -->","yoast_head_json":{"title":"EU abrir\u00e1 frontera a personas con vacunas aprobadas por la OMS -","robots":{"index":"index","follow":"follow","max-snippet":"max-snippet:-1","max-image-preview":"max-image-preview:large","max-video-preview":"max-video-preview:-1"},"canonical":"https:\/\/quehacerpolitico.mx\/?p=85664","og_locale":"es_MX","og_type":"article","og_title":"EU abrir\u00e1 frontera a personas con vacunas aprobadas por la OMS -","og_description":"Por Redacci\u00f3n QP El canciller Marcelo Ebrard explica que autoridades del sector Salud se reunir\u00e1n...","og_url":"https:\/\/quehacerpolitico.mx\/?p=85664","article_published_time":"2021-10-13T14:18:13+00:00","article_modified_time":"2021-10-13T14:18:15+00:00","og_image":[{"width":1284,"height":713,"url":"https:\/\/quehacerpolitico.mx\/wp-content\/uploads\/2021\/10\/61E71B27-C6D9-4C07-8074-D7D45425A900.jpeg","type":"image\/jpeg"}],"author":"Redacci\u00f3n QP","twitter_card":"summary_large_image","twitter_misc":{"Escrito por":"Redacci\u00f3n QP","Tiempo de lectura":"2 minutos"},"schema":{"@context":"https:\/\/schema.org","@graph":[{"@type":"Article","@id":"https:\/\/quehacerpolitico.mx\/?p=85664#article","isPartOf":{"@id":"https:\/\/quehacerpolitico.mx\/?p=85664"},"author":{"name":"Redacci\u00f3n QP","@id":"https:\/\/quehacerpolitico.mx\/#\/schema\/person\/496d8ad2d1d3f8036101dca7ee39e585"},"headline":"EU abrir\u00e1 frontera a personas con vacunas aprobadas por la OMS","datePublished":"2021-10-13T14:18:13+00:00","dateModified":"2021-10-13T14:18:15+00:00","mainEntityOfPage":{"@id":"https:\/\/quehacerpolitico.mx\/?p=85664"},"wordCount":351,"commentCount":0,"image":{"@id":"https:\/\/quehacerpolitico.mx\/?p=85664#primaryimage"},"thumbnailUrl":"https:\/\/quehacerpolitico.mx\/wp-content\/uploads\/2021\/10\/61E71B27-C6D9-4C07-8074-D7D45425A900.jpeg","articleSection":["Noticias"],"inLanguage":"es","potentialAction":[{"@type":"CommentAction","name":"Comment","target":["https:\/\/quehacerpolitico.mx\/?p=85664#respond"]}]},{"@type":"WebPage","@id":"https:\/\/quehacerpolitico.mx\/?p=85664","url":"https:\/\/quehacerpolitico.mx\/?p=85664","name":"EU abrir\u00e1 frontera a personas con vacunas aprobadas por la OMS -","isPartOf":{"@id":"https:\/\/quehacerpolitico.mx\/#website"},"primaryImageOfPage":{"@id":"https:\/\/quehacerpolitico.mx\/?p=85664#primaryimage"},"image":{"@id":"https:\/\/quehacerpolitico.mx\/?p=85664#primaryimage"},"thumbnailUrl":"https:\/\/quehacerpolitico.mx\/wp-content\/uploads\/2021\/10\/61E71B27-C6D9-4C07-8074-D7D45425A900.jpeg","datePublished":"2021-10-13T14:18:13+00:00","dateModified":"2021-10-13T14:18:15+00:00","author":{"@id":"https:\/\/quehacerpolitico.mx\/#\/schema\/person\/496d8ad2d1d3f8036101dca7ee39e585"},"breadcrumb":{"@id":"https:\/\/quehacerpolitico.mx\/?p=85664#breadcrumb"},"inLanguage":"es","potentialAction":[{"@type":"ReadAction","target":["https:\/\/quehacerpolitico.mx\/?p=85664"]}]},{"@type":"ImageObject","inLanguage":"es","@id":"https:\/\/quehacerpolitico.mx\/?p=85664#primaryimage","url":"https:\/\/quehacerpolitico.mx\/wp-content\/uploads\/2021\/10\/61E71B27-C6D9-4C07-8074-D7D45425A900.jpeg","contentUrl":"https:\/\/quehacerpolitico.mx\/wp-content\/uploads\/2021\/10\/61E71B27-C6D9-4C07-8074-D7D45425A900.jpeg","width":1284,"height":713},{"@type":"BreadcrumbList","@id":"https:\/\/quehacerpolitico.mx\/?p=85664#breadcrumb","itemListElement":[{"@type":"ListItem","position":1,"name":"Inicio","item":"https:\/\/quehacerpolitico.mx\/"},{"@type":"ListItem","position":2,"name":"EU abrir\u00e1 frontera a personas con vacunas aprobadas por la OMS"}]},{"@type":"WebSite","@id":"https:\/\/quehacerpolitico.mx\/#website","url":"https:\/\/quehacerpolitico.mx\/","name":"","description":"","potentialAction":[{"@type":"SearchAction","target":{"@type":"EntryPoint","urlTemplate":"https:\/\/quehacerpolitico.mx\/?s={search_term_string}"},"query-input":{"@type":"PropertyValueSpecification","valueRequired":true,"valueName":"search_term_string"}}],"inLanguage":"es"},{"@type":"Person","@id":"https:\/\/quehacerpolitico.mx\/#\/schema\/person\/496d8ad2d1d3f8036101dca7ee39e585","name":"Redacci\u00f3n QP","image":{"@type":"ImageObject","inLanguage":"es","@id":"https:\/\/secure.gravatar.com\/avatar\/c7164ed6fdec453195284ad24a5ae5b6e1eed2b848477fa2a4787ba9adf39a41?s=96&d=mm&r=g","url":"https:\/\/secure.gravatar.com\/avatar\/c7164ed6fdec453195284ad24a5ae5b6e1eed2b848477fa2a4787ba9adf39a41?s=96&d=mm&r=g","contentUrl":"https:\/\/secure.gravatar.com\/avatar\/c7164ed6fdec453195284ad24a5ae5b6e1eed2b848477fa2a4787ba9adf39a41?s=96&d=mm&r=g","caption":"Redacci\u00f3n QP"},"url":"https:\/\/quehacerpolitico.mx\/?author=2"}]}},"featured_image_urls":{"full":["https:\/\/quehacerpolitico.mx\/wp-content\/uploads\/2021\/10\/61E71B27-C6D9-4C07-8074-D7D45425A900.jpeg",1284,713,false],"thumbnail":["https:\/\/quehacerpolitico.mx\/wp-content\/uploads\/2021\/10\/61E71B27-C6D9-4C07-8074-D7D45425A900-150x150.jpeg",150,150,true],"medium":["https:\/\/quehacerpolitico.mx\/wp-content\/uploads\/2021\/10\/61E71B27-C6D9-4C07-8074-D7D45425A900-300x167.jpeg",300,167,true],"medium_large":["https:\/\/quehacerpolitico.mx\/wp-content\/uploads\/2021\/10\/61E71B27-C6D9-4C07-8074-D7D45425A900-768x426.jpeg",640,355,true],"large":["https:\/\/quehacerpolitico.mx\/wp-content\/uploads\/2021\/10\/61E71B27-C6D9-4C07-8074-D7D45425A900-1024x569.jpeg",640,356,true],"1536x1536":["https:\/\/quehacerpolitico.mx\/wp-content\/uploads\/2021\/10\/61E71B27-C6D9-4C07-8074-D7D45425A900.jpeg",1284,713,false],"2048x2048":["https:\/\/quehacerpolitico.mx\/wp-content\/uploads\/2021\/10\/61E71B27-C6D9-4C07-8074-D7D45425A900.jpeg",1284,713,false],"covernews-featured":["https:\/\/quehacerpolitico.mx\/wp-content\/uploads\/2021\/10\/61E71B27-C6D9-4C07-8074-D7D45425A900.jpeg",1024,569,false],"covernews-medium":["https:\/\/quehacerpolitico.mx\/wp-content\/uploads\/2021\/10\/61E71B27-C6D9-4C07-8074-D7D45425A900.jpeg",540,300,false]},"author_info":{"display_name":"Redacci\u00f3n QP","author_link":"https:\/\/quehacerpolitico.mx\/?author=2"},"category_info":"<a href=\"https:\/\/quehacerpolitico.mx\/?cat=2\" rel=\"category\">Noticias<\/a>","tag_info":"Noticias","comment_count":"0","_links":{"self":[{"href":"https:\/\/quehacerpolitico.mx\/index.php?rest_route=\/wp\/v2\/posts\/85664","targetHints":{"allow":["GET"]}}],"collection":[{"href":"https:\/\/quehacerpolitico.mx\/index.php?rest_route=\/wp\/v2\/posts"}],"about":[{"href":"https:\/\/quehacerpolitico.mx\/index.php?rest_route=\/wp\/v2\/types\/post"}],"author":[{"embeddable":true,"href":"https:\/\/quehacerpolitico.mx\/index.php?rest_route=\/wp\/v2\/users\/2"}],"replies":[{"embeddable":true,"href":"https:\/\/quehacerpolitico.mx\/index.php?rest_route=%2Fwp%2Fv2%2Fcomments&post=85664"}],"version-history":[{"count":1,"href":"https:\/\/quehacerpolitico.mx\/index.php?rest_route=\/wp\/v2\/posts\/85664\/revisions"}],"predecessor-version":[{"id":85666,"href":"https:\/\/quehacerpolitico.mx\/index.php?rest_route=\/wp\/v2\/posts\/85664\/revisions\/85666"}],"wp:featuredmedia":[{"embeddable":true,"href":"https:\/\/quehacerpolitico.mx\/index.php?rest_route=\/wp\/v2\/media\/85665"}],"wp:attachment":[{"href":"https:\/\/quehacerpolitico.mx\/index.php?rest_route=%2Fwp%2Fv2%2Fmedia&parent=85664"}],"wp:term":[{"taxonomy":"category","embeddable":true,"href":"https:\/\/quehacerpolitico.mx\/index.php?rest_route=%2Fwp%2Fv2%2Fcategories&post=85664"},{"taxonomy":"post_tag","embeddable":true,"href":"https:\/\/quehacerpolitico.mx\/index.php?rest_route=%2Fwp%2Fv2%2Ftags&post=85664"}],"curies":[{"name":"wp","href":"https:\/\/api.w.org\/{rel}","templated":true}]}}