{"id":85658,"date":"2021-10-13T03:58:59","date_gmt":"2021-10-13T03:58:59","guid":{"rendered":"https:\/\/quehacerpolitico.mx\/?p=85658"},"modified":"2021-10-13T03:59:02","modified_gmt":"2021-10-13T03:59:02","slug":"trabajadores-realizan-paro-de-labores-en-refineria-de-dos-bocas","status":"publish","type":"post","link":"https:\/\/quehacerpolitico.mx\/?p=85658","title":{"rendered":"Trabajadores realizan paro de labores en refiner\u00eda de Dos Bocas"},"content":{"rendered":"\n<p>Por Redacci\u00f3n QP<\/p>\n\n\n\n<p>Alrededor de 200 trabajadores de la empresa constructora mexicana ICA Flour exigen mejores condiciones laborales y la creaci\u00f3n de un nuevo sindicato<\/p>\n\n\n\n<p>La construcci\u00f3n de la nueva refiner\u00eda de\u00a0Dos Bocas est\u00e1  comprometida.<\/p>\n\n\n\n<p>Trabajadores de la empresa ICA Flour contratados para la construcci\u00f3n de esta magaobra\u00a0<strong>iniciaron un paro para exigir mejores condiciones laborales y crear un nuevo sindicato que salga en su defensa.<\/strong><\/p>\n\n\n\n<p>Funcionarios de alto nivel del sector energ\u00e9tico confirmaron que son alrededor de 200 trabajadores de la empresa constructora mexicana ICA Flour, que fue uno de los primeros contratistas en obtener uno de los primeros seis paquetes de licitaci\u00f3n para el nuevo complejo,\u00a0<strong>piden mejores salarios, el pago de horas extras, as\u00ed como mayor seguridad, equipos de protecci\u00f3n y mejores prestaciones, pues se\u00f1alan que los obligan a trabajar horas extras pero no se las quieren pagar.<\/strong><\/p>\n\n\n\n<p>A trav\u00e9s de redes sociales,<strong>&nbsp;los trabajadores denunciaron las p\u00e9simas condiciones en que trabajan.<\/strong><\/p>\n\n\n\n<p>Los videos difundidos por los propios empelados de ICA Flour muestran que algunos de ellos empezaron a retirarse y se niegan a volver hasta no se resuelvan sus demandas y otros cerraron accesos al complejo.<\/p>\n\n\n\n<p>De acuerdo con medios locales, elementos de la Secretar\u00eda de Marina (Semar) arribaron a las instalaciones de la nueva refiner\u00eda para tomar el control de algunas plantas y no afectar el programa de trabajo.<\/p>\n\n\n\n<figure class=\"wp-block-embed is-type-rich is-provider-twitter wp-block-embed-twitter\"><div class=\"wp-block-embed__wrapper\">\n<blockquote class=\"twitter-tweet\" data-width=\"550\" data-dnt=\"true\"><p lang=\"es\" dir=\"ltr\"><a href=\"https:\/\/twitter.com\/hashtag\/DosBocas?src=hash&amp;ref_src=twsrc%5Etfw\">#DosBocas<\/a> Trabajadores contratados por la empresa ICA Flour iniciaron este martes un paro en la obra de la construcci\u00f3n de la refiner\u00eda Dos Bocas para denunciar, por segunda ocasi\u00f3n en el a\u00f1o, presuntos atropellos laborales, principalmente  acusan que no les pagan horas extras. <a href=\"https:\/\/t.co\/RpKFdre6mc\">pic.twitter.com\/RpKFdre6mc<\/a><\/p>&mdash; CitaTextual (@citatextualnews) <a href=\"https:\/\/twitter.com\/citatextualnews\/status\/1448036505231007752?ref_src=twsrc%5Etfw\">October 12, 2021<\/a><\/blockquote><script async src=\"https:\/\/platform.twitter.com\/widgets.js\" charset=\"utf-8\"><\/script>\n<\/div><\/figure>\n\n\n\n<p>Hasta el momento, la\u00a0Secretaria de Energ\u00eda (Sener), encargada del proyecto, no ha emitido ninguna postura oficial sobre la situaci\u00f3n de la refiner\u00eda.<\/p>\n\n\n\n<p>Este es el segundo paro de trabajadores que construyen la refiner\u00eda de Dos Bocas en lo que va de este a\u00f1o. El primero se present\u00f3 en el mes de febrero, que incluso lleg\u00f3 a las agresiones y la exigencia en aquella ocasi\u00f3n eran las mismas: mejores condiciones laborales y el pago de las horas extras que laboran.<\/p>\n\n\n\n<p>Despu\u00e9s de varias horas, los trabajadores decidieron regresar a sus labores, pero un grupo de 300 de ellos contin\u00faan con sus exigencias.<\/p>\n\n\n\n<p>El Presidente Andr\u00e9s Manuel L\u00f3pez Obrador asegur\u00f3 que la obra quedar\u00e1 lista el pr\u00f3ximo 22 de julio del 2022.<\/p>\n\n\n\n<p>Con Informaci\u00f3n de SUN <\/p>\n","protected":false},"excerpt":{"rendered":"<p>Por Redacci\u00f3n QP Alrededor de 200 trabajadores de la empresa constructora mexicana ICA Flour exigen&#8230;<\/p>\n","protected":false},"author":2,"featured_media":85659,"comment_status":"open","ping_status":"open","sticky":false,"template":"","format":"standard","meta":{"_monsterinsights_skip_tracking":false,"_monsterinsights_sitenote_active":false,"_monsterinsights_sitenote_note":"","_monsterinsights_sitenote_category":0,"footnotes":""},"categories":[2],"tags":[],"class_list":["post-85658","post","type-post","status-publish","format-standard","has-post-thumbnail","hentry","category-noticias"],"yoast_head":"<!-- This site is optimized with the Yoast SEO plugin v27.3 - https:\/\/yoast.com\/product\/yoast-seo-wordpress\/ -->\n<title>Trabajadores realizan paro de labores en refiner\u00eda de Dos Bocas -<\/title>\n<meta name=\"robots\" content=\"index, follow, max-snippet:-1, max-image-preview:large, max-video-preview:-1\" \/>\n<link rel=\"canonical\" href=\"https:\/\/quehacerpolitico.mx\/?p=85658\" \/>\n<meta property=\"og:locale\" content=\"es_MX\" \/>\n<meta property=\"og:type\" content=\"article\" \/>\n<meta property=\"og:title\" content=\"Trabajadores realizan paro de labores en refiner\u00eda de Dos Bocas -\" \/>\n<meta property=\"og:description\" content=\"Por Redacci\u00f3n QP Alrededor de 200 trabajadores de la empresa constructora mexicana ICA Flour exigen...\" \/>\n<meta property=\"og:url\" content=\"https:\/\/quehacerpolitico.mx\/?p=85658\" \/>\n<meta property=\"article:published_time\" content=\"2021-10-13T03:58:59+00:00\" \/>\n<meta property=\"article:modified_time\" content=\"2021-10-13T03:59:02+00:00\" \/>\n<meta property=\"og:image\" content=\"https:\/\/quehacerpolitico.mx\/wp-content\/uploads\/2021\/10\/2CA3F05A-7693-4940-AE49-3BB50DD8BB07.jpeg\" \/>\n\t<meta property=\"og:image:width\" content=\"1113\" \/>\n\t<meta property=\"og:image:height\" content=\"644\" \/>\n\t<meta property=\"og:image:type\" content=\"image\/jpeg\" \/>\n<meta name=\"author\" content=\"Redacci\u00f3n QP\" \/>\n<meta name=\"twitter:card\" content=\"summary_large_image\" \/>\n<meta name=\"twitter:label1\" content=\"Escrito por\" \/>\n\t<meta name=\"twitter:data1\" content=\"Redacci\u00f3n QP\" \/>\n\t<meta name=\"twitter:label2\" content=\"Tiempo de lectura\" \/>\n\t<meta name=\"twitter:data2\" content=\"2 minutos\" \/>\n<script type=\"application\/ld+json\" class=\"yoast-schema-graph\">{\"@context\":\"https:\\\/\\\/schema.org\",\"@graph\":[{\"@type\":\"Article\",\"@id\":\"https:\\\/\\\/quehacerpolitico.mx\\\/?p=85658#article\",\"isPartOf\":{\"@id\":\"https:\\\/\\\/quehacerpolitico.mx\\\/?p=85658\"},\"author\":{\"name\":\"Redacci\u00f3n QP\",\"@id\":\"https:\\\/\\\/quehacerpolitico.mx\\\/#\\\/schema\\\/person\\\/496d8ad2d1d3f8036101dca7ee39e585\"},\"headline\":\"Trabajadores realizan paro de labores en refiner\u00eda de Dos Bocas\",\"datePublished\":\"2021-10-13T03:58:59+00:00\",\"dateModified\":\"2021-10-13T03:59:02+00:00\",\"mainEntityOfPage\":{\"@id\":\"https:\\\/\\\/quehacerpolitico.mx\\\/?p=85658\"},\"wordCount\":388,\"commentCount\":0,\"image\":{\"@id\":\"https:\\\/\\\/quehacerpolitico.mx\\\/?p=85658#primaryimage\"},\"thumbnailUrl\":\"https:\\\/\\\/quehacerpolitico.mx\\\/wp-content\\\/uploads\\\/2021\\\/10\\\/2CA3F05A-7693-4940-AE49-3BB50DD8BB07.jpeg\",\"articleSection\":[\"Noticias\"],\"inLanguage\":\"es\",\"potentialAction\":[{\"@type\":\"CommentAction\",\"name\":\"Comment\",\"target\":[\"https:\\\/\\\/quehacerpolitico.mx\\\/?p=85658#respond\"]}]},{\"@type\":\"WebPage\",\"@id\":\"https:\\\/\\\/quehacerpolitico.mx\\\/?p=85658\",\"url\":\"https:\\\/\\\/quehacerpolitico.mx\\\/?p=85658\",\"name\":\"Trabajadores realizan paro de labores en refiner\u00eda de Dos Bocas -\",\"isPartOf\":{\"@id\":\"https:\\\/\\\/quehacerpolitico.mx\\\/#website\"},\"primaryImageOfPage\":{\"@id\":\"https:\\\/\\\/quehacerpolitico.mx\\\/?p=85658#primaryimage\"},\"image\":{\"@id\":\"https:\\\/\\\/quehacerpolitico.mx\\\/?p=85658#primaryimage\"},\"thumbnailUrl\":\"https:\\\/\\\/quehacerpolitico.mx\\\/wp-content\\\/uploads\\\/2021\\\/10\\\/2CA3F05A-7693-4940-AE49-3BB50DD8BB07.jpeg\",\"datePublished\":\"2021-10-13T03:58:59+00:00\",\"dateModified\":\"2021-10-13T03:59:02+00:00\",\"author\":{\"@id\":\"https:\\\/\\\/quehacerpolitico.mx\\\/#\\\/schema\\\/person\\\/496d8ad2d1d3f8036101dca7ee39e585\"},\"breadcrumb\":{\"@id\":\"https:\\\/\\\/quehacerpolitico.mx\\\/?p=85658#breadcrumb\"},\"inLanguage\":\"es\",\"potentialAction\":[{\"@type\":\"ReadAction\",\"target\":[\"https:\\\/\\\/quehacerpolitico.mx\\\/?p=85658\"]}]},{\"@type\":\"ImageObject\",\"inLanguage\":\"es\",\"@id\":\"https:\\\/\\\/quehacerpolitico.mx\\\/?p=85658#primaryimage\",\"url\":\"https:\\\/\\\/quehacerpolitico.mx\\\/wp-content\\\/uploads\\\/2021\\\/10\\\/2CA3F05A-7693-4940-AE49-3BB50DD8BB07.jpeg\",\"contentUrl\":\"https:\\\/\\\/quehacerpolitico.mx\\\/wp-content\\\/uploads\\\/2021\\\/10\\\/2CA3F05A-7693-4940-AE49-3BB50DD8BB07.jpeg\",\"width\":1113,\"height\":644},{\"@type\":\"BreadcrumbList\",\"@id\":\"https:\\\/\\\/quehacerpolitico.mx\\\/?p=85658#breadcrumb\",\"itemListElement\":[{\"@type\":\"ListItem\",\"position\":1,\"name\":\"Inicio\",\"item\":\"https:\\\/\\\/quehacerpolitico.mx\\\/\"},{\"@type\":\"ListItem\",\"position\":2,\"name\":\"Trabajadores realizan paro de labores en refiner\u00eda de Dos Bocas\"}]},{\"@type\":\"WebSite\",\"@id\":\"https:\\\/\\\/quehacerpolitico.mx\\\/#website\",\"url\":\"https:\\\/\\\/quehacerpolitico.mx\\\/\",\"name\":\"\",\"description\":\"\",\"potentialAction\":[{\"@type\":\"SearchAction\",\"target\":{\"@type\":\"EntryPoint\",\"urlTemplate\":\"https:\\\/\\\/quehacerpolitico.mx\\\/?s={search_term_string}\"},\"query-input\":{\"@type\":\"PropertyValueSpecification\",\"valueRequired\":true,\"valueName\":\"search_term_string\"}}],\"inLanguage\":\"es\"},{\"@type\":\"Person\",\"@id\":\"https:\\\/\\\/quehacerpolitico.mx\\\/#\\\/schema\\\/person\\\/496d8ad2d1d3f8036101dca7ee39e585\",\"name\":\"Redacci\u00f3n QP\",\"image\":{\"@type\":\"ImageObject\",\"inLanguage\":\"es\",\"@id\":\"https:\\\/\\\/secure.gravatar.com\\\/avatar\\\/c7164ed6fdec453195284ad24a5ae5b6e1eed2b848477fa2a4787ba9adf39a41?s=96&d=mm&r=g\",\"url\":\"https:\\\/\\\/secure.gravatar.com\\\/avatar\\\/c7164ed6fdec453195284ad24a5ae5b6e1eed2b848477fa2a4787ba9adf39a41?s=96&d=mm&r=g\",\"contentUrl\":\"https:\\\/\\\/secure.gravatar.com\\\/avatar\\\/c7164ed6fdec453195284ad24a5ae5b6e1eed2b848477fa2a4787ba9adf39a41?s=96&d=mm&r=g\",\"caption\":\"Redacci\u00f3n QP\"},\"url\":\"https:\\\/\\\/quehacerpolitico.mx\\\/?author=2\"}]}<\/script>\n<!-- \/ Yoast SEO plugin. -->","yoast_head_json":{"title":"Trabajadores realizan paro de labores en refiner\u00eda de Dos Bocas -","robots":{"index":"index","follow":"follow","max-snippet":"max-snippet:-1","max-image-preview":"max-image-preview:large","max-video-preview":"max-video-preview:-1"},"canonical":"https:\/\/quehacerpolitico.mx\/?p=85658","og_locale":"es_MX","og_type":"article","og_title":"Trabajadores realizan paro de labores en refiner\u00eda de Dos Bocas -","og_description":"Por Redacci\u00f3n QP Alrededor de 200 trabajadores de la empresa constructora mexicana ICA Flour exigen...","og_url":"https:\/\/quehacerpolitico.mx\/?p=85658","article_published_time":"2021-10-13T03:58:59+00:00","article_modified_time":"2021-10-13T03:59:02+00:00","og_image":[{"width":1113,"height":644,"url":"https:\/\/quehacerpolitico.mx\/wp-content\/uploads\/2021\/10\/2CA3F05A-7693-4940-AE49-3BB50DD8BB07.jpeg","type":"image\/jpeg"}],"author":"Redacci\u00f3n QP","twitter_card":"summary_large_image","twitter_misc":{"Escrito por":"Redacci\u00f3n QP","Tiempo de lectura":"2 minutos"},"schema":{"@context":"https:\/\/schema.org","@graph":[{"@type":"Article","@id":"https:\/\/quehacerpolitico.mx\/?p=85658#article","isPartOf":{"@id":"https:\/\/quehacerpolitico.mx\/?p=85658"},"author":{"name":"Redacci\u00f3n QP","@id":"https:\/\/quehacerpolitico.mx\/#\/schema\/person\/496d8ad2d1d3f8036101dca7ee39e585"},"headline":"Trabajadores realizan paro de labores en refiner\u00eda de Dos Bocas","datePublished":"2021-10-13T03:58:59+00:00","dateModified":"2021-10-13T03:59:02+00:00","mainEntityOfPage":{"@id":"https:\/\/quehacerpolitico.mx\/?p=85658"},"wordCount":388,"commentCount":0,"image":{"@id":"https:\/\/quehacerpolitico.mx\/?p=85658#primaryimage"},"thumbnailUrl":"https:\/\/quehacerpolitico.mx\/wp-content\/uploads\/2021\/10\/2CA3F05A-7693-4940-AE49-3BB50DD8BB07.jpeg","articleSection":["Noticias"],"inLanguage":"es","potentialAction":[{"@type":"CommentAction","name":"Comment","target":["https:\/\/quehacerpolitico.mx\/?p=85658#respond"]}]},{"@type":"WebPage","@id":"https:\/\/quehacerpolitico.mx\/?p=85658","url":"https:\/\/quehacerpolitico.mx\/?p=85658","name":"Trabajadores realizan paro de labores en refiner\u00eda de Dos Bocas -","isPartOf":{"@id":"https:\/\/quehacerpolitico.mx\/#website"},"primaryImageOfPage":{"@id":"https:\/\/quehacerpolitico.mx\/?p=85658#primaryimage"},"image":{"@id":"https:\/\/quehacerpolitico.mx\/?p=85658#primaryimage"},"thumbnailUrl":"https:\/\/quehacerpolitico.mx\/wp-content\/uploads\/2021\/10\/2CA3F05A-7693-4940-AE49-3BB50DD8BB07.jpeg","datePublished":"2021-10-13T03:58:59+00:00","dateModified":"2021-10-13T03:59:02+00:00","author":{"@id":"https:\/\/quehacerpolitico.mx\/#\/schema\/person\/496d8ad2d1d3f8036101dca7ee39e585"},"breadcrumb":{"@id":"https:\/\/quehacerpolitico.mx\/?p=85658#breadcrumb"},"inLanguage":"es","potentialAction":[{"@type":"ReadAction","target":["https:\/\/quehacerpolitico.mx\/?p=85658"]}]},{"@type":"ImageObject","inLanguage":"es","@id":"https:\/\/quehacerpolitico.mx\/?p=85658#primaryimage","url":"https:\/\/quehacerpolitico.mx\/wp-content\/uploads\/2021\/10\/2CA3F05A-7693-4940-AE49-3BB50DD8BB07.jpeg","contentUrl":"https:\/\/quehacerpolitico.mx\/wp-content\/uploads\/2021\/10\/2CA3F05A-7693-4940-AE49-3BB50DD8BB07.jpeg","width":1113,"height":644},{"@type":"BreadcrumbList","@id":"https:\/\/quehacerpolitico.mx\/?p=85658#breadcrumb","itemListElement":[{"@type":"ListItem","position":1,"name":"Inicio","item":"https:\/\/quehacerpolitico.mx\/"},{"@type":"ListItem","position":2,"name":"Trabajadores realizan paro de labores en refiner\u00eda de Dos Bocas"}]},{"@type":"WebSite","@id":"https:\/\/quehacerpolitico.mx\/#website","url":"https:\/\/quehacerpolitico.mx\/","name":"","description":"","potentialAction":[{"@type":"SearchAction","target":{"@type":"EntryPoint","urlTemplate":"https:\/\/quehacerpolitico.mx\/?s={search_term_string}"},"query-input":{"@type":"PropertyValueSpecification","valueRequired":true,"valueName":"search_term_string"}}],"inLanguage":"es"},{"@type":"Person","@id":"https:\/\/quehacerpolitico.mx\/#\/schema\/person\/496d8ad2d1d3f8036101dca7ee39e585","name":"Redacci\u00f3n QP","image":{"@type":"ImageObject","inLanguage":"es","@id":"https:\/\/secure.gravatar.com\/avatar\/c7164ed6fdec453195284ad24a5ae5b6e1eed2b848477fa2a4787ba9adf39a41?s=96&d=mm&r=g","url":"https:\/\/secure.gravatar.com\/avatar\/c7164ed6fdec453195284ad24a5ae5b6e1eed2b848477fa2a4787ba9adf39a41?s=96&d=mm&r=g","contentUrl":"https:\/\/secure.gravatar.com\/avatar\/c7164ed6fdec453195284ad24a5ae5b6e1eed2b848477fa2a4787ba9adf39a41?s=96&d=mm&r=g","caption":"Redacci\u00f3n QP"},"url":"https:\/\/quehacerpolitico.mx\/?author=2"}]}},"featured_image_urls":{"full":["https:\/\/quehacerpolitico.mx\/wp-content\/uploads\/2021\/10\/2CA3F05A-7693-4940-AE49-3BB50DD8BB07.jpeg",1113,644,false],"thumbnail":["https:\/\/quehacerpolitico.mx\/wp-content\/uploads\/2021\/10\/2CA3F05A-7693-4940-AE49-3BB50DD8BB07-150x150.jpeg",150,150,true],"medium":["https:\/\/quehacerpolitico.mx\/wp-content\/uploads\/2021\/10\/2CA3F05A-7693-4940-AE49-3BB50DD8BB07-300x174.jpeg",300,174,true],"medium_large":["https:\/\/quehacerpolitico.mx\/wp-content\/uploads\/2021\/10\/2CA3F05A-7693-4940-AE49-3BB50DD8BB07-768x444.jpeg",640,370,true],"large":["https:\/\/quehacerpolitico.mx\/wp-content\/uploads\/2021\/10\/2CA3F05A-7693-4940-AE49-3BB50DD8BB07-1024x593.jpeg",640,371,true],"1536x1536":["https:\/\/quehacerpolitico.mx\/wp-content\/uploads\/2021\/10\/2CA3F05A-7693-4940-AE49-3BB50DD8BB07.jpeg",1113,644,false],"2048x2048":["https:\/\/quehacerpolitico.mx\/wp-content\/uploads\/2021\/10\/2CA3F05A-7693-4940-AE49-3BB50DD8BB07.jpeg",1113,644,false],"covernews-featured":["https:\/\/quehacerpolitico.mx\/wp-content\/uploads\/2021\/10\/2CA3F05A-7693-4940-AE49-3BB50DD8BB07.jpeg",1024,593,false],"covernews-medium":["https:\/\/quehacerpolitico.mx\/wp-content\/uploads\/2021\/10\/2CA3F05A-7693-4940-AE49-3BB50DD8BB07.jpeg",540,312,false]},"author_info":{"display_name":"Redacci\u00f3n QP","author_link":"https:\/\/quehacerpolitico.mx\/?author=2"},"category_info":"<a href=\"https:\/\/quehacerpolitico.mx\/?cat=2\" rel=\"category\">Noticias<\/a>","tag_info":"Noticias","comment_count":"0","_links":{"self":[{"href":"https:\/\/quehacerpolitico.mx\/index.php?rest_route=\/wp\/v2\/posts\/85658","targetHints":{"allow":["GET"]}}],"collection":[{"href":"https:\/\/quehacerpolitico.mx\/index.php?rest_route=\/wp\/v2\/posts"}],"about":[{"href":"https:\/\/quehacerpolitico.mx\/index.php?rest_route=\/wp\/v2\/types\/post"}],"author":[{"embeddable":true,"href":"https:\/\/quehacerpolitico.mx\/index.php?rest_route=\/wp\/v2\/users\/2"}],"replies":[{"embeddable":true,"href":"https:\/\/quehacerpolitico.mx\/index.php?rest_route=%2Fwp%2Fv2%2Fcomments&post=85658"}],"version-history":[{"count":1,"href":"https:\/\/quehacerpolitico.mx\/index.php?rest_route=\/wp\/v2\/posts\/85658\/revisions"}],"predecessor-version":[{"id":85660,"href":"https:\/\/quehacerpolitico.mx\/index.php?rest_route=\/wp\/v2\/posts\/85658\/revisions\/85660"}],"wp:featuredmedia":[{"embeddable":true,"href":"https:\/\/quehacerpolitico.mx\/index.php?rest_route=\/wp\/v2\/media\/85659"}],"wp:attachment":[{"href":"https:\/\/quehacerpolitico.mx\/index.php?rest_route=%2Fwp%2Fv2%2Fmedia&parent=85658"}],"wp:term":[{"taxonomy":"category","embeddable":true,"href":"https:\/\/quehacerpolitico.mx\/index.php?rest_route=%2Fwp%2Fv2%2Fcategories&post=85658"},{"taxonomy":"post_tag","embeddable":true,"href":"https:\/\/quehacerpolitico.mx\/index.php?rest_route=%2Fwp%2Fv2%2Ftags&post=85658"}],"curies":[{"name":"wp","href":"https:\/\/api.w.org\/{rel}","templated":true}]}}