{"id":85586,"date":"2021-10-11T20:56:04","date_gmt":"2021-10-11T20:56:04","guid":{"rendered":"https:\/\/quehacerpolitico.mx\/?p=85586"},"modified":"2022-01-24T05:34:36","modified_gmt":"2022-01-24T05:34:36","slug":"economia-principal-factor-de-trabajo-unacdmx","status":"publish","type":"post","link":"https:\/\/quehacerpolitico.mx\/?p=85586","title":{"rendered":"ECONOM\u00cdA, PRINCIPAL FACTOR DE TRABAJO: UNACDMX"},"content":{"rendered":"\n<p>Por Redacci\u00f3n QP<\/p>\n\n\n\n<p>Tenemos 8 ejes de trabajo para reactivar la econom\u00eda del pa\u00eds<\/p>\n\n\n\n<figure class=\"wp-block-image size-full\"><img loading=\"lazy\" decoding=\"async\" width=\"648\" height=\"960\" src=\"https:\/\/quehacerpolitico.mx\/wp-content\/uploads\/2021\/10\/image-15.jpeg\" alt=\"\" class=\"wp-image-85587\" srcset=\"https:\/\/quehacerpolitico.mx\/wp-content\/uploads\/2021\/10\/image-15.jpeg 648w, https:\/\/quehacerpolitico.mx\/wp-content\/uploads\/2021\/10\/image-15-203x300.jpeg 203w, https:\/\/quehacerpolitico.mx\/wp-content\/uploads\/2021\/10\/image-15-99x146.jpeg 99w, https:\/\/quehacerpolitico.mx\/wp-content\/uploads\/2021\/10\/image-15-34x50.jpeg 34w, https:\/\/quehacerpolitico.mx\/wp-content\/uploads\/2021\/10\/image-15-51x75.jpeg 51w\" sizes=\"auto, (max-width: 648px) 100vw, 648px\" \/><\/figure>\n\n\n\n<p>Durante la conferencia del 11 de octubre de 2021 de la Uni\u00f3n de Alcaldes de la Ciudad de M\u00e9xico (UNACDMX), el actual vocero y Alcalde de Coyoac\u00e1n, Giovani Gutierrez, dio la orden del d\u00eda iniciando dicho discurso, con el tema econom\u00eda y trabajo para los habitantes de las demarcaciones que conforman la UNACDMX, adem\u00e1s de hacer una invitaci\u00f3n a los alcaldes que a\u00fan no se encuentra en la Uni\u00f3n, a ser parte de la misma.<\/p>\n\n\n\n<figure class=\"wp-block-embed is-type-rich is-provider-twitter wp-block-embed-twitter\"><div class=\"wp-block-embed__wrapper\">\n<blockquote class=\"twitter-tweet\" data-width=\"550\" data-dnt=\"true\"><p lang=\"es\" dir=\"ltr\">Los integrantes de la UNACDMX sabemos que la reactivaci\u00f3n econ\u00f3mica es un tema prioritario en la agenda de nuestras alcald\u00edas, por eso nos comprometemos a trabajar para mejorar la econom\u00eda de sus habitantes. Te compartimos c\u00f3mo lo haremos: <a href=\"https:\/\/t.co\/H2QZ7HQGgw\">pic.twitter.com\/H2QZ7HQGgw<\/a><\/p>&mdash; UNACDMX (@UNACDMX_OFICIAL) <a href=\"https:\/\/twitter.com\/UNACDMX_OFICIAL\/status\/1447652314303565827?ref_src=twsrc%5Etfw\">October 11, 2021<\/a><\/blockquote><script async src=\"https:\/\/platform.twitter.com\/widgets.js\" charset=\"utf-8\"><\/script>\n<\/div><\/figure>\n\n\n\n<p>Mencion\u00f3 las dificultades a las que se presentan diariamente los vecinos de las alcald\u00edas, traslad\u00e1ndose a diferentes partes de la ciudad, as\u00ed como del Estado de M\u00e9xico para poder desarrollar sus labores diarias.&nbsp;&nbsp;Haciendo menci\u00f3n que las cifras reflejan alrededor de 33 mil empleos perdidos durante la pandemia, al d\u00eda de hoy.<\/p>\n\n\n\n<p>Por lo que menciona sus 8 ejes rectores, en los cuales trabajaran durante sus gobiernos:&nbsp;<\/p>\n\n\n\n<p>1. Agilizar los tr\u00e1mites para las empresas<\/p>\n\n\n\n<p>2. Mesas de seguimiento para los inversionistas<\/p>\n\n\n\n<p>3. Beneficios administrativos a empresas que ofrezcan empleo a quien m\u00e1s lo necesite.<\/p>\n\n\n\n<p>4. Reuniones empresariales con instituciones<\/p>\n\n\n\n<p>5. 9 ferias de empleos por semestre.<\/p>\n\n\n\n<p>6. Programa de preparaci\u00f3n para el empleo.<\/p>\n\n\n\n<p>7. Seguimiento a las construcciones para evitar la corrupci\u00f3n.<\/p>\n\n\n\n<p>8. Cero tolerancia a la corrupci\u00f3n en tr\u00e1mites<\/p>\n\n\n\n<p>Siguiendo con este protocolo, se realiz\u00f3 la firma de cada uno de los Alcaldes asistentes, Sandra Cuevas de Cuauht\u00e9moc, L\u00eda Lim\u00f3n de \u00c1lvaro Obreg\u00f3n, Margarita Salda\u00f1a de Azcapotzalco, Mauricio Tabe de Miguel Hidalgo, Alfa Gonz\u00e1lez de Tlalpan, Luis Gerardo Quijano de Magdalena Contreras y Santiago Taboada de Benito Ju\u00e1rez.<\/p>\n\n\n\n<figure class=\"wp-block-embed is-type-rich is-provider-twitter wp-block-embed-twitter\"><div class=\"wp-block-embed__wrapper\">\n<blockquote class=\"twitter-tweet\" data-width=\"550\" data-dnt=\"true\"><p lang=\"es\" dir=\"ltr\"><a href=\"https:\/\/twitter.com\/hashtag\/QPMX?src=hash&amp;ref_src=twsrc%5Etfw\">#QPMX<\/a> \ud83d\udd34<a href=\"https:\/\/twitter.com\/hashtag\/EnVivo?src=hash&amp;ref_src=twsrc%5Etfw\">#EnVivo<\/a> Conferencia de Prensa de las alcaldesas y alcaldes de la  <a href=\"https:\/\/twitter.com\/UNACDMX_OFICIAL?ref_src=twsrc%5Etfw\">@UNACDMX_OFICIAL<\/a> | Lunes 11 de Octubre del 2021 <a href=\"https:\/\/t.co\/Jtr5IxPMi4\">https:\/\/t.co\/Jtr5IxPMi4<\/a><\/p>&mdash; Quehacer Pol\u00edtico (@QueHacerPolitic) <a href=\"https:\/\/twitter.com\/QueHacerPolitic\/status\/1447541247787286530?ref_src=twsrc%5Etfw\">October 11, 2021<\/a><\/blockquote><script async src=\"https:\/\/platform.twitter.com\/widgets.js\" charset=\"utf-8\"><\/script>\n<\/div><\/figure>\n","protected":false},"excerpt":{"rendered":"<p>Por Redacci\u00f3n QP Tenemos 8 ejes de trabajo para reactivar la econom\u00eda del pa\u00eds Durante&#8230;<\/p>\n","protected":false},"author":2,"featured_media":85590,"comment_status":"open","ping_status":"open","sticky":false,"template":"","format":"standard","meta":{"_monsterinsights_skip_tracking":false,"_monsterinsights_sitenote_active":false,"_monsterinsights_sitenote_note":"","_monsterinsights_sitenote_category":0,"footnotes":""},"categories":[55],"tags":[],"class_list":["post-85586","post","type-post","status-publish","format-standard","has-post-thumbnail","hentry","category-cdmx"],"yoast_head":"<!-- This site is optimized with the Yoast SEO plugin v27.3 - https:\/\/yoast.com\/product\/yoast-seo-wordpress\/ -->\n<title>ECONOM\u00cdA, PRINCIPAL FACTOR DE TRABAJO: UNACDMX -<\/title>\n<meta name=\"robots\" content=\"index, follow, max-snippet:-1, max-image-preview:large, max-video-preview:-1\" \/>\n<link rel=\"canonical\" href=\"https:\/\/quehacerpolitico.mx\/?p=85586\" \/>\n<meta property=\"og:locale\" content=\"es_MX\" \/>\n<meta property=\"og:type\" content=\"article\" \/>\n<meta property=\"og:title\" content=\"ECONOM\u00cdA, PRINCIPAL FACTOR DE TRABAJO: UNACDMX -\" \/>\n<meta property=\"og:description\" content=\"Por Redacci\u00f3n QP Tenemos 8 ejes de trabajo para reactivar la econom\u00eda del pa\u00eds Durante...\" \/>\n<meta property=\"og:url\" content=\"https:\/\/quehacerpolitico.mx\/?p=85586\" \/>\n<meta property=\"article:published_time\" content=\"2021-10-11T20:56:04+00:00\" \/>\n<meta property=\"article:modified_time\" content=\"2022-01-24T05:34:36+00:00\" \/>\n<meta property=\"og:image\" content=\"https:\/\/quehacerpolitico.mx\/wp-content\/uploads\/2021\/10\/E9E5466C-2BF4-4F28-A6E6-0FAF8B0DB1F3.jpeg\" \/>\n\t<meta property=\"og:image:width\" content=\"1280\" \/>\n\t<meta property=\"og:image:height\" content=\"513\" \/>\n\t<meta property=\"og:image:type\" content=\"image\/jpeg\" \/>\n<meta name=\"author\" content=\"Redacci\u00f3n QP\" \/>\n<meta name=\"twitter:card\" content=\"summary_large_image\" \/>\n<meta name=\"twitter:label1\" content=\"Escrito por\" \/>\n\t<meta name=\"twitter:data1\" content=\"Redacci\u00f3n QP\" \/>\n\t<meta name=\"twitter:label2\" content=\"Tiempo de lectura\" \/>\n\t<meta name=\"twitter:data2\" content=\"2 minutos\" \/>\n<script type=\"application\/ld+json\" class=\"yoast-schema-graph\">{\"@context\":\"https:\\\/\\\/schema.org\",\"@graph\":[{\"@type\":\"Article\",\"@id\":\"https:\\\/\\\/quehacerpolitico.mx\\\/?p=85586#article\",\"isPartOf\":{\"@id\":\"https:\\\/\\\/quehacerpolitico.mx\\\/?p=85586\"},\"author\":{\"name\":\"Redacci\u00f3n QP\",\"@id\":\"https:\\\/\\\/quehacerpolitico.mx\\\/#\\\/schema\\\/person\\\/496d8ad2d1d3f8036101dca7ee39e585\"},\"headline\":\"ECONOM\u00cdA, PRINCIPAL FACTOR DE TRABAJO: UNACDMX\",\"datePublished\":\"2021-10-11T20:56:04+00:00\",\"dateModified\":\"2022-01-24T05:34:36+00:00\",\"mainEntityOfPage\":{\"@id\":\"https:\\\/\\\/quehacerpolitico.mx\\\/?p=85586\"},\"wordCount\":307,\"commentCount\":0,\"image\":{\"@id\":\"https:\\\/\\\/quehacerpolitico.mx\\\/?p=85586#primaryimage\"},\"thumbnailUrl\":\"https:\\\/\\\/quehacerpolitico.mx\\\/wp-content\\\/uploads\\\/2021\\\/10\\\/E9E5466C-2BF4-4F28-A6E6-0FAF8B0DB1F3.jpeg\",\"articleSection\":[\"CDMX\"],\"inLanguage\":\"es\",\"potentialAction\":[{\"@type\":\"CommentAction\",\"name\":\"Comment\",\"target\":[\"https:\\\/\\\/quehacerpolitico.mx\\\/?p=85586#respond\"]}]},{\"@type\":\"WebPage\",\"@id\":\"https:\\\/\\\/quehacerpolitico.mx\\\/?p=85586\",\"url\":\"https:\\\/\\\/quehacerpolitico.mx\\\/?p=85586\",\"name\":\"ECONOM\u00cdA, PRINCIPAL FACTOR DE TRABAJO: UNACDMX -\",\"isPartOf\":{\"@id\":\"https:\\\/\\\/quehacerpolitico.mx\\\/#website\"},\"primaryImageOfPage\":{\"@id\":\"https:\\\/\\\/quehacerpolitico.mx\\\/?p=85586#primaryimage\"},\"image\":{\"@id\":\"https:\\\/\\\/quehacerpolitico.mx\\\/?p=85586#primaryimage\"},\"thumbnailUrl\":\"https:\\\/\\\/quehacerpolitico.mx\\\/wp-content\\\/uploads\\\/2021\\\/10\\\/E9E5466C-2BF4-4F28-A6E6-0FAF8B0DB1F3.jpeg\",\"datePublished\":\"2021-10-11T20:56:04+00:00\",\"dateModified\":\"2022-01-24T05:34:36+00:00\",\"author\":{\"@id\":\"https:\\\/\\\/quehacerpolitico.mx\\\/#\\\/schema\\\/person\\\/496d8ad2d1d3f8036101dca7ee39e585\"},\"breadcrumb\":{\"@id\":\"https:\\\/\\\/quehacerpolitico.mx\\\/?p=85586#breadcrumb\"},\"inLanguage\":\"es\",\"potentialAction\":[{\"@type\":\"ReadAction\",\"target\":[\"https:\\\/\\\/quehacerpolitico.mx\\\/?p=85586\"]}]},{\"@type\":\"ImageObject\",\"inLanguage\":\"es\",\"@id\":\"https:\\\/\\\/quehacerpolitico.mx\\\/?p=85586#primaryimage\",\"url\":\"https:\\\/\\\/quehacerpolitico.mx\\\/wp-content\\\/uploads\\\/2021\\\/10\\\/E9E5466C-2BF4-4F28-A6E6-0FAF8B0DB1F3.jpeg\",\"contentUrl\":\"https:\\\/\\\/quehacerpolitico.mx\\\/wp-content\\\/uploads\\\/2021\\\/10\\\/E9E5466C-2BF4-4F28-A6E6-0FAF8B0DB1F3.jpeg\",\"width\":1280,\"height\":513},{\"@type\":\"BreadcrumbList\",\"@id\":\"https:\\\/\\\/quehacerpolitico.mx\\\/?p=85586#breadcrumb\",\"itemListElement\":[{\"@type\":\"ListItem\",\"position\":1,\"name\":\"Inicio\",\"item\":\"https:\\\/\\\/quehacerpolitico.mx\\\/\"},{\"@type\":\"ListItem\",\"position\":2,\"name\":\"ECONOM\u00cdA, PRINCIPAL FACTOR DE TRABAJO: UNACDMX\"}]},{\"@type\":\"WebSite\",\"@id\":\"https:\\\/\\\/quehacerpolitico.mx\\\/#website\",\"url\":\"https:\\\/\\\/quehacerpolitico.mx\\\/\",\"name\":\"\",\"description\":\"\",\"potentialAction\":[{\"@type\":\"SearchAction\",\"target\":{\"@type\":\"EntryPoint\",\"urlTemplate\":\"https:\\\/\\\/quehacerpolitico.mx\\\/?s={search_term_string}\"},\"query-input\":{\"@type\":\"PropertyValueSpecification\",\"valueRequired\":true,\"valueName\":\"search_term_string\"}}],\"inLanguage\":\"es\"},{\"@type\":\"Person\",\"@id\":\"https:\\\/\\\/quehacerpolitico.mx\\\/#\\\/schema\\\/person\\\/496d8ad2d1d3f8036101dca7ee39e585\",\"name\":\"Redacci\u00f3n QP\",\"image\":{\"@type\":\"ImageObject\",\"inLanguage\":\"es\",\"@id\":\"https:\\\/\\\/secure.gravatar.com\\\/avatar\\\/c7164ed6fdec453195284ad24a5ae5b6e1eed2b848477fa2a4787ba9adf39a41?s=96&d=mm&r=g\",\"url\":\"https:\\\/\\\/secure.gravatar.com\\\/avatar\\\/c7164ed6fdec453195284ad24a5ae5b6e1eed2b848477fa2a4787ba9adf39a41?s=96&d=mm&r=g\",\"contentUrl\":\"https:\\\/\\\/secure.gravatar.com\\\/avatar\\\/c7164ed6fdec453195284ad24a5ae5b6e1eed2b848477fa2a4787ba9adf39a41?s=96&d=mm&r=g\",\"caption\":\"Redacci\u00f3n QP\"},\"url\":\"https:\\\/\\\/quehacerpolitico.mx\\\/?author=2\"}]}<\/script>\n<!-- \/ Yoast SEO plugin. -->","yoast_head_json":{"title":"ECONOM\u00cdA, PRINCIPAL FACTOR DE TRABAJO: UNACDMX -","robots":{"index":"index","follow":"follow","max-snippet":"max-snippet:-1","max-image-preview":"max-image-preview:large","max-video-preview":"max-video-preview:-1"},"canonical":"https:\/\/quehacerpolitico.mx\/?p=85586","og_locale":"es_MX","og_type":"article","og_title":"ECONOM\u00cdA, PRINCIPAL FACTOR DE TRABAJO: UNACDMX -","og_description":"Por Redacci\u00f3n QP Tenemos 8 ejes de trabajo para reactivar la econom\u00eda del pa\u00eds Durante...","og_url":"https:\/\/quehacerpolitico.mx\/?p=85586","article_published_time":"2021-10-11T20:56:04+00:00","article_modified_time":"2022-01-24T05:34:36+00:00","og_image":[{"width":1280,"height":513,"url":"https:\/\/quehacerpolitico.mx\/wp-content\/uploads\/2021\/10\/E9E5466C-2BF4-4F28-A6E6-0FAF8B0DB1F3.jpeg","type":"image\/jpeg"}],"author":"Redacci\u00f3n QP","twitter_card":"summary_large_image","twitter_misc":{"Escrito por":"Redacci\u00f3n QP","Tiempo de lectura":"2 minutos"},"schema":{"@context":"https:\/\/schema.org","@graph":[{"@type":"Article","@id":"https:\/\/quehacerpolitico.mx\/?p=85586#article","isPartOf":{"@id":"https:\/\/quehacerpolitico.mx\/?p=85586"},"author":{"name":"Redacci\u00f3n QP","@id":"https:\/\/quehacerpolitico.mx\/#\/schema\/person\/496d8ad2d1d3f8036101dca7ee39e585"},"headline":"ECONOM\u00cdA, PRINCIPAL FACTOR DE TRABAJO: UNACDMX","datePublished":"2021-10-11T20:56:04+00:00","dateModified":"2022-01-24T05:34:36+00:00","mainEntityOfPage":{"@id":"https:\/\/quehacerpolitico.mx\/?p=85586"},"wordCount":307,"commentCount":0,"image":{"@id":"https:\/\/quehacerpolitico.mx\/?p=85586#primaryimage"},"thumbnailUrl":"https:\/\/quehacerpolitico.mx\/wp-content\/uploads\/2021\/10\/E9E5466C-2BF4-4F28-A6E6-0FAF8B0DB1F3.jpeg","articleSection":["CDMX"],"inLanguage":"es","potentialAction":[{"@type":"CommentAction","name":"Comment","target":["https:\/\/quehacerpolitico.mx\/?p=85586#respond"]}]},{"@type":"WebPage","@id":"https:\/\/quehacerpolitico.mx\/?p=85586","url":"https:\/\/quehacerpolitico.mx\/?p=85586","name":"ECONOM\u00cdA, PRINCIPAL FACTOR DE TRABAJO: UNACDMX -","isPartOf":{"@id":"https:\/\/quehacerpolitico.mx\/#website"},"primaryImageOfPage":{"@id":"https:\/\/quehacerpolitico.mx\/?p=85586#primaryimage"},"image":{"@id":"https:\/\/quehacerpolitico.mx\/?p=85586#primaryimage"},"thumbnailUrl":"https:\/\/quehacerpolitico.mx\/wp-content\/uploads\/2021\/10\/E9E5466C-2BF4-4F28-A6E6-0FAF8B0DB1F3.jpeg","datePublished":"2021-10-11T20:56:04+00:00","dateModified":"2022-01-24T05:34:36+00:00","author":{"@id":"https:\/\/quehacerpolitico.mx\/#\/schema\/person\/496d8ad2d1d3f8036101dca7ee39e585"},"breadcrumb":{"@id":"https:\/\/quehacerpolitico.mx\/?p=85586#breadcrumb"},"inLanguage":"es","potentialAction":[{"@type":"ReadAction","target":["https:\/\/quehacerpolitico.mx\/?p=85586"]}]},{"@type":"ImageObject","inLanguage":"es","@id":"https:\/\/quehacerpolitico.mx\/?p=85586#primaryimage","url":"https:\/\/quehacerpolitico.mx\/wp-content\/uploads\/2021\/10\/E9E5466C-2BF4-4F28-A6E6-0FAF8B0DB1F3.jpeg","contentUrl":"https:\/\/quehacerpolitico.mx\/wp-content\/uploads\/2021\/10\/E9E5466C-2BF4-4F28-A6E6-0FAF8B0DB1F3.jpeg","width":1280,"height":513},{"@type":"BreadcrumbList","@id":"https:\/\/quehacerpolitico.mx\/?p=85586#breadcrumb","itemListElement":[{"@type":"ListItem","position":1,"name":"Inicio","item":"https:\/\/quehacerpolitico.mx\/"},{"@type":"ListItem","position":2,"name":"ECONOM\u00cdA, PRINCIPAL FACTOR DE TRABAJO: UNACDMX"}]},{"@type":"WebSite","@id":"https:\/\/quehacerpolitico.mx\/#website","url":"https:\/\/quehacerpolitico.mx\/","name":"","description":"","potentialAction":[{"@type":"SearchAction","target":{"@type":"EntryPoint","urlTemplate":"https:\/\/quehacerpolitico.mx\/?s={search_term_string}"},"query-input":{"@type":"PropertyValueSpecification","valueRequired":true,"valueName":"search_term_string"}}],"inLanguage":"es"},{"@type":"Person","@id":"https:\/\/quehacerpolitico.mx\/#\/schema\/person\/496d8ad2d1d3f8036101dca7ee39e585","name":"Redacci\u00f3n QP","image":{"@type":"ImageObject","inLanguage":"es","@id":"https:\/\/secure.gravatar.com\/avatar\/c7164ed6fdec453195284ad24a5ae5b6e1eed2b848477fa2a4787ba9adf39a41?s=96&d=mm&r=g","url":"https:\/\/secure.gravatar.com\/avatar\/c7164ed6fdec453195284ad24a5ae5b6e1eed2b848477fa2a4787ba9adf39a41?s=96&d=mm&r=g","contentUrl":"https:\/\/secure.gravatar.com\/avatar\/c7164ed6fdec453195284ad24a5ae5b6e1eed2b848477fa2a4787ba9adf39a41?s=96&d=mm&r=g","caption":"Redacci\u00f3n QP"},"url":"https:\/\/quehacerpolitico.mx\/?author=2"}]}},"featured_image_urls":{"full":["https:\/\/quehacerpolitico.mx\/wp-content\/uploads\/2021\/10\/E9E5466C-2BF4-4F28-A6E6-0FAF8B0DB1F3.jpeg",1280,513,false],"thumbnail":["https:\/\/quehacerpolitico.mx\/wp-content\/uploads\/2021\/10\/E9E5466C-2BF4-4F28-A6E6-0FAF8B0DB1F3-150x150.jpeg",150,150,true],"medium":["https:\/\/quehacerpolitico.mx\/wp-content\/uploads\/2021\/10\/E9E5466C-2BF4-4F28-A6E6-0FAF8B0DB1F3-300x120.jpeg",300,120,true],"medium_large":["https:\/\/quehacerpolitico.mx\/wp-content\/uploads\/2021\/10\/E9E5466C-2BF4-4F28-A6E6-0FAF8B0DB1F3-768x308.jpeg",640,257,true],"large":["https:\/\/quehacerpolitico.mx\/wp-content\/uploads\/2021\/10\/E9E5466C-2BF4-4F28-A6E6-0FAF8B0DB1F3-1024x410.jpeg",640,256,true],"1536x1536":["https:\/\/quehacerpolitico.mx\/wp-content\/uploads\/2021\/10\/E9E5466C-2BF4-4F28-A6E6-0FAF8B0DB1F3.jpeg",1280,513,false],"2048x2048":["https:\/\/quehacerpolitico.mx\/wp-content\/uploads\/2021\/10\/E9E5466C-2BF4-4F28-A6E6-0FAF8B0DB1F3.jpeg",1280,513,false],"covernews-featured":["https:\/\/quehacerpolitico.mx\/wp-content\/uploads\/2021\/10\/E9E5466C-2BF4-4F28-A6E6-0FAF8B0DB1F3.jpeg",1024,410,false],"covernews-medium":["https:\/\/quehacerpolitico.mx\/wp-content\/uploads\/2021\/10\/E9E5466C-2BF4-4F28-A6E6-0FAF8B0DB1F3.jpeg",540,216,false]},"author_info":{"display_name":"Redacci\u00f3n QP","author_link":"https:\/\/quehacerpolitico.mx\/?author=2"},"category_info":"<a href=\"https:\/\/quehacerpolitico.mx\/?cat=55\" rel=\"category\">CDMX<\/a>","tag_info":"CDMX","comment_count":"0","_links":{"self":[{"href":"https:\/\/quehacerpolitico.mx\/index.php?rest_route=\/wp\/v2\/posts\/85586","targetHints":{"allow":["GET"]}}],"collection":[{"href":"https:\/\/quehacerpolitico.mx\/index.php?rest_route=\/wp\/v2\/posts"}],"about":[{"href":"https:\/\/quehacerpolitico.mx\/index.php?rest_route=\/wp\/v2\/types\/post"}],"author":[{"embeddable":true,"href":"https:\/\/quehacerpolitico.mx\/index.php?rest_route=\/wp\/v2\/users\/2"}],"replies":[{"embeddable":true,"href":"https:\/\/quehacerpolitico.mx\/index.php?rest_route=%2Fwp%2Fv2%2Fcomments&post=85586"}],"version-history":[{"count":3,"href":"https:\/\/quehacerpolitico.mx\/index.php?rest_route=\/wp\/v2\/posts\/85586\/revisions"}],"predecessor-version":[{"id":88862,"href":"https:\/\/quehacerpolitico.mx\/index.php?rest_route=\/wp\/v2\/posts\/85586\/revisions\/88862"}],"wp:featuredmedia":[{"embeddable":true,"href":"https:\/\/quehacerpolitico.mx\/index.php?rest_route=\/wp\/v2\/media\/85590"}],"wp:attachment":[{"href":"https:\/\/quehacerpolitico.mx\/index.php?rest_route=%2Fwp%2Fv2%2Fmedia&parent=85586"}],"wp:term":[{"taxonomy":"category","embeddable":true,"href":"https:\/\/quehacerpolitico.mx\/index.php?rest_route=%2Fwp%2Fv2%2Fcategories&post=85586"},{"taxonomy":"post_tag","embeddable":true,"href":"https:\/\/quehacerpolitico.mx\/index.php?rest_route=%2Fwp%2Fv2%2Ftags&post=85586"}],"curies":[{"name":"wp","href":"https:\/\/api.w.org\/{rel}","templated":true}]}}