{"id":85554,"date":"2021-10-08T03:29:49","date_gmt":"2021-10-08T03:29:49","guid":{"rendered":"https:\/\/quehacerpolitico.mx\/?p=85554"},"modified":"2021-10-08T03:29:51","modified_gmt":"2021-10-08T03:29:51","slug":"incendio-en-la-caseta-de-tultepec-en-el-circuito-exterior-mexiquense","status":"publish","type":"post","link":"https:\/\/quehacerpolitico.mx\/?p=85554","title":{"rendered":"Incendio en la caseta de Tultepec en el Circuito Exterior Mexiquense"},"content":{"rendered":"\n<p>Por Redacci\u00f3n QP<\/p>\n\n\n\n<p>Las llamas se puede apreciar a kil\u00f3metros de la caseta donde ocurri\u00f3 el accidente.<\/p>\n\n\n\n<p>Una&nbsp;<strong>pipa de gas LP<\/strong>&nbsp;se volc\u00f3 sobre el&nbsp;<strong>Circuito Exterior Mexiquese<\/strong>&nbsp;a la altura de la caseta de&nbsp;<strong>Tultepec<\/strong>, provocando un fuerte incendio; las llamas se podian apreciar desde varios kilometros de distancia, por lo que el accidente fue captado por varios automovilista.<\/p>\n\n\n\n<p>Ante este hecho, los bomberos de los municipios mexiquenses de Tultepec y Nextlalpan acudieron al lugar para intentar controlar este incendio, el cual ha alcanzado grandes proporciones.<\/p>\n\n\n\n<figure class=\"wp-block-embed is-type-rich is-provider-twitter wp-block-embed-twitter\"><div class=\"wp-block-embed__wrapper\">\n<blockquote class=\"twitter-tweet\" data-width=\"550\" data-dnt=\"true\"><p lang=\"es\" dir=\"ltr\"><a href=\"https:\/\/twitter.com\/hashtag\/AvisoCEM?src=hash&amp;ref_src=twsrc%5Etfw\">#AvisoCEM<\/a> 21:02 Atenci\u00f3n de accidente en el km 24+316 municipio de Tultepec, direcci\u00f3n Puebla y Quer\u00e9taro. Caseta T-1 cerrada. Tome alternativas.<\/p>&mdash; Circuito.Mx (@Circuito_mx) <a href=\"https:\/\/twitter.com\/Circuito_mx\/status\/1446295255867854850?ref_src=twsrc%5Etfw\">October 8, 2021<\/a><\/blockquote><script async src=\"https:\/\/platform.twitter.com\/widgets.js\" charset=\"utf-8\"><\/script>\n<\/div><\/figure>\n\n\n\n<p>Adem\u00e1s, usuarios en redes sociales reportaron que el\u00a0<strong>Circuito Exterior Mexiquense<\/strong>\u00a0se encuentra cerrado en direcci\u00f3n a la localidad de Jorobas, municipio de\u00a0<strong>Huehuetoca, Estado de M\u00e9xico<\/strong>, a la altura de la caseta Tultepec.<\/p>\n\n\n\n<figure class=\"wp-block-embed is-type-rich is-provider-twitter wp-block-embed-twitter\"><div class=\"wp-block-embed__wrapper\">\nhttps:\/\/twitter.com\/alerta_news_\/status\/1446311396765880321?s=21\n<\/div><\/figure>\n\n\n\n<figure class=\"wp-block-embed is-type-rich is-provider-twitter wp-block-embed-twitter\"><div class=\"wp-block-embed__wrapper\">\n<blockquote class=\"twitter-tweet\" data-width=\"550\" data-dnt=\"true\"><p lang=\"es\" dir=\"ltr\">Caseta de Tultepec cerrada, circuito Mexiquense. <a href=\"https:\/\/t.co\/3QfqWMB1EJ\">pic.twitter.com\/3QfqWMB1EJ<\/a><\/p>&mdash; SV &amp; ByA57 (@svtlmautos) <a href=\"https:\/\/twitter.com\/svtlmautos\/status\/1446311264729321483?ref_src=twsrc%5Etfw\">October 8, 2021<\/a><\/blockquote><script async src=\"https:\/\/platform.twitter.com\/widgets.js\" charset=\"utf-8\"><\/script>\n<\/div><\/figure>\n\n\n\n<figure class=\"wp-block-embed is-type-rich is-provider-twitter wp-block-embed-twitter\"><div class=\"wp-block-embed__wrapper\">\n<blockquote class=\"twitter-tweet\" data-width=\"550\" data-dnt=\"true\"><p lang=\"es\" dir=\"ltr\">\ud83d\udea8  \ud83d\udea8<br>MUNCIPIO TULTEPEC.                                                             CIRCUITO EXTERIOR MEXIQUENSE 26 EN LA CASETA T1                                                                            <br>INCENDIO DE UNA PIPA AL PARECER DE GAS ANTES DE CRUZAR LA CASETA <a href=\"https:\/\/t.co\/F1rCb0L8RB\">pic.twitter.com\/F1rCb0L8RB<\/a><\/p>&mdash; RESCATE URBANO RAIZ (@RescateRiaz) <a href=\"https:\/\/twitter.com\/RescateRiaz\/status\/1446304113927630868?ref_src=twsrc%5Etfw\">October 8, 2021<\/a><\/blockquote><script async src=\"https:\/\/platform.twitter.com\/widgets.js\" charset=\"utf-8\"><\/script>\n<\/div><\/figure>\n\n\n\n<p>De acuerdo con bomberos locales, la pipa volcada (de 42 mil litros de almacenamiento)\u00a0<strong>transportaba gas LP<\/strong>. Hasta el momento se desconoce si el accidente ha cobrado vidas.<\/p>\n\n\n\n<figure class=\"wp-block-embed is-type-rich is-provider-twitter wp-block-embed-twitter\"><div class=\"wp-block-embed__wrapper\">\n<blockquote class=\"twitter-tweet\" data-width=\"550\" data-dnt=\"true\"><p lang=\"es\" dir=\"ltr\">Hay un incendio en el kil\u00f3metro 24+316 del Circuito Exterior Mexiquense, en la caseta de Tultepec con direcci\u00f3n a Quer\u00e9taro.<br><br>Reportes preliminares indican que se volc\u00f3 una pipa.<br><br>\ud83d\udcfd\ufe0f: <a href=\"https:\/\/twitter.com\/chakmaldonado?ref_src=twsrc%5Etfw\">@chakmaldonado<\/a>. <a href=\"https:\/\/t.co\/uaqvKkknlK\">pic.twitter.com\/uaqvKkknlK<\/a><\/p>&mdash; Ruido en la Red (@RuidoEnLaRed) <a href=\"https:\/\/twitter.com\/RuidoEnLaRed\/status\/1446300713601097729?ref_src=twsrc%5Etfw\">October 8, 2021<\/a><\/blockquote><script async src=\"https:\/\/platform.twitter.com\/widgets.js\" charset=\"utf-8\"><\/script>\n<\/div><\/figure>\n\n\n\n<p>Adicionalmente, los usuarios en redes explicaron que la caseta T1, en el kil\u00f3metro 24 en direcci\u00f3n al estado de Puebla-Quer\u00e9taro, fue cerrada a ra\u00edz del accidente.<\/p>\n\n\n\n<p>Por su parte, mediante redes sociales, el Circuito Exterior Mexiquense explic\u00f3 que las autoridades siguen brindando atenci\u00f3n en la zona del accidente en el kil\u00f3metro 24+316 de la vialidad.<\/p>\n\n\n\n<figure class=\"wp-block-embed is-type-rich is-provider-twitter wp-block-embed-twitter\"><div class=\"wp-block-embed__wrapper\">\n<blockquote class=\"twitter-tweet\" data-width=\"550\" data-dnt=\"true\"><p lang=\"es\" dir=\"ltr\"><a href=\"https:\/\/twitter.com\/hashtag\/AvisoCEM?src=hash&amp;ref_src=twsrc%5Etfw\">#AvisoCEM<\/a> 21:56 Continua atenci\u00f3n de accidente en el km 24+316 municipio de Tultepec, direcci\u00f3n Puebla y Quer\u00e9taro. Caseta T-1 cerrada. Tome alternativas.<\/p>&mdash; Circuito.Mx (@Circuito_mx) <a href=\"https:\/\/twitter.com\/Circuito_mx\/status\/1446308721814949889?ref_src=twsrc%5Etfw\">October 8, 2021<\/a><\/blockquote><script async src=\"https:\/\/platform.twitter.com\/widgets.js\" charset=\"utf-8\"><\/script>\n<\/div><\/figure>\n\n\n\n<p>Adicionalmente, el \u00faltimo reporte de la coordinaci\u00f3n de Protecci\u00f3n Civil estatal se\u00f1al\u00f3 que se tiene un avance del 30 por ciento en el control del riesgo y no se tiene registro de personas lesionadas o fallecidas.<\/p>\n","protected":false},"excerpt":{"rendered":"<p>Por Redacci\u00f3n QP Las llamas se puede apreciar a kil\u00f3metros de la caseta donde ocurri\u00f3&#8230;<\/p>\n","protected":false},"author":2,"featured_media":85555,"comment_status":"open","ping_status":"open","sticky":false,"template":"","format":"standard","meta":{"_monsterinsights_skip_tracking":false,"_monsterinsights_sitenote_active":false,"_monsterinsights_sitenote_note":"","_monsterinsights_sitenote_category":0,"footnotes":""},"categories":[2],"tags":[],"class_list":["post-85554","post","type-post","status-publish","format-standard","has-post-thumbnail","hentry","category-noticias"],"yoast_head":"<!-- This site is optimized with the Yoast SEO plugin v27.3 - https:\/\/yoast.com\/product\/yoast-seo-wordpress\/ -->\n<title>Incendio en la caseta de Tultepec en el Circuito Exterior Mexiquense -<\/title>\n<meta name=\"robots\" content=\"index, follow, max-snippet:-1, max-image-preview:large, max-video-preview:-1\" \/>\n<link rel=\"canonical\" href=\"https:\/\/quehacerpolitico.mx\/?p=85554\" \/>\n<meta property=\"og:locale\" content=\"es_MX\" \/>\n<meta property=\"og:type\" content=\"article\" \/>\n<meta property=\"og:title\" content=\"Incendio en la caseta de Tultepec en el Circuito Exterior Mexiquense -\" \/>\n<meta property=\"og:description\" content=\"Por Redacci\u00f3n QP Las llamas se puede apreciar a kil\u00f3metros de la caseta donde ocurri\u00f3...\" \/>\n<meta property=\"og:url\" content=\"https:\/\/quehacerpolitico.mx\/?p=85554\" \/>\n<meta property=\"article:published_time\" content=\"2021-10-08T03:29:49+00:00\" \/>\n<meta property=\"article:modified_time\" content=\"2021-10-08T03:29:51+00:00\" \/>\n<meta property=\"og:image\" content=\"https:\/\/quehacerpolitico.mx\/wp-content\/uploads\/2021\/10\/2A136214-6236-4D3D-8D08-7B8410F25793.jpeg\" \/>\n\t<meta property=\"og:image:width\" content=\"1284\" \/>\n\t<meta property=\"og:image:height\" content=\"1641\" \/>\n\t<meta property=\"og:image:type\" content=\"image\/jpeg\" \/>\n<meta name=\"author\" content=\"Redacci\u00f3n QP\" \/>\n<meta name=\"twitter:card\" content=\"summary_large_image\" \/>\n<meta name=\"twitter:label1\" content=\"Escrito por\" \/>\n\t<meta name=\"twitter:data1\" content=\"Redacci\u00f3n QP\" \/>\n\t<meta name=\"twitter:label2\" content=\"Tiempo de lectura\" \/>\n\t<meta name=\"twitter:data2\" content=\"1 minuto\" \/>\n<script type=\"application\/ld+json\" class=\"yoast-schema-graph\">{\"@context\":\"https:\\\/\\\/schema.org\",\"@graph\":[{\"@type\":\"Article\",\"@id\":\"https:\\\/\\\/quehacerpolitico.mx\\\/?p=85554#article\",\"isPartOf\":{\"@id\":\"https:\\\/\\\/quehacerpolitico.mx\\\/?p=85554\"},\"author\":{\"name\":\"Redacci\u00f3n QP\",\"@id\":\"https:\\\/\\\/quehacerpolitico.mx\\\/#\\\/schema\\\/person\\\/496d8ad2d1d3f8036101dca7ee39e585\"},\"headline\":\"Incendio en la caseta de Tultepec en el Circuito Exterior Mexiquense\",\"datePublished\":\"2021-10-08T03:29:49+00:00\",\"dateModified\":\"2021-10-08T03:29:51+00:00\",\"mainEntityOfPage\":{\"@id\":\"https:\\\/\\\/quehacerpolitico.mx\\\/?p=85554\"},\"wordCount\":306,\"commentCount\":0,\"image\":{\"@id\":\"https:\\\/\\\/quehacerpolitico.mx\\\/?p=85554#primaryimage\"},\"thumbnailUrl\":\"https:\\\/\\\/quehacerpolitico.mx\\\/wp-content\\\/uploads\\\/2021\\\/10\\\/2A136214-6236-4D3D-8D08-7B8410F25793.jpeg\",\"articleSection\":[\"Noticias\"],\"inLanguage\":\"es\",\"potentialAction\":[{\"@type\":\"CommentAction\",\"name\":\"Comment\",\"target\":[\"https:\\\/\\\/quehacerpolitico.mx\\\/?p=85554#respond\"]}]},{\"@type\":\"WebPage\",\"@id\":\"https:\\\/\\\/quehacerpolitico.mx\\\/?p=85554\",\"url\":\"https:\\\/\\\/quehacerpolitico.mx\\\/?p=85554\",\"name\":\"Incendio en la caseta de Tultepec en el Circuito Exterior Mexiquense -\",\"isPartOf\":{\"@id\":\"https:\\\/\\\/quehacerpolitico.mx\\\/#website\"},\"primaryImageOfPage\":{\"@id\":\"https:\\\/\\\/quehacerpolitico.mx\\\/?p=85554#primaryimage\"},\"image\":{\"@id\":\"https:\\\/\\\/quehacerpolitico.mx\\\/?p=85554#primaryimage\"},\"thumbnailUrl\":\"https:\\\/\\\/quehacerpolitico.mx\\\/wp-content\\\/uploads\\\/2021\\\/10\\\/2A136214-6236-4D3D-8D08-7B8410F25793.jpeg\",\"datePublished\":\"2021-10-08T03:29:49+00:00\",\"dateModified\":\"2021-10-08T03:29:51+00:00\",\"author\":{\"@id\":\"https:\\\/\\\/quehacerpolitico.mx\\\/#\\\/schema\\\/person\\\/496d8ad2d1d3f8036101dca7ee39e585\"},\"breadcrumb\":{\"@id\":\"https:\\\/\\\/quehacerpolitico.mx\\\/?p=85554#breadcrumb\"},\"inLanguage\":\"es\",\"potentialAction\":[{\"@type\":\"ReadAction\",\"target\":[\"https:\\\/\\\/quehacerpolitico.mx\\\/?p=85554\"]}]},{\"@type\":\"ImageObject\",\"inLanguage\":\"es\",\"@id\":\"https:\\\/\\\/quehacerpolitico.mx\\\/?p=85554#primaryimage\",\"url\":\"https:\\\/\\\/quehacerpolitico.mx\\\/wp-content\\\/uploads\\\/2021\\\/10\\\/2A136214-6236-4D3D-8D08-7B8410F25793.jpeg\",\"contentUrl\":\"https:\\\/\\\/quehacerpolitico.mx\\\/wp-content\\\/uploads\\\/2021\\\/10\\\/2A136214-6236-4D3D-8D08-7B8410F25793.jpeg\",\"width\":1284,\"height\":1641},{\"@type\":\"BreadcrumbList\",\"@id\":\"https:\\\/\\\/quehacerpolitico.mx\\\/?p=85554#breadcrumb\",\"itemListElement\":[{\"@type\":\"ListItem\",\"position\":1,\"name\":\"Inicio\",\"item\":\"https:\\\/\\\/quehacerpolitico.mx\\\/\"},{\"@type\":\"ListItem\",\"position\":2,\"name\":\"Incendio en la caseta de Tultepec en el Circuito Exterior Mexiquense\"}]},{\"@type\":\"WebSite\",\"@id\":\"https:\\\/\\\/quehacerpolitico.mx\\\/#website\",\"url\":\"https:\\\/\\\/quehacerpolitico.mx\\\/\",\"name\":\"\",\"description\":\"\",\"potentialAction\":[{\"@type\":\"SearchAction\",\"target\":{\"@type\":\"EntryPoint\",\"urlTemplate\":\"https:\\\/\\\/quehacerpolitico.mx\\\/?s={search_term_string}\"},\"query-input\":{\"@type\":\"PropertyValueSpecification\",\"valueRequired\":true,\"valueName\":\"search_term_string\"}}],\"inLanguage\":\"es\"},{\"@type\":\"Person\",\"@id\":\"https:\\\/\\\/quehacerpolitico.mx\\\/#\\\/schema\\\/person\\\/496d8ad2d1d3f8036101dca7ee39e585\",\"name\":\"Redacci\u00f3n QP\",\"image\":{\"@type\":\"ImageObject\",\"inLanguage\":\"es\",\"@id\":\"https:\\\/\\\/secure.gravatar.com\\\/avatar\\\/c7164ed6fdec453195284ad24a5ae5b6e1eed2b848477fa2a4787ba9adf39a41?s=96&d=mm&r=g\",\"url\":\"https:\\\/\\\/secure.gravatar.com\\\/avatar\\\/c7164ed6fdec453195284ad24a5ae5b6e1eed2b848477fa2a4787ba9adf39a41?s=96&d=mm&r=g\",\"contentUrl\":\"https:\\\/\\\/secure.gravatar.com\\\/avatar\\\/c7164ed6fdec453195284ad24a5ae5b6e1eed2b848477fa2a4787ba9adf39a41?s=96&d=mm&r=g\",\"caption\":\"Redacci\u00f3n QP\"},\"url\":\"https:\\\/\\\/quehacerpolitico.mx\\\/?author=2\"}]}<\/script>\n<!-- \/ Yoast SEO plugin. -->","yoast_head_json":{"title":"Incendio en la caseta de Tultepec en el Circuito Exterior Mexiquense -","robots":{"index":"index","follow":"follow","max-snippet":"max-snippet:-1","max-image-preview":"max-image-preview:large","max-video-preview":"max-video-preview:-1"},"canonical":"https:\/\/quehacerpolitico.mx\/?p=85554","og_locale":"es_MX","og_type":"article","og_title":"Incendio en la caseta de Tultepec en el Circuito Exterior Mexiquense -","og_description":"Por Redacci\u00f3n QP Las llamas se puede apreciar a kil\u00f3metros de la caseta donde ocurri\u00f3...","og_url":"https:\/\/quehacerpolitico.mx\/?p=85554","article_published_time":"2021-10-08T03:29:49+00:00","article_modified_time":"2021-10-08T03:29:51+00:00","og_image":[{"width":1284,"height":1641,"url":"https:\/\/quehacerpolitico.mx\/wp-content\/uploads\/2021\/10\/2A136214-6236-4D3D-8D08-7B8410F25793.jpeg","type":"image\/jpeg"}],"author":"Redacci\u00f3n QP","twitter_card":"summary_large_image","twitter_misc":{"Escrito por":"Redacci\u00f3n QP","Tiempo de lectura":"1 minuto"},"schema":{"@context":"https:\/\/schema.org","@graph":[{"@type":"Article","@id":"https:\/\/quehacerpolitico.mx\/?p=85554#article","isPartOf":{"@id":"https:\/\/quehacerpolitico.mx\/?p=85554"},"author":{"name":"Redacci\u00f3n QP","@id":"https:\/\/quehacerpolitico.mx\/#\/schema\/person\/496d8ad2d1d3f8036101dca7ee39e585"},"headline":"Incendio en la caseta de Tultepec en el Circuito Exterior Mexiquense","datePublished":"2021-10-08T03:29:49+00:00","dateModified":"2021-10-08T03:29:51+00:00","mainEntityOfPage":{"@id":"https:\/\/quehacerpolitico.mx\/?p=85554"},"wordCount":306,"commentCount":0,"image":{"@id":"https:\/\/quehacerpolitico.mx\/?p=85554#primaryimage"},"thumbnailUrl":"https:\/\/quehacerpolitico.mx\/wp-content\/uploads\/2021\/10\/2A136214-6236-4D3D-8D08-7B8410F25793.jpeg","articleSection":["Noticias"],"inLanguage":"es","potentialAction":[{"@type":"CommentAction","name":"Comment","target":["https:\/\/quehacerpolitico.mx\/?p=85554#respond"]}]},{"@type":"WebPage","@id":"https:\/\/quehacerpolitico.mx\/?p=85554","url":"https:\/\/quehacerpolitico.mx\/?p=85554","name":"Incendio en la caseta de Tultepec en el Circuito Exterior Mexiquense -","isPartOf":{"@id":"https:\/\/quehacerpolitico.mx\/#website"},"primaryImageOfPage":{"@id":"https:\/\/quehacerpolitico.mx\/?p=85554#primaryimage"},"image":{"@id":"https:\/\/quehacerpolitico.mx\/?p=85554#primaryimage"},"thumbnailUrl":"https:\/\/quehacerpolitico.mx\/wp-content\/uploads\/2021\/10\/2A136214-6236-4D3D-8D08-7B8410F25793.jpeg","datePublished":"2021-10-08T03:29:49+00:00","dateModified":"2021-10-08T03:29:51+00:00","author":{"@id":"https:\/\/quehacerpolitico.mx\/#\/schema\/person\/496d8ad2d1d3f8036101dca7ee39e585"},"breadcrumb":{"@id":"https:\/\/quehacerpolitico.mx\/?p=85554#breadcrumb"},"inLanguage":"es","potentialAction":[{"@type":"ReadAction","target":["https:\/\/quehacerpolitico.mx\/?p=85554"]}]},{"@type":"ImageObject","inLanguage":"es","@id":"https:\/\/quehacerpolitico.mx\/?p=85554#primaryimage","url":"https:\/\/quehacerpolitico.mx\/wp-content\/uploads\/2021\/10\/2A136214-6236-4D3D-8D08-7B8410F25793.jpeg","contentUrl":"https:\/\/quehacerpolitico.mx\/wp-content\/uploads\/2021\/10\/2A136214-6236-4D3D-8D08-7B8410F25793.jpeg","width":1284,"height":1641},{"@type":"BreadcrumbList","@id":"https:\/\/quehacerpolitico.mx\/?p=85554#breadcrumb","itemListElement":[{"@type":"ListItem","position":1,"name":"Inicio","item":"https:\/\/quehacerpolitico.mx\/"},{"@type":"ListItem","position":2,"name":"Incendio en la caseta de Tultepec en el Circuito Exterior Mexiquense"}]},{"@type":"WebSite","@id":"https:\/\/quehacerpolitico.mx\/#website","url":"https:\/\/quehacerpolitico.mx\/","name":"","description":"","potentialAction":[{"@type":"SearchAction","target":{"@type":"EntryPoint","urlTemplate":"https:\/\/quehacerpolitico.mx\/?s={search_term_string}"},"query-input":{"@type":"PropertyValueSpecification","valueRequired":true,"valueName":"search_term_string"}}],"inLanguage":"es"},{"@type":"Person","@id":"https:\/\/quehacerpolitico.mx\/#\/schema\/person\/496d8ad2d1d3f8036101dca7ee39e585","name":"Redacci\u00f3n QP","image":{"@type":"ImageObject","inLanguage":"es","@id":"https:\/\/secure.gravatar.com\/avatar\/c7164ed6fdec453195284ad24a5ae5b6e1eed2b848477fa2a4787ba9adf39a41?s=96&d=mm&r=g","url":"https:\/\/secure.gravatar.com\/avatar\/c7164ed6fdec453195284ad24a5ae5b6e1eed2b848477fa2a4787ba9adf39a41?s=96&d=mm&r=g","contentUrl":"https:\/\/secure.gravatar.com\/avatar\/c7164ed6fdec453195284ad24a5ae5b6e1eed2b848477fa2a4787ba9adf39a41?s=96&d=mm&r=g","caption":"Redacci\u00f3n QP"},"url":"https:\/\/quehacerpolitico.mx\/?author=2"}]}},"featured_image_urls":{"full":["https:\/\/quehacerpolitico.mx\/wp-content\/uploads\/2021\/10\/2A136214-6236-4D3D-8D08-7B8410F25793.jpeg",1284,1641,false],"thumbnail":["https:\/\/quehacerpolitico.mx\/wp-content\/uploads\/2021\/10\/2A136214-6236-4D3D-8D08-7B8410F25793-150x150.jpeg",150,150,true],"medium":["https:\/\/quehacerpolitico.mx\/wp-content\/uploads\/2021\/10\/2A136214-6236-4D3D-8D08-7B8410F25793-235x300.jpeg",235,300,true],"medium_large":["https:\/\/quehacerpolitico.mx\/wp-content\/uploads\/2021\/10\/2A136214-6236-4D3D-8D08-7B8410F25793-768x982.jpeg",640,818,true],"large":["https:\/\/quehacerpolitico.mx\/wp-content\/uploads\/2021\/10\/2A136214-6236-4D3D-8D08-7B8410F25793-801x1024.jpeg",640,818,true],"1536x1536":["https:\/\/quehacerpolitico.mx\/wp-content\/uploads\/2021\/10\/2A136214-6236-4D3D-8D08-7B8410F25793-1202x1536.jpeg",1202,1536,true],"2048x2048":["https:\/\/quehacerpolitico.mx\/wp-content\/uploads\/2021\/10\/2A136214-6236-4D3D-8D08-7B8410F25793.jpeg",1284,1641,false],"covernews-featured":["https:\/\/quehacerpolitico.mx\/wp-content\/uploads\/2021\/10\/2A136214-6236-4D3D-8D08-7B8410F25793.jpeg",1024,1309,false],"covernews-medium":["https:\/\/quehacerpolitico.mx\/wp-content\/uploads\/2021\/10\/2A136214-6236-4D3D-8D08-7B8410F25793.jpeg",266,340,false]},"author_info":{"display_name":"Redacci\u00f3n QP","author_link":"https:\/\/quehacerpolitico.mx\/?author=2"},"category_info":"<a href=\"https:\/\/quehacerpolitico.mx\/?cat=2\" rel=\"category\">Noticias<\/a>","tag_info":"Noticias","comment_count":"0","_links":{"self":[{"href":"https:\/\/quehacerpolitico.mx\/index.php?rest_route=\/wp\/v2\/posts\/85554","targetHints":{"allow":["GET"]}}],"collection":[{"href":"https:\/\/quehacerpolitico.mx\/index.php?rest_route=\/wp\/v2\/posts"}],"about":[{"href":"https:\/\/quehacerpolitico.mx\/index.php?rest_route=\/wp\/v2\/types\/post"}],"author":[{"embeddable":true,"href":"https:\/\/quehacerpolitico.mx\/index.php?rest_route=\/wp\/v2\/users\/2"}],"replies":[{"embeddable":true,"href":"https:\/\/quehacerpolitico.mx\/index.php?rest_route=%2Fwp%2Fv2%2Fcomments&post=85554"}],"version-history":[{"count":1,"href":"https:\/\/quehacerpolitico.mx\/index.php?rest_route=\/wp\/v2\/posts\/85554\/revisions"}],"predecessor-version":[{"id":85556,"href":"https:\/\/quehacerpolitico.mx\/index.php?rest_route=\/wp\/v2\/posts\/85554\/revisions\/85556"}],"wp:featuredmedia":[{"embeddable":true,"href":"https:\/\/quehacerpolitico.mx\/index.php?rest_route=\/wp\/v2\/media\/85555"}],"wp:attachment":[{"href":"https:\/\/quehacerpolitico.mx\/index.php?rest_route=%2Fwp%2Fv2%2Fmedia&parent=85554"}],"wp:term":[{"taxonomy":"category","embeddable":true,"href":"https:\/\/quehacerpolitico.mx\/index.php?rest_route=%2Fwp%2Fv2%2Fcategories&post=85554"},{"taxonomy":"post_tag","embeddable":true,"href":"https:\/\/quehacerpolitico.mx\/index.php?rest_route=%2Fwp%2Fv2%2Ftags&post=85554"}],"curies":[{"name":"wp","href":"https:\/\/api.w.org\/{rel}","templated":true}]}}