{"id":85504,"date":"2021-10-07T16:09:37","date_gmt":"2021-10-07T16:09:37","guid":{"rendered":"https:\/\/quehacerpolitico.mx\/?p=85504"},"modified":"2021-10-07T16:09:40","modified_gmt":"2021-10-07T16:09:40","slug":"amlo-advierte-que-mexico-no-dara-concesiones-para-explotar-litio","status":"publish","type":"post","link":"https:\/\/quehacerpolitico.mx\/?p=85504","title":{"rendered":"AMLO advierte que M\u00e9xico no dar\u00e1 concesiones para explotar litio"},"content":{"rendered":"\n<p>Por Redacci\u00f3n QP<\/p>\n\n\n\n<p>&#8220;Si hay un acto de traici\u00f3n a la patria y no se aprueba el que el litio est\u00e9 en manos de la naci\u00f3n, de todas maneras vamos a negar cualquier solicitud de concesi\u00f3n&#8221;, dijo L\u00f3pez Obrador<\/p>\n\n\n\n<p>El Presidente de M\u00e9xico, Andr\u00e9s Manuel L\u00f3pez Obrador (AMLO), advirti\u00f3 este jueves que su Gobierno no entregar\u00e1 nuevas concesiones para explotar litio independientemente de que se apruebe o no su reforma para nacionalizar este mineral.<\/p>\n\n\n\n<p>&#8220;Adelanto, para que no se hagan ilusiones, que si hay un acto de traici\u00f3n a la patria y no se aprueba el que el litio est\u00e9 en manos de la naci\u00f3n,\u00a0<strong>de todas maneras vamos a negar cualquier solicitud de concesi\u00f3n para la explotaci\u00f3n del litio<\/strong>&#8220;, dijo AMLO durante su rueda de prensa matutina en el Palacio Nacional.<\/p>\n\n\n\n<figure class=\"wp-block-embed is-type-rich is-provider-twitter wp-block-embed-twitter\"><div class=\"wp-block-embed__wrapper\">\n<blockquote class=\"twitter-tweet\" data-width=\"550\" data-dnt=\"true\"><p lang=\"es\" dir=\"ltr\">Que ni se hagan ilusiones con el <a href=\"https:\/\/twitter.com\/hashtag\/litio?src=hash&amp;ref_src=twsrc%5Etfw\">#litio<\/a>.<br><br>Para el presidente <a href=\"https:\/\/twitter.com\/lopezobrador_?ref_src=twsrc%5Etfw\">@lopezobrador_<\/a>, no avalar que la explotaci\u00f3n del litio la realice s\u00f3lo el Estado ser\u00e1 considerado traici\u00f3n a la patria y adelant\u00f3 que no avalar\u00e1n permisos a privados para aprovechar ese mineral. <a href=\"https:\/\/t.co\/Jl0MI5lKPg\">pic.twitter.com\/Jl0MI5lKPg<\/a><\/p>&mdash; Ruido en la Red (@RuidoEnLaRed) <a href=\"https:\/\/twitter.com\/RuidoEnLaRed\/status\/1446108305630416898?ref_src=twsrc%5Etfw\">October 7, 2021<\/a><\/blockquote><script async src=\"https:\/\/platform.twitter.com\/widgets.js\" charset=\"utf-8\"><\/script>\n<\/div><\/figure>\n\n\n\n<p>L\u00f3pez Obrador envi\u00f3 la semana pasada al Congreso una iniciativa de reforma constitucional para priorizar el sector p\u00fablico el\u00e9ctrico y determinar que el Estado se encargue de la explotaci\u00f3n del litio, material usado para bater\u00edas el\u00e9ctricas.<\/p>\n\n\n\n<p><strong>AMLO&nbsp;dijo que quiere que el litio &#8220;sea un mineral de manejo y uso exclusivo de la naci\u00f3n&#8221;<\/strong>&nbsp;y que &#8220;no se entreguen contratos ni concesiones&#8221; a empresas privadas.<\/p>\n\n\n\n<p>&#8220;Vamos a revisar si existen trabajos de exploraci\u00f3n y explotaci\u00f3n del litio. Se habla de empresas extranjeras que van a hacer compras y no se autoriza ninguna compra. Nos vamos a los tribunales&#8221;, avis\u00f3.<\/p>\n\n\n\n<p>El Gobierno advirti\u00f3 que las ocho concesiones de litio otorgadas por administraciones pasadas se conservar\u00e1n si las compa\u00f1\u00edas acreditan correctamente su explotaci\u00f3n.<\/p>\n\n\n\n<p><strong>Se calcula que en el estado de Sonora se encuentra uno de los yacimientos m\u00e1s importantes del mundo, controlado por la empresa brit\u00e1nica&nbsp;Bacanora&nbsp;Lithium<\/strong>, que podr\u00eda producir cerca de 17 mil toneladas anuales de carbono de litio.<\/p>\n\n\n\n<p>M\u00e9xico recibi\u00f3 consejos del Gobierno de Bolivia para dise\u00f1ar su pol\u00edtica de explotaci\u00f3n del litio.&nbsp;&nbsp;&nbsp;&nbsp;&nbsp;&nbsp;&nbsp;&nbsp;&nbsp;&nbsp;&nbsp;&nbsp;&nbsp;&nbsp;&nbsp;&nbsp;&nbsp;&nbsp;&nbsp;&nbsp;&nbsp;&nbsp;&nbsp;&nbsp;<\/p>\n\n\n\n<p>El presidente boliviano, Luis Arce, se reuni\u00f3 con L\u00f3pez Obrador el 24 de marzo en el Palacio Nacional de Ciudad de M\u00e9xico, donde, en una declaraci\u00f3n conjunta, acordaron &#8220;promover proyectos de cooperaci\u00f3n en sectores de inter\u00e9s como el litio&#8221;.<\/p>\n\n\n\n<p>Ese d\u00eda en rueda de prensa, Arce se\u00f1al\u00f3 el control del litio boliviano por parte de multinacionales como &#8220;el objetivo econ\u00f3mico del golpe de Estado&#8221; de 2019, cuando Evo Morales se refugi\u00f3 a M\u00e9xico.<\/p>\n\n\n\n<p>Con Informaci\u00f3n de EFE<\/p>\n","protected":false},"excerpt":{"rendered":"<p>Por Redacci\u00f3n QP &#8220;Si hay un acto de traici\u00f3n a la patria y no se&#8230;<\/p>\n","protected":false},"author":2,"featured_media":85505,"comment_status":"open","ping_status":"open","sticky":false,"template":"","format":"standard","meta":{"_monsterinsights_skip_tracking":false,"_monsterinsights_sitenote_active":false,"_monsterinsights_sitenote_note":"","_monsterinsights_sitenote_category":0,"footnotes":""},"categories":[2],"tags":[],"class_list":["post-85504","post","type-post","status-publish","format-standard","has-post-thumbnail","hentry","category-noticias"],"yoast_head":"<!-- This site is optimized with the Yoast SEO plugin v27.3 - https:\/\/yoast.com\/product\/yoast-seo-wordpress\/ -->\n<title>AMLO advierte que M\u00e9xico no dar\u00e1 concesiones para explotar litio -<\/title>\n<meta name=\"robots\" content=\"index, follow, max-snippet:-1, max-image-preview:large, max-video-preview:-1\" \/>\n<link rel=\"canonical\" href=\"https:\/\/quehacerpolitico.mx\/?p=85504\" \/>\n<meta property=\"og:locale\" content=\"es_MX\" \/>\n<meta property=\"og:type\" content=\"article\" \/>\n<meta property=\"og:title\" content=\"AMLO advierte que M\u00e9xico no dar\u00e1 concesiones para explotar litio -\" \/>\n<meta property=\"og:description\" content=\"Por Redacci\u00f3n QP &#8220;Si hay un acto de traici\u00f3n a la patria y no se...\" \/>\n<meta property=\"og:url\" content=\"https:\/\/quehacerpolitico.mx\/?p=85504\" \/>\n<meta property=\"article:published_time\" content=\"2021-10-07T16:09:37+00:00\" \/>\n<meta property=\"article:modified_time\" content=\"2021-10-07T16:09:40+00:00\" \/>\n<meta property=\"og:image\" content=\"https:\/\/quehacerpolitico.mx\/wp-content\/uploads\/2021\/10\/DE9DD71C-452D-4717-B592-48C378221F4C.jpeg\" \/>\n\t<meta property=\"og:image:width\" content=\"1284\" \/>\n\t<meta property=\"og:image:height\" content=\"696\" \/>\n\t<meta property=\"og:image:type\" content=\"image\/jpeg\" \/>\n<meta name=\"author\" content=\"Redacci\u00f3n QP\" \/>\n<meta name=\"twitter:card\" content=\"summary_large_image\" \/>\n<meta name=\"twitter:label1\" content=\"Escrito por\" \/>\n\t<meta name=\"twitter:data1\" content=\"Redacci\u00f3n QP\" \/>\n\t<meta name=\"twitter:label2\" content=\"Tiempo de lectura\" \/>\n\t<meta name=\"twitter:data2\" content=\"2 minutos\" \/>\n<script type=\"application\/ld+json\" class=\"yoast-schema-graph\">{\"@context\":\"https:\\\/\\\/schema.org\",\"@graph\":[{\"@type\":\"Article\",\"@id\":\"https:\\\/\\\/quehacerpolitico.mx\\\/?p=85504#article\",\"isPartOf\":{\"@id\":\"https:\\\/\\\/quehacerpolitico.mx\\\/?p=85504\"},\"author\":{\"name\":\"Redacci\u00f3n QP\",\"@id\":\"https:\\\/\\\/quehacerpolitico.mx\\\/#\\\/schema\\\/person\\\/496d8ad2d1d3f8036101dca7ee39e585\"},\"headline\":\"AMLO advierte que M\u00e9xico no dar\u00e1 concesiones para explotar litio\",\"datePublished\":\"2021-10-07T16:09:37+00:00\",\"dateModified\":\"2021-10-07T16:09:40+00:00\",\"mainEntityOfPage\":{\"@id\":\"https:\\\/\\\/quehacerpolitico.mx\\\/?p=85504\"},\"wordCount\":466,\"commentCount\":0,\"image\":{\"@id\":\"https:\\\/\\\/quehacerpolitico.mx\\\/?p=85504#primaryimage\"},\"thumbnailUrl\":\"https:\\\/\\\/quehacerpolitico.mx\\\/wp-content\\\/uploads\\\/2021\\\/10\\\/DE9DD71C-452D-4717-B592-48C378221F4C.jpeg\",\"articleSection\":[\"Noticias\"],\"inLanguage\":\"es\",\"potentialAction\":[{\"@type\":\"CommentAction\",\"name\":\"Comment\",\"target\":[\"https:\\\/\\\/quehacerpolitico.mx\\\/?p=85504#respond\"]}]},{\"@type\":\"WebPage\",\"@id\":\"https:\\\/\\\/quehacerpolitico.mx\\\/?p=85504\",\"url\":\"https:\\\/\\\/quehacerpolitico.mx\\\/?p=85504\",\"name\":\"AMLO advierte que M\u00e9xico no dar\u00e1 concesiones para explotar litio -\",\"isPartOf\":{\"@id\":\"https:\\\/\\\/quehacerpolitico.mx\\\/#website\"},\"primaryImageOfPage\":{\"@id\":\"https:\\\/\\\/quehacerpolitico.mx\\\/?p=85504#primaryimage\"},\"image\":{\"@id\":\"https:\\\/\\\/quehacerpolitico.mx\\\/?p=85504#primaryimage\"},\"thumbnailUrl\":\"https:\\\/\\\/quehacerpolitico.mx\\\/wp-content\\\/uploads\\\/2021\\\/10\\\/DE9DD71C-452D-4717-B592-48C378221F4C.jpeg\",\"datePublished\":\"2021-10-07T16:09:37+00:00\",\"dateModified\":\"2021-10-07T16:09:40+00:00\",\"author\":{\"@id\":\"https:\\\/\\\/quehacerpolitico.mx\\\/#\\\/schema\\\/person\\\/496d8ad2d1d3f8036101dca7ee39e585\"},\"breadcrumb\":{\"@id\":\"https:\\\/\\\/quehacerpolitico.mx\\\/?p=85504#breadcrumb\"},\"inLanguage\":\"es\",\"potentialAction\":[{\"@type\":\"ReadAction\",\"target\":[\"https:\\\/\\\/quehacerpolitico.mx\\\/?p=85504\"]}]},{\"@type\":\"ImageObject\",\"inLanguage\":\"es\",\"@id\":\"https:\\\/\\\/quehacerpolitico.mx\\\/?p=85504#primaryimage\",\"url\":\"https:\\\/\\\/quehacerpolitico.mx\\\/wp-content\\\/uploads\\\/2021\\\/10\\\/DE9DD71C-452D-4717-B592-48C378221F4C.jpeg\",\"contentUrl\":\"https:\\\/\\\/quehacerpolitico.mx\\\/wp-content\\\/uploads\\\/2021\\\/10\\\/DE9DD71C-452D-4717-B592-48C378221F4C.jpeg\",\"width\":1284,\"height\":696},{\"@type\":\"BreadcrumbList\",\"@id\":\"https:\\\/\\\/quehacerpolitico.mx\\\/?p=85504#breadcrumb\",\"itemListElement\":[{\"@type\":\"ListItem\",\"position\":1,\"name\":\"Inicio\",\"item\":\"https:\\\/\\\/quehacerpolitico.mx\\\/\"},{\"@type\":\"ListItem\",\"position\":2,\"name\":\"AMLO advierte que M\u00e9xico no dar\u00e1 concesiones para explotar litio\"}]},{\"@type\":\"WebSite\",\"@id\":\"https:\\\/\\\/quehacerpolitico.mx\\\/#website\",\"url\":\"https:\\\/\\\/quehacerpolitico.mx\\\/\",\"name\":\"\",\"description\":\"\",\"potentialAction\":[{\"@type\":\"SearchAction\",\"target\":{\"@type\":\"EntryPoint\",\"urlTemplate\":\"https:\\\/\\\/quehacerpolitico.mx\\\/?s={search_term_string}\"},\"query-input\":{\"@type\":\"PropertyValueSpecification\",\"valueRequired\":true,\"valueName\":\"search_term_string\"}}],\"inLanguage\":\"es\"},{\"@type\":\"Person\",\"@id\":\"https:\\\/\\\/quehacerpolitico.mx\\\/#\\\/schema\\\/person\\\/496d8ad2d1d3f8036101dca7ee39e585\",\"name\":\"Redacci\u00f3n QP\",\"image\":{\"@type\":\"ImageObject\",\"inLanguage\":\"es\",\"@id\":\"https:\\\/\\\/secure.gravatar.com\\\/avatar\\\/c7164ed6fdec453195284ad24a5ae5b6e1eed2b848477fa2a4787ba9adf39a41?s=96&d=mm&r=g\",\"url\":\"https:\\\/\\\/secure.gravatar.com\\\/avatar\\\/c7164ed6fdec453195284ad24a5ae5b6e1eed2b848477fa2a4787ba9adf39a41?s=96&d=mm&r=g\",\"contentUrl\":\"https:\\\/\\\/secure.gravatar.com\\\/avatar\\\/c7164ed6fdec453195284ad24a5ae5b6e1eed2b848477fa2a4787ba9adf39a41?s=96&d=mm&r=g\",\"caption\":\"Redacci\u00f3n QP\"},\"url\":\"https:\\\/\\\/quehacerpolitico.mx\\\/?author=2\"}]}<\/script>\n<!-- \/ Yoast SEO plugin. -->","yoast_head_json":{"title":"AMLO advierte que M\u00e9xico no dar\u00e1 concesiones para explotar litio -","robots":{"index":"index","follow":"follow","max-snippet":"max-snippet:-1","max-image-preview":"max-image-preview:large","max-video-preview":"max-video-preview:-1"},"canonical":"https:\/\/quehacerpolitico.mx\/?p=85504","og_locale":"es_MX","og_type":"article","og_title":"AMLO advierte que M\u00e9xico no dar\u00e1 concesiones para explotar litio -","og_description":"Por Redacci\u00f3n QP &#8220;Si hay un acto de traici\u00f3n a la patria y no se...","og_url":"https:\/\/quehacerpolitico.mx\/?p=85504","article_published_time":"2021-10-07T16:09:37+00:00","article_modified_time":"2021-10-07T16:09:40+00:00","og_image":[{"width":1284,"height":696,"url":"https:\/\/quehacerpolitico.mx\/wp-content\/uploads\/2021\/10\/DE9DD71C-452D-4717-B592-48C378221F4C.jpeg","type":"image\/jpeg"}],"author":"Redacci\u00f3n QP","twitter_card":"summary_large_image","twitter_misc":{"Escrito por":"Redacci\u00f3n QP","Tiempo de lectura":"2 minutos"},"schema":{"@context":"https:\/\/schema.org","@graph":[{"@type":"Article","@id":"https:\/\/quehacerpolitico.mx\/?p=85504#article","isPartOf":{"@id":"https:\/\/quehacerpolitico.mx\/?p=85504"},"author":{"name":"Redacci\u00f3n QP","@id":"https:\/\/quehacerpolitico.mx\/#\/schema\/person\/496d8ad2d1d3f8036101dca7ee39e585"},"headline":"AMLO advierte que M\u00e9xico no dar\u00e1 concesiones para explotar litio","datePublished":"2021-10-07T16:09:37+00:00","dateModified":"2021-10-07T16:09:40+00:00","mainEntityOfPage":{"@id":"https:\/\/quehacerpolitico.mx\/?p=85504"},"wordCount":466,"commentCount":0,"image":{"@id":"https:\/\/quehacerpolitico.mx\/?p=85504#primaryimage"},"thumbnailUrl":"https:\/\/quehacerpolitico.mx\/wp-content\/uploads\/2021\/10\/DE9DD71C-452D-4717-B592-48C378221F4C.jpeg","articleSection":["Noticias"],"inLanguage":"es","potentialAction":[{"@type":"CommentAction","name":"Comment","target":["https:\/\/quehacerpolitico.mx\/?p=85504#respond"]}]},{"@type":"WebPage","@id":"https:\/\/quehacerpolitico.mx\/?p=85504","url":"https:\/\/quehacerpolitico.mx\/?p=85504","name":"AMLO advierte que M\u00e9xico no dar\u00e1 concesiones para explotar litio -","isPartOf":{"@id":"https:\/\/quehacerpolitico.mx\/#website"},"primaryImageOfPage":{"@id":"https:\/\/quehacerpolitico.mx\/?p=85504#primaryimage"},"image":{"@id":"https:\/\/quehacerpolitico.mx\/?p=85504#primaryimage"},"thumbnailUrl":"https:\/\/quehacerpolitico.mx\/wp-content\/uploads\/2021\/10\/DE9DD71C-452D-4717-B592-48C378221F4C.jpeg","datePublished":"2021-10-07T16:09:37+00:00","dateModified":"2021-10-07T16:09:40+00:00","author":{"@id":"https:\/\/quehacerpolitico.mx\/#\/schema\/person\/496d8ad2d1d3f8036101dca7ee39e585"},"breadcrumb":{"@id":"https:\/\/quehacerpolitico.mx\/?p=85504#breadcrumb"},"inLanguage":"es","potentialAction":[{"@type":"ReadAction","target":["https:\/\/quehacerpolitico.mx\/?p=85504"]}]},{"@type":"ImageObject","inLanguage":"es","@id":"https:\/\/quehacerpolitico.mx\/?p=85504#primaryimage","url":"https:\/\/quehacerpolitico.mx\/wp-content\/uploads\/2021\/10\/DE9DD71C-452D-4717-B592-48C378221F4C.jpeg","contentUrl":"https:\/\/quehacerpolitico.mx\/wp-content\/uploads\/2021\/10\/DE9DD71C-452D-4717-B592-48C378221F4C.jpeg","width":1284,"height":696},{"@type":"BreadcrumbList","@id":"https:\/\/quehacerpolitico.mx\/?p=85504#breadcrumb","itemListElement":[{"@type":"ListItem","position":1,"name":"Inicio","item":"https:\/\/quehacerpolitico.mx\/"},{"@type":"ListItem","position":2,"name":"AMLO advierte que M\u00e9xico no dar\u00e1 concesiones para explotar litio"}]},{"@type":"WebSite","@id":"https:\/\/quehacerpolitico.mx\/#website","url":"https:\/\/quehacerpolitico.mx\/","name":"","description":"","potentialAction":[{"@type":"SearchAction","target":{"@type":"EntryPoint","urlTemplate":"https:\/\/quehacerpolitico.mx\/?s={search_term_string}"},"query-input":{"@type":"PropertyValueSpecification","valueRequired":true,"valueName":"search_term_string"}}],"inLanguage":"es"},{"@type":"Person","@id":"https:\/\/quehacerpolitico.mx\/#\/schema\/person\/496d8ad2d1d3f8036101dca7ee39e585","name":"Redacci\u00f3n QP","image":{"@type":"ImageObject","inLanguage":"es","@id":"https:\/\/secure.gravatar.com\/avatar\/c7164ed6fdec453195284ad24a5ae5b6e1eed2b848477fa2a4787ba9adf39a41?s=96&d=mm&r=g","url":"https:\/\/secure.gravatar.com\/avatar\/c7164ed6fdec453195284ad24a5ae5b6e1eed2b848477fa2a4787ba9adf39a41?s=96&d=mm&r=g","contentUrl":"https:\/\/secure.gravatar.com\/avatar\/c7164ed6fdec453195284ad24a5ae5b6e1eed2b848477fa2a4787ba9adf39a41?s=96&d=mm&r=g","caption":"Redacci\u00f3n QP"},"url":"https:\/\/quehacerpolitico.mx\/?author=2"}]}},"featured_image_urls":{"full":["https:\/\/quehacerpolitico.mx\/wp-content\/uploads\/2021\/10\/DE9DD71C-452D-4717-B592-48C378221F4C.jpeg",1284,696,false],"thumbnail":["https:\/\/quehacerpolitico.mx\/wp-content\/uploads\/2021\/10\/DE9DD71C-452D-4717-B592-48C378221F4C-150x150.jpeg",150,150,true],"medium":["https:\/\/quehacerpolitico.mx\/wp-content\/uploads\/2021\/10\/DE9DD71C-452D-4717-B592-48C378221F4C-300x163.jpeg",300,163,true],"medium_large":["https:\/\/quehacerpolitico.mx\/wp-content\/uploads\/2021\/10\/DE9DD71C-452D-4717-B592-48C378221F4C-768x416.jpeg",640,347,true],"large":["https:\/\/quehacerpolitico.mx\/wp-content\/uploads\/2021\/10\/DE9DD71C-452D-4717-B592-48C378221F4C-1024x555.jpeg",640,347,true],"1536x1536":["https:\/\/quehacerpolitico.mx\/wp-content\/uploads\/2021\/10\/DE9DD71C-452D-4717-B592-48C378221F4C.jpeg",1284,696,false],"2048x2048":["https:\/\/quehacerpolitico.mx\/wp-content\/uploads\/2021\/10\/DE9DD71C-452D-4717-B592-48C378221F4C.jpeg",1284,696,false],"covernews-featured":["https:\/\/quehacerpolitico.mx\/wp-content\/uploads\/2021\/10\/DE9DD71C-452D-4717-B592-48C378221F4C.jpeg",1024,555,false],"covernews-medium":["https:\/\/quehacerpolitico.mx\/wp-content\/uploads\/2021\/10\/DE9DD71C-452D-4717-B592-48C378221F4C.jpeg",540,293,false]},"author_info":{"display_name":"Redacci\u00f3n QP","author_link":"https:\/\/quehacerpolitico.mx\/?author=2"},"category_info":"<a href=\"https:\/\/quehacerpolitico.mx\/?cat=2\" rel=\"category\">Noticias<\/a>","tag_info":"Noticias","comment_count":"0","_links":{"self":[{"href":"https:\/\/quehacerpolitico.mx\/index.php?rest_route=\/wp\/v2\/posts\/85504","targetHints":{"allow":["GET"]}}],"collection":[{"href":"https:\/\/quehacerpolitico.mx\/index.php?rest_route=\/wp\/v2\/posts"}],"about":[{"href":"https:\/\/quehacerpolitico.mx\/index.php?rest_route=\/wp\/v2\/types\/post"}],"author":[{"embeddable":true,"href":"https:\/\/quehacerpolitico.mx\/index.php?rest_route=\/wp\/v2\/users\/2"}],"replies":[{"embeddable":true,"href":"https:\/\/quehacerpolitico.mx\/index.php?rest_route=%2Fwp%2Fv2%2Fcomments&post=85504"}],"version-history":[{"count":1,"href":"https:\/\/quehacerpolitico.mx\/index.php?rest_route=\/wp\/v2\/posts\/85504\/revisions"}],"predecessor-version":[{"id":85506,"href":"https:\/\/quehacerpolitico.mx\/index.php?rest_route=\/wp\/v2\/posts\/85504\/revisions\/85506"}],"wp:featuredmedia":[{"embeddable":true,"href":"https:\/\/quehacerpolitico.mx\/index.php?rest_route=\/wp\/v2\/media\/85505"}],"wp:attachment":[{"href":"https:\/\/quehacerpolitico.mx\/index.php?rest_route=%2Fwp%2Fv2%2Fmedia&parent=85504"}],"wp:term":[{"taxonomy":"category","embeddable":true,"href":"https:\/\/quehacerpolitico.mx\/index.php?rest_route=%2Fwp%2Fv2%2Fcategories&post=85504"},{"taxonomy":"post_tag","embeddable":true,"href":"https:\/\/quehacerpolitico.mx\/index.php?rest_route=%2Fwp%2Fv2%2Ftags&post=85504"}],"curies":[{"name":"wp","href":"https:\/\/api.w.org\/{rel}","templated":true}]}}