{"id":85498,"date":"2021-10-07T15:54:15","date_gmt":"2021-10-07T15:54:15","guid":{"rendered":"https:\/\/quehacerpolitico.mx\/?p=85498"},"modified":"2021-10-07T15:54:17","modified_gmt":"2021-10-07T15:54:17","slug":"amlo-pide-que-su-hermano-sea-castigado-si-se-demuestra-que-es-culpable","status":"publish","type":"post","link":"https:\/\/quehacerpolitico.mx\/?p=85498","title":{"rendered":"AMLO pide que su hermano &#8220;sea castigado&#8221; si se demuestra que es culpable"},"content":{"rendered":"\n<p>Por Redacci\u00f3n QP<\/p>\n\n\n\n<p>P\u00edo L\u00f3pez Obrador apareci\u00f3 en un video en el que se observan presuntas entregas de dinero\u00a0durante una campa\u00f1a electoral<\/p>\n\n\n\n<p>El Presidente\u00a0<strong>Andr\u00e9s Manuel L\u00f3pez Obrador\u00a0<\/strong>(AMLO) pidi\u00f3 que su hermano P\u00edo L\u00f3pez Obrador&#8221;sea castigado&#8221; si se demuestra que es culpable de corrupci\u00f3n por un video en el que aparece recibiendo dinero durante una campa\u00f1a electoral.<\/p>\n\n\n\n<blockquote class=\"wp-block-quote is-layout-flow wp-block-quote-is-layout-flow\"><p>&#8220;Ofrezco una disculpa si denuncio actos de corrupci\u00f3n porque estoy convencido de que es el principal problema de M\u00e9xico&#8221;<\/p><\/blockquote>\n\n\n\n<p>&#8220;Si mi hermano es responsable, que sea castigado. Yo no establezco relaciones de complicidad con nadie, ni con los miembros de mi familia&#8221;, esgrimi\u00f3 en su rueda de prensa matutina en el Palacio Nacional.<\/p>\n\n\n\n<figure class=\"wp-block-embed is-type-rich is-provider-twitter wp-block-embed-twitter\"><div class=\"wp-block-embed__wrapper\">\n<blockquote class=\"twitter-tweet\" data-width=\"550\" data-dnt=\"true\"><p lang=\"es\" dir=\"ltr\">&quot;Si mi hermano es responsable, que sea castigado&quot;, dice el presidente <a href=\"https:\/\/twitter.com\/lopezobrador_?ref_src=twsrc%5Etfw\">@lopezobrador_<\/a> sobre Pio L\u00f3pez, quien ayer perdi\u00f3 una impugnaci\u00f3n ante el TEPJF.<br><br>El presidente insiste en que no es c\u00f3mplice de nadie y que el peor mal del pa\u00eds es la corrupci\u00f3n. <a href=\"https:\/\/t.co\/ZjtiePNojS\">pic.twitter.com\/ZjtiePNojS<\/a><\/p>&mdash; Ruido en la Red (@RuidoEnLaRed) <a href=\"https:\/\/twitter.com\/RuidoEnLaRed\/status\/1446104600000540673?ref_src=twsrc%5Etfw\">October 7, 2021<\/a><\/blockquote><script async src=\"https:\/\/platform.twitter.com\/widgets.js\" charset=\"utf-8\"><\/script>\n<\/div><\/figure>\n\n\n\n<p>El Tribunal Electoral de M\u00e9xico aval\u00f3 el mi\u00e9rcoles que el Instituto Nacional Electoral\u00a0<strong>(INE)<\/strong>\u00a0investigue a P\u00edo L\u00f3pez Obrador por un video en el que aparece en un restaurante recibiendo dinero de un funcionario durante la campa\u00f1a electoral de Chiapas en 2015.<\/p>\n\n\n\n<p><strong>&#8220;Lo de mi hermano ha quedado muy claro, de manifiesto, que no protejo a nadie. Yo llegu\u00e9 aqu\u00ed para encabezar una transformaci\u00f3n&#8221;<\/strong>, expres\u00f3 L\u00f3pez Obrador, quien ha hecho de la lucha contra la corrupci\u00f3n su bandera pol\u00edtica.<\/p>\n\n\n\n<p>AMLO record\u00f3 que en 2018 le dieron\u00a0<strong>&#8220;su confianza millones de mexicanos&#8221;<\/strong>\u00a0y prometi\u00f3 que no los va a &#8220;traicionar&#8221;.<\/p>\n\n\n\n<p>&#8220;Ofrezco una disculpa si denuncio actos de corrupci\u00f3n porque estoy convencido de que es el principal problema de M\u00e9xico&#8221;, apunt\u00f3 L\u00f3pez Obrador, quien sac\u00f3 de su bolsillo un pa\u00f1uelo blanco para declarar que &#8220;ya no se permite la corrupci\u00f3n&#8221;.<\/p>\n\n\n\n<p>Aunque admiti\u00f3 que todav\u00eda hay actos de corrupci\u00f3n en la parte baja de la administraci\u00f3n, asegur\u00f3 que&nbsp;<strong>&#8220;arriba ya no hay&#8221;<\/strong>, en referencia a los altos funcionarios del Gobierno.<\/p>\n\n\n\n<p>El 20 de agosto de 2020, P\u00edo L\u00f3pez Obrador apareci\u00f3 en un video en el que se observan presuntas entregas de dinero de parte del funcionario del Gobierno del estado de Chiapas David Le\u00f3n Romero.<\/p>\n\n\n\n<p>Los implicados alegaron en su momento que el dinero no era de procedencia ilegal, sino para financiar la campa\u00f1a de su partido, el ahora oficialista Movimiento Regeneraci\u00f3n Nacional&nbsp;<strong>(Morena)<\/strong>, a las elecciones locales del estado de Chiapas que se iban a celebrar ese a\u00f1o.<\/p>\n\n\n\n<p>La Unidad de Inteligencia Financiera del Gobierno de AMLO concluy\u00f3 el a\u00f1o pasado que no encontr\u00f3<strong>&#8220;nada significativo&#8221;&nbsp;<\/strong>en la investigaci\u00f3n sobre el hermano del Presidente.<\/p>\n\n\n\n<p>En julio pasado se divulg\u00f3 en el sitio Latinus material de 2015 en el que Mart\u00edn Jes\u00fas L\u00f3pez Obrador, otro hermano del actual Presidente, recibe presuntamente 150 mil pesos\u00a0de David Le\u00f3n.<\/p>\n\n\n\n<p>Con Informaci\u00f3n de EFE<\/p>\n","protected":false},"excerpt":{"rendered":"<p>Por Redacci\u00f3n QP P\u00edo L\u00f3pez Obrador apareci\u00f3 en un video en el que se observan&#8230;<\/p>\n","protected":false},"author":2,"featured_media":85499,"comment_status":"open","ping_status":"open","sticky":false,"template":"","format":"standard","meta":{"_monsterinsights_skip_tracking":false,"_monsterinsights_sitenote_active":false,"_monsterinsights_sitenote_note":"","_monsterinsights_sitenote_category":0,"footnotes":""},"categories":[2],"tags":[],"class_list":["post-85498","post","type-post","status-publish","format-standard","has-post-thumbnail","hentry","category-noticias"],"yoast_head":"<!-- This site is optimized with the Yoast SEO plugin v27.3 - https:\/\/yoast.com\/product\/yoast-seo-wordpress\/ -->\n<title>AMLO pide que su hermano &quot;sea castigado&quot; si se demuestra que es culpable -<\/title>\n<meta name=\"robots\" content=\"index, follow, max-snippet:-1, max-image-preview:large, max-video-preview:-1\" \/>\n<link rel=\"canonical\" href=\"https:\/\/quehacerpolitico.mx\/?p=85498\" \/>\n<meta property=\"og:locale\" content=\"es_MX\" \/>\n<meta property=\"og:type\" content=\"article\" \/>\n<meta property=\"og:title\" content=\"AMLO pide que su hermano &quot;sea castigado&quot; si se demuestra que es culpable -\" \/>\n<meta property=\"og:description\" content=\"Por Redacci\u00f3n QP P\u00edo L\u00f3pez Obrador apareci\u00f3 en un video en el que se observan...\" \/>\n<meta property=\"og:url\" content=\"https:\/\/quehacerpolitico.mx\/?p=85498\" \/>\n<meta property=\"article:published_time\" content=\"2021-10-07T15:54:15+00:00\" \/>\n<meta property=\"article:modified_time\" content=\"2021-10-07T15:54:17+00:00\" \/>\n<meta property=\"og:image\" content=\"https:\/\/quehacerpolitico.mx\/wp-content\/uploads\/2021\/10\/ABF5790D-8AB2-43FC-9EF0-9278E3AA4EB0.jpeg\" \/>\n\t<meta property=\"og:image:width\" content=\"1284\" \/>\n\t<meta property=\"og:image:height\" content=\"703\" \/>\n\t<meta property=\"og:image:type\" content=\"image\/jpeg\" \/>\n<meta name=\"author\" content=\"Redacci\u00f3n QP\" \/>\n<meta name=\"twitter:card\" content=\"summary_large_image\" \/>\n<meta name=\"twitter:label1\" content=\"Escrito por\" \/>\n\t<meta name=\"twitter:data1\" content=\"Redacci\u00f3n QP\" \/>\n\t<meta name=\"twitter:label2\" content=\"Tiempo de lectura\" \/>\n\t<meta name=\"twitter:data2\" content=\"2 minutos\" \/>\n<script type=\"application\/ld+json\" class=\"yoast-schema-graph\">{\"@context\":\"https:\\\/\\\/schema.org\",\"@graph\":[{\"@type\":\"Article\",\"@id\":\"https:\\\/\\\/quehacerpolitico.mx\\\/?p=85498#article\",\"isPartOf\":{\"@id\":\"https:\\\/\\\/quehacerpolitico.mx\\\/?p=85498\"},\"author\":{\"name\":\"Redacci\u00f3n QP\",\"@id\":\"https:\\\/\\\/quehacerpolitico.mx\\\/#\\\/schema\\\/person\\\/496d8ad2d1d3f8036101dca7ee39e585\"},\"headline\":\"AMLO pide que su hermano &#8220;sea castigado&#8221; si se demuestra que es culpable\",\"datePublished\":\"2021-10-07T15:54:15+00:00\",\"dateModified\":\"2021-10-07T15:54:17+00:00\",\"mainEntityOfPage\":{\"@id\":\"https:\\\/\\\/quehacerpolitico.mx\\\/?p=85498\"},\"wordCount\":479,\"commentCount\":0,\"image\":{\"@id\":\"https:\\\/\\\/quehacerpolitico.mx\\\/?p=85498#primaryimage\"},\"thumbnailUrl\":\"https:\\\/\\\/quehacerpolitico.mx\\\/wp-content\\\/uploads\\\/2021\\\/10\\\/ABF5790D-8AB2-43FC-9EF0-9278E3AA4EB0.jpeg\",\"articleSection\":[\"Noticias\"],\"inLanguage\":\"es\",\"potentialAction\":[{\"@type\":\"CommentAction\",\"name\":\"Comment\",\"target\":[\"https:\\\/\\\/quehacerpolitico.mx\\\/?p=85498#respond\"]}]},{\"@type\":\"WebPage\",\"@id\":\"https:\\\/\\\/quehacerpolitico.mx\\\/?p=85498\",\"url\":\"https:\\\/\\\/quehacerpolitico.mx\\\/?p=85498\",\"name\":\"AMLO pide que su hermano \\\"sea castigado\\\" si se demuestra que es culpable -\",\"isPartOf\":{\"@id\":\"https:\\\/\\\/quehacerpolitico.mx\\\/#website\"},\"primaryImageOfPage\":{\"@id\":\"https:\\\/\\\/quehacerpolitico.mx\\\/?p=85498#primaryimage\"},\"image\":{\"@id\":\"https:\\\/\\\/quehacerpolitico.mx\\\/?p=85498#primaryimage\"},\"thumbnailUrl\":\"https:\\\/\\\/quehacerpolitico.mx\\\/wp-content\\\/uploads\\\/2021\\\/10\\\/ABF5790D-8AB2-43FC-9EF0-9278E3AA4EB0.jpeg\",\"datePublished\":\"2021-10-07T15:54:15+00:00\",\"dateModified\":\"2021-10-07T15:54:17+00:00\",\"author\":{\"@id\":\"https:\\\/\\\/quehacerpolitico.mx\\\/#\\\/schema\\\/person\\\/496d8ad2d1d3f8036101dca7ee39e585\"},\"breadcrumb\":{\"@id\":\"https:\\\/\\\/quehacerpolitico.mx\\\/?p=85498#breadcrumb\"},\"inLanguage\":\"es\",\"potentialAction\":[{\"@type\":\"ReadAction\",\"target\":[\"https:\\\/\\\/quehacerpolitico.mx\\\/?p=85498\"]}]},{\"@type\":\"ImageObject\",\"inLanguage\":\"es\",\"@id\":\"https:\\\/\\\/quehacerpolitico.mx\\\/?p=85498#primaryimage\",\"url\":\"https:\\\/\\\/quehacerpolitico.mx\\\/wp-content\\\/uploads\\\/2021\\\/10\\\/ABF5790D-8AB2-43FC-9EF0-9278E3AA4EB0.jpeg\",\"contentUrl\":\"https:\\\/\\\/quehacerpolitico.mx\\\/wp-content\\\/uploads\\\/2021\\\/10\\\/ABF5790D-8AB2-43FC-9EF0-9278E3AA4EB0.jpeg\",\"width\":1284,\"height\":703},{\"@type\":\"BreadcrumbList\",\"@id\":\"https:\\\/\\\/quehacerpolitico.mx\\\/?p=85498#breadcrumb\",\"itemListElement\":[{\"@type\":\"ListItem\",\"position\":1,\"name\":\"Inicio\",\"item\":\"https:\\\/\\\/quehacerpolitico.mx\\\/\"},{\"@type\":\"ListItem\",\"position\":2,\"name\":\"AMLO pide que su hermano &#8220;sea castigado&#8221; si se demuestra que es culpable\"}]},{\"@type\":\"WebSite\",\"@id\":\"https:\\\/\\\/quehacerpolitico.mx\\\/#website\",\"url\":\"https:\\\/\\\/quehacerpolitico.mx\\\/\",\"name\":\"\",\"description\":\"\",\"potentialAction\":[{\"@type\":\"SearchAction\",\"target\":{\"@type\":\"EntryPoint\",\"urlTemplate\":\"https:\\\/\\\/quehacerpolitico.mx\\\/?s={search_term_string}\"},\"query-input\":{\"@type\":\"PropertyValueSpecification\",\"valueRequired\":true,\"valueName\":\"search_term_string\"}}],\"inLanguage\":\"es\"},{\"@type\":\"Person\",\"@id\":\"https:\\\/\\\/quehacerpolitico.mx\\\/#\\\/schema\\\/person\\\/496d8ad2d1d3f8036101dca7ee39e585\",\"name\":\"Redacci\u00f3n QP\",\"image\":{\"@type\":\"ImageObject\",\"inLanguage\":\"es\",\"@id\":\"https:\\\/\\\/secure.gravatar.com\\\/avatar\\\/c7164ed6fdec453195284ad24a5ae5b6e1eed2b848477fa2a4787ba9adf39a41?s=96&d=mm&r=g\",\"url\":\"https:\\\/\\\/secure.gravatar.com\\\/avatar\\\/c7164ed6fdec453195284ad24a5ae5b6e1eed2b848477fa2a4787ba9adf39a41?s=96&d=mm&r=g\",\"contentUrl\":\"https:\\\/\\\/secure.gravatar.com\\\/avatar\\\/c7164ed6fdec453195284ad24a5ae5b6e1eed2b848477fa2a4787ba9adf39a41?s=96&d=mm&r=g\",\"caption\":\"Redacci\u00f3n QP\"},\"url\":\"https:\\\/\\\/quehacerpolitico.mx\\\/?author=2\"}]}<\/script>\n<!-- \/ Yoast SEO plugin. -->","yoast_head_json":{"title":"AMLO pide que su hermano \"sea castigado\" si se demuestra que es culpable -","robots":{"index":"index","follow":"follow","max-snippet":"max-snippet:-1","max-image-preview":"max-image-preview:large","max-video-preview":"max-video-preview:-1"},"canonical":"https:\/\/quehacerpolitico.mx\/?p=85498","og_locale":"es_MX","og_type":"article","og_title":"AMLO pide que su hermano \"sea castigado\" si se demuestra que es culpable -","og_description":"Por Redacci\u00f3n QP P\u00edo L\u00f3pez Obrador apareci\u00f3 en un video en el que se observan...","og_url":"https:\/\/quehacerpolitico.mx\/?p=85498","article_published_time":"2021-10-07T15:54:15+00:00","article_modified_time":"2021-10-07T15:54:17+00:00","og_image":[{"width":1284,"height":703,"url":"https:\/\/quehacerpolitico.mx\/wp-content\/uploads\/2021\/10\/ABF5790D-8AB2-43FC-9EF0-9278E3AA4EB0.jpeg","type":"image\/jpeg"}],"author":"Redacci\u00f3n QP","twitter_card":"summary_large_image","twitter_misc":{"Escrito por":"Redacci\u00f3n QP","Tiempo de lectura":"2 minutos"},"schema":{"@context":"https:\/\/schema.org","@graph":[{"@type":"Article","@id":"https:\/\/quehacerpolitico.mx\/?p=85498#article","isPartOf":{"@id":"https:\/\/quehacerpolitico.mx\/?p=85498"},"author":{"name":"Redacci\u00f3n QP","@id":"https:\/\/quehacerpolitico.mx\/#\/schema\/person\/496d8ad2d1d3f8036101dca7ee39e585"},"headline":"AMLO pide que su hermano &#8220;sea castigado&#8221; si se demuestra que es culpable","datePublished":"2021-10-07T15:54:15+00:00","dateModified":"2021-10-07T15:54:17+00:00","mainEntityOfPage":{"@id":"https:\/\/quehacerpolitico.mx\/?p=85498"},"wordCount":479,"commentCount":0,"image":{"@id":"https:\/\/quehacerpolitico.mx\/?p=85498#primaryimage"},"thumbnailUrl":"https:\/\/quehacerpolitico.mx\/wp-content\/uploads\/2021\/10\/ABF5790D-8AB2-43FC-9EF0-9278E3AA4EB0.jpeg","articleSection":["Noticias"],"inLanguage":"es","potentialAction":[{"@type":"CommentAction","name":"Comment","target":["https:\/\/quehacerpolitico.mx\/?p=85498#respond"]}]},{"@type":"WebPage","@id":"https:\/\/quehacerpolitico.mx\/?p=85498","url":"https:\/\/quehacerpolitico.mx\/?p=85498","name":"AMLO pide que su hermano \"sea castigado\" si se demuestra que es culpable -","isPartOf":{"@id":"https:\/\/quehacerpolitico.mx\/#website"},"primaryImageOfPage":{"@id":"https:\/\/quehacerpolitico.mx\/?p=85498#primaryimage"},"image":{"@id":"https:\/\/quehacerpolitico.mx\/?p=85498#primaryimage"},"thumbnailUrl":"https:\/\/quehacerpolitico.mx\/wp-content\/uploads\/2021\/10\/ABF5790D-8AB2-43FC-9EF0-9278E3AA4EB0.jpeg","datePublished":"2021-10-07T15:54:15+00:00","dateModified":"2021-10-07T15:54:17+00:00","author":{"@id":"https:\/\/quehacerpolitico.mx\/#\/schema\/person\/496d8ad2d1d3f8036101dca7ee39e585"},"breadcrumb":{"@id":"https:\/\/quehacerpolitico.mx\/?p=85498#breadcrumb"},"inLanguage":"es","potentialAction":[{"@type":"ReadAction","target":["https:\/\/quehacerpolitico.mx\/?p=85498"]}]},{"@type":"ImageObject","inLanguage":"es","@id":"https:\/\/quehacerpolitico.mx\/?p=85498#primaryimage","url":"https:\/\/quehacerpolitico.mx\/wp-content\/uploads\/2021\/10\/ABF5790D-8AB2-43FC-9EF0-9278E3AA4EB0.jpeg","contentUrl":"https:\/\/quehacerpolitico.mx\/wp-content\/uploads\/2021\/10\/ABF5790D-8AB2-43FC-9EF0-9278E3AA4EB0.jpeg","width":1284,"height":703},{"@type":"BreadcrumbList","@id":"https:\/\/quehacerpolitico.mx\/?p=85498#breadcrumb","itemListElement":[{"@type":"ListItem","position":1,"name":"Inicio","item":"https:\/\/quehacerpolitico.mx\/"},{"@type":"ListItem","position":2,"name":"AMLO pide que su hermano &#8220;sea castigado&#8221; si se demuestra que es culpable"}]},{"@type":"WebSite","@id":"https:\/\/quehacerpolitico.mx\/#website","url":"https:\/\/quehacerpolitico.mx\/","name":"","description":"","potentialAction":[{"@type":"SearchAction","target":{"@type":"EntryPoint","urlTemplate":"https:\/\/quehacerpolitico.mx\/?s={search_term_string}"},"query-input":{"@type":"PropertyValueSpecification","valueRequired":true,"valueName":"search_term_string"}}],"inLanguage":"es"},{"@type":"Person","@id":"https:\/\/quehacerpolitico.mx\/#\/schema\/person\/496d8ad2d1d3f8036101dca7ee39e585","name":"Redacci\u00f3n QP","image":{"@type":"ImageObject","inLanguage":"es","@id":"https:\/\/secure.gravatar.com\/avatar\/c7164ed6fdec453195284ad24a5ae5b6e1eed2b848477fa2a4787ba9adf39a41?s=96&d=mm&r=g","url":"https:\/\/secure.gravatar.com\/avatar\/c7164ed6fdec453195284ad24a5ae5b6e1eed2b848477fa2a4787ba9adf39a41?s=96&d=mm&r=g","contentUrl":"https:\/\/secure.gravatar.com\/avatar\/c7164ed6fdec453195284ad24a5ae5b6e1eed2b848477fa2a4787ba9adf39a41?s=96&d=mm&r=g","caption":"Redacci\u00f3n QP"},"url":"https:\/\/quehacerpolitico.mx\/?author=2"}]}},"featured_image_urls":{"full":["https:\/\/quehacerpolitico.mx\/wp-content\/uploads\/2021\/10\/ABF5790D-8AB2-43FC-9EF0-9278E3AA4EB0.jpeg",1284,703,false],"thumbnail":["https:\/\/quehacerpolitico.mx\/wp-content\/uploads\/2021\/10\/ABF5790D-8AB2-43FC-9EF0-9278E3AA4EB0-150x150.jpeg",150,150,true],"medium":["https:\/\/quehacerpolitico.mx\/wp-content\/uploads\/2021\/10\/ABF5790D-8AB2-43FC-9EF0-9278E3AA4EB0-300x164.jpeg",300,164,true],"medium_large":["https:\/\/quehacerpolitico.mx\/wp-content\/uploads\/2021\/10\/ABF5790D-8AB2-43FC-9EF0-9278E3AA4EB0-768x420.jpeg",640,350,true],"large":["https:\/\/quehacerpolitico.mx\/wp-content\/uploads\/2021\/10\/ABF5790D-8AB2-43FC-9EF0-9278E3AA4EB0-1024x561.jpeg",640,351,true],"1536x1536":["https:\/\/quehacerpolitico.mx\/wp-content\/uploads\/2021\/10\/ABF5790D-8AB2-43FC-9EF0-9278E3AA4EB0.jpeg",1284,703,false],"2048x2048":["https:\/\/quehacerpolitico.mx\/wp-content\/uploads\/2021\/10\/ABF5790D-8AB2-43FC-9EF0-9278E3AA4EB0.jpeg",1284,703,false],"covernews-featured":["https:\/\/quehacerpolitico.mx\/wp-content\/uploads\/2021\/10\/ABF5790D-8AB2-43FC-9EF0-9278E3AA4EB0.jpeg",1024,561,false],"covernews-medium":["https:\/\/quehacerpolitico.mx\/wp-content\/uploads\/2021\/10\/ABF5790D-8AB2-43FC-9EF0-9278E3AA4EB0.jpeg",540,296,false]},"author_info":{"display_name":"Redacci\u00f3n QP","author_link":"https:\/\/quehacerpolitico.mx\/?author=2"},"category_info":"<a href=\"https:\/\/quehacerpolitico.mx\/?cat=2\" rel=\"category\">Noticias<\/a>","tag_info":"Noticias","comment_count":"0","_links":{"self":[{"href":"https:\/\/quehacerpolitico.mx\/index.php?rest_route=\/wp\/v2\/posts\/85498","targetHints":{"allow":["GET"]}}],"collection":[{"href":"https:\/\/quehacerpolitico.mx\/index.php?rest_route=\/wp\/v2\/posts"}],"about":[{"href":"https:\/\/quehacerpolitico.mx\/index.php?rest_route=\/wp\/v2\/types\/post"}],"author":[{"embeddable":true,"href":"https:\/\/quehacerpolitico.mx\/index.php?rest_route=\/wp\/v2\/users\/2"}],"replies":[{"embeddable":true,"href":"https:\/\/quehacerpolitico.mx\/index.php?rest_route=%2Fwp%2Fv2%2Fcomments&post=85498"}],"version-history":[{"count":1,"href":"https:\/\/quehacerpolitico.mx\/index.php?rest_route=\/wp\/v2\/posts\/85498\/revisions"}],"predecessor-version":[{"id":85500,"href":"https:\/\/quehacerpolitico.mx\/index.php?rest_route=\/wp\/v2\/posts\/85498\/revisions\/85500"}],"wp:featuredmedia":[{"embeddable":true,"href":"https:\/\/quehacerpolitico.mx\/index.php?rest_route=\/wp\/v2\/media\/85499"}],"wp:attachment":[{"href":"https:\/\/quehacerpolitico.mx\/index.php?rest_route=%2Fwp%2Fv2%2Fmedia&parent=85498"}],"wp:term":[{"taxonomy":"category","embeddable":true,"href":"https:\/\/quehacerpolitico.mx\/index.php?rest_route=%2Fwp%2Fv2%2Fcategories&post=85498"},{"taxonomy":"post_tag","embeddable":true,"href":"https:\/\/quehacerpolitico.mx\/index.php?rest_route=%2Fwp%2Fv2%2Ftags&post=85498"}],"curies":[{"name":"wp","href":"https:\/\/api.w.org\/{rel}","templated":true}]}}