{"id":85489,"date":"2021-10-07T03:45:57","date_gmt":"2021-10-07T03:45:57","guid":{"rendered":"https:\/\/quehacerpolitico.mx\/?p=85489"},"modified":"2021-10-07T03:45:59","modified_gmt":"2021-10-07T03:45:59","slug":"ordenan-hacer-publicos-los-titulos-profesionales-de-lopez-gatell-alcocer-y-alcalde","status":"publish","type":"post","link":"https:\/\/quehacerpolitico.mx\/?p=85489","title":{"rendered":"Ordenan hacer p\u00fablicos los t\u00edtulos profesionales de L\u00f3pez-Gatell, Alcocer y Alcalde"},"content":{"rendered":"\n<p>Por Redacci\u00f3n QP<\/p>\n\n\n\n<p>El Inai considera que la divulgaci\u00f3n de estos papeles es procedente porque es de inter\u00e9s colectivo<\/p>\n\n\n\n<p>El Instituto Nacional de Transparencia, Acceso a la Informaci\u00f3n y Protecci\u00f3n de Datos Personales (Inai), orden\u00f3 a la Universidad Nacional Aut\u00f3noma de M\u00e9xico (UNAM) hacer p\u00fablicos los t\u00edtulos profesionales del secretario de Salud, Jorge Alcocer, del subsecretario de Prevenci\u00f3n y Promoci\u00f3n de la Salud, Hugo L\u00f3pez Gatell, as\u00ed como el de la Secretaria del Trabajo y Previsi\u00f3n Social, Luisa Mar\u00eda Alcalde<\/p>\n\n\n\n<p>&#8220;La relevancia del presente asunto es justamente que por tratarse de servidores p\u00fablicos de alto nivel, justo deben de quedar sujetos al escrutinio p\u00fablico o al escrutinio social ya que derivado del impacto y la trascendencia que estos encargos tienen en la vida p\u00fablica del pa\u00eds, resulta necesario conocer si cuentan con habilidades acad\u00e9micas que les permitan cumplir con el mandato ejecutivo en beneficio de la sociedad en general y en consecuencia, genera un mayor beneficio a la sociedad en general el publicitar estos temas curriculares que el mantenerlos en sigilo o en resguardo&#8221;, se\u00f1al\u00f3 el Comisionado Adri\u00e1n Alcal\u00e1 M\u00e9ndez, quien present\u00f3 el asunto ante el Pleno del Inai en la sesi\u00f3n de este mi\u00e9rcoles.<\/p>\n\n\n\n<p>La resoluci\u00f3n se deriva de una solicitud realizada por un particular, quien solicit\u00f3 a la UNAM las actas de titulaci\u00f3n y los t\u00edtulos profesionales de los funcionarios mencionados, informaci\u00f3n que le fue negada bajo el argumento de que se trataba de datos que no pueden ser divulgados &#8220;porque implicar\u00eda una intromisi\u00f3n a la vida privada de personas&#8221;.<\/p>\n\n\n\n<p>El solicitante se inconform\u00f3, y present\u00f3 recurso de revisi\u00f3n ante el Inai y sostuvo que esos datos no pueden reservarse, toda vez que se trata de servidores &#8220;p\u00fablicos&#8221;.<\/p>\n\n\n\n<p>Alcal\u00e1 M\u00e9ndez reconoci\u00f3 que con la petici\u00f3n se atendi\u00f3, por una parte, el acceso a la informaci\u00f3n, pero por la otra la protecci\u00f3n de datos personales del acusado. Pese a ello, dijo que tras valorar el inter\u00e9s superior entre ambos, ganaba la petici\u00f3n de los t\u00edtulos, porque es de inter\u00e9s colectivo.<\/p>\n\n\n\n<p>&#8220;Sirve para conocer la formaci\u00f3n profesional que han tenido durante su educaci\u00f3n superior y que detonan el c\u00famulo de habilidades y conocimientos adquiridos que se ven traducidos en la toma de decisiones que permiten desempe\u00f1ar de manera \u00f3ptima los encargos p\u00fablicos que les han sido conferidos&#8221;, a\u00f1adi\u00f3.<\/p>\n\n\n\n<p>Con Informaci\u00f3n de SUN <\/p>\n","protected":false},"excerpt":{"rendered":"<p>Por Redacci\u00f3n QP El Inai considera que la divulgaci\u00f3n de estos papeles es procedente porque&#8230;<\/p>\n","protected":false},"author":2,"featured_media":85490,"comment_status":"open","ping_status":"open","sticky":false,"template":"","format":"standard","meta":{"_monsterinsights_skip_tracking":false,"_monsterinsights_sitenote_active":false,"_monsterinsights_sitenote_note":"","_monsterinsights_sitenote_category":0,"footnotes":""},"categories":[2],"tags":[],"class_list":["post-85489","post","type-post","status-publish","format-standard","has-post-thumbnail","hentry","category-noticias"],"yoast_head":"<!-- This site is optimized with the Yoast SEO plugin v27.3 - https:\/\/yoast.com\/product\/yoast-seo-wordpress\/ -->\n<title>Ordenan hacer p\u00fablicos los t\u00edtulos profesionales de L\u00f3pez-Gatell, Alcocer y Alcalde -<\/title>\n<meta name=\"robots\" content=\"index, follow, max-snippet:-1, max-image-preview:large, max-video-preview:-1\" \/>\n<link rel=\"canonical\" href=\"https:\/\/quehacerpolitico.mx\/?p=85489\" \/>\n<meta property=\"og:locale\" content=\"es_MX\" \/>\n<meta property=\"og:type\" content=\"article\" \/>\n<meta property=\"og:title\" content=\"Ordenan hacer p\u00fablicos los t\u00edtulos profesionales de L\u00f3pez-Gatell, Alcocer y Alcalde -\" \/>\n<meta property=\"og:description\" content=\"Por Redacci\u00f3n QP El Inai considera que la divulgaci\u00f3n de estos papeles es procedente porque...\" \/>\n<meta property=\"og:url\" content=\"https:\/\/quehacerpolitico.mx\/?p=85489\" \/>\n<meta property=\"article:published_time\" content=\"2021-10-07T03:45:57+00:00\" \/>\n<meta property=\"article:modified_time\" content=\"2021-10-07T03:45:59+00:00\" \/>\n<meta property=\"og:image\" content=\"https:\/\/quehacerpolitico.mx\/wp-content\/uploads\/2021\/10\/FFC70628-190D-49A7-A681-70604AD14EA2.jpeg\" \/>\n\t<meta property=\"og:image:width\" content=\"800\" \/>\n\t<meta property=\"og:image:height\" content=\"487\" \/>\n\t<meta property=\"og:image:type\" content=\"image\/jpeg\" \/>\n<meta name=\"author\" content=\"Redacci\u00f3n QP\" \/>\n<meta name=\"twitter:card\" content=\"summary_large_image\" \/>\n<meta name=\"twitter:label1\" content=\"Escrito por\" \/>\n\t<meta name=\"twitter:data1\" content=\"Redacci\u00f3n QP\" \/>\n\t<meta name=\"twitter:label2\" content=\"Tiempo de lectura\" \/>\n\t<meta name=\"twitter:data2\" content=\"2 minutos\" \/>\n<script type=\"application\/ld+json\" class=\"yoast-schema-graph\">{\"@context\":\"https:\\\/\\\/schema.org\",\"@graph\":[{\"@type\":\"Article\",\"@id\":\"https:\\\/\\\/quehacerpolitico.mx\\\/?p=85489#article\",\"isPartOf\":{\"@id\":\"https:\\\/\\\/quehacerpolitico.mx\\\/?p=85489\"},\"author\":{\"name\":\"Redacci\u00f3n QP\",\"@id\":\"https:\\\/\\\/quehacerpolitico.mx\\\/#\\\/schema\\\/person\\\/496d8ad2d1d3f8036101dca7ee39e585\"},\"headline\":\"Ordenan hacer p\u00fablicos los t\u00edtulos profesionales de L\u00f3pez-Gatell, Alcocer y Alcalde\",\"datePublished\":\"2021-10-07T03:45:57+00:00\",\"dateModified\":\"2021-10-07T03:45:59+00:00\",\"mainEntityOfPage\":{\"@id\":\"https:\\\/\\\/quehacerpolitico.mx\\\/?p=85489\"},\"wordCount\":443,\"commentCount\":0,\"image\":{\"@id\":\"https:\\\/\\\/quehacerpolitico.mx\\\/?p=85489#primaryimage\"},\"thumbnailUrl\":\"https:\\\/\\\/quehacerpolitico.mx\\\/wp-content\\\/uploads\\\/2021\\\/10\\\/FFC70628-190D-49A7-A681-70604AD14EA2.jpeg\",\"articleSection\":[\"Noticias\"],\"inLanguage\":\"es\",\"potentialAction\":[{\"@type\":\"CommentAction\",\"name\":\"Comment\",\"target\":[\"https:\\\/\\\/quehacerpolitico.mx\\\/?p=85489#respond\"]}]},{\"@type\":\"WebPage\",\"@id\":\"https:\\\/\\\/quehacerpolitico.mx\\\/?p=85489\",\"url\":\"https:\\\/\\\/quehacerpolitico.mx\\\/?p=85489\",\"name\":\"Ordenan hacer p\u00fablicos los t\u00edtulos profesionales de L\u00f3pez-Gatell, Alcocer y Alcalde -\",\"isPartOf\":{\"@id\":\"https:\\\/\\\/quehacerpolitico.mx\\\/#website\"},\"primaryImageOfPage\":{\"@id\":\"https:\\\/\\\/quehacerpolitico.mx\\\/?p=85489#primaryimage\"},\"image\":{\"@id\":\"https:\\\/\\\/quehacerpolitico.mx\\\/?p=85489#primaryimage\"},\"thumbnailUrl\":\"https:\\\/\\\/quehacerpolitico.mx\\\/wp-content\\\/uploads\\\/2021\\\/10\\\/FFC70628-190D-49A7-A681-70604AD14EA2.jpeg\",\"datePublished\":\"2021-10-07T03:45:57+00:00\",\"dateModified\":\"2021-10-07T03:45:59+00:00\",\"author\":{\"@id\":\"https:\\\/\\\/quehacerpolitico.mx\\\/#\\\/schema\\\/person\\\/496d8ad2d1d3f8036101dca7ee39e585\"},\"breadcrumb\":{\"@id\":\"https:\\\/\\\/quehacerpolitico.mx\\\/?p=85489#breadcrumb\"},\"inLanguage\":\"es\",\"potentialAction\":[{\"@type\":\"ReadAction\",\"target\":[\"https:\\\/\\\/quehacerpolitico.mx\\\/?p=85489\"]}]},{\"@type\":\"ImageObject\",\"inLanguage\":\"es\",\"@id\":\"https:\\\/\\\/quehacerpolitico.mx\\\/?p=85489#primaryimage\",\"url\":\"https:\\\/\\\/quehacerpolitico.mx\\\/wp-content\\\/uploads\\\/2021\\\/10\\\/FFC70628-190D-49A7-A681-70604AD14EA2.jpeg\",\"contentUrl\":\"https:\\\/\\\/quehacerpolitico.mx\\\/wp-content\\\/uploads\\\/2021\\\/10\\\/FFC70628-190D-49A7-A681-70604AD14EA2.jpeg\",\"width\":800,\"height\":487},{\"@type\":\"BreadcrumbList\",\"@id\":\"https:\\\/\\\/quehacerpolitico.mx\\\/?p=85489#breadcrumb\",\"itemListElement\":[{\"@type\":\"ListItem\",\"position\":1,\"name\":\"Inicio\",\"item\":\"https:\\\/\\\/quehacerpolitico.mx\\\/\"},{\"@type\":\"ListItem\",\"position\":2,\"name\":\"Ordenan hacer p\u00fablicos los t\u00edtulos profesionales de L\u00f3pez-Gatell, Alcocer y Alcalde\"}]},{\"@type\":\"WebSite\",\"@id\":\"https:\\\/\\\/quehacerpolitico.mx\\\/#website\",\"url\":\"https:\\\/\\\/quehacerpolitico.mx\\\/\",\"name\":\"\",\"description\":\"\",\"potentialAction\":[{\"@type\":\"SearchAction\",\"target\":{\"@type\":\"EntryPoint\",\"urlTemplate\":\"https:\\\/\\\/quehacerpolitico.mx\\\/?s={search_term_string}\"},\"query-input\":{\"@type\":\"PropertyValueSpecification\",\"valueRequired\":true,\"valueName\":\"search_term_string\"}}],\"inLanguage\":\"es\"},{\"@type\":\"Person\",\"@id\":\"https:\\\/\\\/quehacerpolitico.mx\\\/#\\\/schema\\\/person\\\/496d8ad2d1d3f8036101dca7ee39e585\",\"name\":\"Redacci\u00f3n QP\",\"image\":{\"@type\":\"ImageObject\",\"inLanguage\":\"es\",\"@id\":\"https:\\\/\\\/secure.gravatar.com\\\/avatar\\\/c7164ed6fdec453195284ad24a5ae5b6e1eed2b848477fa2a4787ba9adf39a41?s=96&d=mm&r=g\",\"url\":\"https:\\\/\\\/secure.gravatar.com\\\/avatar\\\/c7164ed6fdec453195284ad24a5ae5b6e1eed2b848477fa2a4787ba9adf39a41?s=96&d=mm&r=g\",\"contentUrl\":\"https:\\\/\\\/secure.gravatar.com\\\/avatar\\\/c7164ed6fdec453195284ad24a5ae5b6e1eed2b848477fa2a4787ba9adf39a41?s=96&d=mm&r=g\",\"caption\":\"Redacci\u00f3n QP\"},\"url\":\"https:\\\/\\\/quehacerpolitico.mx\\\/?author=2\"}]}<\/script>\n<!-- \/ Yoast SEO plugin. -->","yoast_head_json":{"title":"Ordenan hacer p\u00fablicos los t\u00edtulos profesionales de L\u00f3pez-Gatell, Alcocer y Alcalde -","robots":{"index":"index","follow":"follow","max-snippet":"max-snippet:-1","max-image-preview":"max-image-preview:large","max-video-preview":"max-video-preview:-1"},"canonical":"https:\/\/quehacerpolitico.mx\/?p=85489","og_locale":"es_MX","og_type":"article","og_title":"Ordenan hacer p\u00fablicos los t\u00edtulos profesionales de L\u00f3pez-Gatell, Alcocer y Alcalde -","og_description":"Por Redacci\u00f3n QP El Inai considera que la divulgaci\u00f3n de estos papeles es procedente porque...","og_url":"https:\/\/quehacerpolitico.mx\/?p=85489","article_published_time":"2021-10-07T03:45:57+00:00","article_modified_time":"2021-10-07T03:45:59+00:00","og_image":[{"width":800,"height":487,"url":"https:\/\/quehacerpolitico.mx\/wp-content\/uploads\/2021\/10\/FFC70628-190D-49A7-A681-70604AD14EA2.jpeg","type":"image\/jpeg"}],"author":"Redacci\u00f3n QP","twitter_card":"summary_large_image","twitter_misc":{"Escrito por":"Redacci\u00f3n QP","Tiempo de lectura":"2 minutos"},"schema":{"@context":"https:\/\/schema.org","@graph":[{"@type":"Article","@id":"https:\/\/quehacerpolitico.mx\/?p=85489#article","isPartOf":{"@id":"https:\/\/quehacerpolitico.mx\/?p=85489"},"author":{"name":"Redacci\u00f3n QP","@id":"https:\/\/quehacerpolitico.mx\/#\/schema\/person\/496d8ad2d1d3f8036101dca7ee39e585"},"headline":"Ordenan hacer p\u00fablicos los t\u00edtulos profesionales de L\u00f3pez-Gatell, Alcocer y Alcalde","datePublished":"2021-10-07T03:45:57+00:00","dateModified":"2021-10-07T03:45:59+00:00","mainEntityOfPage":{"@id":"https:\/\/quehacerpolitico.mx\/?p=85489"},"wordCount":443,"commentCount":0,"image":{"@id":"https:\/\/quehacerpolitico.mx\/?p=85489#primaryimage"},"thumbnailUrl":"https:\/\/quehacerpolitico.mx\/wp-content\/uploads\/2021\/10\/FFC70628-190D-49A7-A681-70604AD14EA2.jpeg","articleSection":["Noticias"],"inLanguage":"es","potentialAction":[{"@type":"CommentAction","name":"Comment","target":["https:\/\/quehacerpolitico.mx\/?p=85489#respond"]}]},{"@type":"WebPage","@id":"https:\/\/quehacerpolitico.mx\/?p=85489","url":"https:\/\/quehacerpolitico.mx\/?p=85489","name":"Ordenan hacer p\u00fablicos los t\u00edtulos profesionales de L\u00f3pez-Gatell, Alcocer y Alcalde -","isPartOf":{"@id":"https:\/\/quehacerpolitico.mx\/#website"},"primaryImageOfPage":{"@id":"https:\/\/quehacerpolitico.mx\/?p=85489#primaryimage"},"image":{"@id":"https:\/\/quehacerpolitico.mx\/?p=85489#primaryimage"},"thumbnailUrl":"https:\/\/quehacerpolitico.mx\/wp-content\/uploads\/2021\/10\/FFC70628-190D-49A7-A681-70604AD14EA2.jpeg","datePublished":"2021-10-07T03:45:57+00:00","dateModified":"2021-10-07T03:45:59+00:00","author":{"@id":"https:\/\/quehacerpolitico.mx\/#\/schema\/person\/496d8ad2d1d3f8036101dca7ee39e585"},"breadcrumb":{"@id":"https:\/\/quehacerpolitico.mx\/?p=85489#breadcrumb"},"inLanguage":"es","potentialAction":[{"@type":"ReadAction","target":["https:\/\/quehacerpolitico.mx\/?p=85489"]}]},{"@type":"ImageObject","inLanguage":"es","@id":"https:\/\/quehacerpolitico.mx\/?p=85489#primaryimage","url":"https:\/\/quehacerpolitico.mx\/wp-content\/uploads\/2021\/10\/FFC70628-190D-49A7-A681-70604AD14EA2.jpeg","contentUrl":"https:\/\/quehacerpolitico.mx\/wp-content\/uploads\/2021\/10\/FFC70628-190D-49A7-A681-70604AD14EA2.jpeg","width":800,"height":487},{"@type":"BreadcrumbList","@id":"https:\/\/quehacerpolitico.mx\/?p=85489#breadcrumb","itemListElement":[{"@type":"ListItem","position":1,"name":"Inicio","item":"https:\/\/quehacerpolitico.mx\/"},{"@type":"ListItem","position":2,"name":"Ordenan hacer p\u00fablicos los t\u00edtulos profesionales de L\u00f3pez-Gatell, Alcocer y Alcalde"}]},{"@type":"WebSite","@id":"https:\/\/quehacerpolitico.mx\/#website","url":"https:\/\/quehacerpolitico.mx\/","name":"","description":"","potentialAction":[{"@type":"SearchAction","target":{"@type":"EntryPoint","urlTemplate":"https:\/\/quehacerpolitico.mx\/?s={search_term_string}"},"query-input":{"@type":"PropertyValueSpecification","valueRequired":true,"valueName":"search_term_string"}}],"inLanguage":"es"},{"@type":"Person","@id":"https:\/\/quehacerpolitico.mx\/#\/schema\/person\/496d8ad2d1d3f8036101dca7ee39e585","name":"Redacci\u00f3n QP","image":{"@type":"ImageObject","inLanguage":"es","@id":"https:\/\/secure.gravatar.com\/avatar\/c7164ed6fdec453195284ad24a5ae5b6e1eed2b848477fa2a4787ba9adf39a41?s=96&d=mm&r=g","url":"https:\/\/secure.gravatar.com\/avatar\/c7164ed6fdec453195284ad24a5ae5b6e1eed2b848477fa2a4787ba9adf39a41?s=96&d=mm&r=g","contentUrl":"https:\/\/secure.gravatar.com\/avatar\/c7164ed6fdec453195284ad24a5ae5b6e1eed2b848477fa2a4787ba9adf39a41?s=96&d=mm&r=g","caption":"Redacci\u00f3n QP"},"url":"https:\/\/quehacerpolitico.mx\/?author=2"}]}},"featured_image_urls":{"full":["https:\/\/quehacerpolitico.mx\/wp-content\/uploads\/2021\/10\/FFC70628-190D-49A7-A681-70604AD14EA2.jpeg",800,487,false],"thumbnail":["https:\/\/quehacerpolitico.mx\/wp-content\/uploads\/2021\/10\/FFC70628-190D-49A7-A681-70604AD14EA2-150x150.jpeg",150,150,true],"medium":["https:\/\/quehacerpolitico.mx\/wp-content\/uploads\/2021\/10\/FFC70628-190D-49A7-A681-70604AD14EA2-300x183.jpeg",300,183,true],"medium_large":["https:\/\/quehacerpolitico.mx\/wp-content\/uploads\/2021\/10\/FFC70628-190D-49A7-A681-70604AD14EA2-768x468.jpeg",640,390,true],"large":["https:\/\/quehacerpolitico.mx\/wp-content\/uploads\/2021\/10\/FFC70628-190D-49A7-A681-70604AD14EA2.jpeg",640,390,false],"1536x1536":["https:\/\/quehacerpolitico.mx\/wp-content\/uploads\/2021\/10\/FFC70628-190D-49A7-A681-70604AD14EA2.jpeg",800,487,false],"2048x2048":["https:\/\/quehacerpolitico.mx\/wp-content\/uploads\/2021\/10\/FFC70628-190D-49A7-A681-70604AD14EA2.jpeg",800,487,false],"covernews-featured":["https:\/\/quehacerpolitico.mx\/wp-content\/uploads\/2021\/10\/FFC70628-190D-49A7-A681-70604AD14EA2.jpeg",800,487,false],"covernews-medium":["https:\/\/quehacerpolitico.mx\/wp-content\/uploads\/2021\/10\/FFC70628-190D-49A7-A681-70604AD14EA2.jpeg",540,329,false]},"author_info":{"display_name":"Redacci\u00f3n QP","author_link":"https:\/\/quehacerpolitico.mx\/?author=2"},"category_info":"<a href=\"https:\/\/quehacerpolitico.mx\/?cat=2\" rel=\"category\">Noticias<\/a>","tag_info":"Noticias","comment_count":"0","_links":{"self":[{"href":"https:\/\/quehacerpolitico.mx\/index.php?rest_route=\/wp\/v2\/posts\/85489","targetHints":{"allow":["GET"]}}],"collection":[{"href":"https:\/\/quehacerpolitico.mx\/index.php?rest_route=\/wp\/v2\/posts"}],"about":[{"href":"https:\/\/quehacerpolitico.mx\/index.php?rest_route=\/wp\/v2\/types\/post"}],"author":[{"embeddable":true,"href":"https:\/\/quehacerpolitico.mx\/index.php?rest_route=\/wp\/v2\/users\/2"}],"replies":[{"embeddable":true,"href":"https:\/\/quehacerpolitico.mx\/index.php?rest_route=%2Fwp%2Fv2%2Fcomments&post=85489"}],"version-history":[{"count":1,"href":"https:\/\/quehacerpolitico.mx\/index.php?rest_route=\/wp\/v2\/posts\/85489\/revisions"}],"predecessor-version":[{"id":85491,"href":"https:\/\/quehacerpolitico.mx\/index.php?rest_route=\/wp\/v2\/posts\/85489\/revisions\/85491"}],"wp:featuredmedia":[{"embeddable":true,"href":"https:\/\/quehacerpolitico.mx\/index.php?rest_route=\/wp\/v2\/media\/85490"}],"wp:attachment":[{"href":"https:\/\/quehacerpolitico.mx\/index.php?rest_route=%2Fwp%2Fv2%2Fmedia&parent=85489"}],"wp:term":[{"taxonomy":"category","embeddable":true,"href":"https:\/\/quehacerpolitico.mx\/index.php?rest_route=%2Fwp%2Fv2%2Fcategories&post=85489"},{"taxonomy":"post_tag","embeddable":true,"href":"https:\/\/quehacerpolitico.mx\/index.php?rest_route=%2Fwp%2Fv2%2Ftags&post=85489"}],"curies":[{"name":"wp","href":"https:\/\/api.w.org\/{rel}","templated":true}]}}