{"id":85484,"date":"2021-10-07T02:59:09","date_gmt":"2021-10-07T02:59:09","guid":{"rendered":"https:\/\/quehacerpolitico.mx\/?p=85484"},"modified":"2021-10-07T02:59:12","modified_gmt":"2021-10-07T02:59:12","slug":"hoy-en-mexico-713-nuevas-muertes-y-siete-mil-697-casos-de-covid","status":"publish","type":"post","link":"https:\/\/quehacerpolitico.mx\/?p=85484","title":{"rendered":"Hoy en M\u00e9xico 713 nuevas muertes y siete mil 697 casos de COVID"},"content":{"rendered":"\n<p>Por Redacci\u00f3n QP<\/p>\n\n\n\n<p>Hasta ahora, 65.69 millones de personas mayores de 18 a\u00f1os tiene al menos una dosis de la vacuna anticovid en el pa\u00eds<\/p>\n\n\n\n<figure class=\"wp-block-embed is-type-video is-provider-youtube wp-block-embed-youtube wp-embed-aspect-16-9 wp-has-aspect-ratio\"><div class=\"wp-block-embed__wrapper\">\n<iframe loading=\"lazy\" title=\"M\u00e9xico registra 713 decesos y 7 mil 697 contagios por Covid en 24 horas\" width=\"640\" height=\"360\" src=\"https:\/\/www.youtube.com\/embed\/wR8PIG0irqM?feature=oembed\" frameborder=\"0\" allow=\"accelerometer; autoplay; clipboard-write; encrypted-media; gyroscope; picture-in-picture; web-share\" referrerpolicy=\"strict-origin-when-cross-origin\" allowfullscreen><\/iframe>\n<\/div><\/figure>\n\n\n\n<p>La\u00a0Secretaria de Salud report\u00f3 este mi\u00e9rcoles\u00a0<strong>713 nuevas muertes por COVID-19 para un total de 280 mil 607 defunciones<\/strong>, adem\u00e1s de otros\u00a0<strong>siete mil 697 nuevos casos para llegar hasta los tres millones 699 mil 621 contagios.<\/strong><\/p>\n\n\n\n<figure class=\"wp-block-embed is-type-rich is-provider-twitter wp-block-embed-twitter\"><div class=\"wp-block-embed__wrapper\">\n<blockquote class=\"twitter-tweet\" data-width=\"550\" data-dnt=\"true\"><p lang=\"es\" dir=\"ltr\">Comunicado T\u00e9cnico Diario: Nuevo Coronavirus en el Mundo <a href=\"https:\/\/twitter.com\/hashtag\/COVID19?src=hash&amp;ref_src=twsrc%5Etfw\">#COVID19<\/a> | 6 de octubre de 2021<br><br>\u27a1\ufe0f <a href=\"https:\/\/t.co\/BooXx7OXfg\">https:\/\/t.co\/BooXx7OXfg<\/a> <a href=\"https:\/\/t.co\/ZjtaoUqsUq\">pic.twitter.com\/ZjtaoUqsUq<\/a><\/p>&mdash; SALUD M\u00e9xico (@SSalud_mx) <a href=\"https:\/\/twitter.com\/SSalud_mx\/status\/1445927239749705737?ref_src=twsrc%5Etfw\">October 7, 2021<\/a><\/blockquote><script async src=\"https:\/\/platform.twitter.com\/widgets.js\" charset=\"utf-8\"><\/script>\n<\/div><\/figure>\n\n\n\n<p>Con estas cifras, M\u00e9xico se mantiene como el cuarto pa\u00eds con m\u00e1s muertes por COVID-19 por detr\u00e1s de Estados Unidos, Brasil y la India, y el decimoquinto en n\u00famero de contagios confirmados, seg\u00fan el recuento de la Universidad Johns Hopkins.<\/p>\n\n\n\n<p>Calculan que\u00a0<strong>en el pa\u00eds hay 47 mil 944 casos activos<\/strong>, que han presentado s\u00edntomas durante los \u00faltimos 14 d\u00edas y que suponen el 1.2 % de los casos totales.<\/p>\n\n\n\n<figure class=\"wp-block-image\"><img decoding=\"async\" src=\"https:\/\/www.informador.mx\/export\/sites\/elinformador\/img\/2021\/10\/06\/3_1.jpg_2113803576.jpg\" alt=\"\" title=\"\"\/><\/figure>\n\n\n\n<p>Adem\u00e1s, desde el inicio de la pandemia se han recuperado tres millones 057 mil 710 personas.<\/p>\n\n\n\n<p>La ocupaci\u00f3n media de camas generales es del 31 % y del 27 % para camas de terapia intensiva.<\/p>\n\n\n\n<figure class=\"wp-block-embed is-type-rich is-provider-twitter wp-block-embed-twitter\"><div class=\"wp-block-embed__wrapper\">\n<blockquote class=\"twitter-tweet\" data-width=\"550\" data-dnt=\"true\"><p lang=\"es\" dir=\"ltr\">Comunicado T\u00e9cnico Diario: Nuevo Coronavirus en el Mundo <a href=\"https:\/\/twitter.com\/hashtag\/COVID19?src=hash&amp;ref_src=twsrc%5Etfw\">#COVID19<\/a> | 6 de octubre de 2021<br><br>\u27a1\ufe0f <a href=\"https:\/\/t.co\/BooXx86y6O\">https:\/\/t.co\/BooXx86y6O<\/a> <a href=\"https:\/\/t.co\/VJqZ9Lkhnw\">pic.twitter.com\/VJqZ9Lkhnw<\/a><\/p>&mdash; SALUD M\u00e9xico (@SSalud_mx) <a href=\"https:\/\/twitter.com\/SSalud_mx\/status\/1445887317277745156?ref_src=twsrc%5Etfw\">October 6, 2021<\/a><\/blockquote><script async src=\"https:\/\/platform.twitter.com\/widgets.js\" charset=\"utf-8\"><\/script>\n<\/div><\/figure>\n\n\n\n<h2 class=\"wp-block-heading\">PLAN DE VACUNACI\u00d3N<\/h2>\n\n\n\n<p>Las autoridades tambi\u00e9n indicaron que el programa de vacunaci\u00f3n, que contempla a todos los mayores de 18 a\u00f1os,&nbsp;<strong>acumula 104.55 millones de dosis aplicadas al sumar 720 mil 886 durante la \u00faltima jornada.<\/strong><\/p>\n\n\n\n<p>Hasta ahora, 65.69 millones de personas mayores de 18 a\u00f1os tiene al menos una dosis. Es decir, el 73 % del total de la poblaci\u00f3n adulta. De ese total, el 70 % \u201446.3 millones\u2014 ha recibido el esquema completo.<\/p>\n\n\n\n<p>Con Informaci\u00f3n de EFE<\/p>\n","protected":false},"excerpt":{"rendered":"<p>Por Redacci\u00f3n QP Hasta ahora, 65.69 millones de personas mayores de 18 a\u00f1os tiene al&#8230;<\/p>\n","protected":false},"author":2,"featured_media":85485,"comment_status":"open","ping_status":"open","sticky":false,"template":"","format":"standard","meta":{"_monsterinsights_skip_tracking":false,"_monsterinsights_sitenote_active":false,"_monsterinsights_sitenote_note":"","_monsterinsights_sitenote_category":0,"footnotes":""},"categories":[2],"tags":[],"class_list":["post-85484","post","type-post","status-publish","format-standard","has-post-thumbnail","hentry","category-noticias"],"yoast_head":"<!-- This site is optimized with the Yoast SEO plugin v27.3 - https:\/\/yoast.com\/product\/yoast-seo-wordpress\/ -->\n<title>Hoy en M\u00e9xico 713 nuevas muertes y siete mil 697 casos de COVID -<\/title>\n<meta name=\"robots\" content=\"index, follow, max-snippet:-1, max-image-preview:large, max-video-preview:-1\" \/>\n<link rel=\"canonical\" href=\"https:\/\/quehacerpolitico.mx\/?p=85484\" \/>\n<meta property=\"og:locale\" content=\"es_MX\" \/>\n<meta property=\"og:type\" content=\"article\" \/>\n<meta property=\"og:title\" content=\"Hoy en M\u00e9xico 713 nuevas muertes y siete mil 697 casos de COVID -\" \/>\n<meta property=\"og:description\" content=\"Por Redacci\u00f3n QP Hasta ahora, 65.69 millones de personas mayores de 18 a\u00f1os tiene al...\" \/>\n<meta property=\"og:url\" content=\"https:\/\/quehacerpolitico.mx\/?p=85484\" \/>\n<meta property=\"article:published_time\" content=\"2021-10-07T02:59:09+00:00\" \/>\n<meta property=\"article:modified_time\" content=\"2021-10-07T02:59:12+00:00\" \/>\n<meta property=\"og:image\" content=\"https:\/\/quehacerpolitico.mx\/wp-content\/uploads\/2021\/10\/638C7A1B-E1CA-435F-885D-6DAA78C14260.jpeg\" \/>\n\t<meta property=\"og:image:width\" content=\"1079\" \/>\n\t<meta property=\"og:image:height\" content=\"703\" \/>\n\t<meta property=\"og:image:type\" content=\"image\/jpeg\" \/>\n<meta name=\"author\" content=\"Redacci\u00f3n QP\" \/>\n<meta name=\"twitter:card\" content=\"summary_large_image\" \/>\n<meta name=\"twitter:label1\" content=\"Escrito por\" \/>\n\t<meta name=\"twitter:data1\" content=\"Redacci\u00f3n QP\" \/>\n\t<meta name=\"twitter:label2\" content=\"Tiempo de lectura\" \/>\n\t<meta name=\"twitter:data2\" content=\"1 minuto\" \/>\n<script type=\"application\/ld+json\" class=\"yoast-schema-graph\">{\"@context\":\"https:\\\/\\\/schema.org\",\"@graph\":[{\"@type\":\"Article\",\"@id\":\"https:\\\/\\\/quehacerpolitico.mx\\\/?p=85484#article\",\"isPartOf\":{\"@id\":\"https:\\\/\\\/quehacerpolitico.mx\\\/?p=85484\"},\"author\":{\"name\":\"Redacci\u00f3n QP\",\"@id\":\"https:\\\/\\\/quehacerpolitico.mx\\\/#\\\/schema\\\/person\\\/496d8ad2d1d3f8036101dca7ee39e585\"},\"headline\":\"Hoy en M\u00e9xico 713 nuevas muertes y siete mil 697 casos de COVID\",\"datePublished\":\"2021-10-07T02:59:09+00:00\",\"dateModified\":\"2021-10-07T02:59:12+00:00\",\"mainEntityOfPage\":{\"@id\":\"https:\\\/\\\/quehacerpolitico.mx\\\/?p=85484\"},\"wordCount\":273,\"commentCount\":0,\"image\":{\"@id\":\"https:\\\/\\\/quehacerpolitico.mx\\\/?p=85484#primaryimage\"},\"thumbnailUrl\":\"https:\\\/\\\/quehacerpolitico.mx\\\/wp-content\\\/uploads\\\/2021\\\/10\\\/638C7A1B-E1CA-435F-885D-6DAA78C14260.jpeg\",\"articleSection\":[\"Noticias\"],\"inLanguage\":\"es\",\"potentialAction\":[{\"@type\":\"CommentAction\",\"name\":\"Comment\",\"target\":[\"https:\\\/\\\/quehacerpolitico.mx\\\/?p=85484#respond\"]}]},{\"@type\":\"WebPage\",\"@id\":\"https:\\\/\\\/quehacerpolitico.mx\\\/?p=85484\",\"url\":\"https:\\\/\\\/quehacerpolitico.mx\\\/?p=85484\",\"name\":\"Hoy en M\u00e9xico 713 nuevas muertes y siete mil 697 casos de COVID -\",\"isPartOf\":{\"@id\":\"https:\\\/\\\/quehacerpolitico.mx\\\/#website\"},\"primaryImageOfPage\":{\"@id\":\"https:\\\/\\\/quehacerpolitico.mx\\\/?p=85484#primaryimage\"},\"image\":{\"@id\":\"https:\\\/\\\/quehacerpolitico.mx\\\/?p=85484#primaryimage\"},\"thumbnailUrl\":\"https:\\\/\\\/quehacerpolitico.mx\\\/wp-content\\\/uploads\\\/2021\\\/10\\\/638C7A1B-E1CA-435F-885D-6DAA78C14260.jpeg\",\"datePublished\":\"2021-10-07T02:59:09+00:00\",\"dateModified\":\"2021-10-07T02:59:12+00:00\",\"author\":{\"@id\":\"https:\\\/\\\/quehacerpolitico.mx\\\/#\\\/schema\\\/person\\\/496d8ad2d1d3f8036101dca7ee39e585\"},\"breadcrumb\":{\"@id\":\"https:\\\/\\\/quehacerpolitico.mx\\\/?p=85484#breadcrumb\"},\"inLanguage\":\"es\",\"potentialAction\":[{\"@type\":\"ReadAction\",\"target\":[\"https:\\\/\\\/quehacerpolitico.mx\\\/?p=85484\"]}]},{\"@type\":\"ImageObject\",\"inLanguage\":\"es\",\"@id\":\"https:\\\/\\\/quehacerpolitico.mx\\\/?p=85484#primaryimage\",\"url\":\"https:\\\/\\\/quehacerpolitico.mx\\\/wp-content\\\/uploads\\\/2021\\\/10\\\/638C7A1B-E1CA-435F-885D-6DAA78C14260.jpeg\",\"contentUrl\":\"https:\\\/\\\/quehacerpolitico.mx\\\/wp-content\\\/uploads\\\/2021\\\/10\\\/638C7A1B-E1CA-435F-885D-6DAA78C14260.jpeg\",\"width\":1079,\"height\":703},{\"@type\":\"BreadcrumbList\",\"@id\":\"https:\\\/\\\/quehacerpolitico.mx\\\/?p=85484#breadcrumb\",\"itemListElement\":[{\"@type\":\"ListItem\",\"position\":1,\"name\":\"Inicio\",\"item\":\"https:\\\/\\\/quehacerpolitico.mx\\\/\"},{\"@type\":\"ListItem\",\"position\":2,\"name\":\"Hoy en M\u00e9xico 713 nuevas muertes y siete mil 697 casos de COVID\"}]},{\"@type\":\"WebSite\",\"@id\":\"https:\\\/\\\/quehacerpolitico.mx\\\/#website\",\"url\":\"https:\\\/\\\/quehacerpolitico.mx\\\/\",\"name\":\"\",\"description\":\"\",\"potentialAction\":[{\"@type\":\"SearchAction\",\"target\":{\"@type\":\"EntryPoint\",\"urlTemplate\":\"https:\\\/\\\/quehacerpolitico.mx\\\/?s={search_term_string}\"},\"query-input\":{\"@type\":\"PropertyValueSpecification\",\"valueRequired\":true,\"valueName\":\"search_term_string\"}}],\"inLanguage\":\"es\"},{\"@type\":\"Person\",\"@id\":\"https:\\\/\\\/quehacerpolitico.mx\\\/#\\\/schema\\\/person\\\/496d8ad2d1d3f8036101dca7ee39e585\",\"name\":\"Redacci\u00f3n QP\",\"image\":{\"@type\":\"ImageObject\",\"inLanguage\":\"es\",\"@id\":\"https:\\\/\\\/secure.gravatar.com\\\/avatar\\\/c7164ed6fdec453195284ad24a5ae5b6e1eed2b848477fa2a4787ba9adf39a41?s=96&d=mm&r=g\",\"url\":\"https:\\\/\\\/secure.gravatar.com\\\/avatar\\\/c7164ed6fdec453195284ad24a5ae5b6e1eed2b848477fa2a4787ba9adf39a41?s=96&d=mm&r=g\",\"contentUrl\":\"https:\\\/\\\/secure.gravatar.com\\\/avatar\\\/c7164ed6fdec453195284ad24a5ae5b6e1eed2b848477fa2a4787ba9adf39a41?s=96&d=mm&r=g\",\"caption\":\"Redacci\u00f3n QP\"},\"url\":\"https:\\\/\\\/quehacerpolitico.mx\\\/?author=2\"}]}<\/script>\n<!-- \/ Yoast SEO plugin. -->","yoast_head_json":{"title":"Hoy en M\u00e9xico 713 nuevas muertes y siete mil 697 casos de COVID -","robots":{"index":"index","follow":"follow","max-snippet":"max-snippet:-1","max-image-preview":"max-image-preview:large","max-video-preview":"max-video-preview:-1"},"canonical":"https:\/\/quehacerpolitico.mx\/?p=85484","og_locale":"es_MX","og_type":"article","og_title":"Hoy en M\u00e9xico 713 nuevas muertes y siete mil 697 casos de COVID -","og_description":"Por Redacci\u00f3n QP Hasta ahora, 65.69 millones de personas mayores de 18 a\u00f1os tiene al...","og_url":"https:\/\/quehacerpolitico.mx\/?p=85484","article_published_time":"2021-10-07T02:59:09+00:00","article_modified_time":"2021-10-07T02:59:12+00:00","og_image":[{"width":1079,"height":703,"url":"https:\/\/quehacerpolitico.mx\/wp-content\/uploads\/2021\/10\/638C7A1B-E1CA-435F-885D-6DAA78C14260.jpeg","type":"image\/jpeg"}],"author":"Redacci\u00f3n QP","twitter_card":"summary_large_image","twitter_misc":{"Escrito por":"Redacci\u00f3n QP","Tiempo de lectura":"1 minuto"},"schema":{"@context":"https:\/\/schema.org","@graph":[{"@type":"Article","@id":"https:\/\/quehacerpolitico.mx\/?p=85484#article","isPartOf":{"@id":"https:\/\/quehacerpolitico.mx\/?p=85484"},"author":{"name":"Redacci\u00f3n QP","@id":"https:\/\/quehacerpolitico.mx\/#\/schema\/person\/496d8ad2d1d3f8036101dca7ee39e585"},"headline":"Hoy en M\u00e9xico 713 nuevas muertes y siete mil 697 casos de COVID","datePublished":"2021-10-07T02:59:09+00:00","dateModified":"2021-10-07T02:59:12+00:00","mainEntityOfPage":{"@id":"https:\/\/quehacerpolitico.mx\/?p=85484"},"wordCount":273,"commentCount":0,"image":{"@id":"https:\/\/quehacerpolitico.mx\/?p=85484#primaryimage"},"thumbnailUrl":"https:\/\/quehacerpolitico.mx\/wp-content\/uploads\/2021\/10\/638C7A1B-E1CA-435F-885D-6DAA78C14260.jpeg","articleSection":["Noticias"],"inLanguage":"es","potentialAction":[{"@type":"CommentAction","name":"Comment","target":["https:\/\/quehacerpolitico.mx\/?p=85484#respond"]}]},{"@type":"WebPage","@id":"https:\/\/quehacerpolitico.mx\/?p=85484","url":"https:\/\/quehacerpolitico.mx\/?p=85484","name":"Hoy en M\u00e9xico 713 nuevas muertes y siete mil 697 casos de COVID -","isPartOf":{"@id":"https:\/\/quehacerpolitico.mx\/#website"},"primaryImageOfPage":{"@id":"https:\/\/quehacerpolitico.mx\/?p=85484#primaryimage"},"image":{"@id":"https:\/\/quehacerpolitico.mx\/?p=85484#primaryimage"},"thumbnailUrl":"https:\/\/quehacerpolitico.mx\/wp-content\/uploads\/2021\/10\/638C7A1B-E1CA-435F-885D-6DAA78C14260.jpeg","datePublished":"2021-10-07T02:59:09+00:00","dateModified":"2021-10-07T02:59:12+00:00","author":{"@id":"https:\/\/quehacerpolitico.mx\/#\/schema\/person\/496d8ad2d1d3f8036101dca7ee39e585"},"breadcrumb":{"@id":"https:\/\/quehacerpolitico.mx\/?p=85484#breadcrumb"},"inLanguage":"es","potentialAction":[{"@type":"ReadAction","target":["https:\/\/quehacerpolitico.mx\/?p=85484"]}]},{"@type":"ImageObject","inLanguage":"es","@id":"https:\/\/quehacerpolitico.mx\/?p=85484#primaryimage","url":"https:\/\/quehacerpolitico.mx\/wp-content\/uploads\/2021\/10\/638C7A1B-E1CA-435F-885D-6DAA78C14260.jpeg","contentUrl":"https:\/\/quehacerpolitico.mx\/wp-content\/uploads\/2021\/10\/638C7A1B-E1CA-435F-885D-6DAA78C14260.jpeg","width":1079,"height":703},{"@type":"BreadcrumbList","@id":"https:\/\/quehacerpolitico.mx\/?p=85484#breadcrumb","itemListElement":[{"@type":"ListItem","position":1,"name":"Inicio","item":"https:\/\/quehacerpolitico.mx\/"},{"@type":"ListItem","position":2,"name":"Hoy en M\u00e9xico 713 nuevas muertes y siete mil 697 casos de COVID"}]},{"@type":"WebSite","@id":"https:\/\/quehacerpolitico.mx\/#website","url":"https:\/\/quehacerpolitico.mx\/","name":"","description":"","potentialAction":[{"@type":"SearchAction","target":{"@type":"EntryPoint","urlTemplate":"https:\/\/quehacerpolitico.mx\/?s={search_term_string}"},"query-input":{"@type":"PropertyValueSpecification","valueRequired":true,"valueName":"search_term_string"}}],"inLanguage":"es"},{"@type":"Person","@id":"https:\/\/quehacerpolitico.mx\/#\/schema\/person\/496d8ad2d1d3f8036101dca7ee39e585","name":"Redacci\u00f3n QP","image":{"@type":"ImageObject","inLanguage":"es","@id":"https:\/\/secure.gravatar.com\/avatar\/c7164ed6fdec453195284ad24a5ae5b6e1eed2b848477fa2a4787ba9adf39a41?s=96&d=mm&r=g","url":"https:\/\/secure.gravatar.com\/avatar\/c7164ed6fdec453195284ad24a5ae5b6e1eed2b848477fa2a4787ba9adf39a41?s=96&d=mm&r=g","contentUrl":"https:\/\/secure.gravatar.com\/avatar\/c7164ed6fdec453195284ad24a5ae5b6e1eed2b848477fa2a4787ba9adf39a41?s=96&d=mm&r=g","caption":"Redacci\u00f3n QP"},"url":"https:\/\/quehacerpolitico.mx\/?author=2"}]}},"featured_image_urls":{"full":["https:\/\/quehacerpolitico.mx\/wp-content\/uploads\/2021\/10\/638C7A1B-E1CA-435F-885D-6DAA78C14260.jpeg",1079,703,false],"thumbnail":["https:\/\/quehacerpolitico.mx\/wp-content\/uploads\/2021\/10\/638C7A1B-E1CA-435F-885D-6DAA78C14260-150x150.jpeg",150,150,true],"medium":["https:\/\/quehacerpolitico.mx\/wp-content\/uploads\/2021\/10\/638C7A1B-E1CA-435F-885D-6DAA78C14260-300x195.jpeg",300,195,true],"medium_large":["https:\/\/quehacerpolitico.mx\/wp-content\/uploads\/2021\/10\/638C7A1B-E1CA-435F-885D-6DAA78C14260-768x500.jpeg",640,417,true],"large":["https:\/\/quehacerpolitico.mx\/wp-content\/uploads\/2021\/10\/638C7A1B-E1CA-435F-885D-6DAA78C14260-1024x667.jpeg",640,417,true],"1536x1536":["https:\/\/quehacerpolitico.mx\/wp-content\/uploads\/2021\/10\/638C7A1B-E1CA-435F-885D-6DAA78C14260.jpeg",1079,703,false],"2048x2048":["https:\/\/quehacerpolitico.mx\/wp-content\/uploads\/2021\/10\/638C7A1B-E1CA-435F-885D-6DAA78C14260.jpeg",1079,703,false],"covernews-featured":["https:\/\/quehacerpolitico.mx\/wp-content\/uploads\/2021\/10\/638C7A1B-E1CA-435F-885D-6DAA78C14260.jpeg",1024,667,false],"covernews-medium":["https:\/\/quehacerpolitico.mx\/wp-content\/uploads\/2021\/10\/638C7A1B-E1CA-435F-885D-6DAA78C14260.jpeg",522,340,false]},"author_info":{"display_name":"Redacci\u00f3n QP","author_link":"https:\/\/quehacerpolitico.mx\/?author=2"},"category_info":"<a href=\"https:\/\/quehacerpolitico.mx\/?cat=2\" rel=\"category\">Noticias<\/a>","tag_info":"Noticias","comment_count":"0","_links":{"self":[{"href":"https:\/\/quehacerpolitico.mx\/index.php?rest_route=\/wp\/v2\/posts\/85484","targetHints":{"allow":["GET"]}}],"collection":[{"href":"https:\/\/quehacerpolitico.mx\/index.php?rest_route=\/wp\/v2\/posts"}],"about":[{"href":"https:\/\/quehacerpolitico.mx\/index.php?rest_route=\/wp\/v2\/types\/post"}],"author":[{"embeddable":true,"href":"https:\/\/quehacerpolitico.mx\/index.php?rest_route=\/wp\/v2\/users\/2"}],"replies":[{"embeddable":true,"href":"https:\/\/quehacerpolitico.mx\/index.php?rest_route=%2Fwp%2Fv2%2Fcomments&post=85484"}],"version-history":[{"count":1,"href":"https:\/\/quehacerpolitico.mx\/index.php?rest_route=\/wp\/v2\/posts\/85484\/revisions"}],"predecessor-version":[{"id":85486,"href":"https:\/\/quehacerpolitico.mx\/index.php?rest_route=\/wp\/v2\/posts\/85484\/revisions\/85486"}],"wp:featuredmedia":[{"embeddable":true,"href":"https:\/\/quehacerpolitico.mx\/index.php?rest_route=\/wp\/v2\/media\/85485"}],"wp:attachment":[{"href":"https:\/\/quehacerpolitico.mx\/index.php?rest_route=%2Fwp%2Fv2%2Fmedia&parent=85484"}],"wp:term":[{"taxonomy":"category","embeddable":true,"href":"https:\/\/quehacerpolitico.mx\/index.php?rest_route=%2Fwp%2Fv2%2Fcategories&post=85484"},{"taxonomy":"post_tag","embeddable":true,"href":"https:\/\/quehacerpolitico.mx\/index.php?rest_route=%2Fwp%2Fv2%2Ftags&post=85484"}],"curies":[{"name":"wp","href":"https:\/\/api.w.org\/{rel}","templated":true}]}}