{"id":85481,"date":"2021-10-07T02:44:13","date_gmt":"2021-10-07T02:44:13","guid":{"rendered":"https:\/\/quehacerpolitico.mx\/?p=85481"},"modified":"2021-10-07T02:44:15","modified_gmt":"2021-10-07T02:44:15","slug":"detienen-en-iztacalco-a-presunto-miembro-del-grupo-delictivo-los-tanzanios","status":"publish","type":"post","link":"https:\/\/quehacerpolitico.mx\/?p=85481","title":{"rendered":"Detienen en Iztacalco a presunto miembro del grupo delictivo &#8216;Los Tanzanios&#8217;"},"content":{"rendered":"\n<p>Por Redacci\u00f3n QP<\/p>\n\n\n\n<p>Durante la detenci\u00f3n se le aseguraron al sospechoso una cangurera, una navaja y dinero en efectivo; investigaciones oficiales se\u00f1alan que &#8216;Los Tanzanios&#8217;\u00a0operan principalmente en las alcald\u00edas Iztacalco e Iztapalapa<\/p>\n\n\n\n<p>&nbsp;Luego de que asaltara a una mujer en la colonia Agr\u00edcola Oriental, ubicada en la alcald\u00eda Iztacalco, miembros de la&nbsp;<strong>Secretar\u00eda de Seguridad Ciudadana (SSC) detuvieron a Jonathan S\u00e1nchez Alc\u00e1ntara<\/strong>,&nbsp;<em>El Quikin<\/em>, de 32 a\u00f1os, quien es un presunto distribuidor de drogas para el grupo delictivo conocido como&nbsp;<em>Los Tanzanios.&nbsp;<\/em><\/p>\n\n\n\n<p>De acuerdo con reportes oficiales, su detenci\u00f3n se realiz\u00f3 en la calle Oriente 237, cuando<strong>&nbsp;una mujer denunci\u00f3 que un sujeto la amenaz\u00f3 con una navaja y le pidi\u00f3 que le diera el dinero que llevaba;<\/strong>&nbsp;ante dicha situaci\u00f3n, la v\u00edctima solicit\u00f3 apoyo a polic\u00edas capitalinos, a quienes les dijo que el responsable hab\u00eda sido un sujeto que estaba parado junto a un veh\u00edculo color gris.&nbsp;<\/p>\n\n\n\n<p>Eventualmente, los oficiales se aproximaron al sujeto para realizarle una revisi\u00f3n preventiva, en la cual<strong>\u00a0le aseguraron una cangurera color negro, una navaja de aproximadamente 10 cent\u00edmetros de largo y dinero en efectivo.<\/strong><\/p>\n\n\n\n<p>Aparte, los oficiales le aseguraron el veh\u00edculo de color gris con placas de circulaci\u00f3n del estado de Jalisco junto al que estaba parado; posteriormente,&nbsp;<strong>el sospechoso fue presentado ante el Ministerio P\u00fablico de la Fiscal\u00eda General de Justicia de la Ciudad de M\u00e9xico.<\/strong><\/p>\n\n\n\n<p>Investigaciones de la polic\u00eda capitalina se\u00f1alan qu<strong>e<em>&nbsp;Los Tanzanios<\/em>&nbsp;operan principalmente en las alcald\u00edas Iztacalco e Iztapalapa,<\/strong>&nbsp;y se dedican a delitos como extorsi\u00f3n, cobro de piso y despojo de predios.&nbsp;<\/p>\n\n\n\n<p>Finalmente, autoridades capitalinas indican que adem\u00e1s del tr\u00e1fico de dorgas,&nbsp;<strong><em>El Quikin<\/em>&nbsp;puede ser vinculado a los delitos de robo y cobro de extorsiones en Iztapalapa.<\/strong><\/p>\n","protected":false},"excerpt":{"rendered":"<p>Por Redacci\u00f3n QP Durante la detenci\u00f3n se le aseguraron al sospechoso una cangurera, una navaja&#8230;<\/p>\n","protected":false},"author":2,"featured_media":85482,"comment_status":"open","ping_status":"open","sticky":false,"template":"","format":"standard","meta":{"_monsterinsights_skip_tracking":false,"_monsterinsights_sitenote_active":false,"_monsterinsights_sitenote_note":"","_monsterinsights_sitenote_category":0,"footnotes":""},"categories":[55],"tags":[],"class_list":["post-85481","post","type-post","status-publish","format-standard","has-post-thumbnail","hentry","category-cdmx"],"yoast_head":"<!-- This site is optimized with the Yoast SEO plugin v27.3 - https:\/\/yoast.com\/product\/yoast-seo-wordpress\/ -->\n<title>Detienen en Iztacalco a presunto miembro del grupo delictivo &#039;Los Tanzanios&#039; -<\/title>\n<meta name=\"robots\" content=\"index, follow, max-snippet:-1, max-image-preview:large, max-video-preview:-1\" \/>\n<link rel=\"canonical\" href=\"https:\/\/quehacerpolitico.mx\/?p=85481\" \/>\n<meta property=\"og:locale\" content=\"es_MX\" \/>\n<meta property=\"og:type\" content=\"article\" \/>\n<meta property=\"og:title\" content=\"Detienen en Iztacalco a presunto miembro del grupo delictivo &#039;Los Tanzanios&#039; -\" \/>\n<meta property=\"og:description\" content=\"Por Redacci\u00f3n QP Durante la detenci\u00f3n se le aseguraron al sospechoso una cangurera, una navaja...\" \/>\n<meta property=\"og:url\" content=\"https:\/\/quehacerpolitico.mx\/?p=85481\" \/>\n<meta property=\"article:published_time\" content=\"2021-10-07T02:44:13+00:00\" \/>\n<meta property=\"article:modified_time\" content=\"2021-10-07T02:44:15+00:00\" \/>\n<meta property=\"og:image\" content=\"https:\/\/quehacerpolitico.mx\/wp-content\/uploads\/2021\/10\/47D0B2D7-A601-4867-846C-1715C2EA6D19.jpeg\" \/>\n\t<meta property=\"og:image:width\" content=\"696\" \/>\n\t<meta property=\"og:image:height\" content=\"495\" \/>\n\t<meta property=\"og:image:type\" content=\"image\/jpeg\" \/>\n<meta name=\"author\" content=\"Redacci\u00f3n QP\" \/>\n<meta name=\"twitter:card\" content=\"summary_large_image\" \/>\n<meta name=\"twitter:label1\" content=\"Escrito por\" \/>\n\t<meta name=\"twitter:data1\" content=\"Redacci\u00f3n QP\" \/>\n\t<meta name=\"twitter:label2\" content=\"Tiempo de lectura\" \/>\n\t<meta name=\"twitter:data2\" content=\"2 minutos\" \/>\n<script type=\"application\/ld+json\" class=\"yoast-schema-graph\">{\"@context\":\"https:\\\/\\\/schema.org\",\"@graph\":[{\"@type\":\"Article\",\"@id\":\"https:\\\/\\\/quehacerpolitico.mx\\\/?p=85481#article\",\"isPartOf\":{\"@id\":\"https:\\\/\\\/quehacerpolitico.mx\\\/?p=85481\"},\"author\":{\"name\":\"Redacci\u00f3n QP\",\"@id\":\"https:\\\/\\\/quehacerpolitico.mx\\\/#\\\/schema\\\/person\\\/496d8ad2d1d3f8036101dca7ee39e585\"},\"headline\":\"Detienen en Iztacalco a presunto miembro del grupo delictivo &#8216;Los Tanzanios&#8217;\",\"datePublished\":\"2021-10-07T02:44:13+00:00\",\"dateModified\":\"2021-10-07T02:44:15+00:00\",\"mainEntityOfPage\":{\"@id\":\"https:\\\/\\\/quehacerpolitico.mx\\\/?p=85481\"},\"wordCount\":334,\"commentCount\":0,\"image\":{\"@id\":\"https:\\\/\\\/quehacerpolitico.mx\\\/?p=85481#primaryimage\"},\"thumbnailUrl\":\"https:\\\/\\\/quehacerpolitico.mx\\\/wp-content\\\/uploads\\\/2021\\\/10\\\/47D0B2D7-A601-4867-846C-1715C2EA6D19.jpeg\",\"articleSection\":[\"CDMX\"],\"inLanguage\":\"es\",\"potentialAction\":[{\"@type\":\"CommentAction\",\"name\":\"Comment\",\"target\":[\"https:\\\/\\\/quehacerpolitico.mx\\\/?p=85481#respond\"]}]},{\"@type\":\"WebPage\",\"@id\":\"https:\\\/\\\/quehacerpolitico.mx\\\/?p=85481\",\"url\":\"https:\\\/\\\/quehacerpolitico.mx\\\/?p=85481\",\"name\":\"Detienen en Iztacalco a presunto miembro del grupo delictivo 'Los Tanzanios' -\",\"isPartOf\":{\"@id\":\"https:\\\/\\\/quehacerpolitico.mx\\\/#website\"},\"primaryImageOfPage\":{\"@id\":\"https:\\\/\\\/quehacerpolitico.mx\\\/?p=85481#primaryimage\"},\"image\":{\"@id\":\"https:\\\/\\\/quehacerpolitico.mx\\\/?p=85481#primaryimage\"},\"thumbnailUrl\":\"https:\\\/\\\/quehacerpolitico.mx\\\/wp-content\\\/uploads\\\/2021\\\/10\\\/47D0B2D7-A601-4867-846C-1715C2EA6D19.jpeg\",\"datePublished\":\"2021-10-07T02:44:13+00:00\",\"dateModified\":\"2021-10-07T02:44:15+00:00\",\"author\":{\"@id\":\"https:\\\/\\\/quehacerpolitico.mx\\\/#\\\/schema\\\/person\\\/496d8ad2d1d3f8036101dca7ee39e585\"},\"breadcrumb\":{\"@id\":\"https:\\\/\\\/quehacerpolitico.mx\\\/?p=85481#breadcrumb\"},\"inLanguage\":\"es\",\"potentialAction\":[{\"@type\":\"ReadAction\",\"target\":[\"https:\\\/\\\/quehacerpolitico.mx\\\/?p=85481\"]}]},{\"@type\":\"ImageObject\",\"inLanguage\":\"es\",\"@id\":\"https:\\\/\\\/quehacerpolitico.mx\\\/?p=85481#primaryimage\",\"url\":\"https:\\\/\\\/quehacerpolitico.mx\\\/wp-content\\\/uploads\\\/2021\\\/10\\\/47D0B2D7-A601-4867-846C-1715C2EA6D19.jpeg\",\"contentUrl\":\"https:\\\/\\\/quehacerpolitico.mx\\\/wp-content\\\/uploads\\\/2021\\\/10\\\/47D0B2D7-A601-4867-846C-1715C2EA6D19.jpeg\",\"width\":696,\"height\":495},{\"@type\":\"BreadcrumbList\",\"@id\":\"https:\\\/\\\/quehacerpolitico.mx\\\/?p=85481#breadcrumb\",\"itemListElement\":[{\"@type\":\"ListItem\",\"position\":1,\"name\":\"Inicio\",\"item\":\"https:\\\/\\\/quehacerpolitico.mx\\\/\"},{\"@type\":\"ListItem\",\"position\":2,\"name\":\"Detienen en Iztacalco a presunto miembro del grupo delictivo &#8216;Los Tanzanios&#8217;\"}]},{\"@type\":\"WebSite\",\"@id\":\"https:\\\/\\\/quehacerpolitico.mx\\\/#website\",\"url\":\"https:\\\/\\\/quehacerpolitico.mx\\\/\",\"name\":\"\",\"description\":\"\",\"potentialAction\":[{\"@type\":\"SearchAction\",\"target\":{\"@type\":\"EntryPoint\",\"urlTemplate\":\"https:\\\/\\\/quehacerpolitico.mx\\\/?s={search_term_string}\"},\"query-input\":{\"@type\":\"PropertyValueSpecification\",\"valueRequired\":true,\"valueName\":\"search_term_string\"}}],\"inLanguage\":\"es\"},{\"@type\":\"Person\",\"@id\":\"https:\\\/\\\/quehacerpolitico.mx\\\/#\\\/schema\\\/person\\\/496d8ad2d1d3f8036101dca7ee39e585\",\"name\":\"Redacci\u00f3n QP\",\"image\":{\"@type\":\"ImageObject\",\"inLanguage\":\"es\",\"@id\":\"https:\\\/\\\/secure.gravatar.com\\\/avatar\\\/c7164ed6fdec453195284ad24a5ae5b6e1eed2b848477fa2a4787ba9adf39a41?s=96&d=mm&r=g\",\"url\":\"https:\\\/\\\/secure.gravatar.com\\\/avatar\\\/c7164ed6fdec453195284ad24a5ae5b6e1eed2b848477fa2a4787ba9adf39a41?s=96&d=mm&r=g\",\"contentUrl\":\"https:\\\/\\\/secure.gravatar.com\\\/avatar\\\/c7164ed6fdec453195284ad24a5ae5b6e1eed2b848477fa2a4787ba9adf39a41?s=96&d=mm&r=g\",\"caption\":\"Redacci\u00f3n QP\"},\"url\":\"https:\\\/\\\/quehacerpolitico.mx\\\/?author=2\"}]}<\/script>\n<!-- \/ Yoast SEO plugin. -->","yoast_head_json":{"title":"Detienen en Iztacalco a presunto miembro del grupo delictivo 'Los Tanzanios' -","robots":{"index":"index","follow":"follow","max-snippet":"max-snippet:-1","max-image-preview":"max-image-preview:large","max-video-preview":"max-video-preview:-1"},"canonical":"https:\/\/quehacerpolitico.mx\/?p=85481","og_locale":"es_MX","og_type":"article","og_title":"Detienen en Iztacalco a presunto miembro del grupo delictivo 'Los Tanzanios' -","og_description":"Por Redacci\u00f3n QP Durante la detenci\u00f3n se le aseguraron al sospechoso una cangurera, una navaja...","og_url":"https:\/\/quehacerpolitico.mx\/?p=85481","article_published_time":"2021-10-07T02:44:13+00:00","article_modified_time":"2021-10-07T02:44:15+00:00","og_image":[{"width":696,"height":495,"url":"https:\/\/quehacerpolitico.mx\/wp-content\/uploads\/2021\/10\/47D0B2D7-A601-4867-846C-1715C2EA6D19.jpeg","type":"image\/jpeg"}],"author":"Redacci\u00f3n QP","twitter_card":"summary_large_image","twitter_misc":{"Escrito por":"Redacci\u00f3n QP","Tiempo de lectura":"2 minutos"},"schema":{"@context":"https:\/\/schema.org","@graph":[{"@type":"Article","@id":"https:\/\/quehacerpolitico.mx\/?p=85481#article","isPartOf":{"@id":"https:\/\/quehacerpolitico.mx\/?p=85481"},"author":{"name":"Redacci\u00f3n QP","@id":"https:\/\/quehacerpolitico.mx\/#\/schema\/person\/496d8ad2d1d3f8036101dca7ee39e585"},"headline":"Detienen en Iztacalco a presunto miembro del grupo delictivo &#8216;Los Tanzanios&#8217;","datePublished":"2021-10-07T02:44:13+00:00","dateModified":"2021-10-07T02:44:15+00:00","mainEntityOfPage":{"@id":"https:\/\/quehacerpolitico.mx\/?p=85481"},"wordCount":334,"commentCount":0,"image":{"@id":"https:\/\/quehacerpolitico.mx\/?p=85481#primaryimage"},"thumbnailUrl":"https:\/\/quehacerpolitico.mx\/wp-content\/uploads\/2021\/10\/47D0B2D7-A601-4867-846C-1715C2EA6D19.jpeg","articleSection":["CDMX"],"inLanguage":"es","potentialAction":[{"@type":"CommentAction","name":"Comment","target":["https:\/\/quehacerpolitico.mx\/?p=85481#respond"]}]},{"@type":"WebPage","@id":"https:\/\/quehacerpolitico.mx\/?p=85481","url":"https:\/\/quehacerpolitico.mx\/?p=85481","name":"Detienen en Iztacalco a presunto miembro del grupo delictivo 'Los Tanzanios' -","isPartOf":{"@id":"https:\/\/quehacerpolitico.mx\/#website"},"primaryImageOfPage":{"@id":"https:\/\/quehacerpolitico.mx\/?p=85481#primaryimage"},"image":{"@id":"https:\/\/quehacerpolitico.mx\/?p=85481#primaryimage"},"thumbnailUrl":"https:\/\/quehacerpolitico.mx\/wp-content\/uploads\/2021\/10\/47D0B2D7-A601-4867-846C-1715C2EA6D19.jpeg","datePublished":"2021-10-07T02:44:13+00:00","dateModified":"2021-10-07T02:44:15+00:00","author":{"@id":"https:\/\/quehacerpolitico.mx\/#\/schema\/person\/496d8ad2d1d3f8036101dca7ee39e585"},"breadcrumb":{"@id":"https:\/\/quehacerpolitico.mx\/?p=85481#breadcrumb"},"inLanguage":"es","potentialAction":[{"@type":"ReadAction","target":["https:\/\/quehacerpolitico.mx\/?p=85481"]}]},{"@type":"ImageObject","inLanguage":"es","@id":"https:\/\/quehacerpolitico.mx\/?p=85481#primaryimage","url":"https:\/\/quehacerpolitico.mx\/wp-content\/uploads\/2021\/10\/47D0B2D7-A601-4867-846C-1715C2EA6D19.jpeg","contentUrl":"https:\/\/quehacerpolitico.mx\/wp-content\/uploads\/2021\/10\/47D0B2D7-A601-4867-846C-1715C2EA6D19.jpeg","width":696,"height":495},{"@type":"BreadcrumbList","@id":"https:\/\/quehacerpolitico.mx\/?p=85481#breadcrumb","itemListElement":[{"@type":"ListItem","position":1,"name":"Inicio","item":"https:\/\/quehacerpolitico.mx\/"},{"@type":"ListItem","position":2,"name":"Detienen en Iztacalco a presunto miembro del grupo delictivo &#8216;Los Tanzanios&#8217;"}]},{"@type":"WebSite","@id":"https:\/\/quehacerpolitico.mx\/#website","url":"https:\/\/quehacerpolitico.mx\/","name":"","description":"","potentialAction":[{"@type":"SearchAction","target":{"@type":"EntryPoint","urlTemplate":"https:\/\/quehacerpolitico.mx\/?s={search_term_string}"},"query-input":{"@type":"PropertyValueSpecification","valueRequired":true,"valueName":"search_term_string"}}],"inLanguage":"es"},{"@type":"Person","@id":"https:\/\/quehacerpolitico.mx\/#\/schema\/person\/496d8ad2d1d3f8036101dca7ee39e585","name":"Redacci\u00f3n QP","image":{"@type":"ImageObject","inLanguage":"es","@id":"https:\/\/secure.gravatar.com\/avatar\/c7164ed6fdec453195284ad24a5ae5b6e1eed2b848477fa2a4787ba9adf39a41?s=96&d=mm&r=g","url":"https:\/\/secure.gravatar.com\/avatar\/c7164ed6fdec453195284ad24a5ae5b6e1eed2b848477fa2a4787ba9adf39a41?s=96&d=mm&r=g","contentUrl":"https:\/\/secure.gravatar.com\/avatar\/c7164ed6fdec453195284ad24a5ae5b6e1eed2b848477fa2a4787ba9adf39a41?s=96&d=mm&r=g","caption":"Redacci\u00f3n QP"},"url":"https:\/\/quehacerpolitico.mx\/?author=2"}]}},"featured_image_urls":{"full":["https:\/\/quehacerpolitico.mx\/wp-content\/uploads\/2021\/10\/47D0B2D7-A601-4867-846C-1715C2EA6D19.jpeg",696,495,false],"thumbnail":["https:\/\/quehacerpolitico.mx\/wp-content\/uploads\/2021\/10\/47D0B2D7-A601-4867-846C-1715C2EA6D19-150x150.jpeg",150,150,true],"medium":["https:\/\/quehacerpolitico.mx\/wp-content\/uploads\/2021\/10\/47D0B2D7-A601-4867-846C-1715C2EA6D19-300x213.jpeg",300,213,true],"medium_large":["https:\/\/quehacerpolitico.mx\/wp-content\/uploads\/2021\/10\/47D0B2D7-A601-4867-846C-1715C2EA6D19.jpeg",640,455,false],"large":["https:\/\/quehacerpolitico.mx\/wp-content\/uploads\/2021\/10\/47D0B2D7-A601-4867-846C-1715C2EA6D19.jpeg",640,455,false],"1536x1536":["https:\/\/quehacerpolitico.mx\/wp-content\/uploads\/2021\/10\/47D0B2D7-A601-4867-846C-1715C2EA6D19.jpeg",696,495,false],"2048x2048":["https:\/\/quehacerpolitico.mx\/wp-content\/uploads\/2021\/10\/47D0B2D7-A601-4867-846C-1715C2EA6D19.jpeg",696,495,false],"covernews-featured":["https:\/\/quehacerpolitico.mx\/wp-content\/uploads\/2021\/10\/47D0B2D7-A601-4867-846C-1715C2EA6D19.jpeg",696,495,false],"covernews-medium":["https:\/\/quehacerpolitico.mx\/wp-content\/uploads\/2021\/10\/47D0B2D7-A601-4867-846C-1715C2EA6D19.jpeg",478,340,false]},"author_info":{"display_name":"Redacci\u00f3n QP","author_link":"https:\/\/quehacerpolitico.mx\/?author=2"},"category_info":"<a href=\"https:\/\/quehacerpolitico.mx\/?cat=55\" rel=\"category\">CDMX<\/a>","tag_info":"CDMX","comment_count":"0","_links":{"self":[{"href":"https:\/\/quehacerpolitico.mx\/index.php?rest_route=\/wp\/v2\/posts\/85481","targetHints":{"allow":["GET"]}}],"collection":[{"href":"https:\/\/quehacerpolitico.mx\/index.php?rest_route=\/wp\/v2\/posts"}],"about":[{"href":"https:\/\/quehacerpolitico.mx\/index.php?rest_route=\/wp\/v2\/types\/post"}],"author":[{"embeddable":true,"href":"https:\/\/quehacerpolitico.mx\/index.php?rest_route=\/wp\/v2\/users\/2"}],"replies":[{"embeddable":true,"href":"https:\/\/quehacerpolitico.mx\/index.php?rest_route=%2Fwp%2Fv2%2Fcomments&post=85481"}],"version-history":[{"count":1,"href":"https:\/\/quehacerpolitico.mx\/index.php?rest_route=\/wp\/v2\/posts\/85481\/revisions"}],"predecessor-version":[{"id":85483,"href":"https:\/\/quehacerpolitico.mx\/index.php?rest_route=\/wp\/v2\/posts\/85481\/revisions\/85483"}],"wp:featuredmedia":[{"embeddable":true,"href":"https:\/\/quehacerpolitico.mx\/index.php?rest_route=\/wp\/v2\/media\/85482"}],"wp:attachment":[{"href":"https:\/\/quehacerpolitico.mx\/index.php?rest_route=%2Fwp%2Fv2%2Fmedia&parent=85481"}],"wp:term":[{"taxonomy":"category","embeddable":true,"href":"https:\/\/quehacerpolitico.mx\/index.php?rest_route=%2Fwp%2Fv2%2Fcategories&post=85481"},{"taxonomy":"post_tag","embeddable":true,"href":"https:\/\/quehacerpolitico.mx\/index.php?rest_route=%2Fwp%2Fv2%2Ftags&post=85481"}],"curies":[{"name":"wp","href":"https:\/\/api.w.org\/{rel}","templated":true}]}}