{"id":8548,"date":"2018-11-05T15:45:03","date_gmt":"2018-11-05T15:45:03","guid":{"rendered":"http:\/\/quehacerpolitico.mx\/internacionales-carolina-alonso-romei-la-era-trump-podria-frenarse-este-martes-o-respirarnos-la-nuca-al-menos-dos-anos-mas\/"},"modified":"2018-11-05T15:45:03","modified_gmt":"2018-11-05T15:45:03","slug":"internacionales-carolina-alonso-romei-la-era-trump-podria-frenarse-este-martes-o-respirarnos-la-nuca-al-menos-dos-anos-mas","status":"publish","type":"post","link":"https:\/\/quehacerpolitico.mx\/?p=8548","title":{"rendered":"Internacionales\/\/\/Carolina Alonso Romei\/\/\/La \u201cera Trump\u201d podr\u00eda frenarse este martes, o respirarnos la nuca al menos dos a\u00f1os m\u00e1s"},"content":{"rendered":"<h1>La \u201cera Trump\u201d podr\u00eda frenarse este martes, o respirarnos la nuca al menos dos a\u00f1os m\u00e1s<\/h1>\n<p>Por Carolina Alonso Romei<\/p>\n<p>Internacionalista<\/p>\n<p>Dejando de lado su habitual renuencia a hablar en p\u00fablico, el ex Presidente Barack <strong>Obama<\/strong> expresa el domingo \u2013en sus alegatos finales a favor de los candidatos dem\u00f3cratas\u2013 la necesidad de aplicar un fuerte control a las pol\u00edticas del Presidente Donald <strong>Trump<\/strong> en las <strong>elecciones<\/strong> de mitad de per\u00edodo, que se celebrar\u00e1n el martes.<\/p>\n<p>Obama y Trump presentaban sus visiones contrastantes en la pugna por el <strong>control del Congreso<\/strong> y las gobernaciones.<\/p>\n<p>Obama viajaba a Gary, Indiana, para apoyar al Senador Joe Donnelly quien enfrenta un fuerte desaf\u00edo por parte del empresario Mike Braun. M\u00e1s tarde regresaba a Chicago para hacer campa\u00f1a por el empresario J.B. Pritzker, candidato dem\u00f3crata a gobernador de Illinois.<\/p>\n<div id=\"attachment_3493523\" class=\"wp-caption alignnone\"><img loading=\"lazy\" decoding=\"async\" class=\"size-full wp-image-3493523\" src=\"https:\/\/www.sinembargo.mx\/wp-content\/uploads\/2018\/11\/obama.jpg\" sizes=\"auto, (max-width: 700px) 100vw, 700px\" srcset=\"https:\/\/www.sinembargo.mx\/wp-content\/uploads\/2018\/11\/obama.jpg 700w, https:\/\/www.sinembargo.mx\/wp-content\/uploads\/2018\/11\/obama-208x300.jpg 208w\" alt=\"\" width=\"700\" height=\"1010\" \/><\/p>\n<p class=\"wp-caption-text\">El ex Presidente Barack Obama, derecha, y el candidato a legislador dem\u00f3crata Joe Donnelly saludan a la multitud en un acto en Gary, Indiana, 4 de noviembre de 2018. Foto: AP<\/p>\n<\/div>\n<p>Despu\u00e9s de abstenerse durante meses de enfrentar abiertamente a Trump, quien intenta desmantelar todo lo realizado por \u00e9l, Obama ha saltado a la palestra en los \u00faltimos meses, acusando al Presidente -aunque sin nombrarlo- de mentir y \u201cexplotar el miedo\u201d y advirtiendo a los dem\u00f3cratas que no se dejen distraer.<\/p>\n<p>Trump ha contraatacado, acusando a Obama de dejar un rastro de promesas incumplidas en materia de comercio, recuperaci\u00f3n econ\u00f3mica y salud.<\/p>\n<p>Las elecciones de mitad de mandato presidencial podr\u00edan tener consecuencias dr\u00e1sticas para el resto de la presidencia de Trump. Los republicanos corren peligro de perder la mayor\u00eda en la C\u00e1mara de Representantes.<\/p>\n<p>Trump hace campa\u00f1a en Macon, Georgia, por el candidato a gobernador Brian Kemp y en Chattanooga, Tennessee, por la candidata al Senado Marsha Blackburn.<\/p>\n<div id=\"attachment_3493525\" class=\"wp-caption alignnone\"><img loading=\"lazy\" decoding=\"async\" class=\"size-full wp-image-3493525\" src=\"https:\/\/www.sinembargo.mx\/wp-content\/uploads\/2018\/11\/trump-5.jpg\" sizes=\"auto, (max-width: 700px) 100vw, 700px\" srcset=\"https:\/\/www.sinembargo.mx\/wp-content\/uploads\/2018\/11\/trump-5.jpg 700w, https:\/\/www.sinembargo.mx\/wp-content\/uploads\/2018\/11\/trump-5-300x200.jpg 300w\" alt=\"\" width=\"700\" height=\"467\" \/><\/p>\n<p class=\"wp-caption-text\">El Presidente de Estados Unidos, Donald Trump, habla durante un acto de campa\u00f1a en apoyo al candidato republicano al Senado por el estado de Misuri, Josh Hawley el pasado jueves. Foto: EFE<\/p>\n<\/div>\n<p>En el tramo final, el lunes, Trump visitar\u00e1 Ohio, Indiana y Missouri.<\/p>\n<p>Su plan para la jornada electoral del martes es conceder entrevistas desde la Casa Blanca a medios locales para alentar a la gente a votar y luego esperar ah\u00ed los resultados.<\/p>\n<p>Un vistazo a las actividades de la campa\u00f1a del domingo:<\/p>\n<p><strong>INMIGRACI\u00d3N<\/strong><\/p>\n<p>La Casa Blanca rechaz\u00f3 las afirmaciones de que las recientes medidas de Trump para asegurar la frontera sur de Estados Unidos fueron motivadas por las pr\u00f3ximas elecciones.<\/p>\n<p>El secretario de Estado Mike Pompeo dijo en una entrevista con <em>Face the Nation<\/em>, de la cadena <em>CBS<\/em>, que los pasos del presidente no ten\u00edan nada que ver con la pol\u00edtica electoral.<\/p>\n<blockquote>\n<p>\u201cHe estado involucrado en decenas de conversaciones sobre c\u00f3mo detener la inmigraci\u00f3n ilegal desde M\u00e9xico y nunca ha habido una discusi\u00f3n sobre el impacto pol\u00edtico en la pol\u00edtica interna de Estados Unidos\u201d, dijo Pompeo. \u201cSiempre se ha tratado de proteger la seguridad del pueblo estadounidense y nuestra frontera sur.\u201d<\/p>\n<\/blockquote>\n<p>Trump est\u00e1 enviando hasta 15 mil soldados a la frontera para ahuyentar a una caravana de migrantes que se dirige lentamente a trav\u00e9s del sur de M\u00e9xico, a cientos de kil\u00f3metros de la frontera. Trump tambi\u00e9n ha anunciado planes para tratar de poner fin al derecho constitucionalmente protegido de ciudadan\u00eda por nacimiento para todos los ni\u00f1os nacidos en Estados Unidos.<\/p>\n<p><strong>DESAF\u00cdOS EN EL SENADO<\/strong><\/p>\n<p>Los republicanos pronosticaron que mantendr\u00e1n la mayor\u00eda de dos esca\u00f1os en el Senado, a pesar de que el partido de un presidente en su primer mandato suele tener dificultades en las elecciones de mitad de mandato. Los dem\u00f3cratas defienden 10 esca\u00f1os en el Senado en los estados que Trump gan\u00f3 en 2016.<\/p>\n<p>El Senador Thom Tillis, republicano por Carolina del Norte, dijo que los republicanos no s\u00f3lo \u201cretendr\u00edan la mayor\u00eda. Creo que vamos a aumentarla\u201d. La presidenta del Comit\u00e9 Nacional Republicano, Ronna McDaniel, se\u00f1al\u00f3 el reciente reporte de empleos de octubre como evidencia de que los republicanos est\u00e1n cumpliendo.<\/p>\n<blockquote>\n<p>\u201cTenemos un historial de resultados y los dem\u00f3cratas tienen un pasado de resistencia y obstrucci\u00f3n\u201d, dijo, argumentando que los votantes dar\u00e1n la mayor\u00eda a los republicanos.<\/p>\n<\/blockquote>\n<p>El senador Mark Warner, dem\u00f3crata por Virginia, dijo que incluso si los votantes est\u00e1n motivados por una econom\u00eda fuerte, \u201cmucha gente se da cuenta de que necesitamos controlar a este presidente\u201d. El senador Chris Van Hollen, dem\u00f3crata por el estado de Maryland, dijo que el partido todav\u00eda tiene un \u201ccamino muy estrecho\u201d hacia una mayor\u00eda en el Senado a pesar de enfrentarse al mapa pol\u00edtico del Senado m\u00e1s dif\u00edcil en 60 a\u00f1os.<\/p>\n<p>McDaniel y Warner aparecieron en <em>Face the Nation<\/em>, de la cadena <em>CBS<\/em>, Tillis en <em>Fox News Sunday<\/em> y Van Hollen lo hizo tanto en <em>Fox News Sunday <\/em>como en <em>This Week<\/em>, de la cadena <em>ABC<\/em>.<\/p>\n<p>Con Informaci\u00f3n de AP<\/p>\n","protected":false},"excerpt":{"rendered":"<p>La \u201cera Trump\u201d podr\u00eda frenarse este martes, o respirarnos la nuca al menos dos a\u00f1os m\u00e1s<br \/>\nPor Carolina Alonso Romei<br \/>\nInternacionalista<\/p>\n","protected":false},"author":2,"featured_media":8547,"comment_status":"open","ping_status":"open","sticky":false,"template":"","format":"standard","meta":{"_monsterinsights_skip_tracking":false,"_monsterinsights_sitenote_active":false,"_monsterinsights_sitenote_note":"","_monsterinsights_sitenote_category":0,"footnotes":""},"categories":[1],"tags":[],"class_list":["post-8548","post","type-post","status-publish","format-standard","has-post-thumbnail","hentry","category-sin-categoria"],"yoast_head":"<!-- This site is optimized with the Yoast SEO plugin v27.3 - https:\/\/yoast.com\/product\/yoast-seo-wordpress\/ -->\n<title>Internacionales\/\/\/Carolina Alonso Romei\/\/\/La \u201cera Trump\u201d podr\u00eda frenarse este martes, o respirarnos la nuca al menos dos a\u00f1os m\u00e1s -<\/title>\n<meta name=\"robots\" content=\"index, follow, max-snippet:-1, max-image-preview:large, max-video-preview:-1\" \/>\n<link rel=\"canonical\" href=\"https:\/\/quehacerpolitico.mx\/?p=8548\" \/>\n<meta property=\"og:locale\" content=\"es_MX\" \/>\n<meta property=\"og:type\" content=\"article\" \/>\n<meta property=\"og:title\" content=\"Internacionales\/\/\/Carolina Alonso Romei\/\/\/La \u201cera Trump\u201d podr\u00eda frenarse este martes, o respirarnos la nuca al menos dos a\u00f1os m\u00e1s -\" \/>\n<meta property=\"og:description\" content=\"La \u201cera Trump\u201d podr\u00eda frenarse este martes, o respirarnos la nuca al menos dos a\u00f1os m\u00e1s Por Carolina Alonso Romei Internacionalista\" \/>\n<meta property=\"og:url\" content=\"https:\/\/quehacerpolitico.mx\/?p=8548\" \/>\n<meta property=\"article:published_time\" content=\"2018-11-05T15:45:03+00:00\" \/>\n<meta name=\"author\" content=\"Redacci\u00f3n QP\" \/>\n<meta name=\"twitter:card\" content=\"summary_large_image\" \/>\n<meta name=\"twitter:label1\" content=\"Escrito por\" \/>\n\t<meta name=\"twitter:data1\" content=\"Redacci\u00f3n QP\" \/>\n\t<meta name=\"twitter:label2\" content=\"Tiempo de lectura\" \/>\n\t<meta name=\"twitter:data2\" content=\"4 minutos\" \/>\n<script type=\"application\/ld+json\" class=\"yoast-schema-graph\">{\"@context\":\"https:\\\/\\\/schema.org\",\"@graph\":[{\"@type\":\"Article\",\"@id\":\"https:\\\/\\\/quehacerpolitico.mx\\\/?p=8548#article\",\"isPartOf\":{\"@id\":\"https:\\\/\\\/quehacerpolitico.mx\\\/?p=8548\"},\"author\":{\"name\":\"Redacci\u00f3n QP\",\"@id\":\"https:\\\/\\\/quehacerpolitico.mx\\\/#\\\/schema\\\/person\\\/496d8ad2d1d3f8036101dca7ee39e585\"},\"headline\":\"Internacionales\\\/\\\/\\\/Carolina Alonso Romei\\\/\\\/\\\/La \u201cera Trump\u201d podr\u00eda frenarse este martes, o respirarnos la nuca al menos dos a\u00f1os m\u00e1s\",\"datePublished\":\"2018-11-05T15:45:03+00:00\",\"mainEntityOfPage\":{\"@id\":\"https:\\\/\\\/quehacerpolitico.mx\\\/?p=8548\"},\"wordCount\":870,\"commentCount\":0,\"image\":{\"@id\":\"https:\\\/\\\/quehacerpolitico.mx\\\/?p=8548#primaryimage\"},\"thumbnailUrl\":\"\",\"articleSection\":[\"Internacionales\"],\"inLanguage\":\"es\",\"potentialAction\":[{\"@type\":\"CommentAction\",\"name\":\"Comment\",\"target\":[\"https:\\\/\\\/quehacerpolitico.mx\\\/?p=8548#respond\"]}]},{\"@type\":\"WebPage\",\"@id\":\"https:\\\/\\\/quehacerpolitico.mx\\\/?p=8548\",\"url\":\"https:\\\/\\\/quehacerpolitico.mx\\\/?p=8548\",\"name\":\"Internacionales\\\/\\\/\\\/Carolina Alonso Romei\\\/\\\/\\\/La \u201cera Trump\u201d podr\u00eda frenarse este martes, o respirarnos la nuca al menos dos a\u00f1os m\u00e1s -\",\"isPartOf\":{\"@id\":\"https:\\\/\\\/quehacerpolitico.mx\\\/#website\"},\"primaryImageOfPage\":{\"@id\":\"https:\\\/\\\/quehacerpolitico.mx\\\/?p=8548#primaryimage\"},\"image\":{\"@id\":\"https:\\\/\\\/quehacerpolitico.mx\\\/?p=8548#primaryimage\"},\"thumbnailUrl\":\"\",\"datePublished\":\"2018-11-05T15:45:03+00:00\",\"author\":{\"@id\":\"https:\\\/\\\/quehacerpolitico.mx\\\/#\\\/schema\\\/person\\\/496d8ad2d1d3f8036101dca7ee39e585\"},\"breadcrumb\":{\"@id\":\"https:\\\/\\\/quehacerpolitico.mx\\\/?p=8548#breadcrumb\"},\"inLanguage\":\"es\",\"potentialAction\":[{\"@type\":\"ReadAction\",\"target\":[\"https:\\\/\\\/quehacerpolitico.mx\\\/?p=8548\"]}]},{\"@type\":\"ImageObject\",\"inLanguage\":\"es\",\"@id\":\"https:\\\/\\\/quehacerpolitico.mx\\\/?p=8548#primaryimage\",\"url\":\"\",\"contentUrl\":\"\"},{\"@type\":\"BreadcrumbList\",\"@id\":\"https:\\\/\\\/quehacerpolitico.mx\\\/?p=8548#breadcrumb\",\"itemListElement\":[{\"@type\":\"ListItem\",\"position\":1,\"name\":\"Inicio\",\"item\":\"https:\\\/\\\/quehacerpolitico.mx\\\/\"},{\"@type\":\"ListItem\",\"position\":2,\"name\":\"Internacionales\\\/\\\/\\\/Carolina Alonso Romei\\\/\\\/\\\/La \u201cera Trump\u201d podr\u00eda frenarse este martes, o respirarnos la nuca al menos dos a\u00f1os m\u00e1s\"}]},{\"@type\":\"WebSite\",\"@id\":\"https:\\\/\\\/quehacerpolitico.mx\\\/#website\",\"url\":\"https:\\\/\\\/quehacerpolitico.mx\\\/\",\"name\":\"\",\"description\":\"\",\"potentialAction\":[{\"@type\":\"SearchAction\",\"target\":{\"@type\":\"EntryPoint\",\"urlTemplate\":\"https:\\\/\\\/quehacerpolitico.mx\\\/?s={search_term_string}\"},\"query-input\":{\"@type\":\"PropertyValueSpecification\",\"valueRequired\":true,\"valueName\":\"search_term_string\"}}],\"inLanguage\":\"es\"},{\"@type\":\"Person\",\"@id\":\"https:\\\/\\\/quehacerpolitico.mx\\\/#\\\/schema\\\/person\\\/496d8ad2d1d3f8036101dca7ee39e585\",\"name\":\"Redacci\u00f3n QP\",\"image\":{\"@type\":\"ImageObject\",\"inLanguage\":\"es\",\"@id\":\"https:\\\/\\\/secure.gravatar.com\\\/avatar\\\/c7164ed6fdec453195284ad24a5ae5b6e1eed2b848477fa2a4787ba9adf39a41?s=96&d=mm&r=g\",\"url\":\"https:\\\/\\\/secure.gravatar.com\\\/avatar\\\/c7164ed6fdec453195284ad24a5ae5b6e1eed2b848477fa2a4787ba9adf39a41?s=96&d=mm&r=g\",\"contentUrl\":\"https:\\\/\\\/secure.gravatar.com\\\/avatar\\\/c7164ed6fdec453195284ad24a5ae5b6e1eed2b848477fa2a4787ba9adf39a41?s=96&d=mm&r=g\",\"caption\":\"Redacci\u00f3n QP\"},\"url\":\"https:\\\/\\\/quehacerpolitico.mx\\\/?author=2\"}]}<\/script>\n<!-- \/ Yoast SEO plugin. -->","yoast_head_json":{"title":"Internacionales\/\/\/Carolina Alonso Romei\/\/\/La \u201cera Trump\u201d podr\u00eda frenarse este martes, o respirarnos la nuca al menos dos a\u00f1os m\u00e1s -","robots":{"index":"index","follow":"follow","max-snippet":"max-snippet:-1","max-image-preview":"max-image-preview:large","max-video-preview":"max-video-preview:-1"},"canonical":"https:\/\/quehacerpolitico.mx\/?p=8548","og_locale":"es_MX","og_type":"article","og_title":"Internacionales\/\/\/Carolina Alonso Romei\/\/\/La \u201cera Trump\u201d podr\u00eda frenarse este martes, o respirarnos la nuca al menos dos a\u00f1os m\u00e1s -","og_description":"La \u201cera Trump\u201d podr\u00eda frenarse este martes, o respirarnos la nuca al menos dos a\u00f1os m\u00e1s Por Carolina Alonso Romei Internacionalista","og_url":"https:\/\/quehacerpolitico.mx\/?p=8548","article_published_time":"2018-11-05T15:45:03+00:00","author":"Redacci\u00f3n QP","twitter_card":"summary_large_image","twitter_misc":{"Escrito por":"Redacci\u00f3n QP","Tiempo de lectura":"4 minutos"},"schema":{"@context":"https:\/\/schema.org","@graph":[{"@type":"Article","@id":"https:\/\/quehacerpolitico.mx\/?p=8548#article","isPartOf":{"@id":"https:\/\/quehacerpolitico.mx\/?p=8548"},"author":{"name":"Redacci\u00f3n QP","@id":"https:\/\/quehacerpolitico.mx\/#\/schema\/person\/496d8ad2d1d3f8036101dca7ee39e585"},"headline":"Internacionales\/\/\/Carolina Alonso Romei\/\/\/La \u201cera Trump\u201d podr\u00eda frenarse este martes, o respirarnos la nuca al menos dos a\u00f1os m\u00e1s","datePublished":"2018-11-05T15:45:03+00:00","mainEntityOfPage":{"@id":"https:\/\/quehacerpolitico.mx\/?p=8548"},"wordCount":870,"commentCount":0,"image":{"@id":"https:\/\/quehacerpolitico.mx\/?p=8548#primaryimage"},"thumbnailUrl":"","articleSection":["Internacionales"],"inLanguage":"es","potentialAction":[{"@type":"CommentAction","name":"Comment","target":["https:\/\/quehacerpolitico.mx\/?p=8548#respond"]}]},{"@type":"WebPage","@id":"https:\/\/quehacerpolitico.mx\/?p=8548","url":"https:\/\/quehacerpolitico.mx\/?p=8548","name":"Internacionales\/\/\/Carolina Alonso Romei\/\/\/La \u201cera Trump\u201d podr\u00eda frenarse este martes, o respirarnos la nuca al menos dos a\u00f1os m\u00e1s -","isPartOf":{"@id":"https:\/\/quehacerpolitico.mx\/#website"},"primaryImageOfPage":{"@id":"https:\/\/quehacerpolitico.mx\/?p=8548#primaryimage"},"image":{"@id":"https:\/\/quehacerpolitico.mx\/?p=8548#primaryimage"},"thumbnailUrl":"","datePublished":"2018-11-05T15:45:03+00:00","author":{"@id":"https:\/\/quehacerpolitico.mx\/#\/schema\/person\/496d8ad2d1d3f8036101dca7ee39e585"},"breadcrumb":{"@id":"https:\/\/quehacerpolitico.mx\/?p=8548#breadcrumb"},"inLanguage":"es","potentialAction":[{"@type":"ReadAction","target":["https:\/\/quehacerpolitico.mx\/?p=8548"]}]},{"@type":"ImageObject","inLanguage":"es","@id":"https:\/\/quehacerpolitico.mx\/?p=8548#primaryimage","url":"","contentUrl":""},{"@type":"BreadcrumbList","@id":"https:\/\/quehacerpolitico.mx\/?p=8548#breadcrumb","itemListElement":[{"@type":"ListItem","position":1,"name":"Inicio","item":"https:\/\/quehacerpolitico.mx\/"},{"@type":"ListItem","position":2,"name":"Internacionales\/\/\/Carolina Alonso Romei\/\/\/La \u201cera Trump\u201d podr\u00eda frenarse este martes, o respirarnos la nuca al menos dos a\u00f1os m\u00e1s"}]},{"@type":"WebSite","@id":"https:\/\/quehacerpolitico.mx\/#website","url":"https:\/\/quehacerpolitico.mx\/","name":"","description":"","potentialAction":[{"@type":"SearchAction","target":{"@type":"EntryPoint","urlTemplate":"https:\/\/quehacerpolitico.mx\/?s={search_term_string}"},"query-input":{"@type":"PropertyValueSpecification","valueRequired":true,"valueName":"search_term_string"}}],"inLanguage":"es"},{"@type":"Person","@id":"https:\/\/quehacerpolitico.mx\/#\/schema\/person\/496d8ad2d1d3f8036101dca7ee39e585","name":"Redacci\u00f3n QP","image":{"@type":"ImageObject","inLanguage":"es","@id":"https:\/\/secure.gravatar.com\/avatar\/c7164ed6fdec453195284ad24a5ae5b6e1eed2b848477fa2a4787ba9adf39a41?s=96&d=mm&r=g","url":"https:\/\/secure.gravatar.com\/avatar\/c7164ed6fdec453195284ad24a5ae5b6e1eed2b848477fa2a4787ba9adf39a41?s=96&d=mm&r=g","contentUrl":"https:\/\/secure.gravatar.com\/avatar\/c7164ed6fdec453195284ad24a5ae5b6e1eed2b848477fa2a4787ba9adf39a41?s=96&d=mm&r=g","caption":"Redacci\u00f3n QP"},"url":"https:\/\/quehacerpolitico.mx\/?author=2"}]}},"featured_image_urls":{"full":"","thumbnail":"","medium":"","medium_large":"","large":"","1536x1536":"","2048x2048":"","covernews-featured":"","covernews-medium":""},"author_info":{"display_name":"Redacci\u00f3n QP","author_link":"https:\/\/quehacerpolitico.mx\/?author=2"},"category_info":"<a href=\"https:\/\/quehacerpolitico.mx\/?cat=1\" rel=\"category\">Internacionales<\/a>","tag_info":"Internacionales","comment_count":"0","_links":{"self":[{"href":"https:\/\/quehacerpolitico.mx\/index.php?rest_route=\/wp\/v2\/posts\/8548","targetHints":{"allow":["GET"]}}],"collection":[{"href":"https:\/\/quehacerpolitico.mx\/index.php?rest_route=\/wp\/v2\/posts"}],"about":[{"href":"https:\/\/quehacerpolitico.mx\/index.php?rest_route=\/wp\/v2\/types\/post"}],"author":[{"embeddable":true,"href":"https:\/\/quehacerpolitico.mx\/index.php?rest_route=\/wp\/v2\/users\/2"}],"replies":[{"embeddable":true,"href":"https:\/\/quehacerpolitico.mx\/index.php?rest_route=%2Fwp%2Fv2%2Fcomments&post=8548"}],"version-history":[{"count":0,"href":"https:\/\/quehacerpolitico.mx\/index.php?rest_route=\/wp\/v2\/posts\/8548\/revisions"}],"wp:featuredmedia":[{"embeddable":true,"href":"https:\/\/quehacerpolitico.mx\/index.php?rest_route=\/"}],"wp:attachment":[{"href":"https:\/\/quehacerpolitico.mx\/index.php?rest_route=%2Fwp%2Fv2%2Fmedia&parent=8548"}],"wp:term":[{"taxonomy":"category","embeddable":true,"href":"https:\/\/quehacerpolitico.mx\/index.php?rest_route=%2Fwp%2Fv2%2Fcategories&post=8548"},{"taxonomy":"post_tag","embeddable":true,"href":"https:\/\/quehacerpolitico.mx\/index.php?rest_route=%2Fwp%2Fv2%2Ftags&post=8548"}],"curies":[{"name":"wp","href":"https:\/\/api.w.org\/{rel}","templated":true}]}}