{"id":85475,"date":"2021-10-06T20:08:44","date_gmt":"2021-10-06T20:08:44","guid":{"rendered":"https:\/\/quehacerpolitico.mx\/?p=85475"},"modified":"2021-10-06T20:08:46","modified_gmt":"2021-10-06T20:08:46","slug":"aqui-todo-sigue-igual-en-tecate-pal-norte-regresan-los-cadetes-de-linares-al-pilos-bar","status":"publish","type":"post","link":"https:\/\/quehacerpolitico.mx\/?p=85475","title":{"rendered":"\u2018Aqu\u00ed todo sigue igual\u2019 en Tecate Pal Norte; regresan Los Cadetes de Linares al Pilo\u2019s Bar"},"content":{"rendered":"\n<p>Por Redacci\u00f3n QP<\/p>\n\n\n\n<p>Sin duda, \u00e9xitos como \u201cMas fuerte que Hercules\u201d, \u201cMi Cucu\u201d y \u201cEl Palomito\u201d pondr\u00e1n a bailar a los asistentes en noviembre.<\/p>\n\n\n\n<p>Despu\u00e9s de casi dos a\u00f1os de espera, el famoso escenario de m\u00fasica banda&nbsp;<strong>&#8216;Pilos Bar&#8217;<\/strong>&nbsp;regresa a&nbsp;<strong>Monterrey<\/strong>&nbsp;el pr\u00f3ximo 12 y 13 de noviembre, encabezado por&nbsp;<strong>La Leyenda<\/strong>&nbsp;y&nbsp;<strong>Los Cadetes de Linares.<\/strong><\/p>\n\n\n\n<p>El evento contar\u00e1 con todas las medidas impuestas por la&nbsp;<strong>Secretar\u00eda de Salud<\/strong>, realiz\u00e1ndose dentro de las instalaciones del&nbsp;<strong>Parque Fundidora<\/strong>&nbsp;que ampliar\u00e1 su territorio a un total de&nbsp;<strong>cuarenta hect\u00e1reas<\/strong>&nbsp;ofreciendo m\u00e1s comodidad y distanciamiento al aire libre para todos los asistentes.<\/p>\n\n\n\n<p>El lineup fue bien recibido por el p\u00fablico regiomontano, d\u00f3nde una vez m\u00e1s el festival demostr\u00f3 ser &#8220;lo m\u00e1s representativo de la cultura, orgullo y tradiciones de Nuevo Le\u00f3n y el norte de M\u00e9xico&#8221;.<\/p>\n\n\n\n<figure class=\"wp-block-embed is-type-rich is-provider-twitter wp-block-embed-twitter\"><div class=\"wp-block-embed__wrapper\">\n<blockquote class=\"twitter-tweet\" data-width=\"550\" data-dnt=\"true\"><p lang=\"es\" dir=\"ltr\">Lineup oficial del Hot Nuts Pilo&#39;s Bar.<br><br>La cantina m\u00e1s tradicional de Monterrey dentro de <a href=\"https:\/\/twitter.com\/hashtag\/TecatePalNorte?src=hash&amp;ref_src=twsrc%5Etfw\">#TecatePalNorte<\/a>. <a href=\"https:\/\/t.co\/XzEMoSyplo\">pic.twitter.com\/XzEMoSyplo<\/a><\/p>&mdash; Tecate Pal Norte (@TecatePalNorte) <a href=\"https:\/\/twitter.com\/TecatePalNorte\/status\/1445161840795955204?ref_src=twsrc%5Etfw\">October 4, 2021<\/a><\/blockquote><script async src=\"https:\/\/platform.twitter.com\/widgets.js\" charset=\"utf-8\"><\/script>\n<\/div><\/figure>\n\n\n\n<p>Sin duda, \u00e9xitos como \u201cMas fuerte que Hercules\u201d, \u201cMi Cucu\u201d y \u201cEl Palomito\u201d pondr\u00e1n a bailar a los asistentes en noviembre.<\/p>\n","protected":false},"excerpt":{"rendered":"<p>Por Redacci\u00f3n QP Sin duda, \u00e9xitos como \u201cMas fuerte que Hercules\u201d, \u201cMi Cucu\u201d y \u201cEl&#8230;<\/p>\n","protected":false},"author":2,"featured_media":85476,"comment_status":"open","ping_status":"open","sticky":false,"template":"","format":"standard","meta":{"_monsterinsights_skip_tracking":false,"_monsterinsights_sitenote_active":false,"_monsterinsights_sitenote_note":"","_monsterinsights_sitenote_category":0,"footnotes":""},"categories":[58],"tags":[],"class_list":["post-85475","post","type-post","status-publish","format-standard","has-post-thumbnail","hentry","category-cultura"],"yoast_head":"<!-- This site is optimized with the Yoast SEO plugin v27.3 - https:\/\/yoast.com\/product\/yoast-seo-wordpress\/ -->\n<title>\u2018Aqu\u00ed todo sigue igual\u2019 en Tecate Pal Norte; regresan Los Cadetes de Linares al Pilo\u2019s Bar -<\/title>\n<meta name=\"robots\" content=\"index, follow, max-snippet:-1, max-image-preview:large, max-video-preview:-1\" \/>\n<link rel=\"canonical\" href=\"https:\/\/quehacerpolitico.mx\/?p=85475\" \/>\n<meta property=\"og:locale\" content=\"es_MX\" \/>\n<meta property=\"og:type\" content=\"article\" \/>\n<meta property=\"og:title\" content=\"\u2018Aqu\u00ed todo sigue igual\u2019 en Tecate Pal Norte; regresan Los Cadetes de Linares al Pilo\u2019s Bar -\" \/>\n<meta property=\"og:description\" content=\"Por Redacci\u00f3n QP Sin duda, \u00e9xitos como \u201cMas fuerte que Hercules\u201d, \u201cMi Cucu\u201d y \u201cEl...\" \/>\n<meta property=\"og:url\" content=\"https:\/\/quehacerpolitico.mx\/?p=85475\" \/>\n<meta property=\"article:published_time\" content=\"2021-10-06T20:08:44+00:00\" \/>\n<meta property=\"article:modified_time\" content=\"2021-10-06T20:08:46+00:00\" \/>\n<meta property=\"og:image\" content=\"https:\/\/quehacerpolitico.mx\/wp-content\/uploads\/2021\/10\/3278A7FE-7FC9-451E-A7F3-9537DD0A27BA.jpeg\" \/>\n\t<meta property=\"og:image:width\" content=\"696\" \/>\n\t<meta property=\"og:image:height\" content=\"454\" \/>\n\t<meta property=\"og:image:type\" content=\"image\/jpeg\" \/>\n<meta name=\"author\" content=\"Redacci\u00f3n QP\" \/>\n<meta name=\"twitter:card\" content=\"summary_large_image\" \/>\n<meta name=\"twitter:label1\" content=\"Escrito por\" \/>\n\t<meta name=\"twitter:data1\" content=\"Redacci\u00f3n QP\" \/>\n\t<meta name=\"twitter:label2\" content=\"Tiempo de lectura\" \/>\n\t<meta name=\"twitter:data2\" content=\"1 minuto\" \/>\n<script type=\"application\/ld+json\" class=\"yoast-schema-graph\">{\"@context\":\"https:\\\/\\\/schema.org\",\"@graph\":[{\"@type\":\"Article\",\"@id\":\"https:\\\/\\\/quehacerpolitico.mx\\\/?p=85475#article\",\"isPartOf\":{\"@id\":\"https:\\\/\\\/quehacerpolitico.mx\\\/?p=85475\"},\"author\":{\"name\":\"Redacci\u00f3n QP\",\"@id\":\"https:\\\/\\\/quehacerpolitico.mx\\\/#\\\/schema\\\/person\\\/496d8ad2d1d3f8036101dca7ee39e585\"},\"headline\":\"\u2018Aqu\u00ed todo sigue igual\u2019 en Tecate Pal Norte; regresan Los Cadetes de Linares al Pilo\u2019s Bar\",\"datePublished\":\"2021-10-06T20:08:44+00:00\",\"dateModified\":\"2021-10-06T20:08:46+00:00\",\"mainEntityOfPage\":{\"@id\":\"https:\\\/\\\/quehacerpolitico.mx\\\/?p=85475\"},\"wordCount\":206,\"commentCount\":0,\"image\":{\"@id\":\"https:\\\/\\\/quehacerpolitico.mx\\\/?p=85475#primaryimage\"},\"thumbnailUrl\":\"https:\\\/\\\/quehacerpolitico.mx\\\/wp-content\\\/uploads\\\/2021\\\/10\\\/3278A7FE-7FC9-451E-A7F3-9537DD0A27BA.jpeg\",\"articleSection\":[\"Cultura y Entretenimiento\"],\"inLanguage\":\"es\",\"potentialAction\":[{\"@type\":\"CommentAction\",\"name\":\"Comment\",\"target\":[\"https:\\\/\\\/quehacerpolitico.mx\\\/?p=85475#respond\"]}]},{\"@type\":\"WebPage\",\"@id\":\"https:\\\/\\\/quehacerpolitico.mx\\\/?p=85475\",\"url\":\"https:\\\/\\\/quehacerpolitico.mx\\\/?p=85475\",\"name\":\"\u2018Aqu\u00ed todo sigue igual\u2019 en Tecate Pal Norte; regresan Los Cadetes de Linares al Pilo\u2019s Bar -\",\"isPartOf\":{\"@id\":\"https:\\\/\\\/quehacerpolitico.mx\\\/#website\"},\"primaryImageOfPage\":{\"@id\":\"https:\\\/\\\/quehacerpolitico.mx\\\/?p=85475#primaryimage\"},\"image\":{\"@id\":\"https:\\\/\\\/quehacerpolitico.mx\\\/?p=85475#primaryimage\"},\"thumbnailUrl\":\"https:\\\/\\\/quehacerpolitico.mx\\\/wp-content\\\/uploads\\\/2021\\\/10\\\/3278A7FE-7FC9-451E-A7F3-9537DD0A27BA.jpeg\",\"datePublished\":\"2021-10-06T20:08:44+00:00\",\"dateModified\":\"2021-10-06T20:08:46+00:00\",\"author\":{\"@id\":\"https:\\\/\\\/quehacerpolitico.mx\\\/#\\\/schema\\\/person\\\/496d8ad2d1d3f8036101dca7ee39e585\"},\"breadcrumb\":{\"@id\":\"https:\\\/\\\/quehacerpolitico.mx\\\/?p=85475#breadcrumb\"},\"inLanguage\":\"es\",\"potentialAction\":[{\"@type\":\"ReadAction\",\"target\":[\"https:\\\/\\\/quehacerpolitico.mx\\\/?p=85475\"]}]},{\"@type\":\"ImageObject\",\"inLanguage\":\"es\",\"@id\":\"https:\\\/\\\/quehacerpolitico.mx\\\/?p=85475#primaryimage\",\"url\":\"https:\\\/\\\/quehacerpolitico.mx\\\/wp-content\\\/uploads\\\/2021\\\/10\\\/3278A7FE-7FC9-451E-A7F3-9537DD0A27BA.jpeg\",\"contentUrl\":\"https:\\\/\\\/quehacerpolitico.mx\\\/wp-content\\\/uploads\\\/2021\\\/10\\\/3278A7FE-7FC9-451E-A7F3-9537DD0A27BA.jpeg\",\"width\":696,\"height\":454},{\"@type\":\"BreadcrumbList\",\"@id\":\"https:\\\/\\\/quehacerpolitico.mx\\\/?p=85475#breadcrumb\",\"itemListElement\":[{\"@type\":\"ListItem\",\"position\":1,\"name\":\"Inicio\",\"item\":\"https:\\\/\\\/quehacerpolitico.mx\\\/\"},{\"@type\":\"ListItem\",\"position\":2,\"name\":\"\u2018Aqu\u00ed todo sigue igual\u2019 en Tecate Pal Norte; regresan Los Cadetes de Linares al Pilo\u2019s Bar\"}]},{\"@type\":\"WebSite\",\"@id\":\"https:\\\/\\\/quehacerpolitico.mx\\\/#website\",\"url\":\"https:\\\/\\\/quehacerpolitico.mx\\\/\",\"name\":\"\",\"description\":\"\",\"potentialAction\":[{\"@type\":\"SearchAction\",\"target\":{\"@type\":\"EntryPoint\",\"urlTemplate\":\"https:\\\/\\\/quehacerpolitico.mx\\\/?s={search_term_string}\"},\"query-input\":{\"@type\":\"PropertyValueSpecification\",\"valueRequired\":true,\"valueName\":\"search_term_string\"}}],\"inLanguage\":\"es\"},{\"@type\":\"Person\",\"@id\":\"https:\\\/\\\/quehacerpolitico.mx\\\/#\\\/schema\\\/person\\\/496d8ad2d1d3f8036101dca7ee39e585\",\"name\":\"Redacci\u00f3n QP\",\"image\":{\"@type\":\"ImageObject\",\"inLanguage\":\"es\",\"@id\":\"https:\\\/\\\/secure.gravatar.com\\\/avatar\\\/c7164ed6fdec453195284ad24a5ae5b6e1eed2b848477fa2a4787ba9adf39a41?s=96&d=mm&r=g\",\"url\":\"https:\\\/\\\/secure.gravatar.com\\\/avatar\\\/c7164ed6fdec453195284ad24a5ae5b6e1eed2b848477fa2a4787ba9adf39a41?s=96&d=mm&r=g\",\"contentUrl\":\"https:\\\/\\\/secure.gravatar.com\\\/avatar\\\/c7164ed6fdec453195284ad24a5ae5b6e1eed2b848477fa2a4787ba9adf39a41?s=96&d=mm&r=g\",\"caption\":\"Redacci\u00f3n QP\"},\"url\":\"https:\\\/\\\/quehacerpolitico.mx\\\/?author=2\"}]}<\/script>\n<!-- \/ Yoast SEO plugin. -->","yoast_head_json":{"title":"\u2018Aqu\u00ed todo sigue igual\u2019 en Tecate Pal Norte; regresan Los Cadetes de Linares al Pilo\u2019s Bar -","robots":{"index":"index","follow":"follow","max-snippet":"max-snippet:-1","max-image-preview":"max-image-preview:large","max-video-preview":"max-video-preview:-1"},"canonical":"https:\/\/quehacerpolitico.mx\/?p=85475","og_locale":"es_MX","og_type":"article","og_title":"\u2018Aqu\u00ed todo sigue igual\u2019 en Tecate Pal Norte; regresan Los Cadetes de Linares al Pilo\u2019s Bar -","og_description":"Por Redacci\u00f3n QP Sin duda, \u00e9xitos como \u201cMas fuerte que Hercules\u201d, \u201cMi Cucu\u201d y \u201cEl...","og_url":"https:\/\/quehacerpolitico.mx\/?p=85475","article_published_time":"2021-10-06T20:08:44+00:00","article_modified_time":"2021-10-06T20:08:46+00:00","og_image":[{"width":696,"height":454,"url":"https:\/\/quehacerpolitico.mx\/wp-content\/uploads\/2021\/10\/3278A7FE-7FC9-451E-A7F3-9537DD0A27BA.jpeg","type":"image\/jpeg"}],"author":"Redacci\u00f3n QP","twitter_card":"summary_large_image","twitter_misc":{"Escrito por":"Redacci\u00f3n QP","Tiempo de lectura":"1 minuto"},"schema":{"@context":"https:\/\/schema.org","@graph":[{"@type":"Article","@id":"https:\/\/quehacerpolitico.mx\/?p=85475#article","isPartOf":{"@id":"https:\/\/quehacerpolitico.mx\/?p=85475"},"author":{"name":"Redacci\u00f3n QP","@id":"https:\/\/quehacerpolitico.mx\/#\/schema\/person\/496d8ad2d1d3f8036101dca7ee39e585"},"headline":"\u2018Aqu\u00ed todo sigue igual\u2019 en Tecate Pal Norte; regresan Los Cadetes de Linares al Pilo\u2019s Bar","datePublished":"2021-10-06T20:08:44+00:00","dateModified":"2021-10-06T20:08:46+00:00","mainEntityOfPage":{"@id":"https:\/\/quehacerpolitico.mx\/?p=85475"},"wordCount":206,"commentCount":0,"image":{"@id":"https:\/\/quehacerpolitico.mx\/?p=85475#primaryimage"},"thumbnailUrl":"https:\/\/quehacerpolitico.mx\/wp-content\/uploads\/2021\/10\/3278A7FE-7FC9-451E-A7F3-9537DD0A27BA.jpeg","articleSection":["Cultura y Entretenimiento"],"inLanguage":"es","potentialAction":[{"@type":"CommentAction","name":"Comment","target":["https:\/\/quehacerpolitico.mx\/?p=85475#respond"]}]},{"@type":"WebPage","@id":"https:\/\/quehacerpolitico.mx\/?p=85475","url":"https:\/\/quehacerpolitico.mx\/?p=85475","name":"\u2018Aqu\u00ed todo sigue igual\u2019 en Tecate Pal Norte; regresan Los Cadetes de Linares al Pilo\u2019s Bar -","isPartOf":{"@id":"https:\/\/quehacerpolitico.mx\/#website"},"primaryImageOfPage":{"@id":"https:\/\/quehacerpolitico.mx\/?p=85475#primaryimage"},"image":{"@id":"https:\/\/quehacerpolitico.mx\/?p=85475#primaryimage"},"thumbnailUrl":"https:\/\/quehacerpolitico.mx\/wp-content\/uploads\/2021\/10\/3278A7FE-7FC9-451E-A7F3-9537DD0A27BA.jpeg","datePublished":"2021-10-06T20:08:44+00:00","dateModified":"2021-10-06T20:08:46+00:00","author":{"@id":"https:\/\/quehacerpolitico.mx\/#\/schema\/person\/496d8ad2d1d3f8036101dca7ee39e585"},"breadcrumb":{"@id":"https:\/\/quehacerpolitico.mx\/?p=85475#breadcrumb"},"inLanguage":"es","potentialAction":[{"@type":"ReadAction","target":["https:\/\/quehacerpolitico.mx\/?p=85475"]}]},{"@type":"ImageObject","inLanguage":"es","@id":"https:\/\/quehacerpolitico.mx\/?p=85475#primaryimage","url":"https:\/\/quehacerpolitico.mx\/wp-content\/uploads\/2021\/10\/3278A7FE-7FC9-451E-A7F3-9537DD0A27BA.jpeg","contentUrl":"https:\/\/quehacerpolitico.mx\/wp-content\/uploads\/2021\/10\/3278A7FE-7FC9-451E-A7F3-9537DD0A27BA.jpeg","width":696,"height":454},{"@type":"BreadcrumbList","@id":"https:\/\/quehacerpolitico.mx\/?p=85475#breadcrumb","itemListElement":[{"@type":"ListItem","position":1,"name":"Inicio","item":"https:\/\/quehacerpolitico.mx\/"},{"@type":"ListItem","position":2,"name":"\u2018Aqu\u00ed todo sigue igual\u2019 en Tecate Pal Norte; regresan Los Cadetes de Linares al Pilo\u2019s Bar"}]},{"@type":"WebSite","@id":"https:\/\/quehacerpolitico.mx\/#website","url":"https:\/\/quehacerpolitico.mx\/","name":"","description":"","potentialAction":[{"@type":"SearchAction","target":{"@type":"EntryPoint","urlTemplate":"https:\/\/quehacerpolitico.mx\/?s={search_term_string}"},"query-input":{"@type":"PropertyValueSpecification","valueRequired":true,"valueName":"search_term_string"}}],"inLanguage":"es"},{"@type":"Person","@id":"https:\/\/quehacerpolitico.mx\/#\/schema\/person\/496d8ad2d1d3f8036101dca7ee39e585","name":"Redacci\u00f3n QP","image":{"@type":"ImageObject","inLanguage":"es","@id":"https:\/\/secure.gravatar.com\/avatar\/c7164ed6fdec453195284ad24a5ae5b6e1eed2b848477fa2a4787ba9adf39a41?s=96&d=mm&r=g","url":"https:\/\/secure.gravatar.com\/avatar\/c7164ed6fdec453195284ad24a5ae5b6e1eed2b848477fa2a4787ba9adf39a41?s=96&d=mm&r=g","contentUrl":"https:\/\/secure.gravatar.com\/avatar\/c7164ed6fdec453195284ad24a5ae5b6e1eed2b848477fa2a4787ba9adf39a41?s=96&d=mm&r=g","caption":"Redacci\u00f3n QP"},"url":"https:\/\/quehacerpolitico.mx\/?author=2"}]}},"featured_image_urls":{"full":["https:\/\/quehacerpolitico.mx\/wp-content\/uploads\/2021\/10\/3278A7FE-7FC9-451E-A7F3-9537DD0A27BA.jpeg",696,454,false],"thumbnail":["https:\/\/quehacerpolitico.mx\/wp-content\/uploads\/2021\/10\/3278A7FE-7FC9-451E-A7F3-9537DD0A27BA-150x150.jpeg",150,150,true],"medium":["https:\/\/quehacerpolitico.mx\/wp-content\/uploads\/2021\/10\/3278A7FE-7FC9-451E-A7F3-9537DD0A27BA-300x196.jpeg",300,196,true],"medium_large":["https:\/\/quehacerpolitico.mx\/wp-content\/uploads\/2021\/10\/3278A7FE-7FC9-451E-A7F3-9537DD0A27BA.jpeg",640,417,false],"large":["https:\/\/quehacerpolitico.mx\/wp-content\/uploads\/2021\/10\/3278A7FE-7FC9-451E-A7F3-9537DD0A27BA.jpeg",640,417,false],"1536x1536":["https:\/\/quehacerpolitico.mx\/wp-content\/uploads\/2021\/10\/3278A7FE-7FC9-451E-A7F3-9537DD0A27BA.jpeg",696,454,false],"2048x2048":["https:\/\/quehacerpolitico.mx\/wp-content\/uploads\/2021\/10\/3278A7FE-7FC9-451E-A7F3-9537DD0A27BA.jpeg",696,454,false],"covernews-featured":["https:\/\/quehacerpolitico.mx\/wp-content\/uploads\/2021\/10\/3278A7FE-7FC9-451E-A7F3-9537DD0A27BA.jpeg",696,454,false],"covernews-medium":["https:\/\/quehacerpolitico.mx\/wp-content\/uploads\/2021\/10\/3278A7FE-7FC9-451E-A7F3-9537DD0A27BA.jpeg",521,340,false]},"author_info":{"display_name":"Redacci\u00f3n QP","author_link":"https:\/\/quehacerpolitico.mx\/?author=2"},"category_info":"<a href=\"https:\/\/quehacerpolitico.mx\/?cat=58\" rel=\"category\">Cultura y Entretenimiento<\/a>","tag_info":"Cultura y Entretenimiento","comment_count":"0","_links":{"self":[{"href":"https:\/\/quehacerpolitico.mx\/index.php?rest_route=\/wp\/v2\/posts\/85475","targetHints":{"allow":["GET"]}}],"collection":[{"href":"https:\/\/quehacerpolitico.mx\/index.php?rest_route=\/wp\/v2\/posts"}],"about":[{"href":"https:\/\/quehacerpolitico.mx\/index.php?rest_route=\/wp\/v2\/types\/post"}],"author":[{"embeddable":true,"href":"https:\/\/quehacerpolitico.mx\/index.php?rest_route=\/wp\/v2\/users\/2"}],"replies":[{"embeddable":true,"href":"https:\/\/quehacerpolitico.mx\/index.php?rest_route=%2Fwp%2Fv2%2Fcomments&post=85475"}],"version-history":[{"count":1,"href":"https:\/\/quehacerpolitico.mx\/index.php?rest_route=\/wp\/v2\/posts\/85475\/revisions"}],"predecessor-version":[{"id":85477,"href":"https:\/\/quehacerpolitico.mx\/index.php?rest_route=\/wp\/v2\/posts\/85475\/revisions\/85477"}],"wp:featuredmedia":[{"embeddable":true,"href":"https:\/\/quehacerpolitico.mx\/index.php?rest_route=\/wp\/v2\/media\/85476"}],"wp:attachment":[{"href":"https:\/\/quehacerpolitico.mx\/index.php?rest_route=%2Fwp%2Fv2%2Fmedia&parent=85475"}],"wp:term":[{"taxonomy":"category","embeddable":true,"href":"https:\/\/quehacerpolitico.mx\/index.php?rest_route=%2Fwp%2Fv2%2Fcategories&post=85475"},{"taxonomy":"post_tag","embeddable":true,"href":"https:\/\/quehacerpolitico.mx\/index.php?rest_route=%2Fwp%2Fv2%2Ftags&post=85475"}],"curies":[{"name":"wp","href":"https:\/\/api.w.org\/{rel}","templated":true}]}}