{"id":85472,"date":"2021-10-06T19:33:16","date_gmt":"2021-10-06T19:33:16","guid":{"rendered":"https:\/\/quehacerpolitico.mx\/?p=85472"},"modified":"2021-10-06T19:33:19","modified_gmt":"2021-10-06T19:33:19","slug":"internacionales-carolina-alonso-romei-capturan-en-guatemala-a-dos-narcotraficantes-solicitados-por-estados-unidos","status":"publish","type":"post","link":"https:\/\/quehacerpolitico.mx\/?p=85472","title":{"rendered":"Internacionales\/\/\/Carolina Alonso Romei\/\/\/Capturan en Guatemala a dos narcotraficantes solicitados por Estados Unidos"},"content":{"rendered":"\n<p>Por Carolina Alonso Romei <\/p>\n\n\n\n<p>Internacionalista <\/p>\n\n\n\n<p>Las detenciones se registraron durante unos operativos encabezados por agentes de la Polic\u00eda Nacional Civil y fiscales del Ministerio P\u00fablico<\/p>\n\n\n\n<ul class=\"wp-block-list\"><li>Los hermanos Luis \u00c1ngel y Jorge Arturo Meo\u00f1o S\u00e1nchez fueron solicitados en extradici\u00f3n por Estados Unidos<\/li><\/ul>\n\n\n\n<p>Las fuerzas de seguridad de\u00a0Guatemala capturaron  este mi\u00e9rcoles, 6 de octubre de 2021, a dos supuestos\u00a0<strong>narcotraficantes<\/strong>solicitados en extradici\u00f3n por la Justicia de\u00a0<strong>Estados Unidos<\/strong>, seg\u00fan inform\u00f3 el Ministerio de Gobernaci\u00f3n (Interior).<\/p>\n\n\n\n<p>Se trata de los hermanos Luis \u00c1ngel y Jorge Arturo Meo\u00f1o S\u00e1nchez, de 35 y 38 a\u00f1os, respectivamente, precis\u00f3 la cartera de\u00a0<strong>Seguridad<\/strong>.<\/p>\n\n\n\n<p>Las detenciones se registraron durante unos operativos encabezados por agentes de la Polic\u00eda Nacional Civil y fiscales del&nbsp;<strong>Ministerio P\u00fablico<\/strong>&nbsp;en la finca Cristina, ubicada en el municipio de San Rafael Pie de la Cuesta, en el departamento de&nbsp;<strong>San Marcos<\/strong>, unos 200 kil\u00f3metros al oeste de la Ciudad de Guatemala, en la&nbsp;<strong>frontera con M\u00e9xico<\/strong>.<\/p>\n\n\n\n<p>La captura de los hermanos Meo\u00f1o fue solicitada por la justicia de<strong>&nbsp;Estados Unidos<\/strong>, que los reclamada en extradici\u00f3n por cargos&nbsp;<strong>narcotr\u00e1fico<\/strong>, precis\u00f3 la misma fuente.<\/p>\n\n\n\n<p>El\u00a0<strong>Ministerio del Interior<\/strong>\u00a0explic\u00f3 que la orden de detenci\u00f3n fue autorizada por un Juzgado de Primera Instancia Penal, Narcoactividad y Delitos contra el Ambiente de\u00a0<strong>Guatemala<\/strong>.<\/p>\n\n\n\n<p>Los delitos que les imputan a los guatemaltecos en una corte del Distrito Este de Texas, en&nbsp;<strong>Estados Unidos<\/strong>, son los de conspiraci\u00f3n para manufacturar y distribuir cinco kilogramos o m\u00e1s de una mezcla de coca\u00edna con la intenci\u00f3n de importarla hacia la naci\u00f3n norteamericana.<\/p>\n\n\n\n<p>Seg\u00fan la cartera del Interior, durante lo que va del 2021 fueron detenidos por las fuerzas de seguridad 42 supuestos\u00a0<strong>narcotraficantes<\/strong>reclamados por el Gobierno estadounidense, incluidos los hermanos Meo\u00f1o.<\/p>\n\n\n\n<p>La cifra de extradiciones es la m\u00e1s alta en un solo a\u00f1o desde que se tiene registro, de acuerdo al Ministerio de Gobernaci\u00f3n. En 2020 fueron detenidos 15 personas para extradici\u00f3n a&nbsp;<strong>Estados Unidos<\/strong>&nbsp;mientras que en 2019 fueron 21 los capturados para ser enviados a EE.UU.<\/p>\n\n\n\n<p>En 2018, la cifra de&nbsp;<strong>extradiciones<\/strong>&nbsp;fue de 8 y en 2017 sumaron 21, de acuerdo a datos oficiales.<\/p>\n\n\n\n<p><strong>Guatemala<\/strong>\u00a0es, por su posici\u00f3n geogr\u00e1fica, un puente para el traslado de narc\u00f3ticos desde Suram\u00e9rica a\u00a0<strong>Estados Unidos<\/strong>, y m\u00e1s del 90 por ciento de las drogas que llegan a la naci\u00f3n norteamericana pasan por territorio guatemalteco, de acuerdo a la visi\u00f3n de expertos.<\/p>\n\n\n\n<p>Con Informaci\u00f3n de EFE<\/p>\n","protected":false},"excerpt":{"rendered":"<p>Por Carolina Alonso Romei Internacionalista Las detenciones se registraron durante unos operativos encabezados por agentes&#8230;<\/p>\n","protected":false},"author":2,"featured_media":85473,"comment_status":"open","ping_status":"open","sticky":false,"template":"","format":"standard","meta":{"_monsterinsights_skip_tracking":false,"_monsterinsights_sitenote_active":false,"_monsterinsights_sitenote_note":"","_monsterinsights_sitenote_category":0,"footnotes":""},"categories":[1],"tags":[],"class_list":["post-85472","post","type-post","status-publish","format-standard","has-post-thumbnail","hentry","category-sin-categoria"],"yoast_head":"<!-- This site is optimized with the Yoast SEO plugin v27.3 - https:\/\/yoast.com\/product\/yoast-seo-wordpress\/ -->\n<title>Internacionales\/\/\/Carolina Alonso Romei\/\/\/Capturan en Guatemala a dos narcotraficantes solicitados por Estados Unidos -<\/title>\n<meta name=\"robots\" content=\"index, follow, max-snippet:-1, max-image-preview:large, max-video-preview:-1\" \/>\n<link rel=\"canonical\" href=\"https:\/\/quehacerpolitico.mx\/?p=85472\" \/>\n<meta property=\"og:locale\" content=\"es_MX\" \/>\n<meta property=\"og:type\" content=\"article\" \/>\n<meta property=\"og:title\" content=\"Internacionales\/\/\/Carolina Alonso Romei\/\/\/Capturan en Guatemala a dos narcotraficantes solicitados por Estados Unidos -\" \/>\n<meta property=\"og:description\" content=\"Por Carolina Alonso Romei Internacionalista Las detenciones se registraron durante unos operativos encabezados por agentes...\" \/>\n<meta property=\"og:url\" content=\"https:\/\/quehacerpolitico.mx\/?p=85472\" \/>\n<meta property=\"article:published_time\" content=\"2021-10-06T19:33:16+00:00\" \/>\n<meta property=\"article:modified_time\" content=\"2021-10-06T19:33:19+00:00\" \/>\n<meta property=\"og:image\" content=\"https:\/\/quehacerpolitico.mx\/wp-content\/uploads\/2021\/10\/9166ABB5-EEF2-431F-B0CD-322547C43082.jpeg\" \/>\n\t<meta property=\"og:image:width\" content=\"783\" \/>\n\t<meta property=\"og:image:height\" content=\"391\" \/>\n\t<meta property=\"og:image:type\" content=\"image\/jpeg\" \/>\n<meta name=\"author\" content=\"Redacci\u00f3n QP\" \/>\n<meta name=\"twitter:card\" content=\"summary_large_image\" \/>\n<meta name=\"twitter:label1\" content=\"Escrito por\" \/>\n\t<meta name=\"twitter:data1\" content=\"Redacci\u00f3n QP\" \/>\n\t<meta name=\"twitter:label2\" content=\"Tiempo de lectura\" \/>\n\t<meta name=\"twitter:data2\" content=\"2 minutos\" \/>\n<script type=\"application\/ld+json\" class=\"yoast-schema-graph\">{\"@context\":\"https:\\\/\\\/schema.org\",\"@graph\":[{\"@type\":\"Article\",\"@id\":\"https:\\\/\\\/quehacerpolitico.mx\\\/?p=85472#article\",\"isPartOf\":{\"@id\":\"https:\\\/\\\/quehacerpolitico.mx\\\/?p=85472\"},\"author\":{\"name\":\"Redacci\u00f3n QP\",\"@id\":\"https:\\\/\\\/quehacerpolitico.mx\\\/#\\\/schema\\\/person\\\/496d8ad2d1d3f8036101dca7ee39e585\"},\"headline\":\"Internacionales\\\/\\\/\\\/Carolina Alonso Romei\\\/\\\/\\\/Capturan en Guatemala a dos narcotraficantes solicitados por Estados Unidos\",\"datePublished\":\"2021-10-06T19:33:16+00:00\",\"dateModified\":\"2021-10-06T19:33:19+00:00\",\"mainEntityOfPage\":{\"@id\":\"https:\\\/\\\/quehacerpolitico.mx\\\/?p=85472\"},\"wordCount\":443,\"commentCount\":0,\"image\":{\"@id\":\"https:\\\/\\\/quehacerpolitico.mx\\\/?p=85472#primaryimage\"},\"thumbnailUrl\":\"https:\\\/\\\/quehacerpolitico.mx\\\/wp-content\\\/uploads\\\/2021\\\/10\\\/9166ABB5-EEF2-431F-B0CD-322547C43082.jpeg\",\"articleSection\":[\"Internacionales\"],\"inLanguage\":\"es\",\"potentialAction\":[{\"@type\":\"CommentAction\",\"name\":\"Comment\",\"target\":[\"https:\\\/\\\/quehacerpolitico.mx\\\/?p=85472#respond\"]}]},{\"@type\":\"WebPage\",\"@id\":\"https:\\\/\\\/quehacerpolitico.mx\\\/?p=85472\",\"url\":\"https:\\\/\\\/quehacerpolitico.mx\\\/?p=85472\",\"name\":\"Internacionales\\\/\\\/\\\/Carolina Alonso Romei\\\/\\\/\\\/Capturan en Guatemala a dos narcotraficantes solicitados por Estados Unidos -\",\"isPartOf\":{\"@id\":\"https:\\\/\\\/quehacerpolitico.mx\\\/#website\"},\"primaryImageOfPage\":{\"@id\":\"https:\\\/\\\/quehacerpolitico.mx\\\/?p=85472#primaryimage\"},\"image\":{\"@id\":\"https:\\\/\\\/quehacerpolitico.mx\\\/?p=85472#primaryimage\"},\"thumbnailUrl\":\"https:\\\/\\\/quehacerpolitico.mx\\\/wp-content\\\/uploads\\\/2021\\\/10\\\/9166ABB5-EEF2-431F-B0CD-322547C43082.jpeg\",\"datePublished\":\"2021-10-06T19:33:16+00:00\",\"dateModified\":\"2021-10-06T19:33:19+00:00\",\"author\":{\"@id\":\"https:\\\/\\\/quehacerpolitico.mx\\\/#\\\/schema\\\/person\\\/496d8ad2d1d3f8036101dca7ee39e585\"},\"breadcrumb\":{\"@id\":\"https:\\\/\\\/quehacerpolitico.mx\\\/?p=85472#breadcrumb\"},\"inLanguage\":\"es\",\"potentialAction\":[{\"@type\":\"ReadAction\",\"target\":[\"https:\\\/\\\/quehacerpolitico.mx\\\/?p=85472\"]}]},{\"@type\":\"ImageObject\",\"inLanguage\":\"es\",\"@id\":\"https:\\\/\\\/quehacerpolitico.mx\\\/?p=85472#primaryimage\",\"url\":\"https:\\\/\\\/quehacerpolitico.mx\\\/wp-content\\\/uploads\\\/2021\\\/10\\\/9166ABB5-EEF2-431F-B0CD-322547C43082.jpeg\",\"contentUrl\":\"https:\\\/\\\/quehacerpolitico.mx\\\/wp-content\\\/uploads\\\/2021\\\/10\\\/9166ABB5-EEF2-431F-B0CD-322547C43082.jpeg\",\"width\":783,\"height\":391},{\"@type\":\"BreadcrumbList\",\"@id\":\"https:\\\/\\\/quehacerpolitico.mx\\\/?p=85472#breadcrumb\",\"itemListElement\":[{\"@type\":\"ListItem\",\"position\":1,\"name\":\"Inicio\",\"item\":\"https:\\\/\\\/quehacerpolitico.mx\\\/\"},{\"@type\":\"ListItem\",\"position\":2,\"name\":\"Internacionales\\\/\\\/\\\/Carolina Alonso Romei\\\/\\\/\\\/Capturan en Guatemala a dos narcotraficantes solicitados por Estados Unidos\"}]},{\"@type\":\"WebSite\",\"@id\":\"https:\\\/\\\/quehacerpolitico.mx\\\/#website\",\"url\":\"https:\\\/\\\/quehacerpolitico.mx\\\/\",\"name\":\"\",\"description\":\"\",\"potentialAction\":[{\"@type\":\"SearchAction\",\"target\":{\"@type\":\"EntryPoint\",\"urlTemplate\":\"https:\\\/\\\/quehacerpolitico.mx\\\/?s={search_term_string}\"},\"query-input\":{\"@type\":\"PropertyValueSpecification\",\"valueRequired\":true,\"valueName\":\"search_term_string\"}}],\"inLanguage\":\"es\"},{\"@type\":\"Person\",\"@id\":\"https:\\\/\\\/quehacerpolitico.mx\\\/#\\\/schema\\\/person\\\/496d8ad2d1d3f8036101dca7ee39e585\",\"name\":\"Redacci\u00f3n QP\",\"image\":{\"@type\":\"ImageObject\",\"inLanguage\":\"es\",\"@id\":\"https:\\\/\\\/secure.gravatar.com\\\/avatar\\\/c7164ed6fdec453195284ad24a5ae5b6e1eed2b848477fa2a4787ba9adf39a41?s=96&d=mm&r=g\",\"url\":\"https:\\\/\\\/secure.gravatar.com\\\/avatar\\\/c7164ed6fdec453195284ad24a5ae5b6e1eed2b848477fa2a4787ba9adf39a41?s=96&d=mm&r=g\",\"contentUrl\":\"https:\\\/\\\/secure.gravatar.com\\\/avatar\\\/c7164ed6fdec453195284ad24a5ae5b6e1eed2b848477fa2a4787ba9adf39a41?s=96&d=mm&r=g\",\"caption\":\"Redacci\u00f3n QP\"},\"url\":\"https:\\\/\\\/quehacerpolitico.mx\\\/?author=2\"}]}<\/script>\n<!-- \/ Yoast SEO plugin. -->","yoast_head_json":{"title":"Internacionales\/\/\/Carolina Alonso Romei\/\/\/Capturan en Guatemala a dos narcotraficantes solicitados por Estados Unidos -","robots":{"index":"index","follow":"follow","max-snippet":"max-snippet:-1","max-image-preview":"max-image-preview:large","max-video-preview":"max-video-preview:-1"},"canonical":"https:\/\/quehacerpolitico.mx\/?p=85472","og_locale":"es_MX","og_type":"article","og_title":"Internacionales\/\/\/Carolina Alonso Romei\/\/\/Capturan en Guatemala a dos narcotraficantes solicitados por Estados Unidos -","og_description":"Por Carolina Alonso Romei Internacionalista Las detenciones se registraron durante unos operativos encabezados por agentes...","og_url":"https:\/\/quehacerpolitico.mx\/?p=85472","article_published_time":"2021-10-06T19:33:16+00:00","article_modified_time":"2021-10-06T19:33:19+00:00","og_image":[{"width":783,"height":391,"url":"https:\/\/quehacerpolitico.mx\/wp-content\/uploads\/2021\/10\/9166ABB5-EEF2-431F-B0CD-322547C43082.jpeg","type":"image\/jpeg"}],"author":"Redacci\u00f3n QP","twitter_card":"summary_large_image","twitter_misc":{"Escrito por":"Redacci\u00f3n QP","Tiempo de lectura":"2 minutos"},"schema":{"@context":"https:\/\/schema.org","@graph":[{"@type":"Article","@id":"https:\/\/quehacerpolitico.mx\/?p=85472#article","isPartOf":{"@id":"https:\/\/quehacerpolitico.mx\/?p=85472"},"author":{"name":"Redacci\u00f3n QP","@id":"https:\/\/quehacerpolitico.mx\/#\/schema\/person\/496d8ad2d1d3f8036101dca7ee39e585"},"headline":"Internacionales\/\/\/Carolina Alonso Romei\/\/\/Capturan en Guatemala a dos narcotraficantes solicitados por Estados Unidos","datePublished":"2021-10-06T19:33:16+00:00","dateModified":"2021-10-06T19:33:19+00:00","mainEntityOfPage":{"@id":"https:\/\/quehacerpolitico.mx\/?p=85472"},"wordCount":443,"commentCount":0,"image":{"@id":"https:\/\/quehacerpolitico.mx\/?p=85472#primaryimage"},"thumbnailUrl":"https:\/\/quehacerpolitico.mx\/wp-content\/uploads\/2021\/10\/9166ABB5-EEF2-431F-B0CD-322547C43082.jpeg","articleSection":["Internacionales"],"inLanguage":"es","potentialAction":[{"@type":"CommentAction","name":"Comment","target":["https:\/\/quehacerpolitico.mx\/?p=85472#respond"]}]},{"@type":"WebPage","@id":"https:\/\/quehacerpolitico.mx\/?p=85472","url":"https:\/\/quehacerpolitico.mx\/?p=85472","name":"Internacionales\/\/\/Carolina Alonso Romei\/\/\/Capturan en Guatemala a dos narcotraficantes solicitados por Estados Unidos -","isPartOf":{"@id":"https:\/\/quehacerpolitico.mx\/#website"},"primaryImageOfPage":{"@id":"https:\/\/quehacerpolitico.mx\/?p=85472#primaryimage"},"image":{"@id":"https:\/\/quehacerpolitico.mx\/?p=85472#primaryimage"},"thumbnailUrl":"https:\/\/quehacerpolitico.mx\/wp-content\/uploads\/2021\/10\/9166ABB5-EEF2-431F-B0CD-322547C43082.jpeg","datePublished":"2021-10-06T19:33:16+00:00","dateModified":"2021-10-06T19:33:19+00:00","author":{"@id":"https:\/\/quehacerpolitico.mx\/#\/schema\/person\/496d8ad2d1d3f8036101dca7ee39e585"},"breadcrumb":{"@id":"https:\/\/quehacerpolitico.mx\/?p=85472#breadcrumb"},"inLanguage":"es","potentialAction":[{"@type":"ReadAction","target":["https:\/\/quehacerpolitico.mx\/?p=85472"]}]},{"@type":"ImageObject","inLanguage":"es","@id":"https:\/\/quehacerpolitico.mx\/?p=85472#primaryimage","url":"https:\/\/quehacerpolitico.mx\/wp-content\/uploads\/2021\/10\/9166ABB5-EEF2-431F-B0CD-322547C43082.jpeg","contentUrl":"https:\/\/quehacerpolitico.mx\/wp-content\/uploads\/2021\/10\/9166ABB5-EEF2-431F-B0CD-322547C43082.jpeg","width":783,"height":391},{"@type":"BreadcrumbList","@id":"https:\/\/quehacerpolitico.mx\/?p=85472#breadcrumb","itemListElement":[{"@type":"ListItem","position":1,"name":"Inicio","item":"https:\/\/quehacerpolitico.mx\/"},{"@type":"ListItem","position":2,"name":"Internacionales\/\/\/Carolina Alonso Romei\/\/\/Capturan en Guatemala a dos narcotraficantes solicitados por Estados Unidos"}]},{"@type":"WebSite","@id":"https:\/\/quehacerpolitico.mx\/#website","url":"https:\/\/quehacerpolitico.mx\/","name":"","description":"","potentialAction":[{"@type":"SearchAction","target":{"@type":"EntryPoint","urlTemplate":"https:\/\/quehacerpolitico.mx\/?s={search_term_string}"},"query-input":{"@type":"PropertyValueSpecification","valueRequired":true,"valueName":"search_term_string"}}],"inLanguage":"es"},{"@type":"Person","@id":"https:\/\/quehacerpolitico.mx\/#\/schema\/person\/496d8ad2d1d3f8036101dca7ee39e585","name":"Redacci\u00f3n QP","image":{"@type":"ImageObject","inLanguage":"es","@id":"https:\/\/secure.gravatar.com\/avatar\/c7164ed6fdec453195284ad24a5ae5b6e1eed2b848477fa2a4787ba9adf39a41?s=96&d=mm&r=g","url":"https:\/\/secure.gravatar.com\/avatar\/c7164ed6fdec453195284ad24a5ae5b6e1eed2b848477fa2a4787ba9adf39a41?s=96&d=mm&r=g","contentUrl":"https:\/\/secure.gravatar.com\/avatar\/c7164ed6fdec453195284ad24a5ae5b6e1eed2b848477fa2a4787ba9adf39a41?s=96&d=mm&r=g","caption":"Redacci\u00f3n QP"},"url":"https:\/\/quehacerpolitico.mx\/?author=2"}]}},"featured_image_urls":{"full":["https:\/\/quehacerpolitico.mx\/wp-content\/uploads\/2021\/10\/9166ABB5-EEF2-431F-B0CD-322547C43082.jpeg",783,391,false],"thumbnail":["https:\/\/quehacerpolitico.mx\/wp-content\/uploads\/2021\/10\/9166ABB5-EEF2-431F-B0CD-322547C43082-150x150.jpeg",150,150,true],"medium":["https:\/\/quehacerpolitico.mx\/wp-content\/uploads\/2021\/10\/9166ABB5-EEF2-431F-B0CD-322547C43082-300x150.jpeg",300,150,true],"medium_large":["https:\/\/quehacerpolitico.mx\/wp-content\/uploads\/2021\/10\/9166ABB5-EEF2-431F-B0CD-322547C43082-768x384.jpeg",640,320,true],"large":["https:\/\/quehacerpolitico.mx\/wp-content\/uploads\/2021\/10\/9166ABB5-EEF2-431F-B0CD-322547C43082.jpeg",640,320,false],"1536x1536":["https:\/\/quehacerpolitico.mx\/wp-content\/uploads\/2021\/10\/9166ABB5-EEF2-431F-B0CD-322547C43082.jpeg",783,391,false],"2048x2048":["https:\/\/quehacerpolitico.mx\/wp-content\/uploads\/2021\/10\/9166ABB5-EEF2-431F-B0CD-322547C43082.jpeg",783,391,false],"covernews-featured":["https:\/\/quehacerpolitico.mx\/wp-content\/uploads\/2021\/10\/9166ABB5-EEF2-431F-B0CD-322547C43082.jpeg",783,391,false],"covernews-medium":["https:\/\/quehacerpolitico.mx\/wp-content\/uploads\/2021\/10\/9166ABB5-EEF2-431F-B0CD-322547C43082.jpeg",540,270,false]},"author_info":{"display_name":"Redacci\u00f3n QP","author_link":"https:\/\/quehacerpolitico.mx\/?author=2"},"category_info":"<a href=\"https:\/\/quehacerpolitico.mx\/?cat=1\" rel=\"category\">Internacionales<\/a>","tag_info":"Internacionales","comment_count":"0","_links":{"self":[{"href":"https:\/\/quehacerpolitico.mx\/index.php?rest_route=\/wp\/v2\/posts\/85472","targetHints":{"allow":["GET"]}}],"collection":[{"href":"https:\/\/quehacerpolitico.mx\/index.php?rest_route=\/wp\/v2\/posts"}],"about":[{"href":"https:\/\/quehacerpolitico.mx\/index.php?rest_route=\/wp\/v2\/types\/post"}],"author":[{"embeddable":true,"href":"https:\/\/quehacerpolitico.mx\/index.php?rest_route=\/wp\/v2\/users\/2"}],"replies":[{"embeddable":true,"href":"https:\/\/quehacerpolitico.mx\/index.php?rest_route=%2Fwp%2Fv2%2Fcomments&post=85472"}],"version-history":[{"count":1,"href":"https:\/\/quehacerpolitico.mx\/index.php?rest_route=\/wp\/v2\/posts\/85472\/revisions"}],"predecessor-version":[{"id":85474,"href":"https:\/\/quehacerpolitico.mx\/index.php?rest_route=\/wp\/v2\/posts\/85472\/revisions\/85474"}],"wp:featuredmedia":[{"embeddable":true,"href":"https:\/\/quehacerpolitico.mx\/index.php?rest_route=\/wp\/v2\/media\/85473"}],"wp:attachment":[{"href":"https:\/\/quehacerpolitico.mx\/index.php?rest_route=%2Fwp%2Fv2%2Fmedia&parent=85472"}],"wp:term":[{"taxonomy":"category","embeddable":true,"href":"https:\/\/quehacerpolitico.mx\/index.php?rest_route=%2Fwp%2Fv2%2Fcategories&post=85472"},{"taxonomy":"post_tag","embeddable":true,"href":"https:\/\/quehacerpolitico.mx\/index.php?rest_route=%2Fwp%2Fv2%2Ftags&post=85472"}],"curies":[{"name":"wp","href":"https:\/\/api.w.org\/{rel}","templated":true}]}}