{"id":85469,"date":"2021-10-06T19:08:11","date_gmt":"2021-10-06T19:08:11","guid":{"rendered":"https:\/\/quehacerpolitico.mx\/?p=85469"},"modified":"2021-10-06T19:08:13","modified_gmt":"2021-10-06T19:08:13","slug":"sat-va-por-contadores-que-encubran-a-contribuyentes-incumplidos","status":"publish","type":"post","link":"https:\/\/quehacerpolitico.mx\/?p=85469","title":{"rendered":"SAT va por contadores que encubran a contribuyentes incumplidos"},"content":{"rendered":"\n<p>Por Redacci\u00f3n QP<\/p>\n\n\n\n<p>Ahora el Servicios de Administraci\u00f3n Tributaria (SAT) va tras los contadores que encubran a los contribuyentes que evaden sus responsabilidades fiscales. El lunes, los contadores p\u00fablicos de M\u00e9xico expresaron su preocupaci\u00f3n por una de las propuestas incluidas en el Paquete Fiscal 2022, el cu\u00e1l fue presentado el pasado 8 de septiembre ante el Congreso.<\/p>\n\n\n\n<p>Con esta nueva disposici\u00f3n, la Secretar\u00eda de Hacienda y Cr\u00e9dito P\u00fablico (SHCP) tratar\u00e1 de obligar a los contadores a delatar aquellos contribuyentes que incumplidos con sus obligaciones fiscales o que lleven a cabo alguna actividad il\u00edcita. Y en caso de no hacerlo, el profesional podr\u00eda llegara a ser suspendido o peor, ir a la<strong><a href=\"https:\/\/noticieros.televisa.com\/tag\/SAT\/\">\u00a0<\/a><\/strong>carcel hasta seis a\u00f1os.<\/p>\n\n\n\n<p>Esta disposici\u00f3n \u00fanicamente es dirigida a los profesionales que auditen los ingresos de personas morales, especialmente empresas que percibieron m\u00e1s de 876 millones de pesos en el ejercicio fiscal anterior. Se planea introducir esta obligaci\u00f3n reformando el Art\u00edculo 52, Fracci\u00f3n II del C\u00f3digo Fiscal de la Federaci\u00f3n.<\/p>\n\n\n\n<p>En caso de que le den luz verde al proyecto de ley en el Congreso, la nueva disposici\u00f3n entrar\u00eda en vigor en 2022 y habr\u00eda sanciones como penas de prisi\u00f3n de tres a seis a\u00f1os, o suspensi\u00f3n en el Registro de Contadores P\u00fablicos por hasta tres a\u00f1os.<\/p>\n\n\n\n<p>Por otro lado, respecto a la nueva disposici\u00f3n los contadores del Instituto Mexicano de Contadores P\u00fablicos (IMCP), dicen que esta propuesta deber\u00eda ser modificada porque no va \u201cacorde con el principio de razonabilidad y proporcionalidad\u201d.<\/p>\n\n\n\n<p>En un comunicado del IMPC se lee, \u201cCon dicha reforma, la autoridad hacendaria transfiere a la Contadur\u00eda P\u00fablica inscrita una responsabilidad del contribuyente, que es el obligado a implementar el control interno de su empresa para generar informaci\u00f3n financiera y evitar cualquier incumplimiento con las disposiciones fiscales; al mismo tiempo y de forma err\u00f3nea, le atribuye al contador p\u00fablico inscrito facultades propias de los profesionales en derecho\u201d.<\/p>\n\n\n\n<p>\u201cDe aprobarse en el poder legislativo dichas obligaciones, el auditor, es decir, el Contador P\u00fablico inscrito, perder\u00e1 la imparcialidad e independencia que requiere llevar a cabo un dictamen fiscal, pues estar\u00eda asumiendo tareas gerenciales que le son ajenas\u201d, se lee m\u00e1s adelante.<\/p>\n\n\n\n<p>A pesar de que \u201cconsideran positivas\u201d algunas de las iniciativas del Paquete Fiscal 2022,&nbsp; exhortaron a las autoridades a modificar el proyecto de ley antes de que sea votado en el Congreso de los Diputados.<\/p>\n","protected":false},"excerpt":{"rendered":"<p>Por Redacci\u00f3n QP Ahora el Servicios de Administraci\u00f3n Tributaria (SAT) va tras los contadores que&#8230;<\/p>\n","protected":false},"author":2,"featured_media":85470,"comment_status":"open","ping_status":"open","sticky":false,"template":"","format":"standard","meta":{"_monsterinsights_skip_tracking":false,"_monsterinsights_sitenote_active":false,"_monsterinsights_sitenote_note":"","_monsterinsights_sitenote_category":0,"footnotes":""},"categories":[56],"tags":[],"class_list":["post-85469","post","type-post","status-publish","format-standard","has-post-thumbnail","hentry","category-economia"],"yoast_head":"<!-- This site is optimized with the Yoast SEO plugin v27.3 - https:\/\/yoast.com\/product\/yoast-seo-wordpress\/ -->\n<title>SAT va por contadores que encubran a contribuyentes incumplidos -<\/title>\n<meta name=\"robots\" content=\"index, follow, max-snippet:-1, max-image-preview:large, max-video-preview:-1\" \/>\n<link rel=\"canonical\" href=\"https:\/\/quehacerpolitico.mx\/?p=85469\" \/>\n<meta property=\"og:locale\" content=\"es_MX\" \/>\n<meta property=\"og:type\" content=\"article\" \/>\n<meta property=\"og:title\" content=\"SAT va por contadores que encubran a contribuyentes incumplidos -\" \/>\n<meta property=\"og:description\" content=\"Por Redacci\u00f3n QP Ahora el Servicios de Administraci\u00f3n Tributaria (SAT) va tras los contadores que...\" \/>\n<meta property=\"og:url\" content=\"https:\/\/quehacerpolitico.mx\/?p=85469\" \/>\n<meta property=\"article:published_time\" content=\"2021-10-06T19:08:11+00:00\" \/>\n<meta property=\"article:modified_time\" content=\"2021-10-06T19:08:13+00:00\" \/>\n<meta property=\"og:image\" content=\"https:\/\/quehacerpolitico.mx\/wp-content\/uploads\/2021\/10\/6D714DED-8C4E-4E40-8945-7E1C215D1E29.jpeg\" \/>\n\t<meta property=\"og:image:width\" content=\"640\" \/>\n\t<meta property=\"og:image:height\" content=\"360\" \/>\n\t<meta property=\"og:image:type\" content=\"image\/jpeg\" \/>\n<meta name=\"author\" content=\"Redacci\u00f3n QP\" \/>\n<meta name=\"twitter:card\" content=\"summary_large_image\" \/>\n<meta name=\"twitter:label1\" content=\"Escrito por\" \/>\n\t<meta name=\"twitter:data1\" content=\"Redacci\u00f3n QP\" \/>\n\t<meta name=\"twitter:label2\" content=\"Tiempo de lectura\" \/>\n\t<meta name=\"twitter:data2\" content=\"2 minutos\" \/>\n<script type=\"application\/ld+json\" class=\"yoast-schema-graph\">{\"@context\":\"https:\\\/\\\/schema.org\",\"@graph\":[{\"@type\":\"Article\",\"@id\":\"https:\\\/\\\/quehacerpolitico.mx\\\/?p=85469#article\",\"isPartOf\":{\"@id\":\"https:\\\/\\\/quehacerpolitico.mx\\\/?p=85469\"},\"author\":{\"name\":\"Redacci\u00f3n QP\",\"@id\":\"https:\\\/\\\/quehacerpolitico.mx\\\/#\\\/schema\\\/person\\\/496d8ad2d1d3f8036101dca7ee39e585\"},\"headline\":\"SAT va por contadores que encubran a contribuyentes incumplidos\",\"datePublished\":\"2021-10-06T19:08:11+00:00\",\"dateModified\":\"2021-10-06T19:08:13+00:00\",\"mainEntityOfPage\":{\"@id\":\"https:\\\/\\\/quehacerpolitico.mx\\\/?p=85469\"},\"wordCount\":431,\"commentCount\":0,\"image\":{\"@id\":\"https:\\\/\\\/quehacerpolitico.mx\\\/?p=85469#primaryimage\"},\"thumbnailUrl\":\"https:\\\/\\\/quehacerpolitico.mx\\\/wp-content\\\/uploads\\\/2021\\\/10\\\/6D714DED-8C4E-4E40-8945-7E1C215D1E29.jpeg\",\"articleSection\":[\"Econom\u00eda\"],\"inLanguage\":\"es\",\"potentialAction\":[{\"@type\":\"CommentAction\",\"name\":\"Comment\",\"target\":[\"https:\\\/\\\/quehacerpolitico.mx\\\/?p=85469#respond\"]}]},{\"@type\":\"WebPage\",\"@id\":\"https:\\\/\\\/quehacerpolitico.mx\\\/?p=85469\",\"url\":\"https:\\\/\\\/quehacerpolitico.mx\\\/?p=85469\",\"name\":\"SAT va por contadores que encubran a contribuyentes incumplidos -\",\"isPartOf\":{\"@id\":\"https:\\\/\\\/quehacerpolitico.mx\\\/#website\"},\"primaryImageOfPage\":{\"@id\":\"https:\\\/\\\/quehacerpolitico.mx\\\/?p=85469#primaryimage\"},\"image\":{\"@id\":\"https:\\\/\\\/quehacerpolitico.mx\\\/?p=85469#primaryimage\"},\"thumbnailUrl\":\"https:\\\/\\\/quehacerpolitico.mx\\\/wp-content\\\/uploads\\\/2021\\\/10\\\/6D714DED-8C4E-4E40-8945-7E1C215D1E29.jpeg\",\"datePublished\":\"2021-10-06T19:08:11+00:00\",\"dateModified\":\"2021-10-06T19:08:13+00:00\",\"author\":{\"@id\":\"https:\\\/\\\/quehacerpolitico.mx\\\/#\\\/schema\\\/person\\\/496d8ad2d1d3f8036101dca7ee39e585\"},\"breadcrumb\":{\"@id\":\"https:\\\/\\\/quehacerpolitico.mx\\\/?p=85469#breadcrumb\"},\"inLanguage\":\"es\",\"potentialAction\":[{\"@type\":\"ReadAction\",\"target\":[\"https:\\\/\\\/quehacerpolitico.mx\\\/?p=85469\"]}]},{\"@type\":\"ImageObject\",\"inLanguage\":\"es\",\"@id\":\"https:\\\/\\\/quehacerpolitico.mx\\\/?p=85469#primaryimage\",\"url\":\"https:\\\/\\\/quehacerpolitico.mx\\\/wp-content\\\/uploads\\\/2021\\\/10\\\/6D714DED-8C4E-4E40-8945-7E1C215D1E29.jpeg\",\"contentUrl\":\"https:\\\/\\\/quehacerpolitico.mx\\\/wp-content\\\/uploads\\\/2021\\\/10\\\/6D714DED-8C4E-4E40-8945-7E1C215D1E29.jpeg\",\"width\":640,\"height\":360},{\"@type\":\"BreadcrumbList\",\"@id\":\"https:\\\/\\\/quehacerpolitico.mx\\\/?p=85469#breadcrumb\",\"itemListElement\":[{\"@type\":\"ListItem\",\"position\":1,\"name\":\"Inicio\",\"item\":\"https:\\\/\\\/quehacerpolitico.mx\\\/\"},{\"@type\":\"ListItem\",\"position\":2,\"name\":\"SAT va por contadores que encubran a contribuyentes incumplidos\"}]},{\"@type\":\"WebSite\",\"@id\":\"https:\\\/\\\/quehacerpolitico.mx\\\/#website\",\"url\":\"https:\\\/\\\/quehacerpolitico.mx\\\/\",\"name\":\"\",\"description\":\"\",\"potentialAction\":[{\"@type\":\"SearchAction\",\"target\":{\"@type\":\"EntryPoint\",\"urlTemplate\":\"https:\\\/\\\/quehacerpolitico.mx\\\/?s={search_term_string}\"},\"query-input\":{\"@type\":\"PropertyValueSpecification\",\"valueRequired\":true,\"valueName\":\"search_term_string\"}}],\"inLanguage\":\"es\"},{\"@type\":\"Person\",\"@id\":\"https:\\\/\\\/quehacerpolitico.mx\\\/#\\\/schema\\\/person\\\/496d8ad2d1d3f8036101dca7ee39e585\",\"name\":\"Redacci\u00f3n QP\",\"image\":{\"@type\":\"ImageObject\",\"inLanguage\":\"es\",\"@id\":\"https:\\\/\\\/secure.gravatar.com\\\/avatar\\\/c7164ed6fdec453195284ad24a5ae5b6e1eed2b848477fa2a4787ba9adf39a41?s=96&d=mm&r=g\",\"url\":\"https:\\\/\\\/secure.gravatar.com\\\/avatar\\\/c7164ed6fdec453195284ad24a5ae5b6e1eed2b848477fa2a4787ba9adf39a41?s=96&d=mm&r=g\",\"contentUrl\":\"https:\\\/\\\/secure.gravatar.com\\\/avatar\\\/c7164ed6fdec453195284ad24a5ae5b6e1eed2b848477fa2a4787ba9adf39a41?s=96&d=mm&r=g\",\"caption\":\"Redacci\u00f3n QP\"},\"url\":\"https:\\\/\\\/quehacerpolitico.mx\\\/?author=2\"}]}<\/script>\n<!-- \/ Yoast SEO plugin. -->","yoast_head_json":{"title":"SAT va por contadores que encubran a contribuyentes incumplidos -","robots":{"index":"index","follow":"follow","max-snippet":"max-snippet:-1","max-image-preview":"max-image-preview:large","max-video-preview":"max-video-preview:-1"},"canonical":"https:\/\/quehacerpolitico.mx\/?p=85469","og_locale":"es_MX","og_type":"article","og_title":"SAT va por contadores que encubran a contribuyentes incumplidos -","og_description":"Por Redacci\u00f3n QP Ahora el Servicios de Administraci\u00f3n Tributaria (SAT) va tras los contadores que...","og_url":"https:\/\/quehacerpolitico.mx\/?p=85469","article_published_time":"2021-10-06T19:08:11+00:00","article_modified_time":"2021-10-06T19:08:13+00:00","og_image":[{"width":640,"height":360,"url":"https:\/\/quehacerpolitico.mx\/wp-content\/uploads\/2021\/10\/6D714DED-8C4E-4E40-8945-7E1C215D1E29.jpeg","type":"image\/jpeg"}],"author":"Redacci\u00f3n QP","twitter_card":"summary_large_image","twitter_misc":{"Escrito por":"Redacci\u00f3n QP","Tiempo de lectura":"2 minutos"},"schema":{"@context":"https:\/\/schema.org","@graph":[{"@type":"Article","@id":"https:\/\/quehacerpolitico.mx\/?p=85469#article","isPartOf":{"@id":"https:\/\/quehacerpolitico.mx\/?p=85469"},"author":{"name":"Redacci\u00f3n QP","@id":"https:\/\/quehacerpolitico.mx\/#\/schema\/person\/496d8ad2d1d3f8036101dca7ee39e585"},"headline":"SAT va por contadores que encubran a contribuyentes incumplidos","datePublished":"2021-10-06T19:08:11+00:00","dateModified":"2021-10-06T19:08:13+00:00","mainEntityOfPage":{"@id":"https:\/\/quehacerpolitico.mx\/?p=85469"},"wordCount":431,"commentCount":0,"image":{"@id":"https:\/\/quehacerpolitico.mx\/?p=85469#primaryimage"},"thumbnailUrl":"https:\/\/quehacerpolitico.mx\/wp-content\/uploads\/2021\/10\/6D714DED-8C4E-4E40-8945-7E1C215D1E29.jpeg","articleSection":["Econom\u00eda"],"inLanguage":"es","potentialAction":[{"@type":"CommentAction","name":"Comment","target":["https:\/\/quehacerpolitico.mx\/?p=85469#respond"]}]},{"@type":"WebPage","@id":"https:\/\/quehacerpolitico.mx\/?p=85469","url":"https:\/\/quehacerpolitico.mx\/?p=85469","name":"SAT va por contadores que encubran a contribuyentes incumplidos -","isPartOf":{"@id":"https:\/\/quehacerpolitico.mx\/#website"},"primaryImageOfPage":{"@id":"https:\/\/quehacerpolitico.mx\/?p=85469#primaryimage"},"image":{"@id":"https:\/\/quehacerpolitico.mx\/?p=85469#primaryimage"},"thumbnailUrl":"https:\/\/quehacerpolitico.mx\/wp-content\/uploads\/2021\/10\/6D714DED-8C4E-4E40-8945-7E1C215D1E29.jpeg","datePublished":"2021-10-06T19:08:11+00:00","dateModified":"2021-10-06T19:08:13+00:00","author":{"@id":"https:\/\/quehacerpolitico.mx\/#\/schema\/person\/496d8ad2d1d3f8036101dca7ee39e585"},"breadcrumb":{"@id":"https:\/\/quehacerpolitico.mx\/?p=85469#breadcrumb"},"inLanguage":"es","potentialAction":[{"@type":"ReadAction","target":["https:\/\/quehacerpolitico.mx\/?p=85469"]}]},{"@type":"ImageObject","inLanguage":"es","@id":"https:\/\/quehacerpolitico.mx\/?p=85469#primaryimage","url":"https:\/\/quehacerpolitico.mx\/wp-content\/uploads\/2021\/10\/6D714DED-8C4E-4E40-8945-7E1C215D1E29.jpeg","contentUrl":"https:\/\/quehacerpolitico.mx\/wp-content\/uploads\/2021\/10\/6D714DED-8C4E-4E40-8945-7E1C215D1E29.jpeg","width":640,"height":360},{"@type":"BreadcrumbList","@id":"https:\/\/quehacerpolitico.mx\/?p=85469#breadcrumb","itemListElement":[{"@type":"ListItem","position":1,"name":"Inicio","item":"https:\/\/quehacerpolitico.mx\/"},{"@type":"ListItem","position":2,"name":"SAT va por contadores que encubran a contribuyentes incumplidos"}]},{"@type":"WebSite","@id":"https:\/\/quehacerpolitico.mx\/#website","url":"https:\/\/quehacerpolitico.mx\/","name":"","description":"","potentialAction":[{"@type":"SearchAction","target":{"@type":"EntryPoint","urlTemplate":"https:\/\/quehacerpolitico.mx\/?s={search_term_string}"},"query-input":{"@type":"PropertyValueSpecification","valueRequired":true,"valueName":"search_term_string"}}],"inLanguage":"es"},{"@type":"Person","@id":"https:\/\/quehacerpolitico.mx\/#\/schema\/person\/496d8ad2d1d3f8036101dca7ee39e585","name":"Redacci\u00f3n QP","image":{"@type":"ImageObject","inLanguage":"es","@id":"https:\/\/secure.gravatar.com\/avatar\/c7164ed6fdec453195284ad24a5ae5b6e1eed2b848477fa2a4787ba9adf39a41?s=96&d=mm&r=g","url":"https:\/\/secure.gravatar.com\/avatar\/c7164ed6fdec453195284ad24a5ae5b6e1eed2b848477fa2a4787ba9adf39a41?s=96&d=mm&r=g","contentUrl":"https:\/\/secure.gravatar.com\/avatar\/c7164ed6fdec453195284ad24a5ae5b6e1eed2b848477fa2a4787ba9adf39a41?s=96&d=mm&r=g","caption":"Redacci\u00f3n QP"},"url":"https:\/\/quehacerpolitico.mx\/?author=2"}]}},"featured_image_urls":{"full":["https:\/\/quehacerpolitico.mx\/wp-content\/uploads\/2021\/10\/6D714DED-8C4E-4E40-8945-7E1C215D1E29.jpeg",640,360,false],"thumbnail":["https:\/\/quehacerpolitico.mx\/wp-content\/uploads\/2021\/10\/6D714DED-8C4E-4E40-8945-7E1C215D1E29-150x150.jpeg",150,150,true],"medium":["https:\/\/quehacerpolitico.mx\/wp-content\/uploads\/2021\/10\/6D714DED-8C4E-4E40-8945-7E1C215D1E29-300x169.jpeg",300,169,true],"medium_large":["https:\/\/quehacerpolitico.mx\/wp-content\/uploads\/2021\/10\/6D714DED-8C4E-4E40-8945-7E1C215D1E29.jpeg",640,360,false],"large":["https:\/\/quehacerpolitico.mx\/wp-content\/uploads\/2021\/10\/6D714DED-8C4E-4E40-8945-7E1C215D1E29.jpeg",640,360,false],"1536x1536":["https:\/\/quehacerpolitico.mx\/wp-content\/uploads\/2021\/10\/6D714DED-8C4E-4E40-8945-7E1C215D1E29.jpeg",640,360,false],"2048x2048":["https:\/\/quehacerpolitico.mx\/wp-content\/uploads\/2021\/10\/6D714DED-8C4E-4E40-8945-7E1C215D1E29.jpeg",640,360,false],"covernews-featured":["https:\/\/quehacerpolitico.mx\/wp-content\/uploads\/2021\/10\/6D714DED-8C4E-4E40-8945-7E1C215D1E29.jpeg",640,360,false],"covernews-medium":["https:\/\/quehacerpolitico.mx\/wp-content\/uploads\/2021\/10\/6D714DED-8C4E-4E40-8945-7E1C215D1E29.jpeg",540,304,false]},"author_info":{"display_name":"Redacci\u00f3n QP","author_link":"https:\/\/quehacerpolitico.mx\/?author=2"},"category_info":"<a href=\"https:\/\/quehacerpolitico.mx\/?cat=56\" rel=\"category\">Econom\u00eda<\/a>","tag_info":"Econom\u00eda","comment_count":"0","_links":{"self":[{"href":"https:\/\/quehacerpolitico.mx\/index.php?rest_route=\/wp\/v2\/posts\/85469","targetHints":{"allow":["GET"]}}],"collection":[{"href":"https:\/\/quehacerpolitico.mx\/index.php?rest_route=\/wp\/v2\/posts"}],"about":[{"href":"https:\/\/quehacerpolitico.mx\/index.php?rest_route=\/wp\/v2\/types\/post"}],"author":[{"embeddable":true,"href":"https:\/\/quehacerpolitico.mx\/index.php?rest_route=\/wp\/v2\/users\/2"}],"replies":[{"embeddable":true,"href":"https:\/\/quehacerpolitico.mx\/index.php?rest_route=%2Fwp%2Fv2%2Fcomments&post=85469"}],"version-history":[{"count":1,"href":"https:\/\/quehacerpolitico.mx\/index.php?rest_route=\/wp\/v2\/posts\/85469\/revisions"}],"predecessor-version":[{"id":85471,"href":"https:\/\/quehacerpolitico.mx\/index.php?rest_route=\/wp\/v2\/posts\/85469\/revisions\/85471"}],"wp:featuredmedia":[{"embeddable":true,"href":"https:\/\/quehacerpolitico.mx\/index.php?rest_route=\/wp\/v2\/media\/85470"}],"wp:attachment":[{"href":"https:\/\/quehacerpolitico.mx\/index.php?rest_route=%2Fwp%2Fv2%2Fmedia&parent=85469"}],"wp:term":[{"taxonomy":"category","embeddable":true,"href":"https:\/\/quehacerpolitico.mx\/index.php?rest_route=%2Fwp%2Fv2%2Fcategories&post=85469"},{"taxonomy":"post_tag","embeddable":true,"href":"https:\/\/quehacerpolitico.mx\/index.php?rest_route=%2Fwp%2Fv2%2Ftags&post=85469"}],"curies":[{"name":"wp","href":"https:\/\/api.w.org\/{rel}","templated":true}]}}