{"id":8546,"date":"2018-11-05T15:37:38","date_gmt":"2018-11-05T15:37:38","guid":{"rendered":"http:\/\/quehacerpolitico.mx\/melquiades-sanchez-orozco-voz-oficial-del-estadio-azteca-fallece-a-los-90-anos\/"},"modified":"2018-11-05T15:37:38","modified_gmt":"2018-11-05T15:37:38","slug":"melquiades-sanchez-orozco-voz-oficial-del-estadio-azteca-fallece-a-los-90-anos","status":"publish","type":"post","link":"https:\/\/quehacerpolitico.mx\/?p=8546","title":{"rendered":"Melquiades S\u00e1nchez Orozco, voz oficial del Estadio Azteca, fallece a los 90 a\u00f1os"},"content":{"rendered":"<h1>Melquiades S\u00e1nchez Orozco, voz oficial del Estadio Azteca, fallece a los 90 a\u00f1os<\/h1>\n<p>Por Redacci\u00f3n QP<\/p>\n<p><strong>Melquiades S\u00e1nchez Orozco<\/strong>, el hombre que durante a\u00f1os fue la<strong> voz oficial<\/strong>del <strong>Estadio Azteca<\/strong> el d\u00eda de ayer a los 90 a\u00f1os de edad.<\/p>\n<p>Televisa Deportes confirmo la noticia durante su noticiero deportivo nocturno, aunque no ofreci\u00f3 mayores detalles al respecto.<\/p>\n<p><strong>S\u00e1nchez Orozco<\/strong> prest\u00f3 su voz al <strong>estadio azteca<\/strong> durante 52 a\u00f1os -desde su inauguraci\u00f3n en 1966-. Originario de Tepic, Nayarit, fue adem\u00e1s locutor, pintor y escritor.<\/p>\n<p>Su <strong>voz<\/strong> tambien era conocida por ofrecer mensajes de apoyo a la comunidad en el Canal 5 sobre personas desaparecidas.<\/p>\n<p><iframe loading=\"lazy\" title=\"Homenaje a Melquiades S\u00e1nchez Orozco\" width=\"640\" height=\"360\" src=\"https:\/\/www.youtube.com\/embed\/2Xqm5ntIzV8?feature=oembed\" frameborder=\"0\" allow=\"accelerometer; autoplay; clipboard-write; encrypted-media; gyroscope; picture-in-picture; web-share\" referrerpolicy=\"strict-origin-when-cross-origin\" allowfullscreen><\/iframe><\/p>\n<p>El pasado 24 de noviembre de 2017, el Am\u00e9rica le hab\u00eda realizado un homenaje en vida a <strong>Don Melquiades<\/strong> durante el medio tiempo del Cl\u00e1sico Joven entre Am\u00e9rica y Cruz Azul, en agradecimiento a su trayectoria.<\/p>\n<p>En redes sociales, La Liga MX lamento <strong>fallecimiento<\/strong> y envi\u00f3 sus condolencias a la familia de <strong>S\u00e1nchez Orozco.<\/strong><\/p>\n<blockquote class=\"twitter-tweet\" data-width=\"550\" data-dnt=\"true\">\n<p lang=\"es\" dir=\"ltr\">La LIGA MX \/ ASCENSO MX lamenta el fallecimiento de Don Melquiades S\u00e1nchez Orozco, leyenda del micr\u00f3fono que le dio vida a la voz del Estadio Azteca. <a href=\"https:\/\/t.co\/obAP57KoOa\">pic.twitter.com\/obAP57KoOa<\/a><\/p>\n<p>&mdash; Liga BBVA MX (@LigaBBVAMX) <a href=\"https:\/\/twitter.com\/LigaBBVAMX\/status\/1059344055941894144?ref_src=twsrc%5Etfw\">November 5, 2018<\/a><\/p><\/blockquote>\n<p><script async src=\"https:\/\/platform.twitter.com\/widgets.js\" charset=\"utf-8\"><\/script><\/p>\n<p>\u00a0<\/p>\n","protected":false},"excerpt":{"rendered":"<p>Melquiades S\u00e1nchez Orozco, voz oficial del Estadio Azteca, fallece a los 90 a\u00f1os<br \/>\nPor Redacci\u00f3n QP<\/p>\n","protected":false},"author":2,"featured_media":8545,"comment_status":"open","ping_status":"open","sticky":false,"template":"","format":"standard","meta":{"_monsterinsights_skip_tracking":false,"_monsterinsights_sitenote_active":false,"_monsterinsights_sitenote_note":"","_monsterinsights_sitenote_category":0,"footnotes":""},"categories":[54],"tags":[],"class_list":["post-8546","post","type-post","status-publish","format-standard","has-post-thumbnail","hentry","category-deportes"],"yoast_head":"<!-- This site is optimized with the Yoast SEO plugin v27.3 - https:\/\/yoast.com\/product\/yoast-seo-wordpress\/ -->\n<title>Melquiades S\u00e1nchez Orozco, voz oficial del Estadio Azteca, fallece a los 90 a\u00f1os -<\/title>\n<meta name=\"robots\" content=\"index, follow, max-snippet:-1, max-image-preview:large, max-video-preview:-1\" \/>\n<link rel=\"canonical\" href=\"https:\/\/quehacerpolitico.mx\/?p=8546\" \/>\n<meta property=\"og:locale\" content=\"es_MX\" \/>\n<meta property=\"og:type\" content=\"article\" \/>\n<meta property=\"og:title\" content=\"Melquiades S\u00e1nchez Orozco, voz oficial del Estadio Azteca, fallece a los 90 a\u00f1os -\" \/>\n<meta property=\"og:description\" content=\"Melquiades S\u00e1nchez Orozco, voz oficial del Estadio Azteca, fallece a los 90 a\u00f1os Por Redacci\u00f3n QP\" \/>\n<meta property=\"og:url\" content=\"https:\/\/quehacerpolitico.mx\/?p=8546\" \/>\n<meta property=\"article:published_time\" content=\"2018-11-05T15:37:38+00:00\" \/>\n<meta name=\"author\" content=\"Redacci\u00f3n QP\" \/>\n<meta name=\"twitter:card\" content=\"summary_large_image\" \/>\n<meta name=\"twitter:label1\" content=\"Escrito por\" \/>\n\t<meta name=\"twitter:data1\" content=\"Redacci\u00f3n QP\" \/>\n\t<meta name=\"twitter:label2\" content=\"Tiempo de lectura\" \/>\n\t<meta name=\"twitter:data2\" content=\"1 minuto\" \/>\n<script type=\"application\/ld+json\" class=\"yoast-schema-graph\">{\"@context\":\"https:\\\/\\\/schema.org\",\"@graph\":[{\"@type\":\"Article\",\"@id\":\"https:\\\/\\\/quehacerpolitico.mx\\\/?p=8546#article\",\"isPartOf\":{\"@id\":\"https:\\\/\\\/quehacerpolitico.mx\\\/?p=8546\"},\"author\":{\"name\":\"Redacci\u00f3n QP\",\"@id\":\"https:\\\/\\\/quehacerpolitico.mx\\\/#\\\/schema\\\/person\\\/496d8ad2d1d3f8036101dca7ee39e585\"},\"headline\":\"Melquiades S\u00e1nchez Orozco, voz oficial del Estadio Azteca, fallece a los 90 a\u00f1os\",\"datePublished\":\"2018-11-05T15:37:38+00:00\",\"mainEntityOfPage\":{\"@id\":\"https:\\\/\\\/quehacerpolitico.mx\\\/?p=8546\"},\"wordCount\":192,\"commentCount\":0,\"image\":{\"@id\":\"https:\\\/\\\/quehacerpolitico.mx\\\/?p=8546#primaryimage\"},\"thumbnailUrl\":\"\",\"articleSection\":[\"Deportes\"],\"inLanguage\":\"es\",\"potentialAction\":[{\"@type\":\"CommentAction\",\"name\":\"Comment\",\"target\":[\"https:\\\/\\\/quehacerpolitico.mx\\\/?p=8546#respond\"]}]},{\"@type\":\"WebPage\",\"@id\":\"https:\\\/\\\/quehacerpolitico.mx\\\/?p=8546\",\"url\":\"https:\\\/\\\/quehacerpolitico.mx\\\/?p=8546\",\"name\":\"Melquiades S\u00e1nchez Orozco, voz oficial del Estadio Azteca, fallece a los 90 a\u00f1os -\",\"isPartOf\":{\"@id\":\"https:\\\/\\\/quehacerpolitico.mx\\\/#website\"},\"primaryImageOfPage\":{\"@id\":\"https:\\\/\\\/quehacerpolitico.mx\\\/?p=8546#primaryimage\"},\"image\":{\"@id\":\"https:\\\/\\\/quehacerpolitico.mx\\\/?p=8546#primaryimage\"},\"thumbnailUrl\":\"\",\"datePublished\":\"2018-11-05T15:37:38+00:00\",\"author\":{\"@id\":\"https:\\\/\\\/quehacerpolitico.mx\\\/#\\\/schema\\\/person\\\/496d8ad2d1d3f8036101dca7ee39e585\"},\"breadcrumb\":{\"@id\":\"https:\\\/\\\/quehacerpolitico.mx\\\/?p=8546#breadcrumb\"},\"inLanguage\":\"es\",\"potentialAction\":[{\"@type\":\"ReadAction\",\"target\":[\"https:\\\/\\\/quehacerpolitico.mx\\\/?p=8546\"]}]},{\"@type\":\"ImageObject\",\"inLanguage\":\"es\",\"@id\":\"https:\\\/\\\/quehacerpolitico.mx\\\/?p=8546#primaryimage\",\"url\":\"\",\"contentUrl\":\"\"},{\"@type\":\"BreadcrumbList\",\"@id\":\"https:\\\/\\\/quehacerpolitico.mx\\\/?p=8546#breadcrumb\",\"itemListElement\":[{\"@type\":\"ListItem\",\"position\":1,\"name\":\"Inicio\",\"item\":\"https:\\\/\\\/quehacerpolitico.mx\\\/\"},{\"@type\":\"ListItem\",\"position\":2,\"name\":\"Melquiades S\u00e1nchez Orozco, voz oficial del Estadio Azteca, fallece a los 90 a\u00f1os\"}]},{\"@type\":\"WebSite\",\"@id\":\"https:\\\/\\\/quehacerpolitico.mx\\\/#website\",\"url\":\"https:\\\/\\\/quehacerpolitico.mx\\\/\",\"name\":\"\",\"description\":\"\",\"potentialAction\":[{\"@type\":\"SearchAction\",\"target\":{\"@type\":\"EntryPoint\",\"urlTemplate\":\"https:\\\/\\\/quehacerpolitico.mx\\\/?s={search_term_string}\"},\"query-input\":{\"@type\":\"PropertyValueSpecification\",\"valueRequired\":true,\"valueName\":\"search_term_string\"}}],\"inLanguage\":\"es\"},{\"@type\":\"Person\",\"@id\":\"https:\\\/\\\/quehacerpolitico.mx\\\/#\\\/schema\\\/person\\\/496d8ad2d1d3f8036101dca7ee39e585\",\"name\":\"Redacci\u00f3n QP\",\"image\":{\"@type\":\"ImageObject\",\"inLanguage\":\"es\",\"@id\":\"https:\\\/\\\/secure.gravatar.com\\\/avatar\\\/c7164ed6fdec453195284ad24a5ae5b6e1eed2b848477fa2a4787ba9adf39a41?s=96&d=mm&r=g\",\"url\":\"https:\\\/\\\/secure.gravatar.com\\\/avatar\\\/c7164ed6fdec453195284ad24a5ae5b6e1eed2b848477fa2a4787ba9adf39a41?s=96&d=mm&r=g\",\"contentUrl\":\"https:\\\/\\\/secure.gravatar.com\\\/avatar\\\/c7164ed6fdec453195284ad24a5ae5b6e1eed2b848477fa2a4787ba9adf39a41?s=96&d=mm&r=g\",\"caption\":\"Redacci\u00f3n QP\"},\"url\":\"https:\\\/\\\/quehacerpolitico.mx\\\/?author=2\"}]}<\/script>\n<!-- \/ Yoast SEO plugin. -->","yoast_head_json":{"title":"Melquiades S\u00e1nchez Orozco, voz oficial del Estadio Azteca, fallece a los 90 a\u00f1os -","robots":{"index":"index","follow":"follow","max-snippet":"max-snippet:-1","max-image-preview":"max-image-preview:large","max-video-preview":"max-video-preview:-1"},"canonical":"https:\/\/quehacerpolitico.mx\/?p=8546","og_locale":"es_MX","og_type":"article","og_title":"Melquiades S\u00e1nchez Orozco, voz oficial del Estadio Azteca, fallece a los 90 a\u00f1os -","og_description":"Melquiades S\u00e1nchez Orozco, voz oficial del Estadio Azteca, fallece a los 90 a\u00f1os Por Redacci\u00f3n QP","og_url":"https:\/\/quehacerpolitico.mx\/?p=8546","article_published_time":"2018-11-05T15:37:38+00:00","author":"Redacci\u00f3n QP","twitter_card":"summary_large_image","twitter_misc":{"Escrito por":"Redacci\u00f3n QP","Tiempo de lectura":"1 minuto"},"schema":{"@context":"https:\/\/schema.org","@graph":[{"@type":"Article","@id":"https:\/\/quehacerpolitico.mx\/?p=8546#article","isPartOf":{"@id":"https:\/\/quehacerpolitico.mx\/?p=8546"},"author":{"name":"Redacci\u00f3n QP","@id":"https:\/\/quehacerpolitico.mx\/#\/schema\/person\/496d8ad2d1d3f8036101dca7ee39e585"},"headline":"Melquiades S\u00e1nchez Orozco, voz oficial del Estadio Azteca, fallece a los 90 a\u00f1os","datePublished":"2018-11-05T15:37:38+00:00","mainEntityOfPage":{"@id":"https:\/\/quehacerpolitico.mx\/?p=8546"},"wordCount":192,"commentCount":0,"image":{"@id":"https:\/\/quehacerpolitico.mx\/?p=8546#primaryimage"},"thumbnailUrl":"","articleSection":["Deportes"],"inLanguage":"es","potentialAction":[{"@type":"CommentAction","name":"Comment","target":["https:\/\/quehacerpolitico.mx\/?p=8546#respond"]}]},{"@type":"WebPage","@id":"https:\/\/quehacerpolitico.mx\/?p=8546","url":"https:\/\/quehacerpolitico.mx\/?p=8546","name":"Melquiades S\u00e1nchez Orozco, voz oficial del Estadio Azteca, fallece a los 90 a\u00f1os -","isPartOf":{"@id":"https:\/\/quehacerpolitico.mx\/#website"},"primaryImageOfPage":{"@id":"https:\/\/quehacerpolitico.mx\/?p=8546#primaryimage"},"image":{"@id":"https:\/\/quehacerpolitico.mx\/?p=8546#primaryimage"},"thumbnailUrl":"","datePublished":"2018-11-05T15:37:38+00:00","author":{"@id":"https:\/\/quehacerpolitico.mx\/#\/schema\/person\/496d8ad2d1d3f8036101dca7ee39e585"},"breadcrumb":{"@id":"https:\/\/quehacerpolitico.mx\/?p=8546#breadcrumb"},"inLanguage":"es","potentialAction":[{"@type":"ReadAction","target":["https:\/\/quehacerpolitico.mx\/?p=8546"]}]},{"@type":"ImageObject","inLanguage":"es","@id":"https:\/\/quehacerpolitico.mx\/?p=8546#primaryimage","url":"","contentUrl":""},{"@type":"BreadcrumbList","@id":"https:\/\/quehacerpolitico.mx\/?p=8546#breadcrumb","itemListElement":[{"@type":"ListItem","position":1,"name":"Inicio","item":"https:\/\/quehacerpolitico.mx\/"},{"@type":"ListItem","position":2,"name":"Melquiades S\u00e1nchez Orozco, voz oficial del Estadio Azteca, fallece a los 90 a\u00f1os"}]},{"@type":"WebSite","@id":"https:\/\/quehacerpolitico.mx\/#website","url":"https:\/\/quehacerpolitico.mx\/","name":"","description":"","potentialAction":[{"@type":"SearchAction","target":{"@type":"EntryPoint","urlTemplate":"https:\/\/quehacerpolitico.mx\/?s={search_term_string}"},"query-input":{"@type":"PropertyValueSpecification","valueRequired":true,"valueName":"search_term_string"}}],"inLanguage":"es"},{"@type":"Person","@id":"https:\/\/quehacerpolitico.mx\/#\/schema\/person\/496d8ad2d1d3f8036101dca7ee39e585","name":"Redacci\u00f3n QP","image":{"@type":"ImageObject","inLanguage":"es","@id":"https:\/\/secure.gravatar.com\/avatar\/c7164ed6fdec453195284ad24a5ae5b6e1eed2b848477fa2a4787ba9adf39a41?s=96&d=mm&r=g","url":"https:\/\/secure.gravatar.com\/avatar\/c7164ed6fdec453195284ad24a5ae5b6e1eed2b848477fa2a4787ba9adf39a41?s=96&d=mm&r=g","contentUrl":"https:\/\/secure.gravatar.com\/avatar\/c7164ed6fdec453195284ad24a5ae5b6e1eed2b848477fa2a4787ba9adf39a41?s=96&d=mm&r=g","caption":"Redacci\u00f3n QP"},"url":"https:\/\/quehacerpolitico.mx\/?author=2"}]}},"featured_image_urls":{"full":"","thumbnail":"","medium":"","medium_large":"","large":"","1536x1536":"","2048x2048":"","covernews-featured":"","covernews-medium":""},"author_info":{"display_name":"Redacci\u00f3n QP","author_link":"https:\/\/quehacerpolitico.mx\/?author=2"},"category_info":"<a href=\"https:\/\/quehacerpolitico.mx\/?cat=54\" rel=\"category\">Deportes<\/a>","tag_info":"Deportes","comment_count":"0","_links":{"self":[{"href":"https:\/\/quehacerpolitico.mx\/index.php?rest_route=\/wp\/v2\/posts\/8546","targetHints":{"allow":["GET"]}}],"collection":[{"href":"https:\/\/quehacerpolitico.mx\/index.php?rest_route=\/wp\/v2\/posts"}],"about":[{"href":"https:\/\/quehacerpolitico.mx\/index.php?rest_route=\/wp\/v2\/types\/post"}],"author":[{"embeddable":true,"href":"https:\/\/quehacerpolitico.mx\/index.php?rest_route=\/wp\/v2\/users\/2"}],"replies":[{"embeddable":true,"href":"https:\/\/quehacerpolitico.mx\/index.php?rest_route=%2Fwp%2Fv2%2Fcomments&post=8546"}],"version-history":[{"count":0,"href":"https:\/\/quehacerpolitico.mx\/index.php?rest_route=\/wp\/v2\/posts\/8546\/revisions"}],"wp:featuredmedia":[{"embeddable":true,"href":"https:\/\/quehacerpolitico.mx\/index.php?rest_route=\/"}],"wp:attachment":[{"href":"https:\/\/quehacerpolitico.mx\/index.php?rest_route=%2Fwp%2Fv2%2Fmedia&parent=8546"}],"wp:term":[{"taxonomy":"category","embeddable":true,"href":"https:\/\/quehacerpolitico.mx\/index.php?rest_route=%2Fwp%2Fv2%2Fcategories&post=8546"},{"taxonomy":"post_tag","embeddable":true,"href":"https:\/\/quehacerpolitico.mx\/index.php?rest_route=%2Fwp%2Fv2%2Ftags&post=8546"}],"curies":[{"name":"wp","href":"https:\/\/api.w.org\/{rel}","templated":true}]}}