{"id":85453,"date":"2021-10-06T17:25:29","date_gmt":"2021-10-06T17:25:29","guid":{"rendered":"https:\/\/quehacerpolitico.mx\/?p=85453"},"modified":"2021-10-06T17:25:31","modified_gmt":"2021-10-06T17:25:31","slug":"cierran-autopista-mexico-queretaro-por-fuga-de-gas-en-ducto-de-pemex","status":"publish","type":"post","link":"https:\/\/quehacerpolitico.mx\/?p=85453","title":{"rendered":"Cierran autopista M\u00e9xico-Quer\u00e9taro por fuga de gas en ducto de Pemex"},"content":{"rendered":"\n<p>Por Redacci\u00f3n QP<\/p>\n\n\n\n<p>El reporte sobre la fuga de gas ocurri\u00f3 la noche de ayer martes; evacuaron a m\u00e1s de 260 familias del municipio de Tepeji del R\u00edo<\/p>\n\n\n\n<p>La autopista M\u00e9xico-Quer\u00e9taro, fue cerrada a la circulaci\u00f3n por una fuga de gas en un ducto de Pemex, ubicado en la comunidad de Santa Ana Azcapotzaltongo, en el municipio de Tepeji del R\u00edo.<\/p>\n\n\n\n<figure class=\"wp-block-embed is-type-rich is-provider-twitter wp-block-embed-twitter\"><div class=\"wp-block-embed__wrapper\">\nhttps:\/\/twitter.com\/mreldiablo8\/status\/1445729676207345670?s=21\n<\/div><\/figure>\n\n\n\n<p>De acuerdo con Pemex, alrededor de las 11 de la noche se recibi\u00f3 de Control M\u00e9xico\u00a0<strong>una alerta de una toma clandestina en el kil\u00f3metro 759 del sistema LPG que transporta gas a toda la Rep\u00fablica<\/strong>.<\/p>\n\n\n\n<p>Ante ello se aplicaron los protocolos, sin embargo, hay una nube de gas que no se ha podido disipar por las condiciones climatol\u00f3gicas.<\/p>\n\n\n\n<figure class=\"wp-block-embed is-type-rich is-provider-twitter wp-block-embed-twitter\"><div class=\"wp-block-embed__wrapper\">\n<blockquote class=\"twitter-tweet\" data-width=\"550\" data-dnt=\"true\"><p lang=\"es\" dir=\"ltr\">\ud83d\udea8A las 22:00h de ayer, <a href=\"https:\/\/twitter.com\/hashtag\/Protecci%C3%B3nCivil?src=hash&amp;ref_src=twsrc%5Etfw\">#Protecci\u00f3nCivil<\/a> de <a href=\"https:\/\/twitter.com\/hashtag\/TepejiDelR%C3%ADo?src=hash&amp;ref_src=twsrc%5Etfw\">#TepejiDelR\u00edo<\/a>, <a href=\"https:\/\/twitter.com\/hashtag\/HGO?src=hash&amp;ref_src=twsrc%5Etfw\">#HGO<\/a>, tuvo conocimiento de una <a href=\"https:\/\/twitter.com\/hashtag\/Fuga?src=hash&amp;ref_src=twsrc%5Etfw\">#Fuga<\/a> de <a href=\"https:\/\/twitter.com\/hashtag\/GasLP?src=hash&amp;ref_src=twsrc%5Etfw\">#GasLP<\/a> en la crta. M\u00e9xico-Quer\u00e9taro a la altura de Santa Ana Atzcapotzaltongo. En sitio se encuentra <a href=\"https:\/\/twitter.com\/Pemex?ref_src=twsrc%5Etfw\">@Pemex<\/a>,<a href=\"https:\/\/twitter.com\/SSPCyGRHgo?ref_src=twsrc%5Etfw\">@SSPCyGRHgo<\/a>,<a href=\"https:\/\/twitter.com\/SEDENAmx?ref_src=twsrc%5Etfw\">@SEDENAmx<\/a>,<a href=\"https:\/\/twitter.com\/GN_MEXICO_?ref_src=twsrc%5Etfw\">@GN_MEXICO_<\/a> y bomberos.<br><br>\u26a0\ufe0fNO te acerques a la zona <a href=\"https:\/\/t.co\/ZfJGjHwdNu\">pic.twitter.com\/ZfJGjHwdNu<\/a><\/p>&mdash; Coordinaci\u00f3n Nacional de Protecci\u00f3n Civil (@CNPC_MX) <a href=\"https:\/\/twitter.com\/CNPC_MX\/status\/1445620543932166146?ref_src=twsrc%5Etfw\">October 6, 2021<\/a><\/blockquote><script async src=\"https:\/\/platform.twitter.com\/widgets.js\" charset=\"utf-8\"><\/script>\n<\/div><\/figure>\n\n\n\n<p>Se se\u00f1al\u00f3 que el riesgo es latente, pero se encuentra controlado.<\/p>\n\n\n\n<p>Un total de 259 familias fueron evacuadas de sus hogares y se cerr\u00f3 la autopista M\u00e9xico- Quer\u00e9taro en ambas direcciones, debido a la fuga de gas de.<\/p>\n\n\n\n<p>El alcalde de ese lugar, Salvador Jim\u00e9nez Calzadilla y el secretario de la Contralor\u00eda qui\u00e9n funge como enlace del gobierno estatal en ese municipio mantienen los trabajos de ayuda a la poblaci\u00f3n.<\/p>\n\n\n\n<figure class=\"wp-block-embed is-type-rich is-provider-twitter wp-block-embed-twitter\"><div class=\"wp-block-embed__wrapper\">\n<blockquote class=\"twitter-tweet\" data-width=\"550\" data-dnt=\"true\"><p lang=\"es\" dir=\"ltr\">En <a href=\"https:\/\/twitter.com\/hashtag\/EdoMex?src=hash&amp;ref_src=twsrc%5Etfw\">#EdoMex<\/a> e <a href=\"https:\/\/twitter.com\/hashtag\/Hidalgo?src=hash&amp;ref_src=twsrc%5Etfw\">#Hidalgo<\/a> tras restablecerse la circulaci\u00f3n, personal de <a href=\"https:\/\/twitter.com\/GN_MEXICO_?ref_src=twsrc%5Etfw\">@GN_Mexico_<\/a> implementa Operativo Carrusel en la autopista (1720) M\u00e9xico-Quer\u00e9taro (directo), mismo tramo. Disminuya su velocidad y atienda indicaci\u00f3n vial <a href=\"https:\/\/t.co\/IaCajQZLMz\">pic.twitter.com\/IaCajQZLMz<\/a><\/p>&mdash; Guardia Nacional Carreteras (@GN_Carreteras) <a href=\"https:\/\/twitter.com\/GN_Carreteras\/status\/1445797272885760006?ref_src=twsrc%5Etfw\">October 6, 2021<\/a><\/blockquote><script async src=\"https:\/\/platform.twitter.com\/widgets.js\" charset=\"utf-8\"><\/script>\n<\/div><\/figure>\n\n\n\n<p><strong>De igual manera se pidi\u00f3 a los habitantes de la zona no salir de sus domicilios<\/strong>, cerrar puertas y ventanas a su c\u00f3mo cortar el suministro de gas y se realiz\u00f3 el corte de energ\u00eda el\u00e9ctrica por parte de la CFE.<\/p>\n\n\n\n<figure class=\"wp-block-embed is-type-rich is-provider-twitter wp-block-embed-twitter\"><div class=\"wp-block-embed__wrapper\">\n<blockquote class=\"twitter-tweet\" data-width=\"550\" data-dnt=\"true\"><p lang=\"es\" dir=\"ltr\">\u26a0\ufe0f AVISO IMPORTANTE \u26a0\ufe0f<a href=\"https:\/\/twitter.com\/hashtag\/AutM%C3%A9xicoQuer%C3%A9taro?src=hash&amp;ref_src=twsrc%5Etfw\">#AutM\u00e9xicoQuer\u00e9taro<\/a>, km 76. Se restablece la circulaci\u00f3n en la zona. El incidente ha sido atendido. Se registra carga vehicular intensa en ambas direcciones. Atienda las indicaciones viales.<\/p>&mdash; CAPUFE (@CAPUFE) <a href=\"https:\/\/twitter.com\/CAPUFE\/status\/1445780203179950083?ref_src=twsrc%5Etfw\">October 6, 2021<\/a><\/blockquote><script async src=\"https:\/\/platform.twitter.com\/widgets.js\" charset=\"utf-8\"><\/script>\n<\/div><\/figure>\n\n\n\n<p>Con Informaci\u00f3n de SUN <\/p>\n","protected":false},"excerpt":{"rendered":"<p>Por Redacci\u00f3n QP El reporte sobre la fuga de gas ocurri\u00f3 la noche de ayer&#8230;<\/p>\n","protected":false},"author":2,"featured_media":85454,"comment_status":"open","ping_status":"open","sticky":false,"template":"","format":"standard","meta":{"_monsterinsights_skip_tracking":false,"_monsterinsights_sitenote_active":false,"_monsterinsights_sitenote_note":"","_monsterinsights_sitenote_category":0,"footnotes":""},"categories":[2],"tags":[],"class_list":["post-85453","post","type-post","status-publish","format-standard","has-post-thumbnail","hentry","category-noticias"],"yoast_head":"<!-- This site is optimized with the Yoast SEO plugin v27.3 - https:\/\/yoast.com\/product\/yoast-seo-wordpress\/ -->\n<title>Cierran autopista M\u00e9xico-Quer\u00e9taro por fuga de gas en ducto de Pemex -<\/title>\n<meta name=\"robots\" content=\"index, follow, max-snippet:-1, max-image-preview:large, max-video-preview:-1\" \/>\n<link rel=\"canonical\" href=\"https:\/\/quehacerpolitico.mx\/?p=85453\" \/>\n<meta property=\"og:locale\" content=\"es_MX\" \/>\n<meta property=\"og:type\" content=\"article\" \/>\n<meta property=\"og:title\" content=\"Cierran autopista M\u00e9xico-Quer\u00e9taro por fuga de gas en ducto de Pemex -\" \/>\n<meta property=\"og:description\" content=\"Por Redacci\u00f3n QP El reporte sobre la fuga de gas ocurri\u00f3 la noche de ayer...\" \/>\n<meta property=\"og:url\" content=\"https:\/\/quehacerpolitico.mx\/?p=85453\" \/>\n<meta property=\"article:published_time\" content=\"2021-10-06T17:25:29+00:00\" \/>\n<meta property=\"article:modified_time\" content=\"2021-10-06T17:25:31+00:00\" \/>\n<meta property=\"og:image\" content=\"https:\/\/quehacerpolitico.mx\/wp-content\/uploads\/2021\/10\/BFA338E6-4A2F-4A59-9E34-DDE090FCBD4A.jpeg\" \/>\n\t<meta property=\"og:image:width\" content=\"1200\" \/>\n\t<meta property=\"og:image:height\" content=\"600\" \/>\n\t<meta property=\"og:image:type\" content=\"image\/jpeg\" \/>\n<meta name=\"author\" content=\"Redacci\u00f3n QP\" \/>\n<meta name=\"twitter:card\" content=\"summary_large_image\" \/>\n<meta name=\"twitter:label1\" content=\"Escrito por\" \/>\n\t<meta name=\"twitter:data1\" content=\"Redacci\u00f3n QP\" \/>\n\t<meta name=\"twitter:label2\" content=\"Tiempo de lectura\" \/>\n\t<meta name=\"twitter:data2\" content=\"1 minuto\" \/>\n<script type=\"application\/ld+json\" class=\"yoast-schema-graph\">{\"@context\":\"https:\\\/\\\/schema.org\",\"@graph\":[{\"@type\":\"Article\",\"@id\":\"https:\\\/\\\/quehacerpolitico.mx\\\/?p=85453#article\",\"isPartOf\":{\"@id\":\"https:\\\/\\\/quehacerpolitico.mx\\\/?p=85453\"},\"author\":{\"name\":\"Redacci\u00f3n QP\",\"@id\":\"https:\\\/\\\/quehacerpolitico.mx\\\/#\\\/schema\\\/person\\\/496d8ad2d1d3f8036101dca7ee39e585\"},\"headline\":\"Cierran autopista M\u00e9xico-Quer\u00e9taro por fuga de gas en ducto de Pemex\",\"datePublished\":\"2021-10-06T17:25:29+00:00\",\"dateModified\":\"2021-10-06T17:25:31+00:00\",\"mainEntityOfPage\":{\"@id\":\"https:\\\/\\\/quehacerpolitico.mx\\\/?p=85453\"},\"wordCount\":292,\"commentCount\":0,\"image\":{\"@id\":\"https:\\\/\\\/quehacerpolitico.mx\\\/?p=85453#primaryimage\"},\"thumbnailUrl\":\"https:\\\/\\\/quehacerpolitico.mx\\\/wp-content\\\/uploads\\\/2021\\\/10\\\/BFA338E6-4A2F-4A59-9E34-DDE090FCBD4A.jpeg\",\"articleSection\":[\"Noticias\"],\"inLanguage\":\"es\",\"potentialAction\":[{\"@type\":\"CommentAction\",\"name\":\"Comment\",\"target\":[\"https:\\\/\\\/quehacerpolitico.mx\\\/?p=85453#respond\"]}]},{\"@type\":\"WebPage\",\"@id\":\"https:\\\/\\\/quehacerpolitico.mx\\\/?p=85453\",\"url\":\"https:\\\/\\\/quehacerpolitico.mx\\\/?p=85453\",\"name\":\"Cierran autopista M\u00e9xico-Quer\u00e9taro por fuga de gas en ducto de Pemex -\",\"isPartOf\":{\"@id\":\"https:\\\/\\\/quehacerpolitico.mx\\\/#website\"},\"primaryImageOfPage\":{\"@id\":\"https:\\\/\\\/quehacerpolitico.mx\\\/?p=85453#primaryimage\"},\"image\":{\"@id\":\"https:\\\/\\\/quehacerpolitico.mx\\\/?p=85453#primaryimage\"},\"thumbnailUrl\":\"https:\\\/\\\/quehacerpolitico.mx\\\/wp-content\\\/uploads\\\/2021\\\/10\\\/BFA338E6-4A2F-4A59-9E34-DDE090FCBD4A.jpeg\",\"datePublished\":\"2021-10-06T17:25:29+00:00\",\"dateModified\":\"2021-10-06T17:25:31+00:00\",\"author\":{\"@id\":\"https:\\\/\\\/quehacerpolitico.mx\\\/#\\\/schema\\\/person\\\/496d8ad2d1d3f8036101dca7ee39e585\"},\"breadcrumb\":{\"@id\":\"https:\\\/\\\/quehacerpolitico.mx\\\/?p=85453#breadcrumb\"},\"inLanguage\":\"es\",\"potentialAction\":[{\"@type\":\"ReadAction\",\"target\":[\"https:\\\/\\\/quehacerpolitico.mx\\\/?p=85453\"]}]},{\"@type\":\"ImageObject\",\"inLanguage\":\"es\",\"@id\":\"https:\\\/\\\/quehacerpolitico.mx\\\/?p=85453#primaryimage\",\"url\":\"https:\\\/\\\/quehacerpolitico.mx\\\/wp-content\\\/uploads\\\/2021\\\/10\\\/BFA338E6-4A2F-4A59-9E34-DDE090FCBD4A.jpeg\",\"contentUrl\":\"https:\\\/\\\/quehacerpolitico.mx\\\/wp-content\\\/uploads\\\/2021\\\/10\\\/BFA338E6-4A2F-4A59-9E34-DDE090FCBD4A.jpeg\",\"width\":1200,\"height\":600},{\"@type\":\"BreadcrumbList\",\"@id\":\"https:\\\/\\\/quehacerpolitico.mx\\\/?p=85453#breadcrumb\",\"itemListElement\":[{\"@type\":\"ListItem\",\"position\":1,\"name\":\"Inicio\",\"item\":\"https:\\\/\\\/quehacerpolitico.mx\\\/\"},{\"@type\":\"ListItem\",\"position\":2,\"name\":\"Cierran autopista M\u00e9xico-Quer\u00e9taro por fuga de gas en ducto de Pemex\"}]},{\"@type\":\"WebSite\",\"@id\":\"https:\\\/\\\/quehacerpolitico.mx\\\/#website\",\"url\":\"https:\\\/\\\/quehacerpolitico.mx\\\/\",\"name\":\"\",\"description\":\"\",\"potentialAction\":[{\"@type\":\"SearchAction\",\"target\":{\"@type\":\"EntryPoint\",\"urlTemplate\":\"https:\\\/\\\/quehacerpolitico.mx\\\/?s={search_term_string}\"},\"query-input\":{\"@type\":\"PropertyValueSpecification\",\"valueRequired\":true,\"valueName\":\"search_term_string\"}}],\"inLanguage\":\"es\"},{\"@type\":\"Person\",\"@id\":\"https:\\\/\\\/quehacerpolitico.mx\\\/#\\\/schema\\\/person\\\/496d8ad2d1d3f8036101dca7ee39e585\",\"name\":\"Redacci\u00f3n QP\",\"image\":{\"@type\":\"ImageObject\",\"inLanguage\":\"es\",\"@id\":\"https:\\\/\\\/secure.gravatar.com\\\/avatar\\\/c7164ed6fdec453195284ad24a5ae5b6e1eed2b848477fa2a4787ba9adf39a41?s=96&d=mm&r=g\",\"url\":\"https:\\\/\\\/secure.gravatar.com\\\/avatar\\\/c7164ed6fdec453195284ad24a5ae5b6e1eed2b848477fa2a4787ba9adf39a41?s=96&d=mm&r=g\",\"contentUrl\":\"https:\\\/\\\/secure.gravatar.com\\\/avatar\\\/c7164ed6fdec453195284ad24a5ae5b6e1eed2b848477fa2a4787ba9adf39a41?s=96&d=mm&r=g\",\"caption\":\"Redacci\u00f3n QP\"},\"url\":\"https:\\\/\\\/quehacerpolitico.mx\\\/?author=2\"}]}<\/script>\n<!-- \/ Yoast SEO plugin. -->","yoast_head_json":{"title":"Cierran autopista M\u00e9xico-Quer\u00e9taro por fuga de gas en ducto de Pemex -","robots":{"index":"index","follow":"follow","max-snippet":"max-snippet:-1","max-image-preview":"max-image-preview:large","max-video-preview":"max-video-preview:-1"},"canonical":"https:\/\/quehacerpolitico.mx\/?p=85453","og_locale":"es_MX","og_type":"article","og_title":"Cierran autopista M\u00e9xico-Quer\u00e9taro por fuga de gas en ducto de Pemex -","og_description":"Por Redacci\u00f3n QP El reporte sobre la fuga de gas ocurri\u00f3 la noche de ayer...","og_url":"https:\/\/quehacerpolitico.mx\/?p=85453","article_published_time":"2021-10-06T17:25:29+00:00","article_modified_time":"2021-10-06T17:25:31+00:00","og_image":[{"width":1200,"height":600,"url":"https:\/\/quehacerpolitico.mx\/wp-content\/uploads\/2021\/10\/BFA338E6-4A2F-4A59-9E34-DDE090FCBD4A.jpeg","type":"image\/jpeg"}],"author":"Redacci\u00f3n QP","twitter_card":"summary_large_image","twitter_misc":{"Escrito por":"Redacci\u00f3n QP","Tiempo de lectura":"1 minuto"},"schema":{"@context":"https:\/\/schema.org","@graph":[{"@type":"Article","@id":"https:\/\/quehacerpolitico.mx\/?p=85453#article","isPartOf":{"@id":"https:\/\/quehacerpolitico.mx\/?p=85453"},"author":{"name":"Redacci\u00f3n QP","@id":"https:\/\/quehacerpolitico.mx\/#\/schema\/person\/496d8ad2d1d3f8036101dca7ee39e585"},"headline":"Cierran autopista M\u00e9xico-Quer\u00e9taro por fuga de gas en ducto de Pemex","datePublished":"2021-10-06T17:25:29+00:00","dateModified":"2021-10-06T17:25:31+00:00","mainEntityOfPage":{"@id":"https:\/\/quehacerpolitico.mx\/?p=85453"},"wordCount":292,"commentCount":0,"image":{"@id":"https:\/\/quehacerpolitico.mx\/?p=85453#primaryimage"},"thumbnailUrl":"https:\/\/quehacerpolitico.mx\/wp-content\/uploads\/2021\/10\/BFA338E6-4A2F-4A59-9E34-DDE090FCBD4A.jpeg","articleSection":["Noticias"],"inLanguage":"es","potentialAction":[{"@type":"CommentAction","name":"Comment","target":["https:\/\/quehacerpolitico.mx\/?p=85453#respond"]}]},{"@type":"WebPage","@id":"https:\/\/quehacerpolitico.mx\/?p=85453","url":"https:\/\/quehacerpolitico.mx\/?p=85453","name":"Cierran autopista M\u00e9xico-Quer\u00e9taro por fuga de gas en ducto de Pemex -","isPartOf":{"@id":"https:\/\/quehacerpolitico.mx\/#website"},"primaryImageOfPage":{"@id":"https:\/\/quehacerpolitico.mx\/?p=85453#primaryimage"},"image":{"@id":"https:\/\/quehacerpolitico.mx\/?p=85453#primaryimage"},"thumbnailUrl":"https:\/\/quehacerpolitico.mx\/wp-content\/uploads\/2021\/10\/BFA338E6-4A2F-4A59-9E34-DDE090FCBD4A.jpeg","datePublished":"2021-10-06T17:25:29+00:00","dateModified":"2021-10-06T17:25:31+00:00","author":{"@id":"https:\/\/quehacerpolitico.mx\/#\/schema\/person\/496d8ad2d1d3f8036101dca7ee39e585"},"breadcrumb":{"@id":"https:\/\/quehacerpolitico.mx\/?p=85453#breadcrumb"},"inLanguage":"es","potentialAction":[{"@type":"ReadAction","target":["https:\/\/quehacerpolitico.mx\/?p=85453"]}]},{"@type":"ImageObject","inLanguage":"es","@id":"https:\/\/quehacerpolitico.mx\/?p=85453#primaryimage","url":"https:\/\/quehacerpolitico.mx\/wp-content\/uploads\/2021\/10\/BFA338E6-4A2F-4A59-9E34-DDE090FCBD4A.jpeg","contentUrl":"https:\/\/quehacerpolitico.mx\/wp-content\/uploads\/2021\/10\/BFA338E6-4A2F-4A59-9E34-DDE090FCBD4A.jpeg","width":1200,"height":600},{"@type":"BreadcrumbList","@id":"https:\/\/quehacerpolitico.mx\/?p=85453#breadcrumb","itemListElement":[{"@type":"ListItem","position":1,"name":"Inicio","item":"https:\/\/quehacerpolitico.mx\/"},{"@type":"ListItem","position":2,"name":"Cierran autopista M\u00e9xico-Quer\u00e9taro por fuga de gas en ducto de Pemex"}]},{"@type":"WebSite","@id":"https:\/\/quehacerpolitico.mx\/#website","url":"https:\/\/quehacerpolitico.mx\/","name":"","description":"","potentialAction":[{"@type":"SearchAction","target":{"@type":"EntryPoint","urlTemplate":"https:\/\/quehacerpolitico.mx\/?s={search_term_string}"},"query-input":{"@type":"PropertyValueSpecification","valueRequired":true,"valueName":"search_term_string"}}],"inLanguage":"es"},{"@type":"Person","@id":"https:\/\/quehacerpolitico.mx\/#\/schema\/person\/496d8ad2d1d3f8036101dca7ee39e585","name":"Redacci\u00f3n QP","image":{"@type":"ImageObject","inLanguage":"es","@id":"https:\/\/secure.gravatar.com\/avatar\/c7164ed6fdec453195284ad24a5ae5b6e1eed2b848477fa2a4787ba9adf39a41?s=96&d=mm&r=g","url":"https:\/\/secure.gravatar.com\/avatar\/c7164ed6fdec453195284ad24a5ae5b6e1eed2b848477fa2a4787ba9adf39a41?s=96&d=mm&r=g","contentUrl":"https:\/\/secure.gravatar.com\/avatar\/c7164ed6fdec453195284ad24a5ae5b6e1eed2b848477fa2a4787ba9adf39a41?s=96&d=mm&r=g","caption":"Redacci\u00f3n QP"},"url":"https:\/\/quehacerpolitico.mx\/?author=2"}]}},"featured_image_urls":{"full":["https:\/\/quehacerpolitico.mx\/wp-content\/uploads\/2021\/10\/BFA338E6-4A2F-4A59-9E34-DDE090FCBD4A.jpeg",1200,600,false],"thumbnail":["https:\/\/quehacerpolitico.mx\/wp-content\/uploads\/2021\/10\/BFA338E6-4A2F-4A59-9E34-DDE090FCBD4A-150x150.jpeg",150,150,true],"medium":["https:\/\/quehacerpolitico.mx\/wp-content\/uploads\/2021\/10\/BFA338E6-4A2F-4A59-9E34-DDE090FCBD4A-300x150.jpeg",300,150,true],"medium_large":["https:\/\/quehacerpolitico.mx\/wp-content\/uploads\/2021\/10\/BFA338E6-4A2F-4A59-9E34-DDE090FCBD4A-768x384.jpeg",640,320,true],"large":["https:\/\/quehacerpolitico.mx\/wp-content\/uploads\/2021\/10\/BFA338E6-4A2F-4A59-9E34-DDE090FCBD4A-1024x512.jpeg",640,320,true],"1536x1536":["https:\/\/quehacerpolitico.mx\/wp-content\/uploads\/2021\/10\/BFA338E6-4A2F-4A59-9E34-DDE090FCBD4A.jpeg",1200,600,false],"2048x2048":["https:\/\/quehacerpolitico.mx\/wp-content\/uploads\/2021\/10\/BFA338E6-4A2F-4A59-9E34-DDE090FCBD4A.jpeg",1200,600,false],"covernews-featured":["https:\/\/quehacerpolitico.mx\/wp-content\/uploads\/2021\/10\/BFA338E6-4A2F-4A59-9E34-DDE090FCBD4A.jpeg",1024,512,false],"covernews-medium":["https:\/\/quehacerpolitico.mx\/wp-content\/uploads\/2021\/10\/BFA338E6-4A2F-4A59-9E34-DDE090FCBD4A.jpeg",540,270,false]},"author_info":{"display_name":"Redacci\u00f3n QP","author_link":"https:\/\/quehacerpolitico.mx\/?author=2"},"category_info":"<a href=\"https:\/\/quehacerpolitico.mx\/?cat=2\" rel=\"category\">Noticias<\/a>","tag_info":"Noticias","comment_count":"0","_links":{"self":[{"href":"https:\/\/quehacerpolitico.mx\/index.php?rest_route=\/wp\/v2\/posts\/85453","targetHints":{"allow":["GET"]}}],"collection":[{"href":"https:\/\/quehacerpolitico.mx\/index.php?rest_route=\/wp\/v2\/posts"}],"about":[{"href":"https:\/\/quehacerpolitico.mx\/index.php?rest_route=\/wp\/v2\/types\/post"}],"author":[{"embeddable":true,"href":"https:\/\/quehacerpolitico.mx\/index.php?rest_route=\/wp\/v2\/users\/2"}],"replies":[{"embeddable":true,"href":"https:\/\/quehacerpolitico.mx\/index.php?rest_route=%2Fwp%2Fv2%2Fcomments&post=85453"}],"version-history":[{"count":1,"href":"https:\/\/quehacerpolitico.mx\/index.php?rest_route=\/wp\/v2\/posts\/85453\/revisions"}],"predecessor-version":[{"id":85455,"href":"https:\/\/quehacerpolitico.mx\/index.php?rest_route=\/wp\/v2\/posts\/85453\/revisions\/85455"}],"wp:featuredmedia":[{"embeddable":true,"href":"https:\/\/quehacerpolitico.mx\/index.php?rest_route=\/wp\/v2\/media\/85454"}],"wp:attachment":[{"href":"https:\/\/quehacerpolitico.mx\/index.php?rest_route=%2Fwp%2Fv2%2Fmedia&parent=85453"}],"wp:term":[{"taxonomy":"category","embeddable":true,"href":"https:\/\/quehacerpolitico.mx\/index.php?rest_route=%2Fwp%2Fv2%2Fcategories&post=85453"},{"taxonomy":"post_tag","embeddable":true,"href":"https:\/\/quehacerpolitico.mx\/index.php?rest_route=%2Fwp%2Fv2%2Ftags&post=85453"}],"curies":[{"name":"wp","href":"https:\/\/api.w.org\/{rel}","templated":true}]}}