{"id":85448,"date":"2021-10-06T17:00:21","date_gmt":"2021-10-06T17:00:21","guid":{"rendered":"https:\/\/quehacerpolitico.mx\/?p=85448"},"modified":"2021-10-06T17:03:47","modified_gmt":"2021-10-06T17:03:47","slug":"dobleces-israel-mendoza-perez-la-mala-cara-del-sat","status":"publish","type":"post","link":"https:\/\/quehacerpolitico.mx\/?p=85448","title":{"rendered":"Dobleces\/\/\/Israel Mendoza P\u00e9rez\/\/\/La mala cara del SAT"},"content":{"rendered":"\n<p>Por Israel Mendoza P\u00e9rez <\/p>\n\n\n\n<p>Sin dar un resultado contundente en los ochos meses al frente del&nbsp;Servicio de Administraci\u00f3n Tributaria (SAT), Raquel Buenrostro se encuentra sumida y secuestrada por una burocracia interna que aprendi\u00f3 a no darle m\u00e1s explicaciones que, las suficientes para que d\u00e9 la vuelta a diversos asuntos y deje en manos de los trabajadores ocuparse de ello.<\/p>\n\n\n\n<p>Su equipo de trabajo, apodado la burbuja&nbsp;\u2014por estar el mayor tiempo encerrados en reuniones de trabajo\u2014, y ella son relegados de manera sutil.<\/p>\n\n\n\n<p>En el intrincado enredo burocr\u00e1tico en el que se encuentra Raquel Buenrostro hay varias aristas. La burocracia la mueve a su antojo, Enrique Romero S\u00e1nchez, secretario general del Comit\u00e9 Ejecutivo del Sindicato Nacional de Trabajadores de la secretar\u00eda de Hacienda y el SAT.&nbsp;<\/p>\n\n\n\n<p>Por sus manos pasan decisiones que rebasan a Raquel Buenrostro pero ella s\u00f3lo es el rostro y el maquillaje de una dependencia compleja.<\/p>\n\n\n\n<p>Incluso, por la concentraci\u00f3n de poder de Romero y las omisiones de Buenrostro se dejaron pasar asuntos que trastocan los ideales moralizadores de la administraci\u00f3n p\u00fablica por parte de la cuatrot\u00e9. Un caso es el del nulo control en el \u00e1rea de las contrataciones del personal que al interior del SAT contin\u00faan.<\/p>\n\n\n\n<p>Ahora sale a relucir el nombre de Javier S\u00e1nchez Zerme\u00f1o quien es actualmente funcionario de la Administraci\u00f3n de Certificados y Asuntos Internacionales de Auditor\u00eda de Comercio Exterior 3, dicho personaje tiene un oscuro pasado el cual lo llev\u00f3 hasta el penal de Puente Grande.<\/p>\n\n\n\n<p>Hace 10 a\u00f1os, durante una diligencia de embargo en una tienda de abarrotes ubicada en Lagos de Moreno, S\u00e1nchez Zerme\u00f1o, quien se desempe\u00f1aba como&nbsp;jefe del Departamento de Garant\u00edas y Remates del Servicio de Administraci\u00f3n Tributaria (SAT) de Guadalajara Sur&nbsp;ejerci\u00f3 violencia f\u00edsica y verbal sin causa leg\u00edtima en contra de una mujer, quien era la due\u00f1a del lugar, el hecho fue evidenciado por testigos ante el Ministerio P\u00fablico Federal. Incluso, pis\u00f3 la prisi\u00f3n de Puente Grande.<\/p>\n\n\n\n<p>Ahora, regres\u00f3 al SAT pero despacha desde las oficinas centrales de la CDMX. Su expediente, no fue revisado con lupa y desde la c\u00fapula del sindicato que encabeza Enrique Romero S\u00e1nchez hubo silencio y se dej\u00f3 pasar a este bur\u00f3crata que, ahora, es el dolor de cabeza de \u201cla burbuja\u201d y de Raquel Buenrostro ya que sofistic\u00f3 sus movimientos al interior de la dependencia para colarse. Sin embargo, la quejas por parte de sus subalternos son reflejo de la serie de omisiones.<\/p>\n\n\n\n<p>De acuerdo con los afectados que trabajan con \u00e9l, son las mujeres ya que sobre ellas ejerce abuso de poder. En redes sociales Javier S\u00e1nchez ha sido denunciado por tener bebidas alcoh\u00f3licas al interior de su oficina, lo cual no parece ser un impedimento m\u00e1s para que contin\u00fae en un organismo de vital importancia.<\/p>\n\n\n\n<p>Parte central del problema radica en la selecci\u00f3n del personal, y en el conflicto existente entre Romero y Buenrostro. Los filtros para la selecci\u00f3n de personal est\u00e1n rotos. Ahora se permite el reciclaje de servidores p\u00fablicos; s\u00f3lo cambian de edificio o en este caso de ciudad, pero los vicios contin\u00faan arrastr\u00e1ndose.<\/p>\n","protected":false},"excerpt":{"rendered":"<p>Por Israel Mendoza P\u00e9rez Sin dar un resultado contundente en los ochos meses al frente&#8230;<\/p>\n","protected":false},"author":2,"featured_media":85449,"comment_status":"open","ping_status":"open","sticky":false,"template":"","format":"standard","meta":{"_monsterinsights_skip_tracking":false,"_monsterinsights_sitenote_active":false,"_monsterinsights_sitenote_note":"","_monsterinsights_sitenote_category":0,"footnotes":""},"categories":[56],"tags":[],"class_list":["post-85448","post","type-post","status-publish","format-standard","has-post-thumbnail","hentry","category-economia"],"yoast_head":"<!-- This site is optimized with the Yoast SEO plugin v27.3 - https:\/\/yoast.com\/product\/yoast-seo-wordpress\/ -->\n<title>Dobleces\/\/\/Israel Mendoza P\u00e9rez\/\/\/La mala cara del SAT -<\/title>\n<meta name=\"robots\" content=\"index, follow, max-snippet:-1, max-image-preview:large, max-video-preview:-1\" \/>\n<link rel=\"canonical\" href=\"https:\/\/quehacerpolitico.mx\/?p=85448\" \/>\n<meta property=\"og:locale\" content=\"es_MX\" \/>\n<meta property=\"og:type\" content=\"article\" \/>\n<meta property=\"og:title\" content=\"Dobleces\/\/\/Israel Mendoza P\u00e9rez\/\/\/La mala cara del SAT -\" \/>\n<meta property=\"og:description\" content=\"Por Israel Mendoza P\u00e9rez Sin dar un resultado contundente en los ochos meses al frente...\" \/>\n<meta property=\"og:url\" content=\"https:\/\/quehacerpolitico.mx\/?p=85448\" \/>\n<meta property=\"article:published_time\" content=\"2021-10-06T17:00:21+00:00\" \/>\n<meta property=\"article:modified_time\" content=\"2021-10-06T17:03:47+00:00\" \/>\n<meta property=\"og:image\" content=\"https:\/\/quehacerpolitico.mx\/wp-content\/uploads\/2021\/10\/37B4B7A1-45C6-45F9-8564-953D3B7DD955.jpeg\" \/>\n\t<meta property=\"og:image:width\" content=\"360\" \/>\n\t<meta property=\"og:image:height\" content=\"240\" \/>\n\t<meta property=\"og:image:type\" content=\"image\/jpeg\" \/>\n<meta name=\"author\" content=\"Redacci\u00f3n QP\" \/>\n<meta name=\"twitter:card\" content=\"summary_large_image\" \/>\n<meta name=\"twitter:label1\" content=\"Escrito por\" \/>\n\t<meta name=\"twitter:data1\" content=\"Redacci\u00f3n QP\" \/>\n\t<meta name=\"twitter:label2\" content=\"Tiempo de lectura\" \/>\n\t<meta name=\"twitter:data2\" content=\"3 minutos\" \/>\n<script type=\"application\/ld+json\" class=\"yoast-schema-graph\">{\"@context\":\"https:\\\/\\\/schema.org\",\"@graph\":[{\"@type\":\"Article\",\"@id\":\"https:\\\/\\\/quehacerpolitico.mx\\\/?p=85448#article\",\"isPartOf\":{\"@id\":\"https:\\\/\\\/quehacerpolitico.mx\\\/?p=85448\"},\"author\":{\"name\":\"Redacci\u00f3n QP\",\"@id\":\"https:\\\/\\\/quehacerpolitico.mx\\\/#\\\/schema\\\/person\\\/496d8ad2d1d3f8036101dca7ee39e585\"},\"headline\":\"Dobleces\\\/\\\/\\\/Israel Mendoza P\u00e9rez\\\/\\\/\\\/La mala cara del SAT\",\"datePublished\":\"2021-10-06T17:00:21+00:00\",\"dateModified\":\"2021-10-06T17:03:47+00:00\",\"mainEntityOfPage\":{\"@id\":\"https:\\\/\\\/quehacerpolitico.mx\\\/?p=85448\"},\"wordCount\":563,\"commentCount\":0,\"image\":{\"@id\":\"https:\\\/\\\/quehacerpolitico.mx\\\/?p=85448#primaryimage\"},\"thumbnailUrl\":\"https:\\\/\\\/quehacerpolitico.mx\\\/wp-content\\\/uploads\\\/2021\\\/10\\\/37B4B7A1-45C6-45F9-8564-953D3B7DD955.jpeg\",\"articleSection\":[\"Econom\u00eda\"],\"inLanguage\":\"es\",\"potentialAction\":[{\"@type\":\"CommentAction\",\"name\":\"Comment\",\"target\":[\"https:\\\/\\\/quehacerpolitico.mx\\\/?p=85448#respond\"]}]},{\"@type\":\"WebPage\",\"@id\":\"https:\\\/\\\/quehacerpolitico.mx\\\/?p=85448\",\"url\":\"https:\\\/\\\/quehacerpolitico.mx\\\/?p=85448\",\"name\":\"Dobleces\\\/\\\/\\\/Israel Mendoza P\u00e9rez\\\/\\\/\\\/La mala cara del SAT -\",\"isPartOf\":{\"@id\":\"https:\\\/\\\/quehacerpolitico.mx\\\/#website\"},\"primaryImageOfPage\":{\"@id\":\"https:\\\/\\\/quehacerpolitico.mx\\\/?p=85448#primaryimage\"},\"image\":{\"@id\":\"https:\\\/\\\/quehacerpolitico.mx\\\/?p=85448#primaryimage\"},\"thumbnailUrl\":\"https:\\\/\\\/quehacerpolitico.mx\\\/wp-content\\\/uploads\\\/2021\\\/10\\\/37B4B7A1-45C6-45F9-8564-953D3B7DD955.jpeg\",\"datePublished\":\"2021-10-06T17:00:21+00:00\",\"dateModified\":\"2021-10-06T17:03:47+00:00\",\"author\":{\"@id\":\"https:\\\/\\\/quehacerpolitico.mx\\\/#\\\/schema\\\/person\\\/496d8ad2d1d3f8036101dca7ee39e585\"},\"breadcrumb\":{\"@id\":\"https:\\\/\\\/quehacerpolitico.mx\\\/?p=85448#breadcrumb\"},\"inLanguage\":\"es\",\"potentialAction\":[{\"@type\":\"ReadAction\",\"target\":[\"https:\\\/\\\/quehacerpolitico.mx\\\/?p=85448\"]}]},{\"@type\":\"ImageObject\",\"inLanguage\":\"es\",\"@id\":\"https:\\\/\\\/quehacerpolitico.mx\\\/?p=85448#primaryimage\",\"url\":\"https:\\\/\\\/quehacerpolitico.mx\\\/wp-content\\\/uploads\\\/2021\\\/10\\\/37B4B7A1-45C6-45F9-8564-953D3B7DD955.jpeg\",\"contentUrl\":\"https:\\\/\\\/quehacerpolitico.mx\\\/wp-content\\\/uploads\\\/2021\\\/10\\\/37B4B7A1-45C6-45F9-8564-953D3B7DD955.jpeg\",\"width\":360,\"height\":240},{\"@type\":\"BreadcrumbList\",\"@id\":\"https:\\\/\\\/quehacerpolitico.mx\\\/?p=85448#breadcrumb\",\"itemListElement\":[{\"@type\":\"ListItem\",\"position\":1,\"name\":\"Inicio\",\"item\":\"https:\\\/\\\/quehacerpolitico.mx\\\/\"},{\"@type\":\"ListItem\",\"position\":2,\"name\":\"Dobleces\\\/\\\/\\\/Israel Mendoza P\u00e9rez\\\/\\\/\\\/La mala cara del SAT\"}]},{\"@type\":\"WebSite\",\"@id\":\"https:\\\/\\\/quehacerpolitico.mx\\\/#website\",\"url\":\"https:\\\/\\\/quehacerpolitico.mx\\\/\",\"name\":\"\",\"description\":\"\",\"potentialAction\":[{\"@type\":\"SearchAction\",\"target\":{\"@type\":\"EntryPoint\",\"urlTemplate\":\"https:\\\/\\\/quehacerpolitico.mx\\\/?s={search_term_string}\"},\"query-input\":{\"@type\":\"PropertyValueSpecification\",\"valueRequired\":true,\"valueName\":\"search_term_string\"}}],\"inLanguage\":\"es\"},{\"@type\":\"Person\",\"@id\":\"https:\\\/\\\/quehacerpolitico.mx\\\/#\\\/schema\\\/person\\\/496d8ad2d1d3f8036101dca7ee39e585\",\"name\":\"Redacci\u00f3n QP\",\"image\":{\"@type\":\"ImageObject\",\"inLanguage\":\"es\",\"@id\":\"https:\\\/\\\/secure.gravatar.com\\\/avatar\\\/c7164ed6fdec453195284ad24a5ae5b6e1eed2b848477fa2a4787ba9adf39a41?s=96&d=mm&r=g\",\"url\":\"https:\\\/\\\/secure.gravatar.com\\\/avatar\\\/c7164ed6fdec453195284ad24a5ae5b6e1eed2b848477fa2a4787ba9adf39a41?s=96&d=mm&r=g\",\"contentUrl\":\"https:\\\/\\\/secure.gravatar.com\\\/avatar\\\/c7164ed6fdec453195284ad24a5ae5b6e1eed2b848477fa2a4787ba9adf39a41?s=96&d=mm&r=g\",\"caption\":\"Redacci\u00f3n QP\"},\"url\":\"https:\\\/\\\/quehacerpolitico.mx\\\/?author=2\"}]}<\/script>\n<!-- \/ Yoast SEO plugin. -->","yoast_head_json":{"title":"Dobleces\/\/\/Israel Mendoza P\u00e9rez\/\/\/La mala cara del SAT -","robots":{"index":"index","follow":"follow","max-snippet":"max-snippet:-1","max-image-preview":"max-image-preview:large","max-video-preview":"max-video-preview:-1"},"canonical":"https:\/\/quehacerpolitico.mx\/?p=85448","og_locale":"es_MX","og_type":"article","og_title":"Dobleces\/\/\/Israel Mendoza P\u00e9rez\/\/\/La mala cara del SAT -","og_description":"Por Israel Mendoza P\u00e9rez Sin dar un resultado contundente en los ochos meses al frente...","og_url":"https:\/\/quehacerpolitico.mx\/?p=85448","article_published_time":"2021-10-06T17:00:21+00:00","article_modified_time":"2021-10-06T17:03:47+00:00","og_image":[{"width":360,"height":240,"url":"https:\/\/quehacerpolitico.mx\/wp-content\/uploads\/2021\/10\/37B4B7A1-45C6-45F9-8564-953D3B7DD955.jpeg","type":"image\/jpeg"}],"author":"Redacci\u00f3n QP","twitter_card":"summary_large_image","twitter_misc":{"Escrito por":"Redacci\u00f3n QP","Tiempo de lectura":"3 minutos"},"schema":{"@context":"https:\/\/schema.org","@graph":[{"@type":"Article","@id":"https:\/\/quehacerpolitico.mx\/?p=85448#article","isPartOf":{"@id":"https:\/\/quehacerpolitico.mx\/?p=85448"},"author":{"name":"Redacci\u00f3n QP","@id":"https:\/\/quehacerpolitico.mx\/#\/schema\/person\/496d8ad2d1d3f8036101dca7ee39e585"},"headline":"Dobleces\/\/\/Israel Mendoza P\u00e9rez\/\/\/La mala cara del SAT","datePublished":"2021-10-06T17:00:21+00:00","dateModified":"2021-10-06T17:03:47+00:00","mainEntityOfPage":{"@id":"https:\/\/quehacerpolitico.mx\/?p=85448"},"wordCount":563,"commentCount":0,"image":{"@id":"https:\/\/quehacerpolitico.mx\/?p=85448#primaryimage"},"thumbnailUrl":"https:\/\/quehacerpolitico.mx\/wp-content\/uploads\/2021\/10\/37B4B7A1-45C6-45F9-8564-953D3B7DD955.jpeg","articleSection":["Econom\u00eda"],"inLanguage":"es","potentialAction":[{"@type":"CommentAction","name":"Comment","target":["https:\/\/quehacerpolitico.mx\/?p=85448#respond"]}]},{"@type":"WebPage","@id":"https:\/\/quehacerpolitico.mx\/?p=85448","url":"https:\/\/quehacerpolitico.mx\/?p=85448","name":"Dobleces\/\/\/Israel Mendoza P\u00e9rez\/\/\/La mala cara del SAT -","isPartOf":{"@id":"https:\/\/quehacerpolitico.mx\/#website"},"primaryImageOfPage":{"@id":"https:\/\/quehacerpolitico.mx\/?p=85448#primaryimage"},"image":{"@id":"https:\/\/quehacerpolitico.mx\/?p=85448#primaryimage"},"thumbnailUrl":"https:\/\/quehacerpolitico.mx\/wp-content\/uploads\/2021\/10\/37B4B7A1-45C6-45F9-8564-953D3B7DD955.jpeg","datePublished":"2021-10-06T17:00:21+00:00","dateModified":"2021-10-06T17:03:47+00:00","author":{"@id":"https:\/\/quehacerpolitico.mx\/#\/schema\/person\/496d8ad2d1d3f8036101dca7ee39e585"},"breadcrumb":{"@id":"https:\/\/quehacerpolitico.mx\/?p=85448#breadcrumb"},"inLanguage":"es","potentialAction":[{"@type":"ReadAction","target":["https:\/\/quehacerpolitico.mx\/?p=85448"]}]},{"@type":"ImageObject","inLanguage":"es","@id":"https:\/\/quehacerpolitico.mx\/?p=85448#primaryimage","url":"https:\/\/quehacerpolitico.mx\/wp-content\/uploads\/2021\/10\/37B4B7A1-45C6-45F9-8564-953D3B7DD955.jpeg","contentUrl":"https:\/\/quehacerpolitico.mx\/wp-content\/uploads\/2021\/10\/37B4B7A1-45C6-45F9-8564-953D3B7DD955.jpeg","width":360,"height":240},{"@type":"BreadcrumbList","@id":"https:\/\/quehacerpolitico.mx\/?p=85448#breadcrumb","itemListElement":[{"@type":"ListItem","position":1,"name":"Inicio","item":"https:\/\/quehacerpolitico.mx\/"},{"@type":"ListItem","position":2,"name":"Dobleces\/\/\/Israel Mendoza P\u00e9rez\/\/\/La mala cara del SAT"}]},{"@type":"WebSite","@id":"https:\/\/quehacerpolitico.mx\/#website","url":"https:\/\/quehacerpolitico.mx\/","name":"","description":"","potentialAction":[{"@type":"SearchAction","target":{"@type":"EntryPoint","urlTemplate":"https:\/\/quehacerpolitico.mx\/?s={search_term_string}"},"query-input":{"@type":"PropertyValueSpecification","valueRequired":true,"valueName":"search_term_string"}}],"inLanguage":"es"},{"@type":"Person","@id":"https:\/\/quehacerpolitico.mx\/#\/schema\/person\/496d8ad2d1d3f8036101dca7ee39e585","name":"Redacci\u00f3n QP","image":{"@type":"ImageObject","inLanguage":"es","@id":"https:\/\/secure.gravatar.com\/avatar\/c7164ed6fdec453195284ad24a5ae5b6e1eed2b848477fa2a4787ba9adf39a41?s=96&d=mm&r=g","url":"https:\/\/secure.gravatar.com\/avatar\/c7164ed6fdec453195284ad24a5ae5b6e1eed2b848477fa2a4787ba9adf39a41?s=96&d=mm&r=g","contentUrl":"https:\/\/secure.gravatar.com\/avatar\/c7164ed6fdec453195284ad24a5ae5b6e1eed2b848477fa2a4787ba9adf39a41?s=96&d=mm&r=g","caption":"Redacci\u00f3n QP"},"url":"https:\/\/quehacerpolitico.mx\/?author=2"}]}},"featured_image_urls":{"full":["https:\/\/quehacerpolitico.mx\/wp-content\/uploads\/2021\/10\/37B4B7A1-45C6-45F9-8564-953D3B7DD955.jpeg",360,240,false],"thumbnail":["https:\/\/quehacerpolitico.mx\/wp-content\/uploads\/2021\/10\/37B4B7A1-45C6-45F9-8564-953D3B7DD955-150x150.jpeg",150,150,true],"medium":["https:\/\/quehacerpolitico.mx\/wp-content\/uploads\/2021\/10\/37B4B7A1-45C6-45F9-8564-953D3B7DD955-300x200.jpeg",300,200,true],"medium_large":["https:\/\/quehacerpolitico.mx\/wp-content\/uploads\/2021\/10\/37B4B7A1-45C6-45F9-8564-953D3B7DD955.jpeg",360,240,false],"large":["https:\/\/quehacerpolitico.mx\/wp-content\/uploads\/2021\/10\/37B4B7A1-45C6-45F9-8564-953D3B7DD955.jpeg",360,240,false],"1536x1536":["https:\/\/quehacerpolitico.mx\/wp-content\/uploads\/2021\/10\/37B4B7A1-45C6-45F9-8564-953D3B7DD955.jpeg",360,240,false],"2048x2048":["https:\/\/quehacerpolitico.mx\/wp-content\/uploads\/2021\/10\/37B4B7A1-45C6-45F9-8564-953D3B7DD955.jpeg",360,240,false],"covernews-featured":["https:\/\/quehacerpolitico.mx\/wp-content\/uploads\/2021\/10\/37B4B7A1-45C6-45F9-8564-953D3B7DD955.jpeg",360,240,false],"covernews-medium":["https:\/\/quehacerpolitico.mx\/wp-content\/uploads\/2021\/10\/37B4B7A1-45C6-45F9-8564-953D3B7DD955.jpeg",360,240,false]},"author_info":{"display_name":"Redacci\u00f3n QP","author_link":"https:\/\/quehacerpolitico.mx\/?author=2"},"category_info":"<a href=\"https:\/\/quehacerpolitico.mx\/?cat=56\" rel=\"category\">Econom\u00eda<\/a>","tag_info":"Econom\u00eda","comment_count":"0","_links":{"self":[{"href":"https:\/\/quehacerpolitico.mx\/index.php?rest_route=\/wp\/v2\/posts\/85448","targetHints":{"allow":["GET"]}}],"collection":[{"href":"https:\/\/quehacerpolitico.mx\/index.php?rest_route=\/wp\/v2\/posts"}],"about":[{"href":"https:\/\/quehacerpolitico.mx\/index.php?rest_route=\/wp\/v2\/types\/post"}],"author":[{"embeddable":true,"href":"https:\/\/quehacerpolitico.mx\/index.php?rest_route=\/wp\/v2\/users\/2"}],"replies":[{"embeddable":true,"href":"https:\/\/quehacerpolitico.mx\/index.php?rest_route=%2Fwp%2Fv2%2Fcomments&post=85448"}],"version-history":[{"count":3,"href":"https:\/\/quehacerpolitico.mx\/index.php?rest_route=\/wp\/v2\/posts\/85448\/revisions"}],"predecessor-version":[{"id":85452,"href":"https:\/\/quehacerpolitico.mx\/index.php?rest_route=\/wp\/v2\/posts\/85448\/revisions\/85452"}],"wp:featuredmedia":[{"embeddable":true,"href":"https:\/\/quehacerpolitico.mx\/index.php?rest_route=\/wp\/v2\/media\/85449"}],"wp:attachment":[{"href":"https:\/\/quehacerpolitico.mx\/index.php?rest_route=%2Fwp%2Fv2%2Fmedia&parent=85448"}],"wp:term":[{"taxonomy":"category","embeddable":true,"href":"https:\/\/quehacerpolitico.mx\/index.php?rest_route=%2Fwp%2Fv2%2Fcategories&post=85448"},{"taxonomy":"post_tag","embeddable":true,"href":"https:\/\/quehacerpolitico.mx\/index.php?rest_route=%2Fwp%2Fv2%2Ftags&post=85448"}],"curies":[{"name":"wp","href":"https:\/\/api.w.org\/{rel}","templated":true}]}}