{"id":8544,"date":"2018-11-05T15:30:33","date_gmt":"2018-11-05T15:30:33","guid":{"rendered":"http:\/\/quehacerpolitico.mx\/internacionales-carolina-alonso-romei-eu-es-responsable-de-la-miseria-y-los-horrores-que-obligan-a-huir-de-centroamerica-dice-chomsky\/"},"modified":"2018-11-05T15:30:33","modified_gmt":"2018-11-05T15:30:33","slug":"internacionales-carolina-alonso-romei-eu-es-responsable-de-la-miseria-y-los-horrores-que-obligan-a-huir-de-centroamerica-dice-chomsky","status":"publish","type":"post","link":"https:\/\/quehacerpolitico.mx\/?p=8544","title":{"rendered":"Internacionales\/\/\/Carolina Alonso Romei\/\/\/EU es responsable de la \u201cmiseria y los horrores\u201d que obligan a huir de Centroam\u00e9rica, dice Chomsky"},"content":{"rendered":"<h1>EU es responsable de la \u201cmiseria y los horrores\u201d que obligan a huir de Centroam\u00e9rica, dice Chomsky<\/h1>\n<p>Por Carolina Alonso Romei<\/p>\n<p>Internacionalista<\/p>\n<p>El ling\u00fcista, fil\u00f3sofo y activista estadounidense <strong>Noam Chomsky<\/strong> consider\u00f3 que \u201cel <strong>horror y la miseria<\/strong>\u201d de los que huyen los <strong>migrantes centroamericanos<\/strong> es <strong>responsabilidad<\/strong> de <strong>Estados Unidos<\/strong> y critic\u00f3 que ante ello el Gobierno de Donald Trump est\u00e9 reaccionando con <strong>militares en la frontera<\/strong>.<\/p>\n<blockquote>\n<p><a href=\"https:\/\/www.democracynow.org\/2018\/11\/2\/noam_chomsky_members_of_migrant_caravan\" target=\"_blank\" rel=\"noopener\">En una entrevista con <em>Democracy Now<\/em><\/a>, Chomsky record\u00f3 que Honduras, El Salvador y Guatemala, de donde son originarios la mayor\u00eda de migrantes que se dirigen en diversas Caravanas por M\u00e9xico hacia Estados Unidos, son \u201ctres pa\u00edses que han estado bajo la dura dominaci\u00f3n estadounidense\u201d.<\/p>\n<\/blockquote>\n<p>Chomsky fue cuestionado sobre las recientes acciones del Gobierno de Donald Trump, que ante el avance de la Caravana ha decidido enviar a las tropas a la frontera con M\u00e9xico. As\u00ed como sobre las recientes declaraciones del asesor de Seguridad de Estado Unidos, John Bolton, sobre Venezuela, Cuba y Nicaragua, naciones a las que llam\u00f3 \u201cfuerzas destructivas de opresi\u00f3n, socialismo y totalitarismo\u201d y la \u201ctroika de la tiran\u00eda\u201d.<\/p>\n<div id=\"attachment_3493292\" class=\"wp-caption alignnone\"><img loading=\"lazy\" decoding=\"async\" class=\"size-full wp-image-3493292\" src=\"https:\/\/www.sinembargo.mx\/wp-content\/uploads\/2018\/11\/migrantes.jpeg\" sizes=\"auto, (max-width: 700px) 100vw, 700px\" srcset=\"https:\/\/www.sinembargo.mx\/wp-content\/uploads\/2018\/11\/migrantes.jpeg 700w, https:\/\/www.sinembargo.mx\/wp-content\/uploads\/2018\/11\/migrantes-300x203.jpeg 300w\" alt=\"\" width=\"700\" height=\"474\" \/><\/p>\n<p class=\"wp-caption-text\">Chomsky fue cuestionado sobre las recientes acciones del Gobierno de Donald Trump, que ante el avance de la Caravana ha decidido enviar a las tropas a la frontera con M\u00e9xico. Foto: Cuartoscuro<\/p>\n<\/div>\n<p>El fil\u00f3sofo consider\u00f3 que tanto la \u201ctroika de la tiran\u00eda\u201d como \u201cel eje del mal\u201d \u201cson aquellos que simplemente no obedecen las \u00f3rdenes de los Estados Unidos\u201d.<\/p>\n<blockquote>\n<p>\u201cEs interesante ver esta furiosa histeria junto a otra campa\u00f1a de propaganda asombrosa que Bolton y sus colegas est\u00e1n llevando a cabo al respecto de la caravana de personas pobres y miserables que huyen de la severa opresi\u00f3n, violencia, terror y extrema pobreza desde tres pa\u00edses: Honduras, principalmente Honduras, secundariamente Guatemala, y en tercer lugar, El Salvador \u2013no Nicaragua, incidentalmente\u2013, tres pa\u00edses que han estado bajo la dura dominaci\u00f3n estadounidense, desde hace mucho tiempo, pero en particular desde la d\u00e9cada de 1980, cuando las guerras de terror de [el ex Presidente Ronald]\u00a0Reagan devastaron particularmente El Salvador y Guatemala, y en segundo lugar a Honduras\u201d, consider\u00f3.<\/p>\n<\/blockquote>\n<p>\u201cNicaragua fue atacada por Reagan, por su puesto, pero Nicaragua fue el \u00fanico pa\u00eds que ten\u00eda un Ej\u00e9rcito para defender a la poblaci\u00f3n. En los otros pa\u00edses, el Ej\u00e9rcito eran los terroristas del Estado, respaldados por los Estados Unidos\u201d, a\u00f1adi\u00f3.<\/p>\n<p>Chomsky destac\u00f3 que \u201cla fuente m\u00e1s extrema de migrantes en este momento es Honduras, \u00bfpor qu\u00e9 Honduras? Bueno, siempre fue amargamente oprimido\u201d.<\/p>\n<p>El ling\u00fcista record\u00f3 que en 2009, esa naci\u00f3n tuvo un Presidente \u201cmoderadamente reformista, Jos\u00e9 Manuel Zelaya Rosales, quien fue destituido a trav\u00e9s de un golpe Militar que lo expuls\u00f3 del pa\u00eds<\/p>\n<blockquote>\n<p>\u201cLa poderosa y rica \u00e9lite hondure\u00f1a no pod\u00eda tolerar eso. Se produjo un golpe militar que los expuls\u00f3 del pa\u00eds. El golpe fue condenado severamente en todo el hemisferio, con una excepci\u00f3n notable: Estados Unidos. El Gobierno de [Barack] Obama se neg\u00f3 a llamarlo golpe militar, porque si lo hubieran hecho, la Ley los habr\u00eda obligado a retirar los fondos militares del r\u00e9gimen militar, que estaba imponiendo un r\u00e9gimen de terror brutal\u201d, dijo al medio independiente.<\/p>\n<\/blockquote>\n<p>Detall\u00f3 que luego en Honduras se llev\u00f3 a cabo una elecci\u00f3n fraudulenta bajo la junta militar, la cual, una vez m\u00e1s fue condenada con dureza en todo el hemisferio, y la mayor\u00eda de las naciones.<\/p>\n<blockquote>\n<p>\u201cEl Gobierno de Obama elogi\u00f3 a Honduras por llevar a cabo una elecci\u00f3n, avanzar hacia la democracia y as\u00ed sucesivamente. Ahora la gente huye de la miseria y los horrores de los que somos responsables\u201d, recalc\u00f3.<\/p>\n<p>\u201cY tienes esta incre\u00edble farsa que est\u00e1 teniendo lugar, que el mundo est\u00e1 mirando con total asombro: pobres, miserables, familias, madres, ni\u00f1os, huyendo del terror y la represi\u00f3n, de los cuales somos responsables, y en reacci\u00f3n, est\u00e1n enviando miles de tropas hasta la frontera. Las tropas enviadas a la frontera superan en n\u00famero a los ni\u00f1os que huyen\u201d, dijo.<\/p>\n<\/blockquote>\n<div id=\"attachment_3493257\" class=\"wp-caption alignnone\"><img loading=\"lazy\" decoding=\"async\" class=\"size-full wp-image-3493257\" src=\"https:\/\/www.sinembargo.mx\/wp-content\/uploads\/2018\/11\/frotnera.jpg\" sizes=\"auto, (max-width: 700px) 100vw, 700px\" srcset=\"https:\/\/www.sinembargo.mx\/wp-content\/uploads\/2018\/11\/frotnera.jpg 700w, https:\/\/www.sinembargo.mx\/wp-content\/uploads\/2018\/11\/frotnera-300x175.jpg 300w\" alt=\"\" width=\"700\" height=\"408\" \/><\/p>\n<p class=\"wp-caption-text\">Efectivos militares tienden alambre de navajas a lo largo de la frontera de Estados Unidos con M\u00e9xico cerca del puente internacional McAllen-Hidalgo, en McAllen, Texas, el viernes 2 de noviembre de 2018. Foto: Eric Gay, AP<\/p>\n<\/div>\n<p>Chomsky critic\u00f3 adem\u00e1s que se est\u00e1 atemorizando a gran parte de Estados Unidos con una \u201cnotable campa\u00f1a de relaciones p\u00fablicas\u201d.<\/p>\n<blockquote>\n<p>\u201cEst\u00e1n atemorizando a gran parte del pa\u00eds para que crean que estamos al borde de una invasi\u00f3n, ya sabes, terroristas del Medio Oriente financiados por George Soros [magnate y fil\u00e1ntropo de 88 a\u00f1os], y as\u00ed sucesivamente\u201d, a\u00f1adi\u00f3.<\/p>\n<\/blockquote>\n<p>Chomsky destac\u00f3 que la actual situaci\u00f3n le recuerda a una similar que sucedi\u00f3 hace 30 a\u00f1os, cuando el entonces Presidente en EU, Ronald Reagan, \u201cse amarr\u00f3 sus botas de vaquero y llam\u00f3 \u2013se puso frente a la televisi\u00f3n\u2013 y llam\u00f3 a la emergencia nacional, porque el Ej\u00e9rcito nicaraguense estaba a dos d\u00edas de marcha desde Harlingen, Texas, a punto de aplastarnos y destruirnos\u201d.<\/p>\n<div id=\"attachment_3493296\" class=\"wp-caption alignnone\"><img loading=\"lazy\" decoding=\"async\" class=\"size-full wp-image-3493296\" src=\"https:\/\/www.sinembargo.mx\/wp-content\/uploads\/2018\/11\/migrantes1.jpeg\" sizes=\"auto, (max-width: 700px) 100vw, 700px\" srcset=\"https:\/\/www.sinembargo.mx\/wp-content\/uploads\/2018\/11\/migrantes1.jpeg 700w, https:\/\/www.sinembargo.mx\/wp-content\/uploads\/2018\/11\/migrantes1-300x205.jpeg 300w\" alt=\"\" width=\"700\" height=\"479\" \/><\/p>\n<p class=\"wp-caption-text\">Chomsky destac\u00f3 que \u201cla fuente m\u00e1s extrema de migrantes en este momento es Honduras, \u00bfpor qu\u00e9 Honduras? Bueno, siempre fue amargamente oprimido\u201d. Foto: Cuartoscuro<\/p>\n<\/div>\n<p>Sus declaraciones se dan mientras miles de migrantes en varias caravanas avanzan por M\u00e9xico \u2013en Chiapas, Veracruz, Puebla y la Ciudad de M\u00e9xico\u2013, rumbo a Estados Unidos. Y en respuesta, el Presidente estadounidense Donald Trump ha ordenado el emplazamiento de tropas en la frontera con M\u00e9xico. M\u00e1s de mil tropas en servicio activo recibieron indicaciones de apostarse en Texas, Arizona y California antes de las elecciones legislativas que se llevar\u00e1n acabo el martes pr\u00f3ximo.<\/p>\n<p>El mandatario tiene pensado firmar una orden ejecutiva la pr\u00f3xima semana que podr\u00eda derivar en la detenci\u00f3n en gran escala de los migrantes que crucen la frontera sur y prohibir que cualquiera que cruce ilegalmente solicite asilo.<\/p>\n<p>Trump pas\u00f3 los \u00faltimos d\u00edas de la campa\u00f1a de las legislativas en EU hablando de inmigraci\u00f3n en un intento de movilizar a los votantes republicanos, y su objetivo favorito fueron las caravanas que avanzan por M\u00e9xico. \u201cEsto es una invasi\u00f3n\u201d, ha dicho en m\u00e1s de una ocasi\u00f3n el Presidente de EU en los \u00faltimos d\u00edas.<\/p>\n<p>Con Informaci\u00f3n de Democracy Now<\/p>\n","protected":false},"excerpt":{"rendered":"<p>EU es responsable de la \u201cmiseria y los horrores\u201d que obligan a huir de Centroam\u00e9rica, dice Chomsky<br \/>\nPor Carolina Alonso Romei<br \/>\nInternacionalista<\/p>\n","protected":false},"author":2,"featured_media":8543,"comment_status":"open","ping_status":"open","sticky":false,"template":"","format":"standard","meta":{"_monsterinsights_skip_tracking":false,"_monsterinsights_sitenote_active":false,"_monsterinsights_sitenote_note":"","_monsterinsights_sitenote_category":0,"footnotes":""},"categories":[1],"tags":[],"class_list":["post-8544","post","type-post","status-publish","format-standard","has-post-thumbnail","hentry","category-sin-categoria"],"yoast_head":"<!-- This site is optimized with the Yoast SEO plugin v27.3 - https:\/\/yoast.com\/product\/yoast-seo-wordpress\/ -->\n<title>Internacionales\/\/\/Carolina Alonso Romei\/\/\/EU es responsable de la \u201cmiseria y los horrores\u201d que obligan a huir de Centroam\u00e9rica, dice Chomsky -<\/title>\n<meta name=\"robots\" content=\"index, follow, max-snippet:-1, max-image-preview:large, max-video-preview:-1\" \/>\n<link rel=\"canonical\" href=\"https:\/\/quehacerpolitico.mx\/?p=8544\" \/>\n<meta property=\"og:locale\" content=\"es_MX\" \/>\n<meta property=\"og:type\" content=\"article\" \/>\n<meta property=\"og:title\" content=\"Internacionales\/\/\/Carolina Alonso Romei\/\/\/EU es responsable de la \u201cmiseria y los horrores\u201d que obligan a huir de Centroam\u00e9rica, dice Chomsky -\" \/>\n<meta property=\"og:description\" content=\"EU es responsable de la \u201cmiseria y los horrores\u201d que obligan a huir de Centroam\u00e9rica, dice Chomsky Por Carolina Alonso Romei Internacionalista\" \/>\n<meta property=\"og:url\" content=\"https:\/\/quehacerpolitico.mx\/?p=8544\" \/>\n<meta property=\"article:published_time\" content=\"2018-11-05T15:30:33+00:00\" \/>\n<meta name=\"author\" content=\"Redacci\u00f3n QP\" \/>\n<meta name=\"twitter:card\" content=\"summary_large_image\" \/>\n<meta name=\"twitter:label1\" content=\"Escrito por\" \/>\n\t<meta name=\"twitter:data1\" content=\"Redacci\u00f3n QP\" \/>\n\t<meta name=\"twitter:label2\" content=\"Tiempo de lectura\" \/>\n\t<meta name=\"twitter:data2\" content=\"5 minutos\" \/>\n<script type=\"application\/ld+json\" class=\"yoast-schema-graph\">{\"@context\":\"https:\\\/\\\/schema.org\",\"@graph\":[{\"@type\":\"Article\",\"@id\":\"https:\\\/\\\/quehacerpolitico.mx\\\/?p=8544#article\",\"isPartOf\":{\"@id\":\"https:\\\/\\\/quehacerpolitico.mx\\\/?p=8544\"},\"author\":{\"name\":\"Redacci\u00f3n QP\",\"@id\":\"https:\\\/\\\/quehacerpolitico.mx\\\/#\\\/schema\\\/person\\\/496d8ad2d1d3f8036101dca7ee39e585\"},\"headline\":\"Internacionales\\\/\\\/\\\/Carolina Alonso Romei\\\/\\\/\\\/EU es responsable de la \u201cmiseria y los horrores\u201d que obligan a huir de Centroam\u00e9rica, dice Chomsky\",\"datePublished\":\"2018-11-05T15:30:33+00:00\",\"mainEntityOfPage\":{\"@id\":\"https:\\\/\\\/quehacerpolitico.mx\\\/?p=8544\"},\"wordCount\":1093,\"commentCount\":0,\"image\":{\"@id\":\"https:\\\/\\\/quehacerpolitico.mx\\\/?p=8544#primaryimage\"},\"thumbnailUrl\":\"\",\"articleSection\":[\"Internacionales\"],\"inLanguage\":\"es\",\"potentialAction\":[{\"@type\":\"CommentAction\",\"name\":\"Comment\",\"target\":[\"https:\\\/\\\/quehacerpolitico.mx\\\/?p=8544#respond\"]}]},{\"@type\":\"WebPage\",\"@id\":\"https:\\\/\\\/quehacerpolitico.mx\\\/?p=8544\",\"url\":\"https:\\\/\\\/quehacerpolitico.mx\\\/?p=8544\",\"name\":\"Internacionales\\\/\\\/\\\/Carolina Alonso Romei\\\/\\\/\\\/EU es responsable de la \u201cmiseria y los horrores\u201d que obligan a huir de Centroam\u00e9rica, dice Chomsky -\",\"isPartOf\":{\"@id\":\"https:\\\/\\\/quehacerpolitico.mx\\\/#website\"},\"primaryImageOfPage\":{\"@id\":\"https:\\\/\\\/quehacerpolitico.mx\\\/?p=8544#primaryimage\"},\"image\":{\"@id\":\"https:\\\/\\\/quehacerpolitico.mx\\\/?p=8544#primaryimage\"},\"thumbnailUrl\":\"\",\"datePublished\":\"2018-11-05T15:30:33+00:00\",\"author\":{\"@id\":\"https:\\\/\\\/quehacerpolitico.mx\\\/#\\\/schema\\\/person\\\/496d8ad2d1d3f8036101dca7ee39e585\"},\"breadcrumb\":{\"@id\":\"https:\\\/\\\/quehacerpolitico.mx\\\/?p=8544#breadcrumb\"},\"inLanguage\":\"es\",\"potentialAction\":[{\"@type\":\"ReadAction\",\"target\":[\"https:\\\/\\\/quehacerpolitico.mx\\\/?p=8544\"]}]},{\"@type\":\"ImageObject\",\"inLanguage\":\"es\",\"@id\":\"https:\\\/\\\/quehacerpolitico.mx\\\/?p=8544#primaryimage\",\"url\":\"\",\"contentUrl\":\"\"},{\"@type\":\"BreadcrumbList\",\"@id\":\"https:\\\/\\\/quehacerpolitico.mx\\\/?p=8544#breadcrumb\",\"itemListElement\":[{\"@type\":\"ListItem\",\"position\":1,\"name\":\"Inicio\",\"item\":\"https:\\\/\\\/quehacerpolitico.mx\\\/\"},{\"@type\":\"ListItem\",\"position\":2,\"name\":\"Internacionales\\\/\\\/\\\/Carolina Alonso Romei\\\/\\\/\\\/EU es responsable de la \u201cmiseria y los horrores\u201d que obligan a huir de Centroam\u00e9rica, dice Chomsky\"}]},{\"@type\":\"WebSite\",\"@id\":\"https:\\\/\\\/quehacerpolitico.mx\\\/#website\",\"url\":\"https:\\\/\\\/quehacerpolitico.mx\\\/\",\"name\":\"\",\"description\":\"\",\"potentialAction\":[{\"@type\":\"SearchAction\",\"target\":{\"@type\":\"EntryPoint\",\"urlTemplate\":\"https:\\\/\\\/quehacerpolitico.mx\\\/?s={search_term_string}\"},\"query-input\":{\"@type\":\"PropertyValueSpecification\",\"valueRequired\":true,\"valueName\":\"search_term_string\"}}],\"inLanguage\":\"es\"},{\"@type\":\"Person\",\"@id\":\"https:\\\/\\\/quehacerpolitico.mx\\\/#\\\/schema\\\/person\\\/496d8ad2d1d3f8036101dca7ee39e585\",\"name\":\"Redacci\u00f3n QP\",\"image\":{\"@type\":\"ImageObject\",\"inLanguage\":\"es\",\"@id\":\"https:\\\/\\\/secure.gravatar.com\\\/avatar\\\/c7164ed6fdec453195284ad24a5ae5b6e1eed2b848477fa2a4787ba9adf39a41?s=96&d=mm&r=g\",\"url\":\"https:\\\/\\\/secure.gravatar.com\\\/avatar\\\/c7164ed6fdec453195284ad24a5ae5b6e1eed2b848477fa2a4787ba9adf39a41?s=96&d=mm&r=g\",\"contentUrl\":\"https:\\\/\\\/secure.gravatar.com\\\/avatar\\\/c7164ed6fdec453195284ad24a5ae5b6e1eed2b848477fa2a4787ba9adf39a41?s=96&d=mm&r=g\",\"caption\":\"Redacci\u00f3n QP\"},\"url\":\"https:\\\/\\\/quehacerpolitico.mx\\\/?author=2\"}]}<\/script>\n<!-- \/ Yoast SEO plugin. -->","yoast_head_json":{"title":"Internacionales\/\/\/Carolina Alonso Romei\/\/\/EU es responsable de la \u201cmiseria y los horrores\u201d que obligan a huir de Centroam\u00e9rica, dice Chomsky -","robots":{"index":"index","follow":"follow","max-snippet":"max-snippet:-1","max-image-preview":"max-image-preview:large","max-video-preview":"max-video-preview:-1"},"canonical":"https:\/\/quehacerpolitico.mx\/?p=8544","og_locale":"es_MX","og_type":"article","og_title":"Internacionales\/\/\/Carolina Alonso Romei\/\/\/EU es responsable de la \u201cmiseria y los horrores\u201d que obligan a huir de Centroam\u00e9rica, dice Chomsky -","og_description":"EU es responsable de la \u201cmiseria y los horrores\u201d que obligan a huir de Centroam\u00e9rica, dice Chomsky Por Carolina Alonso Romei Internacionalista","og_url":"https:\/\/quehacerpolitico.mx\/?p=8544","article_published_time":"2018-11-05T15:30:33+00:00","author":"Redacci\u00f3n QP","twitter_card":"summary_large_image","twitter_misc":{"Escrito por":"Redacci\u00f3n QP","Tiempo de lectura":"5 minutos"},"schema":{"@context":"https:\/\/schema.org","@graph":[{"@type":"Article","@id":"https:\/\/quehacerpolitico.mx\/?p=8544#article","isPartOf":{"@id":"https:\/\/quehacerpolitico.mx\/?p=8544"},"author":{"name":"Redacci\u00f3n QP","@id":"https:\/\/quehacerpolitico.mx\/#\/schema\/person\/496d8ad2d1d3f8036101dca7ee39e585"},"headline":"Internacionales\/\/\/Carolina Alonso Romei\/\/\/EU es responsable de la \u201cmiseria y los horrores\u201d que obligan a huir de Centroam\u00e9rica, dice Chomsky","datePublished":"2018-11-05T15:30:33+00:00","mainEntityOfPage":{"@id":"https:\/\/quehacerpolitico.mx\/?p=8544"},"wordCount":1093,"commentCount":0,"image":{"@id":"https:\/\/quehacerpolitico.mx\/?p=8544#primaryimage"},"thumbnailUrl":"","articleSection":["Internacionales"],"inLanguage":"es","potentialAction":[{"@type":"CommentAction","name":"Comment","target":["https:\/\/quehacerpolitico.mx\/?p=8544#respond"]}]},{"@type":"WebPage","@id":"https:\/\/quehacerpolitico.mx\/?p=8544","url":"https:\/\/quehacerpolitico.mx\/?p=8544","name":"Internacionales\/\/\/Carolina Alonso Romei\/\/\/EU es responsable de la \u201cmiseria y los horrores\u201d que obligan a huir de Centroam\u00e9rica, dice Chomsky -","isPartOf":{"@id":"https:\/\/quehacerpolitico.mx\/#website"},"primaryImageOfPage":{"@id":"https:\/\/quehacerpolitico.mx\/?p=8544#primaryimage"},"image":{"@id":"https:\/\/quehacerpolitico.mx\/?p=8544#primaryimage"},"thumbnailUrl":"","datePublished":"2018-11-05T15:30:33+00:00","author":{"@id":"https:\/\/quehacerpolitico.mx\/#\/schema\/person\/496d8ad2d1d3f8036101dca7ee39e585"},"breadcrumb":{"@id":"https:\/\/quehacerpolitico.mx\/?p=8544#breadcrumb"},"inLanguage":"es","potentialAction":[{"@type":"ReadAction","target":["https:\/\/quehacerpolitico.mx\/?p=8544"]}]},{"@type":"ImageObject","inLanguage":"es","@id":"https:\/\/quehacerpolitico.mx\/?p=8544#primaryimage","url":"","contentUrl":""},{"@type":"BreadcrumbList","@id":"https:\/\/quehacerpolitico.mx\/?p=8544#breadcrumb","itemListElement":[{"@type":"ListItem","position":1,"name":"Inicio","item":"https:\/\/quehacerpolitico.mx\/"},{"@type":"ListItem","position":2,"name":"Internacionales\/\/\/Carolina Alonso Romei\/\/\/EU es responsable de la \u201cmiseria y los horrores\u201d que obligan a huir de Centroam\u00e9rica, dice Chomsky"}]},{"@type":"WebSite","@id":"https:\/\/quehacerpolitico.mx\/#website","url":"https:\/\/quehacerpolitico.mx\/","name":"","description":"","potentialAction":[{"@type":"SearchAction","target":{"@type":"EntryPoint","urlTemplate":"https:\/\/quehacerpolitico.mx\/?s={search_term_string}"},"query-input":{"@type":"PropertyValueSpecification","valueRequired":true,"valueName":"search_term_string"}}],"inLanguage":"es"},{"@type":"Person","@id":"https:\/\/quehacerpolitico.mx\/#\/schema\/person\/496d8ad2d1d3f8036101dca7ee39e585","name":"Redacci\u00f3n QP","image":{"@type":"ImageObject","inLanguage":"es","@id":"https:\/\/secure.gravatar.com\/avatar\/c7164ed6fdec453195284ad24a5ae5b6e1eed2b848477fa2a4787ba9adf39a41?s=96&d=mm&r=g","url":"https:\/\/secure.gravatar.com\/avatar\/c7164ed6fdec453195284ad24a5ae5b6e1eed2b848477fa2a4787ba9adf39a41?s=96&d=mm&r=g","contentUrl":"https:\/\/secure.gravatar.com\/avatar\/c7164ed6fdec453195284ad24a5ae5b6e1eed2b848477fa2a4787ba9adf39a41?s=96&d=mm&r=g","caption":"Redacci\u00f3n QP"},"url":"https:\/\/quehacerpolitico.mx\/?author=2"}]}},"featured_image_urls":{"full":"","thumbnail":"","medium":"","medium_large":"","large":"","1536x1536":"","2048x2048":"","covernews-featured":"","covernews-medium":""},"author_info":{"display_name":"Redacci\u00f3n QP","author_link":"https:\/\/quehacerpolitico.mx\/?author=2"},"category_info":"<a href=\"https:\/\/quehacerpolitico.mx\/?cat=1\" rel=\"category\">Internacionales<\/a>","tag_info":"Internacionales","comment_count":"0","_links":{"self":[{"href":"https:\/\/quehacerpolitico.mx\/index.php?rest_route=\/wp\/v2\/posts\/8544","targetHints":{"allow":["GET"]}}],"collection":[{"href":"https:\/\/quehacerpolitico.mx\/index.php?rest_route=\/wp\/v2\/posts"}],"about":[{"href":"https:\/\/quehacerpolitico.mx\/index.php?rest_route=\/wp\/v2\/types\/post"}],"author":[{"embeddable":true,"href":"https:\/\/quehacerpolitico.mx\/index.php?rest_route=\/wp\/v2\/users\/2"}],"replies":[{"embeddable":true,"href":"https:\/\/quehacerpolitico.mx\/index.php?rest_route=%2Fwp%2Fv2%2Fcomments&post=8544"}],"version-history":[{"count":0,"href":"https:\/\/quehacerpolitico.mx\/index.php?rest_route=\/wp\/v2\/posts\/8544\/revisions"}],"wp:featuredmedia":[{"embeddable":true,"href":"https:\/\/quehacerpolitico.mx\/index.php?rest_route=\/"}],"wp:attachment":[{"href":"https:\/\/quehacerpolitico.mx\/index.php?rest_route=%2Fwp%2Fv2%2Fmedia&parent=8544"}],"wp:term":[{"taxonomy":"category","embeddable":true,"href":"https:\/\/quehacerpolitico.mx\/index.php?rest_route=%2Fwp%2Fv2%2Fcategories&post=8544"},{"taxonomy":"post_tag","embeddable":true,"href":"https:\/\/quehacerpolitico.mx\/index.php?rest_route=%2Fwp%2Fv2%2Ftags&post=8544"}],"curies":[{"name":"wp","href":"https:\/\/api.w.org\/{rel}","templated":true}]}}