{"id":85431,"date":"2021-10-06T04:04:37","date_gmt":"2021-10-06T04:04:37","guid":{"rendered":"https:\/\/quehacerpolitico.mx\/?p=85431"},"modified":"2021-10-06T04:04:39","modified_gmt":"2021-10-06T04:04:39","slug":"raul-jimenez-espera-con-ansias-el-reencuentro-con-el-azteca","status":"publish","type":"post","link":"https:\/\/quehacerpolitico.mx\/?p=85431","title":{"rendered":"Ra\u00fal Jim\u00e9nez espera con ansias el reencuentro con el Azteca"},"content":{"rendered":"\n<p>Por Redacci\u00f3n QP<\/p>\n\n\n\n<p>El delantero de los Wolves\u00a0cuenta las horas para regresar con la Selecci\u00f3n Nacional Mexicana<\/p>\n\n\n\n<p>Fue el 17 de noviembre del 2020, el \u00faltimo juego de Ra\u00fal Jim\u00e9nez con la Selecci\u00f3n Mexicana. Han pasado varias cosas desde ah\u00ed. Primero, su accidente futbol\u00edstico, el golpe con David Luiz que le fractur\u00f3 el cr\u00e1neo y lo dej\u00f3 fuera casi un a\u00f1o. Tambi\u00e9n la crisis del Tricolor, que fue desde la futbol\u00edstica, hasta la de perder dos finales ante Estados Unidos.<\/p>\n\n\n\n<p><strong>El regreso de Jim\u00e9nez, parece, puede ser la soluci\u00f3n a todo esto y m\u00e1s de cara a la eliminatoria mundialista.&nbsp;<\/strong><\/p>\n\n\n\n<p><strong>Jim\u00e9nez cuenta las horas para regresar con la Selecci\u00f3n Nacional Mexicana.<\/strong>\u00a0&#8220;S\u00ed, tengo ganas de volver, estar con mi gente en el Azteca, ser\u00e1 espectacular&#8221;, dijo en declaraciones a W Deportes.<\/p>\n\n\n\n<p>Jim\u00e9nez est\u00e1 cerca de cumplir 10 a\u00f1os de su debut profesional: &#8220;Ves el largo camino el que he luchado y me siento orgulloso. He tenido baches, dificultades, pero hemos sabido sobreponernos para luchar por m\u00e1s cosas&#8221;.<\/p>\n\n\n\n<figure class=\"wp-block-embed is-type-rich is-provider-twitter wp-block-embed-twitter\"><div class=\"wp-block-embed__wrapper\">\n<blockquote class=\"twitter-tweet\" data-width=\"550\" data-dnt=\"true\"><p lang=\"en\" dir=\"ltr\">Guess who&#39;s back! \ud83d\udc3a9\ufe0f\u20e3<a href=\"https:\/\/twitter.com\/hashtag\/Pasi%C3%B3nyOrgullo?src=hash&amp;ref_src=twsrc%5Etfw\">#Pasi\u00f3nyOrgullo<\/a> | <a href=\"https:\/\/twitter.com\/hashtag\/FMFporNuestroF%C3%BAtbol?src=hash&amp;ref_src=twsrc%5Etfw\">#FMFporNuestroF\u00fatbol<\/a> <a href=\"https:\/\/t.co\/D7g0DbYKEN\">pic.twitter.com\/D7g0DbYKEN<\/a><\/p>&mdash; Mexican National Team (@miseleccionmxEN) <a href=\"https:\/\/twitter.com\/miseleccionmxEN\/status\/1445173901550657542?ref_src=twsrc%5Etfw\">October 4, 2021<\/a><\/blockquote><script async src=\"https:\/\/platform.twitter.com\/widgets.js\" charset=\"utf-8\"><\/script>\n<\/div><\/figure>\n\n\n\n<p><strong>Aclar\u00f3 c\u00f3mo est\u00e1 en la cuesti\u00f3n de la protecci\u00f3n de su cabeza y la cinta que usa para esto. &#8220;Hubo una vez que me la quit\u00e9, la sent\u00eda ya muy pesada, comprimiendo mucho&#8221;.<\/strong><\/p>\n\n\n\n<p>&#8220;Creo que podr\u00eda jugar sin ella, pero es un tema m\u00e9dico, por protecci\u00f3n, aunque el mismo riesgo de sufrir un golpe en la cabeza lo sigo teniendo al igual que mis compa\u00f1eros. Si me toca a m\u00ed otra vez mi cr\u00e1neo est\u00e1 m\u00e1s sensible. La tengo que usar, probablemente ser\u00e1 por el resto de mi carrera, pero se sigue avanzando en el modelo para que me sienta bien\u2026&#8221;, concluy\u00f3.<\/p>\n\n\n\n<p>Con Informaci\u00f3n de SUN <\/p>\n","protected":false},"excerpt":{"rendered":"<p>Por Redacci\u00f3n QP El delantero de los Wolves\u00a0cuenta las horas para regresar con la Selecci\u00f3n&#8230;<\/p>\n","protected":false},"author":2,"featured_media":85432,"comment_status":"open","ping_status":"open","sticky":false,"template":"","format":"standard","meta":{"_monsterinsights_skip_tracking":false,"_monsterinsights_sitenote_active":false,"_monsterinsights_sitenote_note":"","_monsterinsights_sitenote_category":0,"footnotes":""},"categories":[54],"tags":[],"class_list":["post-85431","post","type-post","status-publish","format-standard","has-post-thumbnail","hentry","category-deportes"],"yoast_head":"<!-- This site is optimized with the Yoast SEO plugin v27.3 - https:\/\/yoast.com\/product\/yoast-seo-wordpress\/ -->\n<title>Ra\u00fal Jim\u00e9nez espera con ansias el reencuentro con el Azteca -<\/title>\n<meta name=\"robots\" content=\"index, follow, max-snippet:-1, max-image-preview:large, max-video-preview:-1\" \/>\n<link rel=\"canonical\" href=\"https:\/\/quehacerpolitico.mx\/?p=85431\" \/>\n<meta property=\"og:locale\" content=\"es_MX\" \/>\n<meta property=\"og:type\" content=\"article\" \/>\n<meta property=\"og:title\" content=\"Ra\u00fal Jim\u00e9nez espera con ansias el reencuentro con el Azteca -\" \/>\n<meta property=\"og:description\" content=\"Por Redacci\u00f3n QP El delantero de los Wolves\u00a0cuenta las horas para regresar con la Selecci\u00f3n...\" \/>\n<meta property=\"og:url\" content=\"https:\/\/quehacerpolitico.mx\/?p=85431\" \/>\n<meta property=\"article:published_time\" content=\"2021-10-06T04:04:37+00:00\" \/>\n<meta property=\"article:modified_time\" content=\"2021-10-06T04:04:39+00:00\" \/>\n<meta property=\"og:image\" content=\"https:\/\/quehacerpolitico.mx\/wp-content\/uploads\/2021\/10\/2A19AE13-1CB3-4453-8239-5DA4E1AE5A04.jpeg\" \/>\n\t<meta property=\"og:image:width\" content=\"2048\" \/>\n\t<meta property=\"og:image:height\" content=\"1363\" \/>\n\t<meta property=\"og:image:type\" content=\"image\/jpeg\" \/>\n<meta name=\"author\" content=\"Redacci\u00f3n QP\" \/>\n<meta name=\"twitter:card\" content=\"summary_large_image\" \/>\n<meta name=\"twitter:label1\" content=\"Escrito por\" \/>\n\t<meta name=\"twitter:data1\" content=\"Redacci\u00f3n QP\" \/>\n\t<meta name=\"twitter:label2\" content=\"Tiempo de lectura\" \/>\n\t<meta name=\"twitter:data2\" content=\"2 minutos\" \/>\n<script type=\"application\/ld+json\" class=\"yoast-schema-graph\">{\"@context\":\"https:\\\/\\\/schema.org\",\"@graph\":[{\"@type\":\"Article\",\"@id\":\"https:\\\/\\\/quehacerpolitico.mx\\\/?p=85431#article\",\"isPartOf\":{\"@id\":\"https:\\\/\\\/quehacerpolitico.mx\\\/?p=85431\"},\"author\":{\"name\":\"Redacci\u00f3n QP\",\"@id\":\"https:\\\/\\\/quehacerpolitico.mx\\\/#\\\/schema\\\/person\\\/496d8ad2d1d3f8036101dca7ee39e585\"},\"headline\":\"Ra\u00fal Jim\u00e9nez espera con ansias el reencuentro con el Azteca\",\"datePublished\":\"2021-10-06T04:04:37+00:00\",\"dateModified\":\"2021-10-06T04:04:39+00:00\",\"mainEntityOfPage\":{\"@id\":\"https:\\\/\\\/quehacerpolitico.mx\\\/?p=85431\"},\"wordCount\":319,\"commentCount\":0,\"image\":{\"@id\":\"https:\\\/\\\/quehacerpolitico.mx\\\/?p=85431#primaryimage\"},\"thumbnailUrl\":\"https:\\\/\\\/quehacerpolitico.mx\\\/wp-content\\\/uploads\\\/2021\\\/10\\\/2A19AE13-1CB3-4453-8239-5DA4E1AE5A04.jpeg\",\"articleSection\":[\"Deportes\"],\"inLanguage\":\"es\",\"potentialAction\":[{\"@type\":\"CommentAction\",\"name\":\"Comment\",\"target\":[\"https:\\\/\\\/quehacerpolitico.mx\\\/?p=85431#respond\"]}]},{\"@type\":\"WebPage\",\"@id\":\"https:\\\/\\\/quehacerpolitico.mx\\\/?p=85431\",\"url\":\"https:\\\/\\\/quehacerpolitico.mx\\\/?p=85431\",\"name\":\"Ra\u00fal Jim\u00e9nez espera con ansias el reencuentro con el Azteca -\",\"isPartOf\":{\"@id\":\"https:\\\/\\\/quehacerpolitico.mx\\\/#website\"},\"primaryImageOfPage\":{\"@id\":\"https:\\\/\\\/quehacerpolitico.mx\\\/?p=85431#primaryimage\"},\"image\":{\"@id\":\"https:\\\/\\\/quehacerpolitico.mx\\\/?p=85431#primaryimage\"},\"thumbnailUrl\":\"https:\\\/\\\/quehacerpolitico.mx\\\/wp-content\\\/uploads\\\/2021\\\/10\\\/2A19AE13-1CB3-4453-8239-5DA4E1AE5A04.jpeg\",\"datePublished\":\"2021-10-06T04:04:37+00:00\",\"dateModified\":\"2021-10-06T04:04:39+00:00\",\"author\":{\"@id\":\"https:\\\/\\\/quehacerpolitico.mx\\\/#\\\/schema\\\/person\\\/496d8ad2d1d3f8036101dca7ee39e585\"},\"breadcrumb\":{\"@id\":\"https:\\\/\\\/quehacerpolitico.mx\\\/?p=85431#breadcrumb\"},\"inLanguage\":\"es\",\"potentialAction\":[{\"@type\":\"ReadAction\",\"target\":[\"https:\\\/\\\/quehacerpolitico.mx\\\/?p=85431\"]}]},{\"@type\":\"ImageObject\",\"inLanguage\":\"es\",\"@id\":\"https:\\\/\\\/quehacerpolitico.mx\\\/?p=85431#primaryimage\",\"url\":\"https:\\\/\\\/quehacerpolitico.mx\\\/wp-content\\\/uploads\\\/2021\\\/10\\\/2A19AE13-1CB3-4453-8239-5DA4E1AE5A04.jpeg\",\"contentUrl\":\"https:\\\/\\\/quehacerpolitico.mx\\\/wp-content\\\/uploads\\\/2021\\\/10\\\/2A19AE13-1CB3-4453-8239-5DA4E1AE5A04.jpeg\",\"width\":2048,\"height\":1363},{\"@type\":\"BreadcrumbList\",\"@id\":\"https:\\\/\\\/quehacerpolitico.mx\\\/?p=85431#breadcrumb\",\"itemListElement\":[{\"@type\":\"ListItem\",\"position\":1,\"name\":\"Inicio\",\"item\":\"https:\\\/\\\/quehacerpolitico.mx\\\/\"},{\"@type\":\"ListItem\",\"position\":2,\"name\":\"Ra\u00fal Jim\u00e9nez espera con ansias el reencuentro con el Azteca\"}]},{\"@type\":\"WebSite\",\"@id\":\"https:\\\/\\\/quehacerpolitico.mx\\\/#website\",\"url\":\"https:\\\/\\\/quehacerpolitico.mx\\\/\",\"name\":\"\",\"description\":\"\",\"potentialAction\":[{\"@type\":\"SearchAction\",\"target\":{\"@type\":\"EntryPoint\",\"urlTemplate\":\"https:\\\/\\\/quehacerpolitico.mx\\\/?s={search_term_string}\"},\"query-input\":{\"@type\":\"PropertyValueSpecification\",\"valueRequired\":true,\"valueName\":\"search_term_string\"}}],\"inLanguage\":\"es\"},{\"@type\":\"Person\",\"@id\":\"https:\\\/\\\/quehacerpolitico.mx\\\/#\\\/schema\\\/person\\\/496d8ad2d1d3f8036101dca7ee39e585\",\"name\":\"Redacci\u00f3n QP\",\"image\":{\"@type\":\"ImageObject\",\"inLanguage\":\"es\",\"@id\":\"https:\\\/\\\/secure.gravatar.com\\\/avatar\\\/c7164ed6fdec453195284ad24a5ae5b6e1eed2b848477fa2a4787ba9adf39a41?s=96&d=mm&r=g\",\"url\":\"https:\\\/\\\/secure.gravatar.com\\\/avatar\\\/c7164ed6fdec453195284ad24a5ae5b6e1eed2b848477fa2a4787ba9adf39a41?s=96&d=mm&r=g\",\"contentUrl\":\"https:\\\/\\\/secure.gravatar.com\\\/avatar\\\/c7164ed6fdec453195284ad24a5ae5b6e1eed2b848477fa2a4787ba9adf39a41?s=96&d=mm&r=g\",\"caption\":\"Redacci\u00f3n QP\"},\"url\":\"https:\\\/\\\/quehacerpolitico.mx\\\/?author=2\"}]}<\/script>\n<!-- \/ Yoast SEO plugin. -->","yoast_head_json":{"title":"Ra\u00fal Jim\u00e9nez espera con ansias el reencuentro con el Azteca -","robots":{"index":"index","follow":"follow","max-snippet":"max-snippet:-1","max-image-preview":"max-image-preview:large","max-video-preview":"max-video-preview:-1"},"canonical":"https:\/\/quehacerpolitico.mx\/?p=85431","og_locale":"es_MX","og_type":"article","og_title":"Ra\u00fal Jim\u00e9nez espera con ansias el reencuentro con el Azteca -","og_description":"Por Redacci\u00f3n QP El delantero de los Wolves\u00a0cuenta las horas para regresar con la Selecci\u00f3n...","og_url":"https:\/\/quehacerpolitico.mx\/?p=85431","article_published_time":"2021-10-06T04:04:37+00:00","article_modified_time":"2021-10-06T04:04:39+00:00","og_image":[{"width":2048,"height":1363,"url":"https:\/\/quehacerpolitico.mx\/wp-content\/uploads\/2021\/10\/2A19AE13-1CB3-4453-8239-5DA4E1AE5A04.jpeg","type":"image\/jpeg"}],"author":"Redacci\u00f3n QP","twitter_card":"summary_large_image","twitter_misc":{"Escrito por":"Redacci\u00f3n QP","Tiempo de lectura":"2 minutos"},"schema":{"@context":"https:\/\/schema.org","@graph":[{"@type":"Article","@id":"https:\/\/quehacerpolitico.mx\/?p=85431#article","isPartOf":{"@id":"https:\/\/quehacerpolitico.mx\/?p=85431"},"author":{"name":"Redacci\u00f3n QP","@id":"https:\/\/quehacerpolitico.mx\/#\/schema\/person\/496d8ad2d1d3f8036101dca7ee39e585"},"headline":"Ra\u00fal Jim\u00e9nez espera con ansias el reencuentro con el Azteca","datePublished":"2021-10-06T04:04:37+00:00","dateModified":"2021-10-06T04:04:39+00:00","mainEntityOfPage":{"@id":"https:\/\/quehacerpolitico.mx\/?p=85431"},"wordCount":319,"commentCount":0,"image":{"@id":"https:\/\/quehacerpolitico.mx\/?p=85431#primaryimage"},"thumbnailUrl":"https:\/\/quehacerpolitico.mx\/wp-content\/uploads\/2021\/10\/2A19AE13-1CB3-4453-8239-5DA4E1AE5A04.jpeg","articleSection":["Deportes"],"inLanguage":"es","potentialAction":[{"@type":"CommentAction","name":"Comment","target":["https:\/\/quehacerpolitico.mx\/?p=85431#respond"]}]},{"@type":"WebPage","@id":"https:\/\/quehacerpolitico.mx\/?p=85431","url":"https:\/\/quehacerpolitico.mx\/?p=85431","name":"Ra\u00fal Jim\u00e9nez espera con ansias el reencuentro con el Azteca -","isPartOf":{"@id":"https:\/\/quehacerpolitico.mx\/#website"},"primaryImageOfPage":{"@id":"https:\/\/quehacerpolitico.mx\/?p=85431#primaryimage"},"image":{"@id":"https:\/\/quehacerpolitico.mx\/?p=85431#primaryimage"},"thumbnailUrl":"https:\/\/quehacerpolitico.mx\/wp-content\/uploads\/2021\/10\/2A19AE13-1CB3-4453-8239-5DA4E1AE5A04.jpeg","datePublished":"2021-10-06T04:04:37+00:00","dateModified":"2021-10-06T04:04:39+00:00","author":{"@id":"https:\/\/quehacerpolitico.mx\/#\/schema\/person\/496d8ad2d1d3f8036101dca7ee39e585"},"breadcrumb":{"@id":"https:\/\/quehacerpolitico.mx\/?p=85431#breadcrumb"},"inLanguage":"es","potentialAction":[{"@type":"ReadAction","target":["https:\/\/quehacerpolitico.mx\/?p=85431"]}]},{"@type":"ImageObject","inLanguage":"es","@id":"https:\/\/quehacerpolitico.mx\/?p=85431#primaryimage","url":"https:\/\/quehacerpolitico.mx\/wp-content\/uploads\/2021\/10\/2A19AE13-1CB3-4453-8239-5DA4E1AE5A04.jpeg","contentUrl":"https:\/\/quehacerpolitico.mx\/wp-content\/uploads\/2021\/10\/2A19AE13-1CB3-4453-8239-5DA4E1AE5A04.jpeg","width":2048,"height":1363},{"@type":"BreadcrumbList","@id":"https:\/\/quehacerpolitico.mx\/?p=85431#breadcrumb","itemListElement":[{"@type":"ListItem","position":1,"name":"Inicio","item":"https:\/\/quehacerpolitico.mx\/"},{"@type":"ListItem","position":2,"name":"Ra\u00fal Jim\u00e9nez espera con ansias el reencuentro con el Azteca"}]},{"@type":"WebSite","@id":"https:\/\/quehacerpolitico.mx\/#website","url":"https:\/\/quehacerpolitico.mx\/","name":"","description":"","potentialAction":[{"@type":"SearchAction","target":{"@type":"EntryPoint","urlTemplate":"https:\/\/quehacerpolitico.mx\/?s={search_term_string}"},"query-input":{"@type":"PropertyValueSpecification","valueRequired":true,"valueName":"search_term_string"}}],"inLanguage":"es"},{"@type":"Person","@id":"https:\/\/quehacerpolitico.mx\/#\/schema\/person\/496d8ad2d1d3f8036101dca7ee39e585","name":"Redacci\u00f3n QP","image":{"@type":"ImageObject","inLanguage":"es","@id":"https:\/\/secure.gravatar.com\/avatar\/c7164ed6fdec453195284ad24a5ae5b6e1eed2b848477fa2a4787ba9adf39a41?s=96&d=mm&r=g","url":"https:\/\/secure.gravatar.com\/avatar\/c7164ed6fdec453195284ad24a5ae5b6e1eed2b848477fa2a4787ba9adf39a41?s=96&d=mm&r=g","contentUrl":"https:\/\/secure.gravatar.com\/avatar\/c7164ed6fdec453195284ad24a5ae5b6e1eed2b848477fa2a4787ba9adf39a41?s=96&d=mm&r=g","caption":"Redacci\u00f3n QP"},"url":"https:\/\/quehacerpolitico.mx\/?author=2"}]}},"featured_image_urls":{"full":["https:\/\/quehacerpolitico.mx\/wp-content\/uploads\/2021\/10\/2A19AE13-1CB3-4453-8239-5DA4E1AE5A04.jpeg",2048,1363,false],"thumbnail":["https:\/\/quehacerpolitico.mx\/wp-content\/uploads\/2021\/10\/2A19AE13-1CB3-4453-8239-5DA4E1AE5A04-150x150.jpeg",150,150,true],"medium":["https:\/\/quehacerpolitico.mx\/wp-content\/uploads\/2021\/10\/2A19AE13-1CB3-4453-8239-5DA4E1AE5A04-300x200.jpeg",300,200,true],"medium_large":["https:\/\/quehacerpolitico.mx\/wp-content\/uploads\/2021\/10\/2A19AE13-1CB3-4453-8239-5DA4E1AE5A04-768x511.jpeg",640,426,true],"large":["https:\/\/quehacerpolitico.mx\/wp-content\/uploads\/2021\/10\/2A19AE13-1CB3-4453-8239-5DA4E1AE5A04-1024x682.jpeg",640,426,true],"1536x1536":["https:\/\/quehacerpolitico.mx\/wp-content\/uploads\/2021\/10\/2A19AE13-1CB3-4453-8239-5DA4E1AE5A04-1536x1022.jpeg",1536,1022,true],"2048x2048":["https:\/\/quehacerpolitico.mx\/wp-content\/uploads\/2021\/10\/2A19AE13-1CB3-4453-8239-5DA4E1AE5A04.jpeg",2048,1363,false],"covernews-featured":["https:\/\/quehacerpolitico.mx\/wp-content\/uploads\/2021\/10\/2A19AE13-1CB3-4453-8239-5DA4E1AE5A04.jpeg",1024,682,false],"covernews-medium":["https:\/\/quehacerpolitico.mx\/wp-content\/uploads\/2021\/10\/2A19AE13-1CB3-4453-8239-5DA4E1AE5A04.jpeg",511,340,false]},"author_info":{"display_name":"Redacci\u00f3n QP","author_link":"https:\/\/quehacerpolitico.mx\/?author=2"},"category_info":"<a href=\"https:\/\/quehacerpolitico.mx\/?cat=54\" rel=\"category\">Deportes<\/a>","tag_info":"Deportes","comment_count":"0","_links":{"self":[{"href":"https:\/\/quehacerpolitico.mx\/index.php?rest_route=\/wp\/v2\/posts\/85431","targetHints":{"allow":["GET"]}}],"collection":[{"href":"https:\/\/quehacerpolitico.mx\/index.php?rest_route=\/wp\/v2\/posts"}],"about":[{"href":"https:\/\/quehacerpolitico.mx\/index.php?rest_route=\/wp\/v2\/types\/post"}],"author":[{"embeddable":true,"href":"https:\/\/quehacerpolitico.mx\/index.php?rest_route=\/wp\/v2\/users\/2"}],"replies":[{"embeddable":true,"href":"https:\/\/quehacerpolitico.mx\/index.php?rest_route=%2Fwp%2Fv2%2Fcomments&post=85431"}],"version-history":[{"count":1,"href":"https:\/\/quehacerpolitico.mx\/index.php?rest_route=\/wp\/v2\/posts\/85431\/revisions"}],"predecessor-version":[{"id":85433,"href":"https:\/\/quehacerpolitico.mx\/index.php?rest_route=\/wp\/v2\/posts\/85431\/revisions\/85433"}],"wp:featuredmedia":[{"embeddable":true,"href":"https:\/\/quehacerpolitico.mx\/index.php?rest_route=\/wp\/v2\/media\/85432"}],"wp:attachment":[{"href":"https:\/\/quehacerpolitico.mx\/index.php?rest_route=%2Fwp%2Fv2%2Fmedia&parent=85431"}],"wp:term":[{"taxonomy":"category","embeddable":true,"href":"https:\/\/quehacerpolitico.mx\/index.php?rest_route=%2Fwp%2Fv2%2Fcategories&post=85431"},{"taxonomy":"post_tag","embeddable":true,"href":"https:\/\/quehacerpolitico.mx\/index.php?rest_route=%2Fwp%2Fv2%2Ftags&post=85431"}],"curies":[{"name":"wp","href":"https:\/\/api.w.org\/{rel}","templated":true}]}}