{"id":85422,"date":"2021-10-06T02:57:44","date_gmt":"2021-10-06T02:57:44","guid":{"rendered":"https:\/\/quehacerpolitico.mx\/?p=85422"},"modified":"2021-10-06T02:57:48","modified_gmt":"2021-10-06T02:57:48","slug":"reforma-electrica-de-amlo-se-votara-antes-de-fin-de-ano-diputados-morena","status":"publish","type":"post","link":"https:\/\/quehacerpolitico.mx\/?p=85422","title":{"rendered":"Reforma el\u00e9ctrica de AMLO se votar\u00e1 antes de fin de a\u00f1o: Diputados Morena"},"content":{"rendered":"\n<p>Por Redacci\u00f3n QP<\/p>\n\n\n\n<p>Ignacio Mier Velazco adelanta que ser\u00eda entre el 12 de noviembre y el 15 de diciembre cuando concluyan los trabajos legislativos en la materia<\/p>\n\n\n\n<p>El coordinador del grupo mayoritario de\u00a0Morena en la C\u00e1mara de Diputados, Ignacio Mier Velazco, adelant\u00f3 que la reforma constitucional en materia el\u00e9ctrica que envi\u00f3 el Presidente Andr\u00e9s Manuel L\u00f3pez Obrador (AMLO) se estar\u00e1 votando en el pleno de San L\u00e1zaro en este periodo ordinario de sesiones, y ser\u00eda entre el 12 de noviembre y el 15 de diciembre cuando concluyan los trabajos.<\/p>\n\n\n\n<p>En conferencia de prensa, Ignacio Mier adelant\u00f3 que se prev\u00e9 que el Presupuesto de Egresos de la Federaci\u00f3n sea avalado el pr\u00f3ximo 12 o 13 de noviembre, es decir, dos d\u00edas antes de que concluya la fecha l\u00edmite por ley, que es el 15 de diciembre, y a partir de esa fecha, ahora s\u00ed enfocarse en la iniciativa presidencial.<\/p>\n\n\n\n<p>&#8220;El Paquete Econ\u00f3mico en general, Ley de Ingresos y el Presupuesto completo lo tengamos listo por el 12 de noviembre, 13 de noviembre, la ley establece el 15 de noviembre como fecha l\u00edmite para aprobaci\u00f3n de presupuesto; y yo creo que entre el 12 de noviembre y antes de que concluya el periodo estaremos votando en el pleno la reforma a la industria el\u00e9ctrica&#8221;, adelant\u00f3.<\/p>\n\n\n\n<figure class=\"wp-block-image\"><img decoding=\"async\" src=\"https:\/\/www.informador.mx\/export\/sites\/elinformador\/img\/2021\/10\/05\/6_1.jpg_1453444806.jpg\" alt=\"\" title=\"\"\/><\/figure>\n\n\n\n<p>En esta conferencia, Mier Velazco hizo una nueva invitaci\u00f3n al PRI y al PRD&nbsp;<strong>para que volteen a ver sus or\u00edgenes y acompa\u00f1en a Morena y sus aliados de la Cuarta Transformaci\u00f3n para aprobar la reforma el\u00e9ctrica de AMLO.<\/strong><\/p>\n\n\n\n<p>&#8220;En respeto a la actitud y a las convicciones que sigui\u00f3 el Partido Revolucionario Institucional, hoy nos ocupa un inter\u00e9s que es superior y que es el bien de la naci\u00f3n, y si ellos se suman, si ellos aceptan, nosotros no nos vamos a cansar de invitarlos. Si algo les puedo garantizar es que no nos vamos a cansar, incluso al PRD. El PRD que tiene como estandarte a C\u00e1rdenas, deber\u00eda de irse a dar una vuelta a cualquiera de las plazas p\u00fablicas, donde est\u00e1 la imagen del gran general C\u00e1rdenas y que hagan un ejercicio de interiorizar, de reflexionar qu\u00e9 representan, \u00bfqu\u00e9 los une m\u00e1s, G\u00f3mez Mor\u00edn o L\u00e1zaro C\u00e1rdenas?&#8221;, dijo Mier.<\/p>\n\n\n\n<p>En cambio, dijo que\u00a0<strong>el Partido Acci\u00f3n Nacional hist\u00f3ricamente ha sido un partido conservador de derecha y eso est\u00e1 bien<\/strong>. &#8220;Todas las democracias necesitan un partido de esas caracter\u00edsticas, con esa orientaci\u00f3n pol\u00edtica-ideol\u00f3gica. No olviden c\u00f3mo surge el Partido Acci\u00f3n Nacional, una escisi\u00f3n con relaci\u00f3n a la pol\u00edtica econ\u00f3mica de la \u00e9poca, que motiv\u00f3 que G\u00f3mez Mor\u00edn, que hab\u00eda sido director del Banco de M\u00e9xico no estaba de acuerdo en una pol\u00edtica que tuviera como inter\u00e9s y como centro de inter\u00e9s a la poblaci\u00f3n, a los mexicanos. Entonces surge el Partido Acci\u00f3n Nacional como un partido que privilegia en el bien com\u00fan, realmente intereses comunes solamente al sector privado y est\u00e1 bien. Est\u00e1 bien que est\u00e9n aqu\u00ed representados y que defiendan esa posici\u00f3n&#8221;, asegur\u00f3.<\/p>\n\n\n\n<p>Adem\u00e1s, Mier acept\u00f3 que&nbsp;<strong>se abra un parlamento abierto para escuchar todas las voces en torno a este tema.<\/strong><\/p>\n\n\n\n<p>&#8220;Nadie se va a quedar sin hablar, para que defiendan su verdad, su posici\u00f3n, sus inquietudes (\u2026) -ok, me regreso- vamos a abrirla absolutamente a todos, a acad\u00e9micos, especialistas, institutos, los propios integrantes ahora de la Comisi\u00f3n Reguladora de Energ\u00eda, del Cenace, vamos a invitar absolutamente a todos, a las universidades, a los sindicatos, que todos se expresen. Los partidos pol\u00edticos, los empresarios, los generadores independientes, los generadores para el autoabasto, los inversionistas del sector privado, a todos vamos a invitar. No vamos a dejar de escuchar absolutamente a nadie, porque nos asiste la raz\u00f3n t\u00e9cnica, la raz\u00f3n econ\u00f3mica, la raz\u00f3n pol\u00edtica y la convicci\u00f3n de que el sistema el\u00e9ctrico mexicano tiene que ser un servicio a la altura de lo que merece el pueblo de M\u00e9xico&#8221;, declar\u00f3.<\/p>\n\n\n\n<p>Con Informaci\u00f3n de SUN <\/p>\n","protected":false},"excerpt":{"rendered":"<p>Por Redacci\u00f3n QP Ignacio Mier Velazco adelanta que ser\u00eda entre el 12 de noviembre y&#8230;<\/p>\n","protected":false},"author":2,"featured_media":85423,"comment_status":"open","ping_status":"open","sticky":false,"template":"","format":"standard","meta":{"_monsterinsights_skip_tracking":false,"_monsterinsights_sitenote_active":false,"_monsterinsights_sitenote_note":"","_monsterinsights_sitenote_category":0,"footnotes":""},"categories":[2],"tags":[],"class_list":["post-85422","post","type-post","status-publish","format-standard","has-post-thumbnail","hentry","category-noticias"],"yoast_head":"<!-- This site is optimized with the Yoast SEO plugin v27.3 - https:\/\/yoast.com\/product\/yoast-seo-wordpress\/ -->\n<title>Reforma el\u00e9ctrica de AMLO se votar\u00e1 antes de fin de a\u00f1o: Diputados Morena -<\/title>\n<meta name=\"robots\" content=\"index, follow, max-snippet:-1, max-image-preview:large, max-video-preview:-1\" \/>\n<link rel=\"canonical\" href=\"https:\/\/quehacerpolitico.mx\/?p=85422\" \/>\n<meta property=\"og:locale\" content=\"es_MX\" \/>\n<meta property=\"og:type\" content=\"article\" \/>\n<meta property=\"og:title\" content=\"Reforma el\u00e9ctrica de AMLO se votar\u00e1 antes de fin de a\u00f1o: Diputados Morena -\" \/>\n<meta property=\"og:description\" content=\"Por Redacci\u00f3n QP Ignacio Mier Velazco adelanta que ser\u00eda entre el 12 de noviembre y...\" \/>\n<meta property=\"og:url\" content=\"https:\/\/quehacerpolitico.mx\/?p=85422\" \/>\n<meta property=\"article:published_time\" content=\"2021-10-06T02:57:44+00:00\" \/>\n<meta property=\"article:modified_time\" content=\"2021-10-06T02:57:48+00:00\" \/>\n<meta property=\"og:image\" content=\"https:\/\/quehacerpolitico.mx\/wp-content\/uploads\/2021\/10\/B85E8E6A-5756-4C2C-BD02-3A355E907D71.jpeg\" \/>\n\t<meta property=\"og:image:width\" content=\"1280\" \/>\n\t<meta property=\"og:image:height\" content=\"718\" \/>\n\t<meta property=\"og:image:type\" content=\"image\/jpeg\" \/>\n<meta name=\"author\" content=\"Redacci\u00f3n QP\" \/>\n<meta name=\"twitter:card\" content=\"summary_large_image\" \/>\n<meta name=\"twitter:label1\" content=\"Escrito por\" \/>\n\t<meta name=\"twitter:data1\" content=\"Redacci\u00f3n QP\" \/>\n\t<meta name=\"twitter:label2\" content=\"Tiempo de lectura\" \/>\n\t<meta name=\"twitter:data2\" content=\"4 minutos\" \/>\n<script type=\"application\/ld+json\" class=\"yoast-schema-graph\">{\"@context\":\"https:\\\/\\\/schema.org\",\"@graph\":[{\"@type\":\"Article\",\"@id\":\"https:\\\/\\\/quehacerpolitico.mx\\\/?p=85422#article\",\"isPartOf\":{\"@id\":\"https:\\\/\\\/quehacerpolitico.mx\\\/?p=85422\"},\"author\":{\"name\":\"Redacci\u00f3n QP\",\"@id\":\"https:\\\/\\\/quehacerpolitico.mx\\\/#\\\/schema\\\/person\\\/496d8ad2d1d3f8036101dca7ee39e585\"},\"headline\":\"Reforma el\u00e9ctrica de AMLO se votar\u00e1 antes de fin de a\u00f1o: Diputados Morena\",\"datePublished\":\"2021-10-06T02:57:44+00:00\",\"dateModified\":\"2021-10-06T02:57:48+00:00\",\"mainEntityOfPage\":{\"@id\":\"https:\\\/\\\/quehacerpolitico.mx\\\/?p=85422\"},\"wordCount\":718,\"commentCount\":0,\"image\":{\"@id\":\"https:\\\/\\\/quehacerpolitico.mx\\\/?p=85422#primaryimage\"},\"thumbnailUrl\":\"https:\\\/\\\/quehacerpolitico.mx\\\/wp-content\\\/uploads\\\/2021\\\/10\\\/B85E8E6A-5756-4C2C-BD02-3A355E907D71.jpeg\",\"articleSection\":[\"Noticias\"],\"inLanguage\":\"es\",\"potentialAction\":[{\"@type\":\"CommentAction\",\"name\":\"Comment\",\"target\":[\"https:\\\/\\\/quehacerpolitico.mx\\\/?p=85422#respond\"]}]},{\"@type\":\"WebPage\",\"@id\":\"https:\\\/\\\/quehacerpolitico.mx\\\/?p=85422\",\"url\":\"https:\\\/\\\/quehacerpolitico.mx\\\/?p=85422\",\"name\":\"Reforma el\u00e9ctrica de AMLO se votar\u00e1 antes de fin de a\u00f1o: Diputados Morena -\",\"isPartOf\":{\"@id\":\"https:\\\/\\\/quehacerpolitico.mx\\\/#website\"},\"primaryImageOfPage\":{\"@id\":\"https:\\\/\\\/quehacerpolitico.mx\\\/?p=85422#primaryimage\"},\"image\":{\"@id\":\"https:\\\/\\\/quehacerpolitico.mx\\\/?p=85422#primaryimage\"},\"thumbnailUrl\":\"https:\\\/\\\/quehacerpolitico.mx\\\/wp-content\\\/uploads\\\/2021\\\/10\\\/B85E8E6A-5756-4C2C-BD02-3A355E907D71.jpeg\",\"datePublished\":\"2021-10-06T02:57:44+00:00\",\"dateModified\":\"2021-10-06T02:57:48+00:00\",\"author\":{\"@id\":\"https:\\\/\\\/quehacerpolitico.mx\\\/#\\\/schema\\\/person\\\/496d8ad2d1d3f8036101dca7ee39e585\"},\"breadcrumb\":{\"@id\":\"https:\\\/\\\/quehacerpolitico.mx\\\/?p=85422#breadcrumb\"},\"inLanguage\":\"es\",\"potentialAction\":[{\"@type\":\"ReadAction\",\"target\":[\"https:\\\/\\\/quehacerpolitico.mx\\\/?p=85422\"]}]},{\"@type\":\"ImageObject\",\"inLanguage\":\"es\",\"@id\":\"https:\\\/\\\/quehacerpolitico.mx\\\/?p=85422#primaryimage\",\"url\":\"https:\\\/\\\/quehacerpolitico.mx\\\/wp-content\\\/uploads\\\/2021\\\/10\\\/B85E8E6A-5756-4C2C-BD02-3A355E907D71.jpeg\",\"contentUrl\":\"https:\\\/\\\/quehacerpolitico.mx\\\/wp-content\\\/uploads\\\/2021\\\/10\\\/B85E8E6A-5756-4C2C-BD02-3A355E907D71.jpeg\",\"width\":1280,\"height\":718},{\"@type\":\"BreadcrumbList\",\"@id\":\"https:\\\/\\\/quehacerpolitico.mx\\\/?p=85422#breadcrumb\",\"itemListElement\":[{\"@type\":\"ListItem\",\"position\":1,\"name\":\"Inicio\",\"item\":\"https:\\\/\\\/quehacerpolitico.mx\\\/\"},{\"@type\":\"ListItem\",\"position\":2,\"name\":\"Reforma el\u00e9ctrica de AMLO se votar\u00e1 antes de fin de a\u00f1o: Diputados Morena\"}]},{\"@type\":\"WebSite\",\"@id\":\"https:\\\/\\\/quehacerpolitico.mx\\\/#website\",\"url\":\"https:\\\/\\\/quehacerpolitico.mx\\\/\",\"name\":\"\",\"description\":\"\",\"potentialAction\":[{\"@type\":\"SearchAction\",\"target\":{\"@type\":\"EntryPoint\",\"urlTemplate\":\"https:\\\/\\\/quehacerpolitico.mx\\\/?s={search_term_string}\"},\"query-input\":{\"@type\":\"PropertyValueSpecification\",\"valueRequired\":true,\"valueName\":\"search_term_string\"}}],\"inLanguage\":\"es\"},{\"@type\":\"Person\",\"@id\":\"https:\\\/\\\/quehacerpolitico.mx\\\/#\\\/schema\\\/person\\\/496d8ad2d1d3f8036101dca7ee39e585\",\"name\":\"Redacci\u00f3n QP\",\"image\":{\"@type\":\"ImageObject\",\"inLanguage\":\"es\",\"@id\":\"https:\\\/\\\/secure.gravatar.com\\\/avatar\\\/c7164ed6fdec453195284ad24a5ae5b6e1eed2b848477fa2a4787ba9adf39a41?s=96&d=mm&r=g\",\"url\":\"https:\\\/\\\/secure.gravatar.com\\\/avatar\\\/c7164ed6fdec453195284ad24a5ae5b6e1eed2b848477fa2a4787ba9adf39a41?s=96&d=mm&r=g\",\"contentUrl\":\"https:\\\/\\\/secure.gravatar.com\\\/avatar\\\/c7164ed6fdec453195284ad24a5ae5b6e1eed2b848477fa2a4787ba9adf39a41?s=96&d=mm&r=g\",\"caption\":\"Redacci\u00f3n QP\"},\"url\":\"https:\\\/\\\/quehacerpolitico.mx\\\/?author=2\"}]}<\/script>\n<!-- \/ Yoast SEO plugin. -->","yoast_head_json":{"title":"Reforma el\u00e9ctrica de AMLO se votar\u00e1 antes de fin de a\u00f1o: Diputados Morena -","robots":{"index":"index","follow":"follow","max-snippet":"max-snippet:-1","max-image-preview":"max-image-preview:large","max-video-preview":"max-video-preview:-1"},"canonical":"https:\/\/quehacerpolitico.mx\/?p=85422","og_locale":"es_MX","og_type":"article","og_title":"Reforma el\u00e9ctrica de AMLO se votar\u00e1 antes de fin de a\u00f1o: Diputados Morena -","og_description":"Por Redacci\u00f3n QP Ignacio Mier Velazco adelanta que ser\u00eda entre el 12 de noviembre y...","og_url":"https:\/\/quehacerpolitico.mx\/?p=85422","article_published_time":"2021-10-06T02:57:44+00:00","article_modified_time":"2021-10-06T02:57:48+00:00","og_image":[{"width":1280,"height":718,"url":"https:\/\/quehacerpolitico.mx\/wp-content\/uploads\/2021\/10\/B85E8E6A-5756-4C2C-BD02-3A355E907D71.jpeg","type":"image\/jpeg"}],"author":"Redacci\u00f3n QP","twitter_card":"summary_large_image","twitter_misc":{"Escrito por":"Redacci\u00f3n QP","Tiempo de lectura":"4 minutos"},"schema":{"@context":"https:\/\/schema.org","@graph":[{"@type":"Article","@id":"https:\/\/quehacerpolitico.mx\/?p=85422#article","isPartOf":{"@id":"https:\/\/quehacerpolitico.mx\/?p=85422"},"author":{"name":"Redacci\u00f3n QP","@id":"https:\/\/quehacerpolitico.mx\/#\/schema\/person\/496d8ad2d1d3f8036101dca7ee39e585"},"headline":"Reforma el\u00e9ctrica de AMLO se votar\u00e1 antes de fin de a\u00f1o: Diputados Morena","datePublished":"2021-10-06T02:57:44+00:00","dateModified":"2021-10-06T02:57:48+00:00","mainEntityOfPage":{"@id":"https:\/\/quehacerpolitico.mx\/?p=85422"},"wordCount":718,"commentCount":0,"image":{"@id":"https:\/\/quehacerpolitico.mx\/?p=85422#primaryimage"},"thumbnailUrl":"https:\/\/quehacerpolitico.mx\/wp-content\/uploads\/2021\/10\/B85E8E6A-5756-4C2C-BD02-3A355E907D71.jpeg","articleSection":["Noticias"],"inLanguage":"es","potentialAction":[{"@type":"CommentAction","name":"Comment","target":["https:\/\/quehacerpolitico.mx\/?p=85422#respond"]}]},{"@type":"WebPage","@id":"https:\/\/quehacerpolitico.mx\/?p=85422","url":"https:\/\/quehacerpolitico.mx\/?p=85422","name":"Reforma el\u00e9ctrica de AMLO se votar\u00e1 antes de fin de a\u00f1o: Diputados Morena -","isPartOf":{"@id":"https:\/\/quehacerpolitico.mx\/#website"},"primaryImageOfPage":{"@id":"https:\/\/quehacerpolitico.mx\/?p=85422#primaryimage"},"image":{"@id":"https:\/\/quehacerpolitico.mx\/?p=85422#primaryimage"},"thumbnailUrl":"https:\/\/quehacerpolitico.mx\/wp-content\/uploads\/2021\/10\/B85E8E6A-5756-4C2C-BD02-3A355E907D71.jpeg","datePublished":"2021-10-06T02:57:44+00:00","dateModified":"2021-10-06T02:57:48+00:00","author":{"@id":"https:\/\/quehacerpolitico.mx\/#\/schema\/person\/496d8ad2d1d3f8036101dca7ee39e585"},"breadcrumb":{"@id":"https:\/\/quehacerpolitico.mx\/?p=85422#breadcrumb"},"inLanguage":"es","potentialAction":[{"@type":"ReadAction","target":["https:\/\/quehacerpolitico.mx\/?p=85422"]}]},{"@type":"ImageObject","inLanguage":"es","@id":"https:\/\/quehacerpolitico.mx\/?p=85422#primaryimage","url":"https:\/\/quehacerpolitico.mx\/wp-content\/uploads\/2021\/10\/B85E8E6A-5756-4C2C-BD02-3A355E907D71.jpeg","contentUrl":"https:\/\/quehacerpolitico.mx\/wp-content\/uploads\/2021\/10\/B85E8E6A-5756-4C2C-BD02-3A355E907D71.jpeg","width":1280,"height":718},{"@type":"BreadcrumbList","@id":"https:\/\/quehacerpolitico.mx\/?p=85422#breadcrumb","itemListElement":[{"@type":"ListItem","position":1,"name":"Inicio","item":"https:\/\/quehacerpolitico.mx\/"},{"@type":"ListItem","position":2,"name":"Reforma el\u00e9ctrica de AMLO se votar\u00e1 antes de fin de a\u00f1o: Diputados Morena"}]},{"@type":"WebSite","@id":"https:\/\/quehacerpolitico.mx\/#website","url":"https:\/\/quehacerpolitico.mx\/","name":"","description":"","potentialAction":[{"@type":"SearchAction","target":{"@type":"EntryPoint","urlTemplate":"https:\/\/quehacerpolitico.mx\/?s={search_term_string}"},"query-input":{"@type":"PropertyValueSpecification","valueRequired":true,"valueName":"search_term_string"}}],"inLanguage":"es"},{"@type":"Person","@id":"https:\/\/quehacerpolitico.mx\/#\/schema\/person\/496d8ad2d1d3f8036101dca7ee39e585","name":"Redacci\u00f3n QP","image":{"@type":"ImageObject","inLanguage":"es","@id":"https:\/\/secure.gravatar.com\/avatar\/c7164ed6fdec453195284ad24a5ae5b6e1eed2b848477fa2a4787ba9adf39a41?s=96&d=mm&r=g","url":"https:\/\/secure.gravatar.com\/avatar\/c7164ed6fdec453195284ad24a5ae5b6e1eed2b848477fa2a4787ba9adf39a41?s=96&d=mm&r=g","contentUrl":"https:\/\/secure.gravatar.com\/avatar\/c7164ed6fdec453195284ad24a5ae5b6e1eed2b848477fa2a4787ba9adf39a41?s=96&d=mm&r=g","caption":"Redacci\u00f3n QP"},"url":"https:\/\/quehacerpolitico.mx\/?author=2"}]}},"featured_image_urls":{"full":["https:\/\/quehacerpolitico.mx\/wp-content\/uploads\/2021\/10\/B85E8E6A-5756-4C2C-BD02-3A355E907D71.jpeg",1280,718,false],"thumbnail":["https:\/\/quehacerpolitico.mx\/wp-content\/uploads\/2021\/10\/B85E8E6A-5756-4C2C-BD02-3A355E907D71-150x150.jpeg",150,150,true],"medium":["https:\/\/quehacerpolitico.mx\/wp-content\/uploads\/2021\/10\/B85E8E6A-5756-4C2C-BD02-3A355E907D71-300x168.jpeg",300,168,true],"medium_large":["https:\/\/quehacerpolitico.mx\/wp-content\/uploads\/2021\/10\/B85E8E6A-5756-4C2C-BD02-3A355E907D71-768x431.jpeg",640,359,true],"large":["https:\/\/quehacerpolitico.mx\/wp-content\/uploads\/2021\/10\/B85E8E6A-5756-4C2C-BD02-3A355E907D71-1024x574.jpeg",640,359,true],"1536x1536":["https:\/\/quehacerpolitico.mx\/wp-content\/uploads\/2021\/10\/B85E8E6A-5756-4C2C-BD02-3A355E907D71.jpeg",1280,718,false],"2048x2048":["https:\/\/quehacerpolitico.mx\/wp-content\/uploads\/2021\/10\/B85E8E6A-5756-4C2C-BD02-3A355E907D71.jpeg",1280,718,false],"covernews-featured":["https:\/\/quehacerpolitico.mx\/wp-content\/uploads\/2021\/10\/B85E8E6A-5756-4C2C-BD02-3A355E907D71.jpeg",1024,574,false],"covernews-medium":["https:\/\/quehacerpolitico.mx\/wp-content\/uploads\/2021\/10\/B85E8E6A-5756-4C2C-BD02-3A355E907D71.jpeg",540,303,false]},"author_info":{"display_name":"Redacci\u00f3n QP","author_link":"https:\/\/quehacerpolitico.mx\/?author=2"},"category_info":"<a href=\"https:\/\/quehacerpolitico.mx\/?cat=2\" rel=\"category\">Noticias<\/a>","tag_info":"Noticias","comment_count":"0","_links":{"self":[{"href":"https:\/\/quehacerpolitico.mx\/index.php?rest_route=\/wp\/v2\/posts\/85422","targetHints":{"allow":["GET"]}}],"collection":[{"href":"https:\/\/quehacerpolitico.mx\/index.php?rest_route=\/wp\/v2\/posts"}],"about":[{"href":"https:\/\/quehacerpolitico.mx\/index.php?rest_route=\/wp\/v2\/types\/post"}],"author":[{"embeddable":true,"href":"https:\/\/quehacerpolitico.mx\/index.php?rest_route=\/wp\/v2\/users\/2"}],"replies":[{"embeddable":true,"href":"https:\/\/quehacerpolitico.mx\/index.php?rest_route=%2Fwp%2Fv2%2Fcomments&post=85422"}],"version-history":[{"count":1,"href":"https:\/\/quehacerpolitico.mx\/index.php?rest_route=\/wp\/v2\/posts\/85422\/revisions"}],"predecessor-version":[{"id":85424,"href":"https:\/\/quehacerpolitico.mx\/index.php?rest_route=\/wp\/v2\/posts\/85422\/revisions\/85424"}],"wp:featuredmedia":[{"embeddable":true,"href":"https:\/\/quehacerpolitico.mx\/index.php?rest_route=\/wp\/v2\/media\/85423"}],"wp:attachment":[{"href":"https:\/\/quehacerpolitico.mx\/index.php?rest_route=%2Fwp%2Fv2%2Fmedia&parent=85422"}],"wp:term":[{"taxonomy":"category","embeddable":true,"href":"https:\/\/quehacerpolitico.mx\/index.php?rest_route=%2Fwp%2Fv2%2Fcategories&post=85422"},{"taxonomy":"post_tag","embeddable":true,"href":"https:\/\/quehacerpolitico.mx\/index.php?rest_route=%2Fwp%2Fv2%2Ftags&post=85422"}],"curies":[{"name":"wp","href":"https:\/\/api.w.org\/{rel}","templated":true}]}}