{"id":85419,"date":"2021-10-06T02:29:08","date_gmt":"2021-10-06T02:29:08","guid":{"rendered":"https:\/\/quehacerpolitico.mx\/?p=85419"},"modified":"2021-10-06T02:29:10","modified_gmt":"2021-10-06T02:29:10","slug":"conacyt-reprograman-comparecencias-de-cientificos","status":"publish","type":"post","link":"https:\/\/quehacerpolitico.mx\/?p=85419","title":{"rendered":"Conacyt: Reprograman comparecencias de cient\u00edficos"},"content":{"rendered":"\n<p>Por Redacci\u00f3n QP<\/p>\n\n\n\n<p>Se\u00f1alan que la ministerio p\u00fablico encargada de diligencia\u00a0ten\u00eda sospecha de COVID-19<\/p>\n\n\n\n<p><strong>La Fiscal\u00eda General de la Rep\u00fablica (FGR) reprogram\u00f3 las comparecencias<\/strong>&nbsp;de 2 de los 31 cient\u00edficos y exfuncionarios del Consejo Nacional de Ciencia y Tecnolog\u00eda (Conacyt) que son investigados por lavado de dinero, delincuencia organizada, uso il\u00edcito de atribuciones y facultades y peculado.<\/p>\n\n\n\n<p>Fuentes ministeriales confirmaron que esta ma\u00f1ana, a las 11:00 horas, estaba programada la comparecencia de<strong>&nbsp;M\u00f3nica &#8220;N&#8221;,<\/strong>&nbsp;exempleada administrativa, para declarar sobre la investigaci\u00f3n que lleva la Fiscal\u00eda Especializada en Materia de Delincuencia Organizada (FEMDO).<\/p>\n\n\n\n<p>Al llegar a declarar, M\u00f3nica &#8220;N&#8221; fue informada que la ministerio p\u00fablico encargada del asunto ten\u00eda\u00a0<strong>sospecha de COVID-19<\/strong>\u00a0y por protocolo acudi\u00f3 a realizarse una prueba.<\/p>\n\n\n\n<p>Seg\u00fan las fuentes consultadas, el reactivo sali\u00f3 negativo al virus del SARS-Cov2, por lo que la comparecencia de M\u00f3nica &#8220;N&#8221; y\u00a0<strong>Rafael Pando Cer\u00f3n<\/strong>, exdirector de Planeaci\u00f3n, Evaluaci\u00f3n y Seguimiento Tecnol\u00f3gico del Conacyt, quien ten\u00eda cita hoy a las 13:00 horas en la FEMDO, fueron reprogramadas.<\/p>\n\n\n\n<p><strong>Julia Tag\u00fce\u00f1a y Patricia Z\u00fa\u00f1iga,<\/strong>\u00a0excoordinadora y fundadora del Foro Consultivo, respectivamente, est\u00e1n citadas para el mi\u00e9rcoles y jueves, confirmaron fuentes federales. Otros dos cient\u00edfcios est\u00e1n citados a compareceren los pr\u00f3ximos d\u00edas.<\/p>\n\n\n\n<p>Entre agosto y septiembre, la FGR intent\u00f3 dos veces, sin \u00e9xito, obtener \u00f3rdenes de aprehensi\u00f3n contra los 31 cient\u00edficos y exfuncionarios investigados.<\/p>\n\n\n\n<p>En diversos pronunciamientos, los 31 investigados han dado a conocer que la FGR no les ha permitido tener acceso a la carpeta de investigaci\u00f3n, por lo que se espera que los que comparecer\u00e1n en los pr\u00f3ximos d\u00edas se conviertan en los primeros del grupo en conocer parte del documento.<\/p>\n\n\n\n<p>Con Informaci\u00f3n de SUN <\/p>\n","protected":false},"excerpt":{"rendered":"<p>Por Redacci\u00f3n QP Se\u00f1alan que la ministerio p\u00fablico encargada de diligencia\u00a0ten\u00eda sospecha de COVID-19 La&#8230;<\/p>\n","protected":false},"author":2,"featured_media":85420,"comment_status":"open","ping_status":"open","sticky":false,"template":"","format":"standard","meta":{"_monsterinsights_skip_tracking":false,"_monsterinsights_sitenote_active":false,"_monsterinsights_sitenote_note":"","_monsterinsights_sitenote_category":0,"footnotes":""},"categories":[2],"tags":[],"class_list":["post-85419","post","type-post","status-publish","format-standard","has-post-thumbnail","hentry","category-noticias"],"yoast_head":"<!-- This site is optimized with the Yoast SEO plugin v27.3 - https:\/\/yoast.com\/product\/yoast-seo-wordpress\/ -->\n<title>Conacyt: Reprograman comparecencias de cient\u00edficos -<\/title>\n<meta name=\"robots\" content=\"index, follow, max-snippet:-1, max-image-preview:large, max-video-preview:-1\" \/>\n<link rel=\"canonical\" href=\"https:\/\/quehacerpolitico.mx\/?p=85419\" \/>\n<meta property=\"og:locale\" content=\"es_MX\" \/>\n<meta property=\"og:type\" content=\"article\" \/>\n<meta property=\"og:title\" content=\"Conacyt: Reprograman comparecencias de cient\u00edficos -\" \/>\n<meta property=\"og:description\" content=\"Por Redacci\u00f3n QP Se\u00f1alan que la ministerio p\u00fablico encargada de diligencia\u00a0ten\u00eda sospecha de COVID-19 La...\" \/>\n<meta property=\"og:url\" content=\"https:\/\/quehacerpolitico.mx\/?p=85419\" \/>\n<meta property=\"article:published_time\" content=\"2021-10-06T02:29:08+00:00\" \/>\n<meta property=\"article:modified_time\" content=\"2021-10-06T02:29:10+00:00\" \/>\n<meta property=\"og:image\" content=\"https:\/\/quehacerpolitico.mx\/wp-content\/uploads\/2021\/10\/67578E56-2E47-4602-A8B0-66D81D1A94C3.jpeg\" \/>\n\t<meta property=\"og:image:width\" content=\"714\" \/>\n\t<meta property=\"og:image:height\" content=\"430\" \/>\n\t<meta property=\"og:image:type\" content=\"image\/jpeg\" \/>\n<meta name=\"author\" content=\"Redacci\u00f3n QP\" \/>\n<meta name=\"twitter:card\" content=\"summary_large_image\" \/>\n<meta name=\"twitter:label1\" content=\"Escrito por\" \/>\n\t<meta name=\"twitter:data1\" content=\"Redacci\u00f3n QP\" \/>\n\t<meta name=\"twitter:label2\" content=\"Tiempo de lectura\" \/>\n\t<meta name=\"twitter:data2\" content=\"2 minutos\" \/>\n<script type=\"application\/ld+json\" class=\"yoast-schema-graph\">{\"@context\":\"https:\\\/\\\/schema.org\",\"@graph\":[{\"@type\":\"Article\",\"@id\":\"https:\\\/\\\/quehacerpolitico.mx\\\/?p=85419#article\",\"isPartOf\":{\"@id\":\"https:\\\/\\\/quehacerpolitico.mx\\\/?p=85419\"},\"author\":{\"name\":\"Redacci\u00f3n QP\",\"@id\":\"https:\\\/\\\/quehacerpolitico.mx\\\/#\\\/schema\\\/person\\\/496d8ad2d1d3f8036101dca7ee39e585\"},\"headline\":\"Conacyt: Reprograman comparecencias de cient\u00edficos\",\"datePublished\":\"2021-10-06T02:29:08+00:00\",\"dateModified\":\"2021-10-06T02:29:10+00:00\",\"mainEntityOfPage\":{\"@id\":\"https:\\\/\\\/quehacerpolitico.mx\\\/?p=85419\"},\"wordCount\":315,\"commentCount\":0,\"image\":{\"@id\":\"https:\\\/\\\/quehacerpolitico.mx\\\/?p=85419#primaryimage\"},\"thumbnailUrl\":\"https:\\\/\\\/quehacerpolitico.mx\\\/wp-content\\\/uploads\\\/2021\\\/10\\\/67578E56-2E47-4602-A8B0-66D81D1A94C3.jpeg\",\"articleSection\":[\"Noticias\"],\"inLanguage\":\"es\",\"potentialAction\":[{\"@type\":\"CommentAction\",\"name\":\"Comment\",\"target\":[\"https:\\\/\\\/quehacerpolitico.mx\\\/?p=85419#respond\"]}]},{\"@type\":\"WebPage\",\"@id\":\"https:\\\/\\\/quehacerpolitico.mx\\\/?p=85419\",\"url\":\"https:\\\/\\\/quehacerpolitico.mx\\\/?p=85419\",\"name\":\"Conacyt: Reprograman comparecencias de cient\u00edficos -\",\"isPartOf\":{\"@id\":\"https:\\\/\\\/quehacerpolitico.mx\\\/#website\"},\"primaryImageOfPage\":{\"@id\":\"https:\\\/\\\/quehacerpolitico.mx\\\/?p=85419#primaryimage\"},\"image\":{\"@id\":\"https:\\\/\\\/quehacerpolitico.mx\\\/?p=85419#primaryimage\"},\"thumbnailUrl\":\"https:\\\/\\\/quehacerpolitico.mx\\\/wp-content\\\/uploads\\\/2021\\\/10\\\/67578E56-2E47-4602-A8B0-66D81D1A94C3.jpeg\",\"datePublished\":\"2021-10-06T02:29:08+00:00\",\"dateModified\":\"2021-10-06T02:29:10+00:00\",\"author\":{\"@id\":\"https:\\\/\\\/quehacerpolitico.mx\\\/#\\\/schema\\\/person\\\/496d8ad2d1d3f8036101dca7ee39e585\"},\"breadcrumb\":{\"@id\":\"https:\\\/\\\/quehacerpolitico.mx\\\/?p=85419#breadcrumb\"},\"inLanguage\":\"es\",\"potentialAction\":[{\"@type\":\"ReadAction\",\"target\":[\"https:\\\/\\\/quehacerpolitico.mx\\\/?p=85419\"]}]},{\"@type\":\"ImageObject\",\"inLanguage\":\"es\",\"@id\":\"https:\\\/\\\/quehacerpolitico.mx\\\/?p=85419#primaryimage\",\"url\":\"https:\\\/\\\/quehacerpolitico.mx\\\/wp-content\\\/uploads\\\/2021\\\/10\\\/67578E56-2E47-4602-A8B0-66D81D1A94C3.jpeg\",\"contentUrl\":\"https:\\\/\\\/quehacerpolitico.mx\\\/wp-content\\\/uploads\\\/2021\\\/10\\\/67578E56-2E47-4602-A8B0-66D81D1A94C3.jpeg\",\"width\":714,\"height\":430},{\"@type\":\"BreadcrumbList\",\"@id\":\"https:\\\/\\\/quehacerpolitico.mx\\\/?p=85419#breadcrumb\",\"itemListElement\":[{\"@type\":\"ListItem\",\"position\":1,\"name\":\"Inicio\",\"item\":\"https:\\\/\\\/quehacerpolitico.mx\\\/\"},{\"@type\":\"ListItem\",\"position\":2,\"name\":\"Conacyt: Reprograman comparecencias de cient\u00edficos\"}]},{\"@type\":\"WebSite\",\"@id\":\"https:\\\/\\\/quehacerpolitico.mx\\\/#website\",\"url\":\"https:\\\/\\\/quehacerpolitico.mx\\\/\",\"name\":\"\",\"description\":\"\",\"potentialAction\":[{\"@type\":\"SearchAction\",\"target\":{\"@type\":\"EntryPoint\",\"urlTemplate\":\"https:\\\/\\\/quehacerpolitico.mx\\\/?s={search_term_string}\"},\"query-input\":{\"@type\":\"PropertyValueSpecification\",\"valueRequired\":true,\"valueName\":\"search_term_string\"}}],\"inLanguage\":\"es\"},{\"@type\":\"Person\",\"@id\":\"https:\\\/\\\/quehacerpolitico.mx\\\/#\\\/schema\\\/person\\\/496d8ad2d1d3f8036101dca7ee39e585\",\"name\":\"Redacci\u00f3n QP\",\"image\":{\"@type\":\"ImageObject\",\"inLanguage\":\"es\",\"@id\":\"https:\\\/\\\/secure.gravatar.com\\\/avatar\\\/c7164ed6fdec453195284ad24a5ae5b6e1eed2b848477fa2a4787ba9adf39a41?s=96&d=mm&r=g\",\"url\":\"https:\\\/\\\/secure.gravatar.com\\\/avatar\\\/c7164ed6fdec453195284ad24a5ae5b6e1eed2b848477fa2a4787ba9adf39a41?s=96&d=mm&r=g\",\"contentUrl\":\"https:\\\/\\\/secure.gravatar.com\\\/avatar\\\/c7164ed6fdec453195284ad24a5ae5b6e1eed2b848477fa2a4787ba9adf39a41?s=96&d=mm&r=g\",\"caption\":\"Redacci\u00f3n QP\"},\"url\":\"https:\\\/\\\/quehacerpolitico.mx\\\/?author=2\"}]}<\/script>\n<!-- \/ Yoast SEO plugin. -->","yoast_head_json":{"title":"Conacyt: Reprograman comparecencias de cient\u00edficos -","robots":{"index":"index","follow":"follow","max-snippet":"max-snippet:-1","max-image-preview":"max-image-preview:large","max-video-preview":"max-video-preview:-1"},"canonical":"https:\/\/quehacerpolitico.mx\/?p=85419","og_locale":"es_MX","og_type":"article","og_title":"Conacyt: Reprograman comparecencias de cient\u00edficos -","og_description":"Por Redacci\u00f3n QP Se\u00f1alan que la ministerio p\u00fablico encargada de diligencia\u00a0ten\u00eda sospecha de COVID-19 La...","og_url":"https:\/\/quehacerpolitico.mx\/?p=85419","article_published_time":"2021-10-06T02:29:08+00:00","article_modified_time":"2021-10-06T02:29:10+00:00","og_image":[{"width":714,"height":430,"url":"https:\/\/quehacerpolitico.mx\/wp-content\/uploads\/2021\/10\/67578E56-2E47-4602-A8B0-66D81D1A94C3.jpeg","type":"image\/jpeg"}],"author":"Redacci\u00f3n QP","twitter_card":"summary_large_image","twitter_misc":{"Escrito por":"Redacci\u00f3n QP","Tiempo de lectura":"2 minutos"},"schema":{"@context":"https:\/\/schema.org","@graph":[{"@type":"Article","@id":"https:\/\/quehacerpolitico.mx\/?p=85419#article","isPartOf":{"@id":"https:\/\/quehacerpolitico.mx\/?p=85419"},"author":{"name":"Redacci\u00f3n QP","@id":"https:\/\/quehacerpolitico.mx\/#\/schema\/person\/496d8ad2d1d3f8036101dca7ee39e585"},"headline":"Conacyt: Reprograman comparecencias de cient\u00edficos","datePublished":"2021-10-06T02:29:08+00:00","dateModified":"2021-10-06T02:29:10+00:00","mainEntityOfPage":{"@id":"https:\/\/quehacerpolitico.mx\/?p=85419"},"wordCount":315,"commentCount":0,"image":{"@id":"https:\/\/quehacerpolitico.mx\/?p=85419#primaryimage"},"thumbnailUrl":"https:\/\/quehacerpolitico.mx\/wp-content\/uploads\/2021\/10\/67578E56-2E47-4602-A8B0-66D81D1A94C3.jpeg","articleSection":["Noticias"],"inLanguage":"es","potentialAction":[{"@type":"CommentAction","name":"Comment","target":["https:\/\/quehacerpolitico.mx\/?p=85419#respond"]}]},{"@type":"WebPage","@id":"https:\/\/quehacerpolitico.mx\/?p=85419","url":"https:\/\/quehacerpolitico.mx\/?p=85419","name":"Conacyt: Reprograman comparecencias de cient\u00edficos -","isPartOf":{"@id":"https:\/\/quehacerpolitico.mx\/#website"},"primaryImageOfPage":{"@id":"https:\/\/quehacerpolitico.mx\/?p=85419#primaryimage"},"image":{"@id":"https:\/\/quehacerpolitico.mx\/?p=85419#primaryimage"},"thumbnailUrl":"https:\/\/quehacerpolitico.mx\/wp-content\/uploads\/2021\/10\/67578E56-2E47-4602-A8B0-66D81D1A94C3.jpeg","datePublished":"2021-10-06T02:29:08+00:00","dateModified":"2021-10-06T02:29:10+00:00","author":{"@id":"https:\/\/quehacerpolitico.mx\/#\/schema\/person\/496d8ad2d1d3f8036101dca7ee39e585"},"breadcrumb":{"@id":"https:\/\/quehacerpolitico.mx\/?p=85419#breadcrumb"},"inLanguage":"es","potentialAction":[{"@type":"ReadAction","target":["https:\/\/quehacerpolitico.mx\/?p=85419"]}]},{"@type":"ImageObject","inLanguage":"es","@id":"https:\/\/quehacerpolitico.mx\/?p=85419#primaryimage","url":"https:\/\/quehacerpolitico.mx\/wp-content\/uploads\/2021\/10\/67578E56-2E47-4602-A8B0-66D81D1A94C3.jpeg","contentUrl":"https:\/\/quehacerpolitico.mx\/wp-content\/uploads\/2021\/10\/67578E56-2E47-4602-A8B0-66D81D1A94C3.jpeg","width":714,"height":430},{"@type":"BreadcrumbList","@id":"https:\/\/quehacerpolitico.mx\/?p=85419#breadcrumb","itemListElement":[{"@type":"ListItem","position":1,"name":"Inicio","item":"https:\/\/quehacerpolitico.mx\/"},{"@type":"ListItem","position":2,"name":"Conacyt: Reprograman comparecencias de cient\u00edficos"}]},{"@type":"WebSite","@id":"https:\/\/quehacerpolitico.mx\/#website","url":"https:\/\/quehacerpolitico.mx\/","name":"","description":"","potentialAction":[{"@type":"SearchAction","target":{"@type":"EntryPoint","urlTemplate":"https:\/\/quehacerpolitico.mx\/?s={search_term_string}"},"query-input":{"@type":"PropertyValueSpecification","valueRequired":true,"valueName":"search_term_string"}}],"inLanguage":"es"},{"@type":"Person","@id":"https:\/\/quehacerpolitico.mx\/#\/schema\/person\/496d8ad2d1d3f8036101dca7ee39e585","name":"Redacci\u00f3n QP","image":{"@type":"ImageObject","inLanguage":"es","@id":"https:\/\/secure.gravatar.com\/avatar\/c7164ed6fdec453195284ad24a5ae5b6e1eed2b848477fa2a4787ba9adf39a41?s=96&d=mm&r=g","url":"https:\/\/secure.gravatar.com\/avatar\/c7164ed6fdec453195284ad24a5ae5b6e1eed2b848477fa2a4787ba9adf39a41?s=96&d=mm&r=g","contentUrl":"https:\/\/secure.gravatar.com\/avatar\/c7164ed6fdec453195284ad24a5ae5b6e1eed2b848477fa2a4787ba9adf39a41?s=96&d=mm&r=g","caption":"Redacci\u00f3n QP"},"url":"https:\/\/quehacerpolitico.mx\/?author=2"}]}},"featured_image_urls":{"full":["https:\/\/quehacerpolitico.mx\/wp-content\/uploads\/2021\/10\/67578E56-2E47-4602-A8B0-66D81D1A94C3.jpeg",714,430,false],"thumbnail":["https:\/\/quehacerpolitico.mx\/wp-content\/uploads\/2021\/10\/67578E56-2E47-4602-A8B0-66D81D1A94C3-150x150.jpeg",150,150,true],"medium":["https:\/\/quehacerpolitico.mx\/wp-content\/uploads\/2021\/10\/67578E56-2E47-4602-A8B0-66D81D1A94C3-300x181.jpeg",300,181,true],"medium_large":["https:\/\/quehacerpolitico.mx\/wp-content\/uploads\/2021\/10\/67578E56-2E47-4602-A8B0-66D81D1A94C3.jpeg",640,385,false],"large":["https:\/\/quehacerpolitico.mx\/wp-content\/uploads\/2021\/10\/67578E56-2E47-4602-A8B0-66D81D1A94C3.jpeg",640,385,false],"1536x1536":["https:\/\/quehacerpolitico.mx\/wp-content\/uploads\/2021\/10\/67578E56-2E47-4602-A8B0-66D81D1A94C3.jpeg",714,430,false],"2048x2048":["https:\/\/quehacerpolitico.mx\/wp-content\/uploads\/2021\/10\/67578E56-2E47-4602-A8B0-66D81D1A94C3.jpeg",714,430,false],"covernews-featured":["https:\/\/quehacerpolitico.mx\/wp-content\/uploads\/2021\/10\/67578E56-2E47-4602-A8B0-66D81D1A94C3.jpeg",714,430,false],"covernews-medium":["https:\/\/quehacerpolitico.mx\/wp-content\/uploads\/2021\/10\/67578E56-2E47-4602-A8B0-66D81D1A94C3.jpeg",540,325,false]},"author_info":{"display_name":"Redacci\u00f3n QP","author_link":"https:\/\/quehacerpolitico.mx\/?author=2"},"category_info":"<a href=\"https:\/\/quehacerpolitico.mx\/?cat=2\" rel=\"category\">Noticias<\/a>","tag_info":"Noticias","comment_count":"0","_links":{"self":[{"href":"https:\/\/quehacerpolitico.mx\/index.php?rest_route=\/wp\/v2\/posts\/85419","targetHints":{"allow":["GET"]}}],"collection":[{"href":"https:\/\/quehacerpolitico.mx\/index.php?rest_route=\/wp\/v2\/posts"}],"about":[{"href":"https:\/\/quehacerpolitico.mx\/index.php?rest_route=\/wp\/v2\/types\/post"}],"author":[{"embeddable":true,"href":"https:\/\/quehacerpolitico.mx\/index.php?rest_route=\/wp\/v2\/users\/2"}],"replies":[{"embeddable":true,"href":"https:\/\/quehacerpolitico.mx\/index.php?rest_route=%2Fwp%2Fv2%2Fcomments&post=85419"}],"version-history":[{"count":1,"href":"https:\/\/quehacerpolitico.mx\/index.php?rest_route=\/wp\/v2\/posts\/85419\/revisions"}],"predecessor-version":[{"id":85421,"href":"https:\/\/quehacerpolitico.mx\/index.php?rest_route=\/wp\/v2\/posts\/85419\/revisions\/85421"}],"wp:featuredmedia":[{"embeddable":true,"href":"https:\/\/quehacerpolitico.mx\/index.php?rest_route=\/wp\/v2\/media\/85420"}],"wp:attachment":[{"href":"https:\/\/quehacerpolitico.mx\/index.php?rest_route=%2Fwp%2Fv2%2Fmedia&parent=85419"}],"wp:term":[{"taxonomy":"category","embeddable":true,"href":"https:\/\/quehacerpolitico.mx\/index.php?rest_route=%2Fwp%2Fv2%2Fcategories&post=85419"},{"taxonomy":"post_tag","embeddable":true,"href":"https:\/\/quehacerpolitico.mx\/index.php?rest_route=%2Fwp%2Fv2%2Ftags&post=85419"}],"curies":[{"name":"wp","href":"https:\/\/api.w.org\/{rel}","templated":true}]}}