{"id":85414,"date":"2021-10-05T17:44:06","date_gmt":"2021-10-05T17:44:06","guid":{"rendered":"https:\/\/quehacerpolitico.mx\/?p=85414"},"modified":"2021-10-05T17:44:09","modified_gmt":"2021-10-05T17:44:09","slug":"hombre-sentencia-a-fernandez-norona-en-trifulca-en-el-aeropuerto-no-se-me-acerque-porque-no-trae-cubrebocas","status":"publish","type":"post","link":"https:\/\/quehacerpolitico.mx\/?p=85414","title":{"rendered":"Hombre sentencia a Fern\u00e1ndez Noro\u00f1a en trifulca en el aeropuerto: &#8220;\u00a1No se me acerque porque no trae cubrebocas!&#8221;"},"content":{"rendered":"\n<p>Por Redacci\u00f3n QP<\/p>\n\n\n\n<p>Durante una trifulca en el aeropuerto,\u00a0pasajeros le reclaman a Gerardo Fern\u00e1ndez Noro\u00f1a por supuestamente no usar cubrebocas; el diputado acusa video sin contexto<\/p>\n\n\n\n<p>Luego de que en redes sociales circul\u00f3 un video en el que\u00a0<strong>pasajeros le reclaman a Gerardo Fern\u00e1ndez Noro\u00f1a por supuestamente no usar cubrebocas en el Aeropuerto<\/strong>\u00a0Internacional de la Ciudad de M\u00e9xico,\u00a0<strong>el diputado del PT<\/strong>\u00a0<strong>acus\u00f3 una &#8220;en\u00e9sima campa\u00f1a de denuesto&#8221;<\/strong>\u00a0en su contra con un video sin contexto<\/p>\n\n\n\n<p>A trav\u00e9s de las im\u00e1genes compartidas en redes sociales se observa c\u00f3mo\u00a0<strong>un hombre encara al legislador,<\/strong>\u00a0quien regresaba de Oaxaca y\u00a0<strong>le pide que no se le acerque porque no trae cubrebocas,<\/strong>\u00a0en medio de\u00a0la pandemia por COVID-19<\/p>\n\n\n\n<p><strong>-&#8220;Es usted un corrupto, se\u00f1or. No se me acerque porque no trae cubrebocas&#8221;,\u00a0<\/strong>se escucha decir al hombre.<\/p>\n\n\n\n<p><strong>-&#8220;No me faltes al respeto&#8221;,\u00a0<\/strong>responde el aspirante a la Presidencia de M\u00e9xico en 2024.<\/p>\n\n\n\n<p>En otro video se observa al diputado petista esperar su maleta mientras personas gritan\u00a0<strong>&#8220;\u00a1Fuera Morena!&#8221;.<\/strong><\/p>\n\n\n\n<p><strong>-&#8220;\u00bfNada m\u00e1s porque es una autoridad?&#8221;,\u00a0<\/strong>cuestiona el mismo hombre que increp\u00f3 al legislador.<\/p>\n\n\n\n<figure class=\"wp-block-embed is-type-rich is-provider-twitter wp-block-embed-twitter\"><div class=\"wp-block-embed__wrapper\">\n<blockquote class=\"twitter-tweet\" data-width=\"550\" data-dnt=\"true\"><p lang=\"es\" dir=\"ltr\">Vuelven a captar a Gerardo Fern\u00e1ndez Noro\u00f1a sin cubrebocas, esta vez en el aeropuerto.<br><br>&quot;\u00a1No se me acerque!&quot;, le gritan al diputado. <a href=\"https:\/\/t.co\/sMNfwCyDU3\">pic.twitter.com\/sMNfwCyDU3<\/a><\/p>&mdash; Ruido en la Red (@RuidoEnLaRed) <a href=\"https:\/\/twitter.com\/RuidoEnLaRed\/status\/1445405920612257792?ref_src=twsrc%5Etfw\">October 5, 2021<\/a><\/blockquote><script async src=\"https:\/\/platform.twitter.com\/widgets.js\" charset=\"utf-8\"><\/script>\n<\/div><\/figure>\n\n\n\n<p>Tras la difusi\u00f3n de los videos, Gerardo Fern\u00e1ndez Noro\u00f1a, quien ya se contagi\u00f3 de coronavirus, escribi\u00f3 que&nbsp;<strong>ni as\u00ed lo obligar\u00e1n a usar cubrebocas<\/strong><\/p>\n\n\n\n<figure class=\"wp-block-image\"><img decoding=\"async\" src=\"https:\/\/www.informador.mx\/export\/sites\/elinformador\/img\/2021\/10\/05\/noro_1.jpg_165780603.jpg\" alt=\"\" title=\"\"\/><figcaption>TWITTER \/ @fernandeznorona&nbsp;<\/figcaption><\/figure>\n\n\n\n<p>&#8220;Sab\u00eda que iban a iniciar una en\u00e9sima campa\u00f1a de denuesto en mi contra con un video sin su contexto. Pero ni as\u00ed me obligar\u00e1n a amordazarme. Adem\u00e1s, estamos cerca de dejar atr\u00e1s todo esta necedad&#8221;, indic\u00f3 en redes sociales.<\/p>\n\n\n\n<p>En distintas ocasiones el diputado\u00a0Fernandez Noro\u00f1a ha expresado su rechazo al uso de cubrebocas e incluso ha declarado que tiene derecho a contagiarse<\/p>\n\n\n\n<p>Con Informaci\u00f3n de SUN <\/p>\n","protected":false},"excerpt":{"rendered":"<p>Por Redacci\u00f3n QP Durante una trifulca en el aeropuerto,\u00a0pasajeros le reclaman a Gerardo Fern\u00e1ndez Noro\u00f1a&#8230;<\/p>\n","protected":false},"author":2,"featured_media":85415,"comment_status":"open","ping_status":"open","sticky":false,"template":"","format":"standard","meta":{"_monsterinsights_skip_tracking":false,"_monsterinsights_sitenote_active":false,"_monsterinsights_sitenote_note":"","_monsterinsights_sitenote_category":0,"footnotes":""},"categories":[2],"tags":[],"class_list":["post-85414","post","type-post","status-publish","format-standard","has-post-thumbnail","hentry","category-noticias"],"yoast_head":"<!-- This site is optimized with the Yoast SEO plugin v27.3 - https:\/\/yoast.com\/product\/yoast-seo-wordpress\/ -->\n<title>Hombre sentencia a Fern\u00e1ndez Noro\u00f1a en trifulca en el aeropuerto: &quot;\u00a1No se me acerque porque no trae cubrebocas!&quot; -<\/title>\n<meta name=\"robots\" content=\"index, follow, max-snippet:-1, max-image-preview:large, max-video-preview:-1\" \/>\n<link rel=\"canonical\" href=\"https:\/\/quehacerpolitico.mx\/?p=85414\" \/>\n<meta property=\"og:locale\" content=\"es_MX\" \/>\n<meta property=\"og:type\" content=\"article\" \/>\n<meta property=\"og:title\" content=\"Hombre sentencia a Fern\u00e1ndez Noro\u00f1a en trifulca en el aeropuerto: &quot;\u00a1No se me acerque porque no trae cubrebocas!&quot; -\" \/>\n<meta property=\"og:description\" content=\"Por Redacci\u00f3n QP Durante una trifulca en el aeropuerto,\u00a0pasajeros le reclaman a Gerardo Fern\u00e1ndez Noro\u00f1a...\" \/>\n<meta property=\"og:url\" content=\"https:\/\/quehacerpolitico.mx\/?p=85414\" \/>\n<meta property=\"article:published_time\" content=\"2021-10-05T17:44:06+00:00\" \/>\n<meta property=\"article:modified_time\" content=\"2021-10-05T17:44:09+00:00\" \/>\n<meta property=\"og:image\" content=\"https:\/\/quehacerpolitico.mx\/wp-content\/uploads\/2021\/10\/74636D13-5113-4AC9-98DD-CA2D6964D7ED.jpeg\" \/>\n\t<meta property=\"og:image:width\" content=\"1284\" \/>\n\t<meta property=\"og:image:height\" content=\"1400\" \/>\n\t<meta property=\"og:image:type\" content=\"image\/jpeg\" \/>\n<meta name=\"author\" content=\"Redacci\u00f3n QP\" \/>\n<meta name=\"twitter:card\" content=\"summary_large_image\" \/>\n<meta name=\"twitter:label1\" content=\"Escrito por\" \/>\n\t<meta name=\"twitter:data1\" content=\"Redacci\u00f3n QP\" \/>\n\t<meta name=\"twitter:label2\" content=\"Tiempo de lectura\" \/>\n\t<meta name=\"twitter:data2\" content=\"2 minutos\" \/>\n<script type=\"application\/ld+json\" class=\"yoast-schema-graph\">{\"@context\":\"https:\\\/\\\/schema.org\",\"@graph\":[{\"@type\":\"Article\",\"@id\":\"https:\\\/\\\/quehacerpolitico.mx\\\/?p=85414#article\",\"isPartOf\":{\"@id\":\"https:\\\/\\\/quehacerpolitico.mx\\\/?p=85414\"},\"author\":{\"name\":\"Redacci\u00f3n QP\",\"@id\":\"https:\\\/\\\/quehacerpolitico.mx\\\/#\\\/schema\\\/person\\\/496d8ad2d1d3f8036101dca7ee39e585\"},\"headline\":\"Hombre sentencia a Fern\u00e1ndez Noro\u00f1a en trifulca en el aeropuerto: &#8220;\u00a1No se me acerque porque no trae cubrebocas!&#8221;\",\"datePublished\":\"2021-10-05T17:44:06+00:00\",\"dateModified\":\"2021-10-05T17:44:09+00:00\",\"mainEntityOfPage\":{\"@id\":\"https:\\\/\\\/quehacerpolitico.mx\\\/?p=85414\"},\"wordCount\":330,\"commentCount\":0,\"image\":{\"@id\":\"https:\\\/\\\/quehacerpolitico.mx\\\/?p=85414#primaryimage\"},\"thumbnailUrl\":\"https:\\\/\\\/quehacerpolitico.mx\\\/wp-content\\\/uploads\\\/2021\\\/10\\\/74636D13-5113-4AC9-98DD-CA2D6964D7ED.jpeg\",\"articleSection\":[\"Noticias\"],\"inLanguage\":\"es\",\"potentialAction\":[{\"@type\":\"CommentAction\",\"name\":\"Comment\",\"target\":[\"https:\\\/\\\/quehacerpolitico.mx\\\/?p=85414#respond\"]}]},{\"@type\":\"WebPage\",\"@id\":\"https:\\\/\\\/quehacerpolitico.mx\\\/?p=85414\",\"url\":\"https:\\\/\\\/quehacerpolitico.mx\\\/?p=85414\",\"name\":\"Hombre sentencia a Fern\u00e1ndez Noro\u00f1a en trifulca en el aeropuerto: \\\"\u00a1No se me acerque porque no trae cubrebocas!\\\" -\",\"isPartOf\":{\"@id\":\"https:\\\/\\\/quehacerpolitico.mx\\\/#website\"},\"primaryImageOfPage\":{\"@id\":\"https:\\\/\\\/quehacerpolitico.mx\\\/?p=85414#primaryimage\"},\"image\":{\"@id\":\"https:\\\/\\\/quehacerpolitico.mx\\\/?p=85414#primaryimage\"},\"thumbnailUrl\":\"https:\\\/\\\/quehacerpolitico.mx\\\/wp-content\\\/uploads\\\/2021\\\/10\\\/74636D13-5113-4AC9-98DD-CA2D6964D7ED.jpeg\",\"datePublished\":\"2021-10-05T17:44:06+00:00\",\"dateModified\":\"2021-10-05T17:44:09+00:00\",\"author\":{\"@id\":\"https:\\\/\\\/quehacerpolitico.mx\\\/#\\\/schema\\\/person\\\/496d8ad2d1d3f8036101dca7ee39e585\"},\"breadcrumb\":{\"@id\":\"https:\\\/\\\/quehacerpolitico.mx\\\/?p=85414#breadcrumb\"},\"inLanguage\":\"es\",\"potentialAction\":[{\"@type\":\"ReadAction\",\"target\":[\"https:\\\/\\\/quehacerpolitico.mx\\\/?p=85414\"]}]},{\"@type\":\"ImageObject\",\"inLanguage\":\"es\",\"@id\":\"https:\\\/\\\/quehacerpolitico.mx\\\/?p=85414#primaryimage\",\"url\":\"https:\\\/\\\/quehacerpolitico.mx\\\/wp-content\\\/uploads\\\/2021\\\/10\\\/74636D13-5113-4AC9-98DD-CA2D6964D7ED.jpeg\",\"contentUrl\":\"https:\\\/\\\/quehacerpolitico.mx\\\/wp-content\\\/uploads\\\/2021\\\/10\\\/74636D13-5113-4AC9-98DD-CA2D6964D7ED.jpeg\",\"width\":1284,\"height\":1400},{\"@type\":\"BreadcrumbList\",\"@id\":\"https:\\\/\\\/quehacerpolitico.mx\\\/?p=85414#breadcrumb\",\"itemListElement\":[{\"@type\":\"ListItem\",\"position\":1,\"name\":\"Inicio\",\"item\":\"https:\\\/\\\/quehacerpolitico.mx\\\/\"},{\"@type\":\"ListItem\",\"position\":2,\"name\":\"Hombre sentencia a Fern\u00e1ndez Noro\u00f1a en trifulca en el aeropuerto: &#8220;\u00a1No se me acerque porque no trae cubrebocas!&#8221;\"}]},{\"@type\":\"WebSite\",\"@id\":\"https:\\\/\\\/quehacerpolitico.mx\\\/#website\",\"url\":\"https:\\\/\\\/quehacerpolitico.mx\\\/\",\"name\":\"\",\"description\":\"\",\"potentialAction\":[{\"@type\":\"SearchAction\",\"target\":{\"@type\":\"EntryPoint\",\"urlTemplate\":\"https:\\\/\\\/quehacerpolitico.mx\\\/?s={search_term_string}\"},\"query-input\":{\"@type\":\"PropertyValueSpecification\",\"valueRequired\":true,\"valueName\":\"search_term_string\"}}],\"inLanguage\":\"es\"},{\"@type\":\"Person\",\"@id\":\"https:\\\/\\\/quehacerpolitico.mx\\\/#\\\/schema\\\/person\\\/496d8ad2d1d3f8036101dca7ee39e585\",\"name\":\"Redacci\u00f3n QP\",\"image\":{\"@type\":\"ImageObject\",\"inLanguage\":\"es\",\"@id\":\"https:\\\/\\\/secure.gravatar.com\\\/avatar\\\/c7164ed6fdec453195284ad24a5ae5b6e1eed2b848477fa2a4787ba9adf39a41?s=96&d=mm&r=g\",\"url\":\"https:\\\/\\\/secure.gravatar.com\\\/avatar\\\/c7164ed6fdec453195284ad24a5ae5b6e1eed2b848477fa2a4787ba9adf39a41?s=96&d=mm&r=g\",\"contentUrl\":\"https:\\\/\\\/secure.gravatar.com\\\/avatar\\\/c7164ed6fdec453195284ad24a5ae5b6e1eed2b848477fa2a4787ba9adf39a41?s=96&d=mm&r=g\",\"caption\":\"Redacci\u00f3n QP\"},\"url\":\"https:\\\/\\\/quehacerpolitico.mx\\\/?author=2\"}]}<\/script>\n<!-- \/ Yoast SEO plugin. -->","yoast_head_json":{"title":"Hombre sentencia a Fern\u00e1ndez Noro\u00f1a en trifulca en el aeropuerto: \"\u00a1No se me acerque porque no trae cubrebocas!\" -","robots":{"index":"index","follow":"follow","max-snippet":"max-snippet:-1","max-image-preview":"max-image-preview:large","max-video-preview":"max-video-preview:-1"},"canonical":"https:\/\/quehacerpolitico.mx\/?p=85414","og_locale":"es_MX","og_type":"article","og_title":"Hombre sentencia a Fern\u00e1ndez Noro\u00f1a en trifulca en el aeropuerto: \"\u00a1No se me acerque porque no trae cubrebocas!\" -","og_description":"Por Redacci\u00f3n QP Durante una trifulca en el aeropuerto,\u00a0pasajeros le reclaman a Gerardo Fern\u00e1ndez Noro\u00f1a...","og_url":"https:\/\/quehacerpolitico.mx\/?p=85414","article_published_time":"2021-10-05T17:44:06+00:00","article_modified_time":"2021-10-05T17:44:09+00:00","og_image":[{"width":1284,"height":1400,"url":"https:\/\/quehacerpolitico.mx\/wp-content\/uploads\/2021\/10\/74636D13-5113-4AC9-98DD-CA2D6964D7ED.jpeg","type":"image\/jpeg"}],"author":"Redacci\u00f3n QP","twitter_card":"summary_large_image","twitter_misc":{"Escrito por":"Redacci\u00f3n QP","Tiempo de lectura":"2 minutos"},"schema":{"@context":"https:\/\/schema.org","@graph":[{"@type":"Article","@id":"https:\/\/quehacerpolitico.mx\/?p=85414#article","isPartOf":{"@id":"https:\/\/quehacerpolitico.mx\/?p=85414"},"author":{"name":"Redacci\u00f3n QP","@id":"https:\/\/quehacerpolitico.mx\/#\/schema\/person\/496d8ad2d1d3f8036101dca7ee39e585"},"headline":"Hombre sentencia a Fern\u00e1ndez Noro\u00f1a en trifulca en el aeropuerto: &#8220;\u00a1No se me acerque porque no trae cubrebocas!&#8221;","datePublished":"2021-10-05T17:44:06+00:00","dateModified":"2021-10-05T17:44:09+00:00","mainEntityOfPage":{"@id":"https:\/\/quehacerpolitico.mx\/?p=85414"},"wordCount":330,"commentCount":0,"image":{"@id":"https:\/\/quehacerpolitico.mx\/?p=85414#primaryimage"},"thumbnailUrl":"https:\/\/quehacerpolitico.mx\/wp-content\/uploads\/2021\/10\/74636D13-5113-4AC9-98DD-CA2D6964D7ED.jpeg","articleSection":["Noticias"],"inLanguage":"es","potentialAction":[{"@type":"CommentAction","name":"Comment","target":["https:\/\/quehacerpolitico.mx\/?p=85414#respond"]}]},{"@type":"WebPage","@id":"https:\/\/quehacerpolitico.mx\/?p=85414","url":"https:\/\/quehacerpolitico.mx\/?p=85414","name":"Hombre sentencia a Fern\u00e1ndez Noro\u00f1a en trifulca en el aeropuerto: \"\u00a1No se me acerque porque no trae cubrebocas!\" -","isPartOf":{"@id":"https:\/\/quehacerpolitico.mx\/#website"},"primaryImageOfPage":{"@id":"https:\/\/quehacerpolitico.mx\/?p=85414#primaryimage"},"image":{"@id":"https:\/\/quehacerpolitico.mx\/?p=85414#primaryimage"},"thumbnailUrl":"https:\/\/quehacerpolitico.mx\/wp-content\/uploads\/2021\/10\/74636D13-5113-4AC9-98DD-CA2D6964D7ED.jpeg","datePublished":"2021-10-05T17:44:06+00:00","dateModified":"2021-10-05T17:44:09+00:00","author":{"@id":"https:\/\/quehacerpolitico.mx\/#\/schema\/person\/496d8ad2d1d3f8036101dca7ee39e585"},"breadcrumb":{"@id":"https:\/\/quehacerpolitico.mx\/?p=85414#breadcrumb"},"inLanguage":"es","potentialAction":[{"@type":"ReadAction","target":["https:\/\/quehacerpolitico.mx\/?p=85414"]}]},{"@type":"ImageObject","inLanguage":"es","@id":"https:\/\/quehacerpolitico.mx\/?p=85414#primaryimage","url":"https:\/\/quehacerpolitico.mx\/wp-content\/uploads\/2021\/10\/74636D13-5113-4AC9-98DD-CA2D6964D7ED.jpeg","contentUrl":"https:\/\/quehacerpolitico.mx\/wp-content\/uploads\/2021\/10\/74636D13-5113-4AC9-98DD-CA2D6964D7ED.jpeg","width":1284,"height":1400},{"@type":"BreadcrumbList","@id":"https:\/\/quehacerpolitico.mx\/?p=85414#breadcrumb","itemListElement":[{"@type":"ListItem","position":1,"name":"Inicio","item":"https:\/\/quehacerpolitico.mx\/"},{"@type":"ListItem","position":2,"name":"Hombre sentencia a Fern\u00e1ndez Noro\u00f1a en trifulca en el aeropuerto: &#8220;\u00a1No se me acerque porque no trae cubrebocas!&#8221;"}]},{"@type":"WebSite","@id":"https:\/\/quehacerpolitico.mx\/#website","url":"https:\/\/quehacerpolitico.mx\/","name":"","description":"","potentialAction":[{"@type":"SearchAction","target":{"@type":"EntryPoint","urlTemplate":"https:\/\/quehacerpolitico.mx\/?s={search_term_string}"},"query-input":{"@type":"PropertyValueSpecification","valueRequired":true,"valueName":"search_term_string"}}],"inLanguage":"es"},{"@type":"Person","@id":"https:\/\/quehacerpolitico.mx\/#\/schema\/person\/496d8ad2d1d3f8036101dca7ee39e585","name":"Redacci\u00f3n QP","image":{"@type":"ImageObject","inLanguage":"es","@id":"https:\/\/secure.gravatar.com\/avatar\/c7164ed6fdec453195284ad24a5ae5b6e1eed2b848477fa2a4787ba9adf39a41?s=96&d=mm&r=g","url":"https:\/\/secure.gravatar.com\/avatar\/c7164ed6fdec453195284ad24a5ae5b6e1eed2b848477fa2a4787ba9adf39a41?s=96&d=mm&r=g","contentUrl":"https:\/\/secure.gravatar.com\/avatar\/c7164ed6fdec453195284ad24a5ae5b6e1eed2b848477fa2a4787ba9adf39a41?s=96&d=mm&r=g","caption":"Redacci\u00f3n QP"},"url":"https:\/\/quehacerpolitico.mx\/?author=2"}]}},"featured_image_urls":{"full":["https:\/\/quehacerpolitico.mx\/wp-content\/uploads\/2021\/10\/74636D13-5113-4AC9-98DD-CA2D6964D7ED.jpeg",1284,1400,false],"thumbnail":["https:\/\/quehacerpolitico.mx\/wp-content\/uploads\/2021\/10\/74636D13-5113-4AC9-98DD-CA2D6964D7ED-150x150.jpeg",150,150,true],"medium":["https:\/\/quehacerpolitico.mx\/wp-content\/uploads\/2021\/10\/74636D13-5113-4AC9-98DD-CA2D6964D7ED-275x300.jpeg",275,300,true],"medium_large":["https:\/\/quehacerpolitico.mx\/wp-content\/uploads\/2021\/10\/74636D13-5113-4AC9-98DD-CA2D6964D7ED-768x837.jpeg",640,698,true],"large":["https:\/\/quehacerpolitico.mx\/wp-content\/uploads\/2021\/10\/74636D13-5113-4AC9-98DD-CA2D6964D7ED-939x1024.jpeg",640,698,true],"1536x1536":["https:\/\/quehacerpolitico.mx\/wp-content\/uploads\/2021\/10\/74636D13-5113-4AC9-98DD-CA2D6964D7ED.jpeg",1284,1400,false],"2048x2048":["https:\/\/quehacerpolitico.mx\/wp-content\/uploads\/2021\/10\/74636D13-5113-4AC9-98DD-CA2D6964D7ED.jpeg",1284,1400,false],"covernews-featured":["https:\/\/quehacerpolitico.mx\/wp-content\/uploads\/2021\/10\/74636D13-5113-4AC9-98DD-CA2D6964D7ED.jpeg",1024,1117,false],"covernews-medium":["https:\/\/quehacerpolitico.mx\/wp-content\/uploads\/2021\/10\/74636D13-5113-4AC9-98DD-CA2D6964D7ED.jpeg",312,340,false]},"author_info":{"display_name":"Redacci\u00f3n QP","author_link":"https:\/\/quehacerpolitico.mx\/?author=2"},"category_info":"<a href=\"https:\/\/quehacerpolitico.mx\/?cat=2\" rel=\"category\">Noticias<\/a>","tag_info":"Noticias","comment_count":"0","_links":{"self":[{"href":"https:\/\/quehacerpolitico.mx\/index.php?rest_route=\/wp\/v2\/posts\/85414","targetHints":{"allow":["GET"]}}],"collection":[{"href":"https:\/\/quehacerpolitico.mx\/index.php?rest_route=\/wp\/v2\/posts"}],"about":[{"href":"https:\/\/quehacerpolitico.mx\/index.php?rest_route=\/wp\/v2\/types\/post"}],"author":[{"embeddable":true,"href":"https:\/\/quehacerpolitico.mx\/index.php?rest_route=\/wp\/v2\/users\/2"}],"replies":[{"embeddable":true,"href":"https:\/\/quehacerpolitico.mx\/index.php?rest_route=%2Fwp%2Fv2%2Fcomments&post=85414"}],"version-history":[{"count":1,"href":"https:\/\/quehacerpolitico.mx\/index.php?rest_route=\/wp\/v2\/posts\/85414\/revisions"}],"predecessor-version":[{"id":85416,"href":"https:\/\/quehacerpolitico.mx\/index.php?rest_route=\/wp\/v2\/posts\/85414\/revisions\/85416"}],"wp:featuredmedia":[{"embeddable":true,"href":"https:\/\/quehacerpolitico.mx\/index.php?rest_route=\/wp\/v2\/media\/85415"}],"wp:attachment":[{"href":"https:\/\/quehacerpolitico.mx\/index.php?rest_route=%2Fwp%2Fv2%2Fmedia&parent=85414"}],"wp:term":[{"taxonomy":"category","embeddable":true,"href":"https:\/\/quehacerpolitico.mx\/index.php?rest_route=%2Fwp%2Fv2%2Fcategories&post=85414"},{"taxonomy":"post_tag","embeddable":true,"href":"https:\/\/quehacerpolitico.mx\/index.php?rest_route=%2Fwp%2Fv2%2Ftags&post=85414"}],"curies":[{"name":"wp","href":"https:\/\/api.w.org\/{rel}","templated":true}]}}