{"id":85411,"date":"2021-10-05T17:34:29","date_gmt":"2021-10-05T17:34:29","guid":{"rendered":"https:\/\/quehacerpolitico.mx\/?p=85411"},"modified":"2021-10-05T17:34:32","modified_gmt":"2021-10-05T17:34:32","slug":"mexico-propondra-al-secretario-de-estado-de-eu-acabar-con-la-iniciativa-merida-ebrard","status":"publish","type":"post","link":"https:\/\/quehacerpolitico.mx\/?p=85411","title":{"rendered":"M\u00e9xico propondr\u00e1 al secretario de estado de EU acabar con la Iniciativa M\u00e9rida: Ebrard"},"content":{"rendered":"\n<p>Por Redacci\u00f3n QP<\/p>\n\n\n\n<p>Blinken, secretario de estado de EU, viajar\u00e1 a M\u00e9xico esta semana para reactivar con sus hom\u00f3logos el Di\u00e1logo de Alto Nivel sobre Seguridad entre ambos pa\u00edses<\/p>\n\n\n\n<p>El<strong>\u00a0<\/strong>Gobierno de M\u00e9xico propondr\u00e1 al secretario de Estado de Estados Unidos,\u00a0Antony Blinken durante su visita del 8 de octubre, acabar con la Iniciativa M\u00e9rida, basada en la persecuci\u00f3n militar a las drogas, inform\u00f3 este martes el canciller mexicano,\u00a0Marcelo Ebrard<\/p>\n\n\n\n<p><strong>&#8220;Tiene que haber una nueva etapa, dejar atr\u00e1s la Iniciativa M\u00e9rida, que es asistencialista y est\u00e1 basada en una estrategia de seguridad totalmente distinta a la que se est\u00e1 implementando&#8221;<\/strong>, expres\u00f3 Ebrard durante la rueda de prensa matutina del Presidente\u00a0<strong>Andr\u00e9s Manuel L\u00f3pez Obrador\u00a0<\/strong>(AMLO) en Veracruz.<\/p>\n\n\n\n<p>Una delegaci\u00f3n del Gobierno de Estados Unidos encabezada por el secretario Blinken viajar\u00e1 a M\u00e9xico esta semana para reactivar con sus hom\u00f3logos el Di\u00e1logo de Alto Nivel sobre Seguridad entre ambos pa\u00edses.<\/p>\n\n\n\n<p>La reuni\u00f3n, en la que tambi\u00e9n participar\u00e1n el fiscal general de Estados Unidos, Merrick Garland, y el secretario de Seguridad Nacional, Alejandro Mayorkas, tendr\u00e1 lugar este viernes en la Ciudad de M\u00e9xico.<\/p>\n\n\n\n<figure class=\"wp-block-embed is-type-video is-provider-youtube wp-block-embed-youtube wp-embed-aspect-16-9 wp-has-aspect-ratio\"><div class=\"wp-block-embed__wrapper\">\n<iframe loading=\"lazy\" title=\"Alistan encuentro de AMLO con Antony Blinken, secretario de Estado de EU\" width=\"640\" height=\"360\" src=\"https:\/\/www.youtube.com\/embed\/ewymDCgL66A?feature=oembed\" frameborder=\"0\" allow=\"accelerometer; autoplay; clipboard-write; encrypted-media; gyroscope; picture-in-picture; web-share\" referrerpolicy=\"strict-origin-when-cross-origin\" allowfullscreen><\/iframe>\n<\/div><\/figure>\n\n\n\n<p>El secretario mexicano de Relaciones Exteriores dijo que ambos pa\u00edses deben &#8220;trabajar en materia de seguridad para un entendimiento sim\u00e9trico y respetuoso&#8221;.<\/p>\n\n\n\n<p>Asegur\u00f3 que el Gobierno mexicano tiene una lista de 10 prioridades, pero solo detall\u00f3 la de reducir los homicidios, aumentar el control del tr\u00e1fico de armas y cooperar en materia de extradiciones.<\/p>\n\n\n\n<p>Ebrard explic\u00f3 que la delegaci\u00f3n estadounidense encabezada por Blinken mantendr\u00e1 una reuni\u00f3n con L\u00f3pez Obrador, luego con el fiscal general, Alejandro Gertz, y finalmente visitar\u00e1 la Canciller\u00eda mexicana para encontrarse con el gabinete de seguridad mexicano.<\/p>\n\n\n\n<p>La activaci\u00f3n de este foro de di\u00e1logo sobre seguridad fue uno de los acuerdos a los que llegaron L\u00f3pez Obrador y la vicepresidenta estadounidense, Kamala Harris, en una reuni\u00f3n bilateral celebrada en junio.<\/p>\n\n\n\n<p>Este mecanismo transcurre en paralelo con el Di\u00e1logo Econ\u00f3mico de Alto Nivel, activado semanas atr\u00e1s en Washington para abordar el desarrollo y las inversiones entre ambos pa\u00edses, y que en noviembre tendr\u00e1 &#8220;sus primeros resultados&#8221;, dijo Ebrard.<\/p>\n\n\n\n<p>Con Informaci\u00f3n de EFE<\/p>\n","protected":false},"excerpt":{"rendered":"<p>Por Redacci\u00f3n QP Blinken, secretario de estado de EU, viajar\u00e1 a M\u00e9xico esta semana para&#8230;<\/p>\n","protected":false},"author":2,"featured_media":85412,"comment_status":"open","ping_status":"open","sticky":false,"template":"","format":"standard","meta":{"_monsterinsights_skip_tracking":false,"_monsterinsights_sitenote_active":false,"_monsterinsights_sitenote_note":"","_monsterinsights_sitenote_category":0,"footnotes":""},"categories":[2],"tags":[],"class_list":["post-85411","post","type-post","status-publish","format-standard","has-post-thumbnail","hentry","category-noticias"],"yoast_head":"<!-- This site is optimized with the Yoast SEO plugin v27.3 - https:\/\/yoast.com\/product\/yoast-seo-wordpress\/ -->\n<title>M\u00e9xico propondr\u00e1 al secretario de estado de EU acabar con la Iniciativa M\u00e9rida: Ebrard -<\/title>\n<meta name=\"robots\" content=\"index, follow, max-snippet:-1, max-image-preview:large, max-video-preview:-1\" \/>\n<link rel=\"canonical\" href=\"https:\/\/quehacerpolitico.mx\/?p=85411\" \/>\n<meta property=\"og:locale\" content=\"es_MX\" \/>\n<meta property=\"og:type\" content=\"article\" \/>\n<meta property=\"og:title\" content=\"M\u00e9xico propondr\u00e1 al secretario de estado de EU acabar con la Iniciativa M\u00e9rida: Ebrard -\" \/>\n<meta property=\"og:description\" content=\"Por Redacci\u00f3n QP Blinken, secretario de estado de EU, viajar\u00e1 a M\u00e9xico esta semana para...\" \/>\n<meta property=\"og:url\" content=\"https:\/\/quehacerpolitico.mx\/?p=85411\" \/>\n<meta property=\"article:published_time\" content=\"2021-10-05T17:34:29+00:00\" \/>\n<meta property=\"article:modified_time\" content=\"2021-10-05T17:34:32+00:00\" \/>\n<meta property=\"og:image\" content=\"https:\/\/quehacerpolitico.mx\/wp-content\/uploads\/2021\/10\/96949F12-9858-4540-9841-42166F387CB3.jpeg\" \/>\n\t<meta property=\"og:image:width\" content=\"1079\" \/>\n\t<meta property=\"og:image:height\" content=\"699\" \/>\n\t<meta property=\"og:image:type\" content=\"image\/jpeg\" \/>\n<meta name=\"author\" content=\"Redacci\u00f3n QP\" \/>\n<meta name=\"twitter:card\" content=\"summary_large_image\" \/>\n<meta name=\"twitter:label1\" content=\"Escrito por\" \/>\n\t<meta name=\"twitter:data1\" content=\"Redacci\u00f3n QP\" \/>\n\t<meta name=\"twitter:label2\" content=\"Tiempo de lectura\" \/>\n\t<meta name=\"twitter:data2\" content=\"2 minutos\" \/>\n<script type=\"application\/ld+json\" class=\"yoast-schema-graph\">{\"@context\":\"https:\\\/\\\/schema.org\",\"@graph\":[{\"@type\":\"Article\",\"@id\":\"https:\\\/\\\/quehacerpolitico.mx\\\/?p=85411#article\",\"isPartOf\":{\"@id\":\"https:\\\/\\\/quehacerpolitico.mx\\\/?p=85411\"},\"author\":{\"name\":\"Redacci\u00f3n QP\",\"@id\":\"https:\\\/\\\/quehacerpolitico.mx\\\/#\\\/schema\\\/person\\\/496d8ad2d1d3f8036101dca7ee39e585\"},\"headline\":\"M\u00e9xico propondr\u00e1 al secretario de estado de EU acabar con la Iniciativa M\u00e9rida: Ebrard\",\"datePublished\":\"2021-10-05T17:34:29+00:00\",\"dateModified\":\"2021-10-05T17:34:32+00:00\",\"mainEntityOfPage\":{\"@id\":\"https:\\\/\\\/quehacerpolitico.mx\\\/?p=85411\"},\"wordCount\":402,\"commentCount\":0,\"image\":{\"@id\":\"https:\\\/\\\/quehacerpolitico.mx\\\/?p=85411#primaryimage\"},\"thumbnailUrl\":\"https:\\\/\\\/quehacerpolitico.mx\\\/wp-content\\\/uploads\\\/2021\\\/10\\\/96949F12-9858-4540-9841-42166F387CB3.jpeg\",\"articleSection\":[\"Noticias\"],\"inLanguage\":\"es\",\"potentialAction\":[{\"@type\":\"CommentAction\",\"name\":\"Comment\",\"target\":[\"https:\\\/\\\/quehacerpolitico.mx\\\/?p=85411#respond\"]}]},{\"@type\":\"WebPage\",\"@id\":\"https:\\\/\\\/quehacerpolitico.mx\\\/?p=85411\",\"url\":\"https:\\\/\\\/quehacerpolitico.mx\\\/?p=85411\",\"name\":\"M\u00e9xico propondr\u00e1 al secretario de estado de EU acabar con la Iniciativa M\u00e9rida: Ebrard -\",\"isPartOf\":{\"@id\":\"https:\\\/\\\/quehacerpolitico.mx\\\/#website\"},\"primaryImageOfPage\":{\"@id\":\"https:\\\/\\\/quehacerpolitico.mx\\\/?p=85411#primaryimage\"},\"image\":{\"@id\":\"https:\\\/\\\/quehacerpolitico.mx\\\/?p=85411#primaryimage\"},\"thumbnailUrl\":\"https:\\\/\\\/quehacerpolitico.mx\\\/wp-content\\\/uploads\\\/2021\\\/10\\\/96949F12-9858-4540-9841-42166F387CB3.jpeg\",\"datePublished\":\"2021-10-05T17:34:29+00:00\",\"dateModified\":\"2021-10-05T17:34:32+00:00\",\"author\":{\"@id\":\"https:\\\/\\\/quehacerpolitico.mx\\\/#\\\/schema\\\/person\\\/496d8ad2d1d3f8036101dca7ee39e585\"},\"breadcrumb\":{\"@id\":\"https:\\\/\\\/quehacerpolitico.mx\\\/?p=85411#breadcrumb\"},\"inLanguage\":\"es\",\"potentialAction\":[{\"@type\":\"ReadAction\",\"target\":[\"https:\\\/\\\/quehacerpolitico.mx\\\/?p=85411\"]}]},{\"@type\":\"ImageObject\",\"inLanguage\":\"es\",\"@id\":\"https:\\\/\\\/quehacerpolitico.mx\\\/?p=85411#primaryimage\",\"url\":\"https:\\\/\\\/quehacerpolitico.mx\\\/wp-content\\\/uploads\\\/2021\\\/10\\\/96949F12-9858-4540-9841-42166F387CB3.jpeg\",\"contentUrl\":\"https:\\\/\\\/quehacerpolitico.mx\\\/wp-content\\\/uploads\\\/2021\\\/10\\\/96949F12-9858-4540-9841-42166F387CB3.jpeg\",\"width\":1079,\"height\":699},{\"@type\":\"BreadcrumbList\",\"@id\":\"https:\\\/\\\/quehacerpolitico.mx\\\/?p=85411#breadcrumb\",\"itemListElement\":[{\"@type\":\"ListItem\",\"position\":1,\"name\":\"Inicio\",\"item\":\"https:\\\/\\\/quehacerpolitico.mx\\\/\"},{\"@type\":\"ListItem\",\"position\":2,\"name\":\"M\u00e9xico propondr\u00e1 al secretario de estado de EU acabar con la Iniciativa M\u00e9rida: Ebrard\"}]},{\"@type\":\"WebSite\",\"@id\":\"https:\\\/\\\/quehacerpolitico.mx\\\/#website\",\"url\":\"https:\\\/\\\/quehacerpolitico.mx\\\/\",\"name\":\"\",\"description\":\"\",\"potentialAction\":[{\"@type\":\"SearchAction\",\"target\":{\"@type\":\"EntryPoint\",\"urlTemplate\":\"https:\\\/\\\/quehacerpolitico.mx\\\/?s={search_term_string}\"},\"query-input\":{\"@type\":\"PropertyValueSpecification\",\"valueRequired\":true,\"valueName\":\"search_term_string\"}}],\"inLanguage\":\"es\"},{\"@type\":\"Person\",\"@id\":\"https:\\\/\\\/quehacerpolitico.mx\\\/#\\\/schema\\\/person\\\/496d8ad2d1d3f8036101dca7ee39e585\",\"name\":\"Redacci\u00f3n QP\",\"image\":{\"@type\":\"ImageObject\",\"inLanguage\":\"es\",\"@id\":\"https:\\\/\\\/secure.gravatar.com\\\/avatar\\\/c7164ed6fdec453195284ad24a5ae5b6e1eed2b848477fa2a4787ba9adf39a41?s=96&d=mm&r=g\",\"url\":\"https:\\\/\\\/secure.gravatar.com\\\/avatar\\\/c7164ed6fdec453195284ad24a5ae5b6e1eed2b848477fa2a4787ba9adf39a41?s=96&d=mm&r=g\",\"contentUrl\":\"https:\\\/\\\/secure.gravatar.com\\\/avatar\\\/c7164ed6fdec453195284ad24a5ae5b6e1eed2b848477fa2a4787ba9adf39a41?s=96&d=mm&r=g\",\"caption\":\"Redacci\u00f3n QP\"},\"url\":\"https:\\\/\\\/quehacerpolitico.mx\\\/?author=2\"}]}<\/script>\n<!-- \/ Yoast SEO plugin. -->","yoast_head_json":{"title":"M\u00e9xico propondr\u00e1 al secretario de estado de EU acabar con la Iniciativa M\u00e9rida: Ebrard -","robots":{"index":"index","follow":"follow","max-snippet":"max-snippet:-1","max-image-preview":"max-image-preview:large","max-video-preview":"max-video-preview:-1"},"canonical":"https:\/\/quehacerpolitico.mx\/?p=85411","og_locale":"es_MX","og_type":"article","og_title":"M\u00e9xico propondr\u00e1 al secretario de estado de EU acabar con la Iniciativa M\u00e9rida: Ebrard -","og_description":"Por Redacci\u00f3n QP Blinken, secretario de estado de EU, viajar\u00e1 a M\u00e9xico esta semana para...","og_url":"https:\/\/quehacerpolitico.mx\/?p=85411","article_published_time":"2021-10-05T17:34:29+00:00","article_modified_time":"2021-10-05T17:34:32+00:00","og_image":[{"width":1079,"height":699,"url":"https:\/\/quehacerpolitico.mx\/wp-content\/uploads\/2021\/10\/96949F12-9858-4540-9841-42166F387CB3.jpeg","type":"image\/jpeg"}],"author":"Redacci\u00f3n QP","twitter_card":"summary_large_image","twitter_misc":{"Escrito por":"Redacci\u00f3n QP","Tiempo de lectura":"2 minutos"},"schema":{"@context":"https:\/\/schema.org","@graph":[{"@type":"Article","@id":"https:\/\/quehacerpolitico.mx\/?p=85411#article","isPartOf":{"@id":"https:\/\/quehacerpolitico.mx\/?p=85411"},"author":{"name":"Redacci\u00f3n QP","@id":"https:\/\/quehacerpolitico.mx\/#\/schema\/person\/496d8ad2d1d3f8036101dca7ee39e585"},"headline":"M\u00e9xico propondr\u00e1 al secretario de estado de EU acabar con la Iniciativa M\u00e9rida: Ebrard","datePublished":"2021-10-05T17:34:29+00:00","dateModified":"2021-10-05T17:34:32+00:00","mainEntityOfPage":{"@id":"https:\/\/quehacerpolitico.mx\/?p=85411"},"wordCount":402,"commentCount":0,"image":{"@id":"https:\/\/quehacerpolitico.mx\/?p=85411#primaryimage"},"thumbnailUrl":"https:\/\/quehacerpolitico.mx\/wp-content\/uploads\/2021\/10\/96949F12-9858-4540-9841-42166F387CB3.jpeg","articleSection":["Noticias"],"inLanguage":"es","potentialAction":[{"@type":"CommentAction","name":"Comment","target":["https:\/\/quehacerpolitico.mx\/?p=85411#respond"]}]},{"@type":"WebPage","@id":"https:\/\/quehacerpolitico.mx\/?p=85411","url":"https:\/\/quehacerpolitico.mx\/?p=85411","name":"M\u00e9xico propondr\u00e1 al secretario de estado de EU acabar con la Iniciativa M\u00e9rida: Ebrard -","isPartOf":{"@id":"https:\/\/quehacerpolitico.mx\/#website"},"primaryImageOfPage":{"@id":"https:\/\/quehacerpolitico.mx\/?p=85411#primaryimage"},"image":{"@id":"https:\/\/quehacerpolitico.mx\/?p=85411#primaryimage"},"thumbnailUrl":"https:\/\/quehacerpolitico.mx\/wp-content\/uploads\/2021\/10\/96949F12-9858-4540-9841-42166F387CB3.jpeg","datePublished":"2021-10-05T17:34:29+00:00","dateModified":"2021-10-05T17:34:32+00:00","author":{"@id":"https:\/\/quehacerpolitico.mx\/#\/schema\/person\/496d8ad2d1d3f8036101dca7ee39e585"},"breadcrumb":{"@id":"https:\/\/quehacerpolitico.mx\/?p=85411#breadcrumb"},"inLanguage":"es","potentialAction":[{"@type":"ReadAction","target":["https:\/\/quehacerpolitico.mx\/?p=85411"]}]},{"@type":"ImageObject","inLanguage":"es","@id":"https:\/\/quehacerpolitico.mx\/?p=85411#primaryimage","url":"https:\/\/quehacerpolitico.mx\/wp-content\/uploads\/2021\/10\/96949F12-9858-4540-9841-42166F387CB3.jpeg","contentUrl":"https:\/\/quehacerpolitico.mx\/wp-content\/uploads\/2021\/10\/96949F12-9858-4540-9841-42166F387CB3.jpeg","width":1079,"height":699},{"@type":"BreadcrumbList","@id":"https:\/\/quehacerpolitico.mx\/?p=85411#breadcrumb","itemListElement":[{"@type":"ListItem","position":1,"name":"Inicio","item":"https:\/\/quehacerpolitico.mx\/"},{"@type":"ListItem","position":2,"name":"M\u00e9xico propondr\u00e1 al secretario de estado de EU acabar con la Iniciativa M\u00e9rida: Ebrard"}]},{"@type":"WebSite","@id":"https:\/\/quehacerpolitico.mx\/#website","url":"https:\/\/quehacerpolitico.mx\/","name":"","description":"","potentialAction":[{"@type":"SearchAction","target":{"@type":"EntryPoint","urlTemplate":"https:\/\/quehacerpolitico.mx\/?s={search_term_string}"},"query-input":{"@type":"PropertyValueSpecification","valueRequired":true,"valueName":"search_term_string"}}],"inLanguage":"es"},{"@type":"Person","@id":"https:\/\/quehacerpolitico.mx\/#\/schema\/person\/496d8ad2d1d3f8036101dca7ee39e585","name":"Redacci\u00f3n QP","image":{"@type":"ImageObject","inLanguage":"es","@id":"https:\/\/secure.gravatar.com\/avatar\/c7164ed6fdec453195284ad24a5ae5b6e1eed2b848477fa2a4787ba9adf39a41?s=96&d=mm&r=g","url":"https:\/\/secure.gravatar.com\/avatar\/c7164ed6fdec453195284ad24a5ae5b6e1eed2b848477fa2a4787ba9adf39a41?s=96&d=mm&r=g","contentUrl":"https:\/\/secure.gravatar.com\/avatar\/c7164ed6fdec453195284ad24a5ae5b6e1eed2b848477fa2a4787ba9adf39a41?s=96&d=mm&r=g","caption":"Redacci\u00f3n QP"},"url":"https:\/\/quehacerpolitico.mx\/?author=2"}]}},"featured_image_urls":{"full":["https:\/\/quehacerpolitico.mx\/wp-content\/uploads\/2021\/10\/96949F12-9858-4540-9841-42166F387CB3.jpeg",1079,699,false],"thumbnail":["https:\/\/quehacerpolitico.mx\/wp-content\/uploads\/2021\/10\/96949F12-9858-4540-9841-42166F387CB3-150x150.jpeg",150,150,true],"medium":["https:\/\/quehacerpolitico.mx\/wp-content\/uploads\/2021\/10\/96949F12-9858-4540-9841-42166F387CB3-300x194.jpeg",300,194,true],"medium_large":["https:\/\/quehacerpolitico.mx\/wp-content\/uploads\/2021\/10\/96949F12-9858-4540-9841-42166F387CB3-768x498.jpeg",640,415,true],"large":["https:\/\/quehacerpolitico.mx\/wp-content\/uploads\/2021\/10\/96949F12-9858-4540-9841-42166F387CB3-1024x663.jpeg",640,414,true],"1536x1536":["https:\/\/quehacerpolitico.mx\/wp-content\/uploads\/2021\/10\/96949F12-9858-4540-9841-42166F387CB3.jpeg",1079,699,false],"2048x2048":["https:\/\/quehacerpolitico.mx\/wp-content\/uploads\/2021\/10\/96949F12-9858-4540-9841-42166F387CB3.jpeg",1079,699,false],"covernews-featured":["https:\/\/quehacerpolitico.mx\/wp-content\/uploads\/2021\/10\/96949F12-9858-4540-9841-42166F387CB3.jpeg",1024,663,false],"covernews-medium":["https:\/\/quehacerpolitico.mx\/wp-content\/uploads\/2021\/10\/96949F12-9858-4540-9841-42166F387CB3.jpeg",525,340,false]},"author_info":{"display_name":"Redacci\u00f3n QP","author_link":"https:\/\/quehacerpolitico.mx\/?author=2"},"category_info":"<a href=\"https:\/\/quehacerpolitico.mx\/?cat=2\" rel=\"category\">Noticias<\/a>","tag_info":"Noticias","comment_count":"0","_links":{"self":[{"href":"https:\/\/quehacerpolitico.mx\/index.php?rest_route=\/wp\/v2\/posts\/85411","targetHints":{"allow":["GET"]}}],"collection":[{"href":"https:\/\/quehacerpolitico.mx\/index.php?rest_route=\/wp\/v2\/posts"}],"about":[{"href":"https:\/\/quehacerpolitico.mx\/index.php?rest_route=\/wp\/v2\/types\/post"}],"author":[{"embeddable":true,"href":"https:\/\/quehacerpolitico.mx\/index.php?rest_route=\/wp\/v2\/users\/2"}],"replies":[{"embeddable":true,"href":"https:\/\/quehacerpolitico.mx\/index.php?rest_route=%2Fwp%2Fv2%2Fcomments&post=85411"}],"version-history":[{"count":1,"href":"https:\/\/quehacerpolitico.mx\/index.php?rest_route=\/wp\/v2\/posts\/85411\/revisions"}],"predecessor-version":[{"id":85413,"href":"https:\/\/quehacerpolitico.mx\/index.php?rest_route=\/wp\/v2\/posts\/85411\/revisions\/85413"}],"wp:featuredmedia":[{"embeddable":true,"href":"https:\/\/quehacerpolitico.mx\/index.php?rest_route=\/wp\/v2\/media\/85412"}],"wp:attachment":[{"href":"https:\/\/quehacerpolitico.mx\/index.php?rest_route=%2Fwp%2Fv2%2Fmedia&parent=85411"}],"wp:term":[{"taxonomy":"category","embeddable":true,"href":"https:\/\/quehacerpolitico.mx\/index.php?rest_route=%2Fwp%2Fv2%2Fcategories&post=85411"},{"taxonomy":"post_tag","embeddable":true,"href":"https:\/\/quehacerpolitico.mx\/index.php?rest_route=%2Fwp%2Fv2%2Ftags&post=85411"}],"curies":[{"name":"wp","href":"https:\/\/api.w.org\/{rel}","templated":true}]}}