{"id":85405,"date":"2021-10-05T17:13:00","date_gmt":"2021-10-05T17:13:00","guid":{"rendered":"https:\/\/quehacerpolitico.mx\/?p=85405"},"modified":"2021-10-05T17:13:03","modified_gmt":"2021-10-05T17:13:03","slug":"amlo-confirma-que-no-asistira-al-senado","status":"publish","type":"post","link":"https:\/\/quehacerpolitico.mx\/?p=85405","title":{"rendered":"AMLO confirma que no asistir\u00e1 al Senado"},"content":{"rendered":"\n<p>Por Redacci\u00f3n QP<\/p>\n\n\n\n<p>AMLO no acudir\u00e1 al Senado para cuidar la investidura presidencial, esto luego de cometarios por parte de la senadora Lilly T\u00e9llez<\/p>\n\n\n\n<p>Luego de que senadores pidieron al Presidente\u00a0<strong>Andr\u00e9s Manuel L\u00f3pez Obrador<\/strong>\u00a0(AMLO) asistir al Senado para entregar a<strong>\u00a0Ifigenia Mart\u00ednez<\/strong>\u00a0la medalla &#8220;Belisario Dom\u00ednguez&#8221;, el Ejecutivo federal reiter\u00f3 que no asistir\u00e1 porque, indic\u00f3, tiene que cuidar la investidura presidencial y evitar una situaci\u00f3n bochornosa<\/p>\n\n\n\n<p>En conferencia de prensa matutina desde el Museo Naval M\u00e9xico, y ante la convocatoria de\u00a0<strong>Lilly T\u00e9llez<\/strong>, senadora del PAN de llamar a enfrentarlo en su visita al Senado, el titular del Ejecutivo Federal indic\u00f3 que &#8220;cuando se trata de protestas de mujeres uno tiene que ser mucho m\u00e1s respetuoso&#8221;.<\/p>\n\n\n\n<p>&#8220;Ahora una legisladora (Lilly T\u00e9llez) dio a conocer de que me iban a enfrentar y es una situaci\u00f3n muy bochornosa, porque cuando se trata de protestas de mujeres uno tiene que ser mucho m\u00e1s respetuoso, much\u00edsimo m\u00e1s respetuoso y no tiene caso,<strong>\u00a0no hay necesidad de exponernos, no es Andr\u00e9s Manuel, es la investidura presidencial y tiene que haber respeto<\/strong>&#8220;.<\/p>\n\n\n\n<figure class=\"wp-block-embed is-type-rich is-provider-twitter wp-block-embed-twitter\"><div class=\"wp-block-embed__wrapper\">\n<blockquote class=\"twitter-tweet\" data-width=\"550\" data-dnt=\"true\"><p lang=\"es\" dir=\"ltr\">&quot;Hay que tener respeto a la investidura presidencial&quot;, eso le manda decir el presidente <a href=\"https:\/\/twitter.com\/lopezobrador_?ref_src=twsrc%5Etfw\">@lopezobrador_<\/a> a la senadora <a href=\"https:\/\/twitter.com\/LillyTellez?ref_src=twsrc%5Etfw\">@LillyTellez<\/a>.<br><br>Lamenta no acompa\u00f1ar a Ifigenia Mart\u00ednez a recibir la medalla Belisario Dom\u00ednguez por las protestas que T\u00e9llez dijo realizar\u00e1 si va al Senado. <a href=\"https:\/\/t.co\/fYO96H4X6V\">pic.twitter.com\/fYO96H4X6V<\/a><\/p>&mdash; Ruido en la Red (@RuidoEnLaRed) <a href=\"https:\/\/twitter.com\/RuidoEnLaRed\/status\/1445373674442330114?ref_src=twsrc%5Etfw\">October 5, 2021<\/a><\/blockquote><script async src=\"https:\/\/platform.twitter.com\/widgets.js\" charset=\"utf-8\"><\/script>\n<\/div><\/figure>\n\n\n\n<p>AMLO confirm\u00f3 que no asistir\u00e1 al Senado a la sesi\u00f3n en la que se entrega la medalla Belisario Dom\u00ednguez porque &#8220;el bloque conservador est\u00e1 muy enojado&#8221;.<\/p>\n\n\n\n<p>&#8220;<strong>En lo que corresponde a la asistencia del Senado y exige mi postura, creo que fue muy merecido otorgar la medalla &#8216;Belisario Dom\u00ednguez&#8217; a la maestra Ifegenia Mart\u00ednez<\/strong>, es una mujer extraordinaria, no quiero hablar de su edad porque es de mal gusto hablar de la edad de las personas y m\u00e1s cuando se trata le damas que uno quiere tanto, es una mujer llena de vigor, de entusiasmo, es admirable&#8221;, afirm\u00f3.<\/p>\n\n\n\n<p>&#8220;Me da tristeza no poder acompa\u00f1arla. Estuve cuando se entreg\u00f3 la medalla -aunque ya no particip\u00f3 porque ya est\u00e1 enfermita- do\u00f1a Rosario Ibarra, que tambi\u00e9n es otra mujer excepcional, de primera, entonces s\u00ed estuve&#8221;, agreg\u00f3.<\/p>\n\n\n\n<p>Con Informaci\u00f3n de SUN <\/p>\n","protected":false},"excerpt":{"rendered":"<p>Por Redacci\u00f3n QP AMLO no acudir\u00e1 al Senado para cuidar la investidura presidencial, esto luego&#8230;<\/p>\n","protected":false},"author":2,"featured_media":85406,"comment_status":"open","ping_status":"open","sticky":false,"template":"","format":"standard","meta":{"_monsterinsights_skip_tracking":false,"_monsterinsights_sitenote_active":false,"_monsterinsights_sitenote_note":"","_monsterinsights_sitenote_category":0,"footnotes":""},"categories":[2],"tags":[],"class_list":["post-85405","post","type-post","status-publish","format-standard","has-post-thumbnail","hentry","category-noticias"],"yoast_head":"<!-- This site is optimized with the Yoast SEO plugin v27.3 - https:\/\/yoast.com\/product\/yoast-seo-wordpress\/ -->\n<title>AMLO confirma que no asistir\u00e1 al Senado -<\/title>\n<meta name=\"robots\" content=\"index, follow, max-snippet:-1, max-image-preview:large, max-video-preview:-1\" \/>\n<link rel=\"canonical\" href=\"https:\/\/quehacerpolitico.mx\/?p=85405\" \/>\n<meta property=\"og:locale\" content=\"es_MX\" \/>\n<meta property=\"og:type\" content=\"article\" \/>\n<meta property=\"og:title\" content=\"AMLO confirma que no asistir\u00e1 al Senado -\" \/>\n<meta property=\"og:description\" content=\"Por Redacci\u00f3n QP AMLO no acudir\u00e1 al Senado para cuidar la investidura presidencial, esto luego...\" \/>\n<meta property=\"og:url\" content=\"https:\/\/quehacerpolitico.mx\/?p=85405\" \/>\n<meta property=\"article:published_time\" content=\"2021-10-05T17:13:00+00:00\" \/>\n<meta property=\"article:modified_time\" content=\"2021-10-05T17:13:03+00:00\" \/>\n<meta property=\"og:image\" content=\"https:\/\/quehacerpolitico.mx\/wp-content\/uploads\/2021\/10\/FBE2873C-B3CC-4FC8-8C2A-A6FB8876F3A6.jpeg\" \/>\n\t<meta property=\"og:image:width\" content=\"1284\" \/>\n\t<meta property=\"og:image:height\" content=\"720\" \/>\n\t<meta property=\"og:image:type\" content=\"image\/jpeg\" \/>\n<meta name=\"author\" content=\"Redacci\u00f3n QP\" \/>\n<meta name=\"twitter:card\" content=\"summary_large_image\" \/>\n<meta name=\"twitter:label1\" content=\"Escrito por\" \/>\n\t<meta name=\"twitter:data1\" content=\"Redacci\u00f3n QP\" \/>\n\t<meta name=\"twitter:label2\" content=\"Tiempo de lectura\" \/>\n\t<meta name=\"twitter:data2\" content=\"2 minutos\" \/>\n<script type=\"application\/ld+json\" class=\"yoast-schema-graph\">{\"@context\":\"https:\\\/\\\/schema.org\",\"@graph\":[{\"@type\":\"Article\",\"@id\":\"https:\\\/\\\/quehacerpolitico.mx\\\/?p=85405#article\",\"isPartOf\":{\"@id\":\"https:\\\/\\\/quehacerpolitico.mx\\\/?p=85405\"},\"author\":{\"name\":\"Redacci\u00f3n QP\",\"@id\":\"https:\\\/\\\/quehacerpolitico.mx\\\/#\\\/schema\\\/person\\\/496d8ad2d1d3f8036101dca7ee39e585\"},\"headline\":\"AMLO confirma que no asistir\u00e1 al Senado\",\"datePublished\":\"2021-10-05T17:13:00+00:00\",\"dateModified\":\"2021-10-05T17:13:03+00:00\",\"mainEntityOfPage\":{\"@id\":\"https:\\\/\\\/quehacerpolitico.mx\\\/?p=85405\"},\"wordCount\":353,\"commentCount\":0,\"image\":{\"@id\":\"https:\\\/\\\/quehacerpolitico.mx\\\/?p=85405#primaryimage\"},\"thumbnailUrl\":\"https:\\\/\\\/quehacerpolitico.mx\\\/wp-content\\\/uploads\\\/2021\\\/10\\\/FBE2873C-B3CC-4FC8-8C2A-A6FB8876F3A6.jpeg\",\"articleSection\":[\"Noticias\"],\"inLanguage\":\"es\",\"potentialAction\":[{\"@type\":\"CommentAction\",\"name\":\"Comment\",\"target\":[\"https:\\\/\\\/quehacerpolitico.mx\\\/?p=85405#respond\"]}]},{\"@type\":\"WebPage\",\"@id\":\"https:\\\/\\\/quehacerpolitico.mx\\\/?p=85405\",\"url\":\"https:\\\/\\\/quehacerpolitico.mx\\\/?p=85405\",\"name\":\"AMLO confirma que no asistir\u00e1 al Senado -\",\"isPartOf\":{\"@id\":\"https:\\\/\\\/quehacerpolitico.mx\\\/#website\"},\"primaryImageOfPage\":{\"@id\":\"https:\\\/\\\/quehacerpolitico.mx\\\/?p=85405#primaryimage\"},\"image\":{\"@id\":\"https:\\\/\\\/quehacerpolitico.mx\\\/?p=85405#primaryimage\"},\"thumbnailUrl\":\"https:\\\/\\\/quehacerpolitico.mx\\\/wp-content\\\/uploads\\\/2021\\\/10\\\/FBE2873C-B3CC-4FC8-8C2A-A6FB8876F3A6.jpeg\",\"datePublished\":\"2021-10-05T17:13:00+00:00\",\"dateModified\":\"2021-10-05T17:13:03+00:00\",\"author\":{\"@id\":\"https:\\\/\\\/quehacerpolitico.mx\\\/#\\\/schema\\\/person\\\/496d8ad2d1d3f8036101dca7ee39e585\"},\"breadcrumb\":{\"@id\":\"https:\\\/\\\/quehacerpolitico.mx\\\/?p=85405#breadcrumb\"},\"inLanguage\":\"es\",\"potentialAction\":[{\"@type\":\"ReadAction\",\"target\":[\"https:\\\/\\\/quehacerpolitico.mx\\\/?p=85405\"]}]},{\"@type\":\"ImageObject\",\"inLanguage\":\"es\",\"@id\":\"https:\\\/\\\/quehacerpolitico.mx\\\/?p=85405#primaryimage\",\"url\":\"https:\\\/\\\/quehacerpolitico.mx\\\/wp-content\\\/uploads\\\/2021\\\/10\\\/FBE2873C-B3CC-4FC8-8C2A-A6FB8876F3A6.jpeg\",\"contentUrl\":\"https:\\\/\\\/quehacerpolitico.mx\\\/wp-content\\\/uploads\\\/2021\\\/10\\\/FBE2873C-B3CC-4FC8-8C2A-A6FB8876F3A6.jpeg\",\"width\":1284,\"height\":720},{\"@type\":\"BreadcrumbList\",\"@id\":\"https:\\\/\\\/quehacerpolitico.mx\\\/?p=85405#breadcrumb\",\"itemListElement\":[{\"@type\":\"ListItem\",\"position\":1,\"name\":\"Inicio\",\"item\":\"https:\\\/\\\/quehacerpolitico.mx\\\/\"},{\"@type\":\"ListItem\",\"position\":2,\"name\":\"AMLO confirma que no asistir\u00e1 al Senado\"}]},{\"@type\":\"WebSite\",\"@id\":\"https:\\\/\\\/quehacerpolitico.mx\\\/#website\",\"url\":\"https:\\\/\\\/quehacerpolitico.mx\\\/\",\"name\":\"\",\"description\":\"\",\"potentialAction\":[{\"@type\":\"SearchAction\",\"target\":{\"@type\":\"EntryPoint\",\"urlTemplate\":\"https:\\\/\\\/quehacerpolitico.mx\\\/?s={search_term_string}\"},\"query-input\":{\"@type\":\"PropertyValueSpecification\",\"valueRequired\":true,\"valueName\":\"search_term_string\"}}],\"inLanguage\":\"es\"},{\"@type\":\"Person\",\"@id\":\"https:\\\/\\\/quehacerpolitico.mx\\\/#\\\/schema\\\/person\\\/496d8ad2d1d3f8036101dca7ee39e585\",\"name\":\"Redacci\u00f3n QP\",\"image\":{\"@type\":\"ImageObject\",\"inLanguage\":\"es\",\"@id\":\"https:\\\/\\\/secure.gravatar.com\\\/avatar\\\/c7164ed6fdec453195284ad24a5ae5b6e1eed2b848477fa2a4787ba9adf39a41?s=96&d=mm&r=g\",\"url\":\"https:\\\/\\\/secure.gravatar.com\\\/avatar\\\/c7164ed6fdec453195284ad24a5ae5b6e1eed2b848477fa2a4787ba9adf39a41?s=96&d=mm&r=g\",\"contentUrl\":\"https:\\\/\\\/secure.gravatar.com\\\/avatar\\\/c7164ed6fdec453195284ad24a5ae5b6e1eed2b848477fa2a4787ba9adf39a41?s=96&d=mm&r=g\",\"caption\":\"Redacci\u00f3n QP\"},\"url\":\"https:\\\/\\\/quehacerpolitico.mx\\\/?author=2\"}]}<\/script>\n<!-- \/ Yoast SEO plugin. -->","yoast_head_json":{"title":"AMLO confirma que no asistir\u00e1 al Senado -","robots":{"index":"index","follow":"follow","max-snippet":"max-snippet:-1","max-image-preview":"max-image-preview:large","max-video-preview":"max-video-preview:-1"},"canonical":"https:\/\/quehacerpolitico.mx\/?p=85405","og_locale":"es_MX","og_type":"article","og_title":"AMLO confirma que no asistir\u00e1 al Senado -","og_description":"Por Redacci\u00f3n QP AMLO no acudir\u00e1 al Senado para cuidar la investidura presidencial, esto luego...","og_url":"https:\/\/quehacerpolitico.mx\/?p=85405","article_published_time":"2021-10-05T17:13:00+00:00","article_modified_time":"2021-10-05T17:13:03+00:00","og_image":[{"width":1284,"height":720,"url":"https:\/\/quehacerpolitico.mx\/wp-content\/uploads\/2021\/10\/FBE2873C-B3CC-4FC8-8C2A-A6FB8876F3A6.jpeg","type":"image\/jpeg"}],"author":"Redacci\u00f3n QP","twitter_card":"summary_large_image","twitter_misc":{"Escrito por":"Redacci\u00f3n QP","Tiempo de lectura":"2 minutos"},"schema":{"@context":"https:\/\/schema.org","@graph":[{"@type":"Article","@id":"https:\/\/quehacerpolitico.mx\/?p=85405#article","isPartOf":{"@id":"https:\/\/quehacerpolitico.mx\/?p=85405"},"author":{"name":"Redacci\u00f3n QP","@id":"https:\/\/quehacerpolitico.mx\/#\/schema\/person\/496d8ad2d1d3f8036101dca7ee39e585"},"headline":"AMLO confirma que no asistir\u00e1 al Senado","datePublished":"2021-10-05T17:13:00+00:00","dateModified":"2021-10-05T17:13:03+00:00","mainEntityOfPage":{"@id":"https:\/\/quehacerpolitico.mx\/?p=85405"},"wordCount":353,"commentCount":0,"image":{"@id":"https:\/\/quehacerpolitico.mx\/?p=85405#primaryimage"},"thumbnailUrl":"https:\/\/quehacerpolitico.mx\/wp-content\/uploads\/2021\/10\/FBE2873C-B3CC-4FC8-8C2A-A6FB8876F3A6.jpeg","articleSection":["Noticias"],"inLanguage":"es","potentialAction":[{"@type":"CommentAction","name":"Comment","target":["https:\/\/quehacerpolitico.mx\/?p=85405#respond"]}]},{"@type":"WebPage","@id":"https:\/\/quehacerpolitico.mx\/?p=85405","url":"https:\/\/quehacerpolitico.mx\/?p=85405","name":"AMLO confirma que no asistir\u00e1 al Senado -","isPartOf":{"@id":"https:\/\/quehacerpolitico.mx\/#website"},"primaryImageOfPage":{"@id":"https:\/\/quehacerpolitico.mx\/?p=85405#primaryimage"},"image":{"@id":"https:\/\/quehacerpolitico.mx\/?p=85405#primaryimage"},"thumbnailUrl":"https:\/\/quehacerpolitico.mx\/wp-content\/uploads\/2021\/10\/FBE2873C-B3CC-4FC8-8C2A-A6FB8876F3A6.jpeg","datePublished":"2021-10-05T17:13:00+00:00","dateModified":"2021-10-05T17:13:03+00:00","author":{"@id":"https:\/\/quehacerpolitico.mx\/#\/schema\/person\/496d8ad2d1d3f8036101dca7ee39e585"},"breadcrumb":{"@id":"https:\/\/quehacerpolitico.mx\/?p=85405#breadcrumb"},"inLanguage":"es","potentialAction":[{"@type":"ReadAction","target":["https:\/\/quehacerpolitico.mx\/?p=85405"]}]},{"@type":"ImageObject","inLanguage":"es","@id":"https:\/\/quehacerpolitico.mx\/?p=85405#primaryimage","url":"https:\/\/quehacerpolitico.mx\/wp-content\/uploads\/2021\/10\/FBE2873C-B3CC-4FC8-8C2A-A6FB8876F3A6.jpeg","contentUrl":"https:\/\/quehacerpolitico.mx\/wp-content\/uploads\/2021\/10\/FBE2873C-B3CC-4FC8-8C2A-A6FB8876F3A6.jpeg","width":1284,"height":720},{"@type":"BreadcrumbList","@id":"https:\/\/quehacerpolitico.mx\/?p=85405#breadcrumb","itemListElement":[{"@type":"ListItem","position":1,"name":"Inicio","item":"https:\/\/quehacerpolitico.mx\/"},{"@type":"ListItem","position":2,"name":"AMLO confirma que no asistir\u00e1 al Senado"}]},{"@type":"WebSite","@id":"https:\/\/quehacerpolitico.mx\/#website","url":"https:\/\/quehacerpolitico.mx\/","name":"","description":"","potentialAction":[{"@type":"SearchAction","target":{"@type":"EntryPoint","urlTemplate":"https:\/\/quehacerpolitico.mx\/?s={search_term_string}"},"query-input":{"@type":"PropertyValueSpecification","valueRequired":true,"valueName":"search_term_string"}}],"inLanguage":"es"},{"@type":"Person","@id":"https:\/\/quehacerpolitico.mx\/#\/schema\/person\/496d8ad2d1d3f8036101dca7ee39e585","name":"Redacci\u00f3n QP","image":{"@type":"ImageObject","inLanguage":"es","@id":"https:\/\/secure.gravatar.com\/avatar\/c7164ed6fdec453195284ad24a5ae5b6e1eed2b848477fa2a4787ba9adf39a41?s=96&d=mm&r=g","url":"https:\/\/secure.gravatar.com\/avatar\/c7164ed6fdec453195284ad24a5ae5b6e1eed2b848477fa2a4787ba9adf39a41?s=96&d=mm&r=g","contentUrl":"https:\/\/secure.gravatar.com\/avatar\/c7164ed6fdec453195284ad24a5ae5b6e1eed2b848477fa2a4787ba9adf39a41?s=96&d=mm&r=g","caption":"Redacci\u00f3n QP"},"url":"https:\/\/quehacerpolitico.mx\/?author=2"}]}},"featured_image_urls":{"full":["https:\/\/quehacerpolitico.mx\/wp-content\/uploads\/2021\/10\/FBE2873C-B3CC-4FC8-8C2A-A6FB8876F3A6.jpeg",1284,720,false],"thumbnail":["https:\/\/quehacerpolitico.mx\/wp-content\/uploads\/2021\/10\/FBE2873C-B3CC-4FC8-8C2A-A6FB8876F3A6-150x150.jpeg",150,150,true],"medium":["https:\/\/quehacerpolitico.mx\/wp-content\/uploads\/2021\/10\/FBE2873C-B3CC-4FC8-8C2A-A6FB8876F3A6-300x168.jpeg",300,168,true],"medium_large":["https:\/\/quehacerpolitico.mx\/wp-content\/uploads\/2021\/10\/FBE2873C-B3CC-4FC8-8C2A-A6FB8876F3A6-768x431.jpeg",640,359,true],"large":["https:\/\/quehacerpolitico.mx\/wp-content\/uploads\/2021\/10\/FBE2873C-B3CC-4FC8-8C2A-A6FB8876F3A6-1024x574.jpeg",640,359,true],"1536x1536":["https:\/\/quehacerpolitico.mx\/wp-content\/uploads\/2021\/10\/FBE2873C-B3CC-4FC8-8C2A-A6FB8876F3A6.jpeg",1284,720,false],"2048x2048":["https:\/\/quehacerpolitico.mx\/wp-content\/uploads\/2021\/10\/FBE2873C-B3CC-4FC8-8C2A-A6FB8876F3A6.jpeg",1284,720,false],"covernews-featured":["https:\/\/quehacerpolitico.mx\/wp-content\/uploads\/2021\/10\/FBE2873C-B3CC-4FC8-8C2A-A6FB8876F3A6.jpeg",1024,574,false],"covernews-medium":["https:\/\/quehacerpolitico.mx\/wp-content\/uploads\/2021\/10\/FBE2873C-B3CC-4FC8-8C2A-A6FB8876F3A6.jpeg",540,303,false]},"author_info":{"display_name":"Redacci\u00f3n QP","author_link":"https:\/\/quehacerpolitico.mx\/?author=2"},"category_info":"<a href=\"https:\/\/quehacerpolitico.mx\/?cat=2\" rel=\"category\">Noticias<\/a>","tag_info":"Noticias","comment_count":"0","_links":{"self":[{"href":"https:\/\/quehacerpolitico.mx\/index.php?rest_route=\/wp\/v2\/posts\/85405","targetHints":{"allow":["GET"]}}],"collection":[{"href":"https:\/\/quehacerpolitico.mx\/index.php?rest_route=\/wp\/v2\/posts"}],"about":[{"href":"https:\/\/quehacerpolitico.mx\/index.php?rest_route=\/wp\/v2\/types\/post"}],"author":[{"embeddable":true,"href":"https:\/\/quehacerpolitico.mx\/index.php?rest_route=\/wp\/v2\/users\/2"}],"replies":[{"embeddable":true,"href":"https:\/\/quehacerpolitico.mx\/index.php?rest_route=%2Fwp%2Fv2%2Fcomments&post=85405"}],"version-history":[{"count":1,"href":"https:\/\/quehacerpolitico.mx\/index.php?rest_route=\/wp\/v2\/posts\/85405\/revisions"}],"predecessor-version":[{"id":85407,"href":"https:\/\/quehacerpolitico.mx\/index.php?rest_route=\/wp\/v2\/posts\/85405\/revisions\/85407"}],"wp:featuredmedia":[{"embeddable":true,"href":"https:\/\/quehacerpolitico.mx\/index.php?rest_route=\/wp\/v2\/media\/85406"}],"wp:attachment":[{"href":"https:\/\/quehacerpolitico.mx\/index.php?rest_route=%2Fwp%2Fv2%2Fmedia&parent=85405"}],"wp:term":[{"taxonomy":"category","embeddable":true,"href":"https:\/\/quehacerpolitico.mx\/index.php?rest_route=%2Fwp%2Fv2%2Fcategories&post=85405"},{"taxonomy":"post_tag","embeddable":true,"href":"https:\/\/quehacerpolitico.mx\/index.php?rest_route=%2Fwp%2Fv2%2Ftags&post=85405"}],"curies":[{"name":"wp","href":"https:\/\/api.w.org\/{rel}","templated":true}]}}