{"id":85397,"date":"2021-10-05T15:46:55","date_gmt":"2021-10-05T15:46:55","guid":{"rendered":"https:\/\/quehacerpolitico.mx\/?p=85397"},"modified":"2021-10-05T15:46:56","modified_gmt":"2021-10-05T15:46:56","slug":"dictan-27-anos-de-carcel-a-el-lunares-lider-de-la-union-tepito","status":"publish","type":"post","link":"https:\/\/quehacerpolitico.mx\/?p=85397","title":{"rendered":"Dictan 27 a\u00f1os de c\u00e1rcel a &#8220;El Lunares&#8221;, l\u00edder de la Uni\u00f3n Tepito"},"content":{"rendered":"\n<p>Por Redacci\u00f3n QP<\/p>\n\n\n\n<p>La Fiscal\u00eda Capitalina hasta el momento no ha podido relacionar al imputado con la delincuencia organizada<\/p>\n\n\n\n<p>\u00d3scar Andr\u00e9s Flores, \u201cEl Lunares\u201d, se\u00f1alado por las autoridades capitalinas como uno de los principales generadores de violencia y presunto l\u00edder financiero de la Uni\u00f3n Tepito,&nbsp;<strong>fue sentenciado a 27 a\u00f1os de prisi\u00f3n por un homicidio que cometi\u00f3 en el 2019<\/strong>.<\/p>\n\n\n\n<p>Sin embargo, la Fiscal\u00eda Capitalina hasta el momento no ha podido acreditar sus dichos ni relacionar al imputado con la delincuencia organizada, por lo que le fue imposible demostrar esto al juez que lleva el caso.<\/p>\n\n\n\n<p>Seg\u00fan el expediente del caso, el 15 de febrero de 2020\u00a0elementos de la Polic\u00eda de Investigaci\u00f3n (PDI) cumplimentaron orden de aprehensi\u00f3n en contra del ahora sentenciado en inmediaciones de la alcald\u00eda Gustavo A. Madero y lo pusieron a disposici\u00f3n de un juez del Sistema Procesal Penal del Reclusorio Preventivo Varonil Oriente.<\/p>\n\n\n\n<p>En la carpeta de investigaci\u00f3n se registr\u00f3 que el sentenciado, junto con otra persona, lleg\u00f3 en julio de 2019 a un puesto de quesadillas ubicado en la calle Jes\u00fas Carranza, colonia Morelos, alcald\u00eda Cuauht\u00e9moc, donde se encontraba la v\u00edctima y<strong>\u00a0le dispar\u00f3 con un arma de fuego<\/strong>\u00a0provoc\u00e1ndole la muerte.<\/p>\n\n\n\n<p>Con Informaci\u00f3n de SUN <\/p>\n","protected":false},"excerpt":{"rendered":"<p>Por Redacci\u00f3n QP La Fiscal\u00eda Capitalina hasta el momento no ha podido relacionar al imputado&#8230;<\/p>\n","protected":false},"author":2,"featured_media":85398,"comment_status":"open","ping_status":"open","sticky":false,"template":"","format":"standard","meta":{"_monsterinsights_skip_tracking":false,"_monsterinsights_sitenote_active":false,"_monsterinsights_sitenote_note":"","_monsterinsights_sitenote_category":0,"footnotes":""},"categories":[55],"tags":[],"class_list":["post-85397","post","type-post","status-publish","format-standard","has-post-thumbnail","hentry","category-cdmx"],"yoast_head":"<!-- This site is optimized with the Yoast SEO plugin v27.3 - https:\/\/yoast.com\/product\/yoast-seo-wordpress\/ -->\n<title>Dictan 27 a\u00f1os de c\u00e1rcel a &quot;El Lunares&quot;, l\u00edder de la Uni\u00f3n Tepito -<\/title>\n<meta name=\"robots\" content=\"index, follow, max-snippet:-1, max-image-preview:large, max-video-preview:-1\" \/>\n<link rel=\"canonical\" href=\"https:\/\/quehacerpolitico.mx\/?p=85397\" \/>\n<meta property=\"og:locale\" content=\"es_MX\" \/>\n<meta property=\"og:type\" content=\"article\" \/>\n<meta property=\"og:title\" content=\"Dictan 27 a\u00f1os de c\u00e1rcel a &quot;El Lunares&quot;, l\u00edder de la Uni\u00f3n Tepito -\" \/>\n<meta property=\"og:description\" content=\"Por Redacci\u00f3n QP La Fiscal\u00eda Capitalina hasta el momento no ha podido relacionar al imputado...\" \/>\n<meta property=\"og:url\" content=\"https:\/\/quehacerpolitico.mx\/?p=85397\" \/>\n<meta property=\"article:published_time\" content=\"2021-10-05T15:46:55+00:00\" \/>\n<meta property=\"article:modified_time\" content=\"2021-10-05T15:46:56+00:00\" \/>\n<meta property=\"og:image\" content=\"https:\/\/quehacerpolitico.mx\/wp-content\/uploads\/2021\/10\/D48E9113-47AB-4939-A5A4-A2E65955A661.jpeg\" \/>\n\t<meta property=\"og:image:width\" content=\"678\" \/>\n\t<meta property=\"og:image:height\" content=\"452\" \/>\n\t<meta property=\"og:image:type\" content=\"image\/jpeg\" \/>\n<meta name=\"author\" content=\"Redacci\u00f3n QP\" \/>\n<meta name=\"twitter:card\" content=\"summary_large_image\" \/>\n<meta name=\"twitter:label1\" content=\"Escrito por\" \/>\n\t<meta name=\"twitter:data1\" content=\"Redacci\u00f3n QP\" \/>\n\t<meta name=\"twitter:label2\" content=\"Tiempo de lectura\" \/>\n\t<meta name=\"twitter:data2\" content=\"1 minuto\" \/>\n<script type=\"application\/ld+json\" class=\"yoast-schema-graph\">{\"@context\":\"https:\\\/\\\/schema.org\",\"@graph\":[{\"@type\":\"Article\",\"@id\":\"https:\\\/\\\/quehacerpolitico.mx\\\/?p=85397#article\",\"isPartOf\":{\"@id\":\"https:\\\/\\\/quehacerpolitico.mx\\\/?p=85397\"},\"author\":{\"name\":\"Redacci\u00f3n QP\",\"@id\":\"https:\\\/\\\/quehacerpolitico.mx\\\/#\\\/schema\\\/person\\\/496d8ad2d1d3f8036101dca7ee39e585\"},\"headline\":\"Dictan 27 a\u00f1os de c\u00e1rcel a &#8220;El Lunares&#8221;, l\u00edder de la Uni\u00f3n Tepito\",\"datePublished\":\"2021-10-05T15:46:55+00:00\",\"dateModified\":\"2021-10-05T15:46:56+00:00\",\"mainEntityOfPage\":{\"@id\":\"https:\\\/\\\/quehacerpolitico.mx\\\/?p=85397\"},\"wordCount\":236,\"commentCount\":0,\"image\":{\"@id\":\"https:\\\/\\\/quehacerpolitico.mx\\\/?p=85397#primaryimage\"},\"thumbnailUrl\":\"https:\\\/\\\/quehacerpolitico.mx\\\/wp-content\\\/uploads\\\/2021\\\/10\\\/D48E9113-47AB-4939-A5A4-A2E65955A661.jpeg\",\"articleSection\":[\"CDMX\"],\"inLanguage\":\"es\",\"potentialAction\":[{\"@type\":\"CommentAction\",\"name\":\"Comment\",\"target\":[\"https:\\\/\\\/quehacerpolitico.mx\\\/?p=85397#respond\"]}]},{\"@type\":\"WebPage\",\"@id\":\"https:\\\/\\\/quehacerpolitico.mx\\\/?p=85397\",\"url\":\"https:\\\/\\\/quehacerpolitico.mx\\\/?p=85397\",\"name\":\"Dictan 27 a\u00f1os de c\u00e1rcel a \\\"El Lunares\\\", l\u00edder de la Uni\u00f3n Tepito -\",\"isPartOf\":{\"@id\":\"https:\\\/\\\/quehacerpolitico.mx\\\/#website\"},\"primaryImageOfPage\":{\"@id\":\"https:\\\/\\\/quehacerpolitico.mx\\\/?p=85397#primaryimage\"},\"image\":{\"@id\":\"https:\\\/\\\/quehacerpolitico.mx\\\/?p=85397#primaryimage\"},\"thumbnailUrl\":\"https:\\\/\\\/quehacerpolitico.mx\\\/wp-content\\\/uploads\\\/2021\\\/10\\\/D48E9113-47AB-4939-A5A4-A2E65955A661.jpeg\",\"datePublished\":\"2021-10-05T15:46:55+00:00\",\"dateModified\":\"2021-10-05T15:46:56+00:00\",\"author\":{\"@id\":\"https:\\\/\\\/quehacerpolitico.mx\\\/#\\\/schema\\\/person\\\/496d8ad2d1d3f8036101dca7ee39e585\"},\"breadcrumb\":{\"@id\":\"https:\\\/\\\/quehacerpolitico.mx\\\/?p=85397#breadcrumb\"},\"inLanguage\":\"es\",\"potentialAction\":[{\"@type\":\"ReadAction\",\"target\":[\"https:\\\/\\\/quehacerpolitico.mx\\\/?p=85397\"]}]},{\"@type\":\"ImageObject\",\"inLanguage\":\"es\",\"@id\":\"https:\\\/\\\/quehacerpolitico.mx\\\/?p=85397#primaryimage\",\"url\":\"https:\\\/\\\/quehacerpolitico.mx\\\/wp-content\\\/uploads\\\/2021\\\/10\\\/D48E9113-47AB-4939-A5A4-A2E65955A661.jpeg\",\"contentUrl\":\"https:\\\/\\\/quehacerpolitico.mx\\\/wp-content\\\/uploads\\\/2021\\\/10\\\/D48E9113-47AB-4939-A5A4-A2E65955A661.jpeg\",\"width\":678,\"height\":452},{\"@type\":\"BreadcrumbList\",\"@id\":\"https:\\\/\\\/quehacerpolitico.mx\\\/?p=85397#breadcrumb\",\"itemListElement\":[{\"@type\":\"ListItem\",\"position\":1,\"name\":\"Inicio\",\"item\":\"https:\\\/\\\/quehacerpolitico.mx\\\/\"},{\"@type\":\"ListItem\",\"position\":2,\"name\":\"Dictan 27 a\u00f1os de c\u00e1rcel a &#8220;El Lunares&#8221;, l\u00edder de la Uni\u00f3n Tepito\"}]},{\"@type\":\"WebSite\",\"@id\":\"https:\\\/\\\/quehacerpolitico.mx\\\/#website\",\"url\":\"https:\\\/\\\/quehacerpolitico.mx\\\/\",\"name\":\"\",\"description\":\"\",\"potentialAction\":[{\"@type\":\"SearchAction\",\"target\":{\"@type\":\"EntryPoint\",\"urlTemplate\":\"https:\\\/\\\/quehacerpolitico.mx\\\/?s={search_term_string}\"},\"query-input\":{\"@type\":\"PropertyValueSpecification\",\"valueRequired\":true,\"valueName\":\"search_term_string\"}}],\"inLanguage\":\"es\"},{\"@type\":\"Person\",\"@id\":\"https:\\\/\\\/quehacerpolitico.mx\\\/#\\\/schema\\\/person\\\/496d8ad2d1d3f8036101dca7ee39e585\",\"name\":\"Redacci\u00f3n QP\",\"image\":{\"@type\":\"ImageObject\",\"inLanguage\":\"es\",\"@id\":\"https:\\\/\\\/secure.gravatar.com\\\/avatar\\\/c7164ed6fdec453195284ad24a5ae5b6e1eed2b848477fa2a4787ba9adf39a41?s=96&d=mm&r=g\",\"url\":\"https:\\\/\\\/secure.gravatar.com\\\/avatar\\\/c7164ed6fdec453195284ad24a5ae5b6e1eed2b848477fa2a4787ba9adf39a41?s=96&d=mm&r=g\",\"contentUrl\":\"https:\\\/\\\/secure.gravatar.com\\\/avatar\\\/c7164ed6fdec453195284ad24a5ae5b6e1eed2b848477fa2a4787ba9adf39a41?s=96&d=mm&r=g\",\"caption\":\"Redacci\u00f3n QP\"},\"url\":\"https:\\\/\\\/quehacerpolitico.mx\\\/?author=2\"}]}<\/script>\n<!-- \/ Yoast SEO plugin. -->","yoast_head_json":{"title":"Dictan 27 a\u00f1os de c\u00e1rcel a \"El Lunares\", l\u00edder de la Uni\u00f3n Tepito -","robots":{"index":"index","follow":"follow","max-snippet":"max-snippet:-1","max-image-preview":"max-image-preview:large","max-video-preview":"max-video-preview:-1"},"canonical":"https:\/\/quehacerpolitico.mx\/?p=85397","og_locale":"es_MX","og_type":"article","og_title":"Dictan 27 a\u00f1os de c\u00e1rcel a \"El Lunares\", l\u00edder de la Uni\u00f3n Tepito -","og_description":"Por Redacci\u00f3n QP La Fiscal\u00eda Capitalina hasta el momento no ha podido relacionar al imputado...","og_url":"https:\/\/quehacerpolitico.mx\/?p=85397","article_published_time":"2021-10-05T15:46:55+00:00","article_modified_time":"2021-10-05T15:46:56+00:00","og_image":[{"width":678,"height":452,"url":"https:\/\/quehacerpolitico.mx\/wp-content\/uploads\/2021\/10\/D48E9113-47AB-4939-A5A4-A2E65955A661.jpeg","type":"image\/jpeg"}],"author":"Redacci\u00f3n QP","twitter_card":"summary_large_image","twitter_misc":{"Escrito por":"Redacci\u00f3n QP","Tiempo de lectura":"1 minuto"},"schema":{"@context":"https:\/\/schema.org","@graph":[{"@type":"Article","@id":"https:\/\/quehacerpolitico.mx\/?p=85397#article","isPartOf":{"@id":"https:\/\/quehacerpolitico.mx\/?p=85397"},"author":{"name":"Redacci\u00f3n QP","@id":"https:\/\/quehacerpolitico.mx\/#\/schema\/person\/496d8ad2d1d3f8036101dca7ee39e585"},"headline":"Dictan 27 a\u00f1os de c\u00e1rcel a &#8220;El Lunares&#8221;, l\u00edder de la Uni\u00f3n Tepito","datePublished":"2021-10-05T15:46:55+00:00","dateModified":"2021-10-05T15:46:56+00:00","mainEntityOfPage":{"@id":"https:\/\/quehacerpolitico.mx\/?p=85397"},"wordCount":236,"commentCount":0,"image":{"@id":"https:\/\/quehacerpolitico.mx\/?p=85397#primaryimage"},"thumbnailUrl":"https:\/\/quehacerpolitico.mx\/wp-content\/uploads\/2021\/10\/D48E9113-47AB-4939-A5A4-A2E65955A661.jpeg","articleSection":["CDMX"],"inLanguage":"es","potentialAction":[{"@type":"CommentAction","name":"Comment","target":["https:\/\/quehacerpolitico.mx\/?p=85397#respond"]}]},{"@type":"WebPage","@id":"https:\/\/quehacerpolitico.mx\/?p=85397","url":"https:\/\/quehacerpolitico.mx\/?p=85397","name":"Dictan 27 a\u00f1os de c\u00e1rcel a \"El Lunares\", l\u00edder de la Uni\u00f3n Tepito -","isPartOf":{"@id":"https:\/\/quehacerpolitico.mx\/#website"},"primaryImageOfPage":{"@id":"https:\/\/quehacerpolitico.mx\/?p=85397#primaryimage"},"image":{"@id":"https:\/\/quehacerpolitico.mx\/?p=85397#primaryimage"},"thumbnailUrl":"https:\/\/quehacerpolitico.mx\/wp-content\/uploads\/2021\/10\/D48E9113-47AB-4939-A5A4-A2E65955A661.jpeg","datePublished":"2021-10-05T15:46:55+00:00","dateModified":"2021-10-05T15:46:56+00:00","author":{"@id":"https:\/\/quehacerpolitico.mx\/#\/schema\/person\/496d8ad2d1d3f8036101dca7ee39e585"},"breadcrumb":{"@id":"https:\/\/quehacerpolitico.mx\/?p=85397#breadcrumb"},"inLanguage":"es","potentialAction":[{"@type":"ReadAction","target":["https:\/\/quehacerpolitico.mx\/?p=85397"]}]},{"@type":"ImageObject","inLanguage":"es","@id":"https:\/\/quehacerpolitico.mx\/?p=85397#primaryimage","url":"https:\/\/quehacerpolitico.mx\/wp-content\/uploads\/2021\/10\/D48E9113-47AB-4939-A5A4-A2E65955A661.jpeg","contentUrl":"https:\/\/quehacerpolitico.mx\/wp-content\/uploads\/2021\/10\/D48E9113-47AB-4939-A5A4-A2E65955A661.jpeg","width":678,"height":452},{"@type":"BreadcrumbList","@id":"https:\/\/quehacerpolitico.mx\/?p=85397#breadcrumb","itemListElement":[{"@type":"ListItem","position":1,"name":"Inicio","item":"https:\/\/quehacerpolitico.mx\/"},{"@type":"ListItem","position":2,"name":"Dictan 27 a\u00f1os de c\u00e1rcel a &#8220;El Lunares&#8221;, l\u00edder de la Uni\u00f3n Tepito"}]},{"@type":"WebSite","@id":"https:\/\/quehacerpolitico.mx\/#website","url":"https:\/\/quehacerpolitico.mx\/","name":"","description":"","potentialAction":[{"@type":"SearchAction","target":{"@type":"EntryPoint","urlTemplate":"https:\/\/quehacerpolitico.mx\/?s={search_term_string}"},"query-input":{"@type":"PropertyValueSpecification","valueRequired":true,"valueName":"search_term_string"}}],"inLanguage":"es"},{"@type":"Person","@id":"https:\/\/quehacerpolitico.mx\/#\/schema\/person\/496d8ad2d1d3f8036101dca7ee39e585","name":"Redacci\u00f3n QP","image":{"@type":"ImageObject","inLanguage":"es","@id":"https:\/\/secure.gravatar.com\/avatar\/c7164ed6fdec453195284ad24a5ae5b6e1eed2b848477fa2a4787ba9adf39a41?s=96&d=mm&r=g","url":"https:\/\/secure.gravatar.com\/avatar\/c7164ed6fdec453195284ad24a5ae5b6e1eed2b848477fa2a4787ba9adf39a41?s=96&d=mm&r=g","contentUrl":"https:\/\/secure.gravatar.com\/avatar\/c7164ed6fdec453195284ad24a5ae5b6e1eed2b848477fa2a4787ba9adf39a41?s=96&d=mm&r=g","caption":"Redacci\u00f3n QP"},"url":"https:\/\/quehacerpolitico.mx\/?author=2"}]}},"featured_image_urls":{"full":["https:\/\/quehacerpolitico.mx\/wp-content\/uploads\/2021\/10\/D48E9113-47AB-4939-A5A4-A2E65955A661.jpeg",678,452,false],"thumbnail":["https:\/\/quehacerpolitico.mx\/wp-content\/uploads\/2021\/10\/D48E9113-47AB-4939-A5A4-A2E65955A661-150x150.jpeg",150,150,true],"medium":["https:\/\/quehacerpolitico.mx\/wp-content\/uploads\/2021\/10\/D48E9113-47AB-4939-A5A4-A2E65955A661-300x200.jpeg",300,200,true],"medium_large":["https:\/\/quehacerpolitico.mx\/wp-content\/uploads\/2021\/10\/D48E9113-47AB-4939-A5A4-A2E65955A661.jpeg",640,427,false],"large":["https:\/\/quehacerpolitico.mx\/wp-content\/uploads\/2021\/10\/D48E9113-47AB-4939-A5A4-A2E65955A661.jpeg",640,427,false],"1536x1536":["https:\/\/quehacerpolitico.mx\/wp-content\/uploads\/2021\/10\/D48E9113-47AB-4939-A5A4-A2E65955A661.jpeg",678,452,false],"2048x2048":["https:\/\/quehacerpolitico.mx\/wp-content\/uploads\/2021\/10\/D48E9113-47AB-4939-A5A4-A2E65955A661.jpeg",678,452,false],"covernews-featured":["https:\/\/quehacerpolitico.mx\/wp-content\/uploads\/2021\/10\/D48E9113-47AB-4939-A5A4-A2E65955A661.jpeg",678,452,false],"covernews-medium":["https:\/\/quehacerpolitico.mx\/wp-content\/uploads\/2021\/10\/D48E9113-47AB-4939-A5A4-A2E65955A661.jpeg",510,340,false]},"author_info":{"display_name":"Redacci\u00f3n QP","author_link":"https:\/\/quehacerpolitico.mx\/?author=2"},"category_info":"<a href=\"https:\/\/quehacerpolitico.mx\/?cat=55\" rel=\"category\">CDMX<\/a>","tag_info":"CDMX","comment_count":"0","_links":{"self":[{"href":"https:\/\/quehacerpolitico.mx\/index.php?rest_route=\/wp\/v2\/posts\/85397","targetHints":{"allow":["GET"]}}],"collection":[{"href":"https:\/\/quehacerpolitico.mx\/index.php?rest_route=\/wp\/v2\/posts"}],"about":[{"href":"https:\/\/quehacerpolitico.mx\/index.php?rest_route=\/wp\/v2\/types\/post"}],"author":[{"embeddable":true,"href":"https:\/\/quehacerpolitico.mx\/index.php?rest_route=\/wp\/v2\/users\/2"}],"replies":[{"embeddable":true,"href":"https:\/\/quehacerpolitico.mx\/index.php?rest_route=%2Fwp%2Fv2%2Fcomments&post=85397"}],"version-history":[{"count":1,"href":"https:\/\/quehacerpolitico.mx\/index.php?rest_route=\/wp\/v2\/posts\/85397\/revisions"}],"predecessor-version":[{"id":85399,"href":"https:\/\/quehacerpolitico.mx\/index.php?rest_route=\/wp\/v2\/posts\/85397\/revisions\/85399"}],"wp:featuredmedia":[{"embeddable":true,"href":"https:\/\/quehacerpolitico.mx\/index.php?rest_route=\/wp\/v2\/media\/85398"}],"wp:attachment":[{"href":"https:\/\/quehacerpolitico.mx\/index.php?rest_route=%2Fwp%2Fv2%2Fmedia&parent=85397"}],"wp:term":[{"taxonomy":"category","embeddable":true,"href":"https:\/\/quehacerpolitico.mx\/index.php?rest_route=%2Fwp%2Fv2%2Fcategories&post=85397"},{"taxonomy":"post_tag","embeddable":true,"href":"https:\/\/quehacerpolitico.mx\/index.php?rest_route=%2Fwp%2Fv2%2Ftags&post=85397"}],"curies":[{"name":"wp","href":"https:\/\/api.w.org\/{rel}","templated":true}]}}