{"id":85394,"date":"2021-10-05T14:30:16","date_gmt":"2021-10-05T14:30:16","guid":{"rendered":"https:\/\/quehacerpolitico.mx\/?p=85394"},"modified":"2021-10-05T14:30:23","modified_gmt":"2021-10-05T14:30:23","slug":"amlo-afirma-que-el-pri-tiene-una-oportunidad-para-definirse-con-la-reforma-electrica","status":"publish","type":"post","link":"https:\/\/quehacerpolitico.mx\/?p=85394","title":{"rendered":"AMLO afirma que el PRI &#8220;tiene una oportunidad para definirse&#8221; con la reforma el\u00e9ctrica"},"content":{"rendered":"\n<p>Por Redacci\u00f3n QP<\/p>\n\n\n\n<p>&#8220;Ahora que presentamos la iniciativa para fortalecer a la CFE, el PRI tiene una oportunidad para definirse&#8221;, dijo L\u00f3pez Obrador sobre la propuesta que envi\u00f3 al Congreso el pasado jueves<\/p>\n\n\n\n<p>El Presidente de M\u00e9xico, Andr\u00e9s Manuel L\u00f3pez Obrador (AMLO) se\u00f1al\u00f3 este martes al Partido Revolucionario Institucional (PRI) como posible socio para aprobar la reforma constitucional en materia el\u00e9ctrica para favorecer al sector p\u00fablico y le pidi\u00f3 definirse cuanto antes.<\/p>\n\n\n\n<blockquote class=\"wp-block-quote is-layout-flow wp-block-quote-is-layout-flow\"><p>&#8220;Es una oportunidad hist\u00f3rica para el PRI de definirse&#8221;<\/p><\/blockquote>\n\n\n\n<p>&#8220;Ahora que presentamos la iniciativa para fortalecer a la Comisi\u00f3n Federal de Electricidad (CFE), el PRI tiene una oportunidad para definirse&#8221;, expres\u00f3 AMLO en la &#8220;ma\u00f1anera&#8221; de hoy martes en Veracruz.<\/p>\n\n\n\n<p><strong>AMLO cuestion\u00f3 al PRI si &#8220;va a seguir&#8221; el camino del expresidente priista, Carlos Salinas (1988-1994), al que considera art\u00edfice de las privatizaciones<\/strong>, o el de los tambi\u00e9n priistas L\u00e1zaro C\u00e1rdenas (1934-1940) y Adolfo L\u00f3pez Mateos (1958-1964), quienes nacionalizaron el petr\u00f3leo y la electricidad.<\/p>\n\n\n\n<p>L\u00f3pez Obrador envi\u00f3 el pasado jueves al Congreso su iniciativa de reforma constitucional al sector energ\u00e9tico, que pretende establecer que la empresa estatal Comisi\u00f3n Federal de Electricidad (CFE) tenga el 54 % del mercado de generaci\u00f3n en el pa\u00eds.<\/p>\n\n\n\n<p>Pero la coalici\u00f3n oficialista, liderada por Morena, no ostenta la mayor\u00eda calificada de dos terceras partes del Congreso para aprobar reformas constitucionales, por lo que necesitar\u00e1 pactar con la oposici\u00f3n.<\/p>\n\n\n\n<p>&#8220;Es una oportunidad hist\u00f3rica para el PRI de definirse&#8221;, reiter\u00f3 L\u00f3pez Obrador.<\/p>\n\n\n\n<figure class=\"wp-block-embed is-type-rich is-provider-twitter wp-block-embed-twitter\"><div class=\"wp-block-embed__wrapper\">\n<blockquote class=\"twitter-tweet\" data-width=\"550\" data-dnt=\"true\"><p lang=\"es\" dir=\"ltr\">\u00bfUstedes votaron por Morena para sacar al PRI?<br><br>Pues dice el presidente <a href=\"https:\/\/twitter.com\/lopezobrador_?ref_src=twsrc%5Etfw\">@lopezobrador_<\/a> que la <a href=\"https:\/\/twitter.com\/hashtag\/ReformaEnerg%C3%A9tica?src=hash&amp;ref_src=twsrc%5Etfw\">#ReformaEnerg\u00e9tica<\/a> es una oportunidad hist\u00f3rica para que el PRI deje atr\u00e1s el salinismo y se defina. <br><br>Casi un llamado a la redenci\u00f3n. <a href=\"https:\/\/t.co\/JWAd3vIwaw\">pic.twitter.com\/JWAd3vIwaw<\/a><\/p>&mdash; Ruido en la Red (@RuidoEnLaRed) <a href=\"https:\/\/twitter.com\/RuidoEnLaRed\/status\/1445370981875429377?ref_src=twsrc%5Etfw\">October 5, 2021<\/a><\/blockquote><script async src=\"https:\/\/platform.twitter.com\/widgets.js\" charset=\"utf-8\"><\/script>\n<\/div><\/figure>\n\n\n\n<p>Puso como ejemplo &#8220;las tarifas elevad\u00edsimas&#8221; que hay en Espa\u00f1a porque, dijo, las empresas privadas &#8220;dominan el mercado de la industria el\u00e9ctrica&#8221;.<\/p>\n\n\n\n<p>El PRI se present\u00f3 en las pasadas elecciones intermedias de junio en una coalici\u00f3n opositora junto al Partido Acci\u00f3n Nacional (PAN) y el Partido de la Revoluci\u00f3n Democr\u00e1tica (PRD), quienes presionan para que los priistas no apoyen la reforma.<\/p>\n\n\n\n<p>AMLO dijo que la reforma pretende que\u00a0<strong>&#8220;se mantenga el servicio de energ\u00eda el\u00e9ctrica en manos de la naci\u00f3n, que no haya aumentos en el precio de la energ\u00eda el\u00e9ctrica y que no haya subsidios para las grandes empresas&#8221;<\/strong>.<\/p>\n\n\n\n<p>Arremeti\u00f3 de nuevo contra la reforma energ\u00e9tica de su antecesor, Enrique Pe\u00f1a Nieto (2012-2018), que abri\u00f3 el sector a la iniciativa privada, porque &#8220;aumentaron como nunca los precios de la luz&#8221; y permiti\u00f3 que las grandes corporaciones &#8220;paguen menos&#8221; que una familia de clase popular.<\/p>\n\n\n\n<p>Puso como ejemplo &#8220;las tarifas elevad\u00edsimas&#8221; que hay en Espa\u00f1a porque, dijo, las empresas privadas &#8220;dominan el mercado de la industria el\u00e9ctrica&#8221;.<\/p>\n\n\n\n<p>La Confederaci\u00f3n de C\u00e1maras Industriales (Concamin) de M\u00e9xico advirti\u00f3 que, de aprobarse la reforma constitucional en materia energ\u00e9tica, podr\u00edan perderse inversiones y proyectos, sin que se alcanzara a cubrir la demanda nacional de electricidad.<\/p>\n\n\n\n<p>El PRI se present\u00f3 en las pasadas elecciones intermedias de junio en una coalici\u00f3n opositora junto al Partido Acci\u00f3n Nacional (PAN) y el Partido de la Revoluci\u00f3n Democr\u00e1tica (PRD), quienes presionan para que los priistas no apoyen la reforma.<\/p>\n\n\n\n<p>La Confederaci\u00f3n de C\u00e1maras Industriales (Concamin) de M\u00e9xico advirti\u00f3 que, de aprobarse la reforma constitucional en materia energ\u00e9tica, podr\u00edan perderse inversiones y proyectos, sin que se alcanzara a cubrir la demanda nacional de electricidad.<\/p>\n\n\n\n<p>Con Informaci\u00f3n de EFE<\/p>\n","protected":false},"excerpt":{"rendered":"<p>Por Redacci\u00f3n QP &#8220;Ahora que presentamos la iniciativa para fortalecer a la CFE, el PRI&#8230;<\/p>\n","protected":false},"author":2,"featured_media":85395,"comment_status":"open","ping_status":"open","sticky":false,"template":"","format":"standard","meta":{"_monsterinsights_skip_tracking":false,"_monsterinsights_sitenote_active":false,"_monsterinsights_sitenote_note":"","_monsterinsights_sitenote_category":0,"footnotes":""},"categories":[2],"tags":[],"class_list":["post-85394","post","type-post","status-publish","format-standard","has-post-thumbnail","hentry","category-noticias"],"yoast_head":"<!-- This site is optimized with the Yoast SEO plugin v27.3 - https:\/\/yoast.com\/product\/yoast-seo-wordpress\/ -->\n<title>AMLO afirma que el PRI &quot;tiene una oportunidad para definirse&quot; con la reforma el\u00e9ctrica -<\/title>\n<meta name=\"robots\" content=\"index, follow, max-snippet:-1, max-image-preview:large, max-video-preview:-1\" \/>\n<link rel=\"canonical\" href=\"https:\/\/quehacerpolitico.mx\/?p=85394\" \/>\n<meta property=\"og:locale\" content=\"es_MX\" \/>\n<meta property=\"og:type\" content=\"article\" \/>\n<meta property=\"og:title\" content=\"AMLO afirma que el PRI &quot;tiene una oportunidad para definirse&quot; con la reforma el\u00e9ctrica -\" \/>\n<meta property=\"og:description\" content=\"Por Redacci\u00f3n QP &#8220;Ahora que presentamos la iniciativa para fortalecer a la CFE, el PRI...\" \/>\n<meta property=\"og:url\" content=\"https:\/\/quehacerpolitico.mx\/?p=85394\" \/>\n<meta property=\"article:published_time\" content=\"2021-10-05T14:30:16+00:00\" \/>\n<meta property=\"article:modified_time\" content=\"2021-10-05T14:30:23+00:00\" \/>\n<meta property=\"og:image\" content=\"https:\/\/quehacerpolitico.mx\/wp-content\/uploads\/2021\/10\/84B554B5-7B1B-4CF6-8129-FFE5AFE3417C.jpeg\" \/>\n\t<meta property=\"og:image:width\" content=\"1284\" \/>\n\t<meta property=\"og:image:height\" content=\"709\" \/>\n\t<meta property=\"og:image:type\" content=\"image\/jpeg\" \/>\n<meta name=\"author\" content=\"Redacci\u00f3n QP\" \/>\n<meta name=\"twitter:card\" content=\"summary_large_image\" \/>\n<meta name=\"twitter:label1\" content=\"Escrito por\" \/>\n\t<meta name=\"twitter:data1\" content=\"Redacci\u00f3n QP\" \/>\n\t<meta name=\"twitter:label2\" content=\"Tiempo de lectura\" \/>\n\t<meta name=\"twitter:data2\" content=\"3 minutos\" \/>\n<script type=\"application\/ld+json\" class=\"yoast-schema-graph\">{\"@context\":\"https:\\\/\\\/schema.org\",\"@graph\":[{\"@type\":\"Article\",\"@id\":\"https:\\\/\\\/quehacerpolitico.mx\\\/?p=85394#article\",\"isPartOf\":{\"@id\":\"https:\\\/\\\/quehacerpolitico.mx\\\/?p=85394\"},\"author\":{\"name\":\"Redacci\u00f3n QP\",\"@id\":\"https:\\\/\\\/quehacerpolitico.mx\\\/#\\\/schema\\\/person\\\/496d8ad2d1d3f8036101dca7ee39e585\"},\"headline\":\"AMLO afirma que el PRI &#8220;tiene una oportunidad para definirse&#8221; con la reforma el\u00e9ctrica\",\"datePublished\":\"2021-10-05T14:30:16+00:00\",\"dateModified\":\"2021-10-05T14:30:23+00:00\",\"mainEntityOfPage\":{\"@id\":\"https:\\\/\\\/quehacerpolitico.mx\\\/?p=85394\"},\"wordCount\":593,\"commentCount\":0,\"image\":{\"@id\":\"https:\\\/\\\/quehacerpolitico.mx\\\/?p=85394#primaryimage\"},\"thumbnailUrl\":\"https:\\\/\\\/quehacerpolitico.mx\\\/wp-content\\\/uploads\\\/2021\\\/10\\\/84B554B5-7B1B-4CF6-8129-FFE5AFE3417C.jpeg\",\"articleSection\":[\"Noticias\"],\"inLanguage\":\"es\",\"potentialAction\":[{\"@type\":\"CommentAction\",\"name\":\"Comment\",\"target\":[\"https:\\\/\\\/quehacerpolitico.mx\\\/?p=85394#respond\"]}]},{\"@type\":\"WebPage\",\"@id\":\"https:\\\/\\\/quehacerpolitico.mx\\\/?p=85394\",\"url\":\"https:\\\/\\\/quehacerpolitico.mx\\\/?p=85394\",\"name\":\"AMLO afirma que el PRI \\\"tiene una oportunidad para definirse\\\" con la reforma el\u00e9ctrica -\",\"isPartOf\":{\"@id\":\"https:\\\/\\\/quehacerpolitico.mx\\\/#website\"},\"primaryImageOfPage\":{\"@id\":\"https:\\\/\\\/quehacerpolitico.mx\\\/?p=85394#primaryimage\"},\"image\":{\"@id\":\"https:\\\/\\\/quehacerpolitico.mx\\\/?p=85394#primaryimage\"},\"thumbnailUrl\":\"https:\\\/\\\/quehacerpolitico.mx\\\/wp-content\\\/uploads\\\/2021\\\/10\\\/84B554B5-7B1B-4CF6-8129-FFE5AFE3417C.jpeg\",\"datePublished\":\"2021-10-05T14:30:16+00:00\",\"dateModified\":\"2021-10-05T14:30:23+00:00\",\"author\":{\"@id\":\"https:\\\/\\\/quehacerpolitico.mx\\\/#\\\/schema\\\/person\\\/496d8ad2d1d3f8036101dca7ee39e585\"},\"breadcrumb\":{\"@id\":\"https:\\\/\\\/quehacerpolitico.mx\\\/?p=85394#breadcrumb\"},\"inLanguage\":\"es\",\"potentialAction\":[{\"@type\":\"ReadAction\",\"target\":[\"https:\\\/\\\/quehacerpolitico.mx\\\/?p=85394\"]}]},{\"@type\":\"ImageObject\",\"inLanguage\":\"es\",\"@id\":\"https:\\\/\\\/quehacerpolitico.mx\\\/?p=85394#primaryimage\",\"url\":\"https:\\\/\\\/quehacerpolitico.mx\\\/wp-content\\\/uploads\\\/2021\\\/10\\\/84B554B5-7B1B-4CF6-8129-FFE5AFE3417C.jpeg\",\"contentUrl\":\"https:\\\/\\\/quehacerpolitico.mx\\\/wp-content\\\/uploads\\\/2021\\\/10\\\/84B554B5-7B1B-4CF6-8129-FFE5AFE3417C.jpeg\",\"width\":1284,\"height\":709},{\"@type\":\"BreadcrumbList\",\"@id\":\"https:\\\/\\\/quehacerpolitico.mx\\\/?p=85394#breadcrumb\",\"itemListElement\":[{\"@type\":\"ListItem\",\"position\":1,\"name\":\"Inicio\",\"item\":\"https:\\\/\\\/quehacerpolitico.mx\\\/\"},{\"@type\":\"ListItem\",\"position\":2,\"name\":\"AMLO afirma que el PRI &#8220;tiene una oportunidad para definirse&#8221; con la reforma el\u00e9ctrica\"}]},{\"@type\":\"WebSite\",\"@id\":\"https:\\\/\\\/quehacerpolitico.mx\\\/#website\",\"url\":\"https:\\\/\\\/quehacerpolitico.mx\\\/\",\"name\":\"\",\"description\":\"\",\"potentialAction\":[{\"@type\":\"SearchAction\",\"target\":{\"@type\":\"EntryPoint\",\"urlTemplate\":\"https:\\\/\\\/quehacerpolitico.mx\\\/?s={search_term_string}\"},\"query-input\":{\"@type\":\"PropertyValueSpecification\",\"valueRequired\":true,\"valueName\":\"search_term_string\"}}],\"inLanguage\":\"es\"},{\"@type\":\"Person\",\"@id\":\"https:\\\/\\\/quehacerpolitico.mx\\\/#\\\/schema\\\/person\\\/496d8ad2d1d3f8036101dca7ee39e585\",\"name\":\"Redacci\u00f3n QP\",\"image\":{\"@type\":\"ImageObject\",\"inLanguage\":\"es\",\"@id\":\"https:\\\/\\\/secure.gravatar.com\\\/avatar\\\/c7164ed6fdec453195284ad24a5ae5b6e1eed2b848477fa2a4787ba9adf39a41?s=96&d=mm&r=g\",\"url\":\"https:\\\/\\\/secure.gravatar.com\\\/avatar\\\/c7164ed6fdec453195284ad24a5ae5b6e1eed2b848477fa2a4787ba9adf39a41?s=96&d=mm&r=g\",\"contentUrl\":\"https:\\\/\\\/secure.gravatar.com\\\/avatar\\\/c7164ed6fdec453195284ad24a5ae5b6e1eed2b848477fa2a4787ba9adf39a41?s=96&d=mm&r=g\",\"caption\":\"Redacci\u00f3n QP\"},\"url\":\"https:\\\/\\\/quehacerpolitico.mx\\\/?author=2\"}]}<\/script>\n<!-- \/ Yoast SEO plugin. -->","yoast_head_json":{"title":"AMLO afirma que el PRI \"tiene una oportunidad para definirse\" con la reforma el\u00e9ctrica -","robots":{"index":"index","follow":"follow","max-snippet":"max-snippet:-1","max-image-preview":"max-image-preview:large","max-video-preview":"max-video-preview:-1"},"canonical":"https:\/\/quehacerpolitico.mx\/?p=85394","og_locale":"es_MX","og_type":"article","og_title":"AMLO afirma que el PRI \"tiene una oportunidad para definirse\" con la reforma el\u00e9ctrica -","og_description":"Por Redacci\u00f3n QP &#8220;Ahora que presentamos la iniciativa para fortalecer a la CFE, el PRI...","og_url":"https:\/\/quehacerpolitico.mx\/?p=85394","article_published_time":"2021-10-05T14:30:16+00:00","article_modified_time":"2021-10-05T14:30:23+00:00","og_image":[{"width":1284,"height":709,"url":"https:\/\/quehacerpolitico.mx\/wp-content\/uploads\/2021\/10\/84B554B5-7B1B-4CF6-8129-FFE5AFE3417C.jpeg","type":"image\/jpeg"}],"author":"Redacci\u00f3n QP","twitter_card":"summary_large_image","twitter_misc":{"Escrito por":"Redacci\u00f3n QP","Tiempo de lectura":"3 minutos"},"schema":{"@context":"https:\/\/schema.org","@graph":[{"@type":"Article","@id":"https:\/\/quehacerpolitico.mx\/?p=85394#article","isPartOf":{"@id":"https:\/\/quehacerpolitico.mx\/?p=85394"},"author":{"name":"Redacci\u00f3n QP","@id":"https:\/\/quehacerpolitico.mx\/#\/schema\/person\/496d8ad2d1d3f8036101dca7ee39e585"},"headline":"AMLO afirma que el PRI &#8220;tiene una oportunidad para definirse&#8221; con la reforma el\u00e9ctrica","datePublished":"2021-10-05T14:30:16+00:00","dateModified":"2021-10-05T14:30:23+00:00","mainEntityOfPage":{"@id":"https:\/\/quehacerpolitico.mx\/?p=85394"},"wordCount":593,"commentCount":0,"image":{"@id":"https:\/\/quehacerpolitico.mx\/?p=85394#primaryimage"},"thumbnailUrl":"https:\/\/quehacerpolitico.mx\/wp-content\/uploads\/2021\/10\/84B554B5-7B1B-4CF6-8129-FFE5AFE3417C.jpeg","articleSection":["Noticias"],"inLanguage":"es","potentialAction":[{"@type":"CommentAction","name":"Comment","target":["https:\/\/quehacerpolitico.mx\/?p=85394#respond"]}]},{"@type":"WebPage","@id":"https:\/\/quehacerpolitico.mx\/?p=85394","url":"https:\/\/quehacerpolitico.mx\/?p=85394","name":"AMLO afirma que el PRI \"tiene una oportunidad para definirse\" con la reforma el\u00e9ctrica -","isPartOf":{"@id":"https:\/\/quehacerpolitico.mx\/#website"},"primaryImageOfPage":{"@id":"https:\/\/quehacerpolitico.mx\/?p=85394#primaryimage"},"image":{"@id":"https:\/\/quehacerpolitico.mx\/?p=85394#primaryimage"},"thumbnailUrl":"https:\/\/quehacerpolitico.mx\/wp-content\/uploads\/2021\/10\/84B554B5-7B1B-4CF6-8129-FFE5AFE3417C.jpeg","datePublished":"2021-10-05T14:30:16+00:00","dateModified":"2021-10-05T14:30:23+00:00","author":{"@id":"https:\/\/quehacerpolitico.mx\/#\/schema\/person\/496d8ad2d1d3f8036101dca7ee39e585"},"breadcrumb":{"@id":"https:\/\/quehacerpolitico.mx\/?p=85394#breadcrumb"},"inLanguage":"es","potentialAction":[{"@type":"ReadAction","target":["https:\/\/quehacerpolitico.mx\/?p=85394"]}]},{"@type":"ImageObject","inLanguage":"es","@id":"https:\/\/quehacerpolitico.mx\/?p=85394#primaryimage","url":"https:\/\/quehacerpolitico.mx\/wp-content\/uploads\/2021\/10\/84B554B5-7B1B-4CF6-8129-FFE5AFE3417C.jpeg","contentUrl":"https:\/\/quehacerpolitico.mx\/wp-content\/uploads\/2021\/10\/84B554B5-7B1B-4CF6-8129-FFE5AFE3417C.jpeg","width":1284,"height":709},{"@type":"BreadcrumbList","@id":"https:\/\/quehacerpolitico.mx\/?p=85394#breadcrumb","itemListElement":[{"@type":"ListItem","position":1,"name":"Inicio","item":"https:\/\/quehacerpolitico.mx\/"},{"@type":"ListItem","position":2,"name":"AMLO afirma que el PRI &#8220;tiene una oportunidad para definirse&#8221; con la reforma el\u00e9ctrica"}]},{"@type":"WebSite","@id":"https:\/\/quehacerpolitico.mx\/#website","url":"https:\/\/quehacerpolitico.mx\/","name":"","description":"","potentialAction":[{"@type":"SearchAction","target":{"@type":"EntryPoint","urlTemplate":"https:\/\/quehacerpolitico.mx\/?s={search_term_string}"},"query-input":{"@type":"PropertyValueSpecification","valueRequired":true,"valueName":"search_term_string"}}],"inLanguage":"es"},{"@type":"Person","@id":"https:\/\/quehacerpolitico.mx\/#\/schema\/person\/496d8ad2d1d3f8036101dca7ee39e585","name":"Redacci\u00f3n QP","image":{"@type":"ImageObject","inLanguage":"es","@id":"https:\/\/secure.gravatar.com\/avatar\/c7164ed6fdec453195284ad24a5ae5b6e1eed2b848477fa2a4787ba9adf39a41?s=96&d=mm&r=g","url":"https:\/\/secure.gravatar.com\/avatar\/c7164ed6fdec453195284ad24a5ae5b6e1eed2b848477fa2a4787ba9adf39a41?s=96&d=mm&r=g","contentUrl":"https:\/\/secure.gravatar.com\/avatar\/c7164ed6fdec453195284ad24a5ae5b6e1eed2b848477fa2a4787ba9adf39a41?s=96&d=mm&r=g","caption":"Redacci\u00f3n QP"},"url":"https:\/\/quehacerpolitico.mx\/?author=2"}]}},"featured_image_urls":{"full":["https:\/\/quehacerpolitico.mx\/wp-content\/uploads\/2021\/10\/84B554B5-7B1B-4CF6-8129-FFE5AFE3417C.jpeg",1284,709,false],"thumbnail":["https:\/\/quehacerpolitico.mx\/wp-content\/uploads\/2021\/10\/84B554B5-7B1B-4CF6-8129-FFE5AFE3417C-150x150.jpeg",150,150,true],"medium":["https:\/\/quehacerpolitico.mx\/wp-content\/uploads\/2021\/10\/84B554B5-7B1B-4CF6-8129-FFE5AFE3417C-300x166.jpeg",300,166,true],"medium_large":["https:\/\/quehacerpolitico.mx\/wp-content\/uploads\/2021\/10\/84B554B5-7B1B-4CF6-8129-FFE5AFE3417C-768x424.jpeg",640,353,true],"large":["https:\/\/quehacerpolitico.mx\/wp-content\/uploads\/2021\/10\/84B554B5-7B1B-4CF6-8129-FFE5AFE3417C-1024x565.jpeg",640,353,true],"1536x1536":["https:\/\/quehacerpolitico.mx\/wp-content\/uploads\/2021\/10\/84B554B5-7B1B-4CF6-8129-FFE5AFE3417C.jpeg",1284,709,false],"2048x2048":["https:\/\/quehacerpolitico.mx\/wp-content\/uploads\/2021\/10\/84B554B5-7B1B-4CF6-8129-FFE5AFE3417C.jpeg",1284,709,false],"covernews-featured":["https:\/\/quehacerpolitico.mx\/wp-content\/uploads\/2021\/10\/84B554B5-7B1B-4CF6-8129-FFE5AFE3417C.jpeg",1024,565,false],"covernews-medium":["https:\/\/quehacerpolitico.mx\/wp-content\/uploads\/2021\/10\/84B554B5-7B1B-4CF6-8129-FFE5AFE3417C.jpeg",540,298,false]},"author_info":{"display_name":"Redacci\u00f3n QP","author_link":"https:\/\/quehacerpolitico.mx\/?author=2"},"category_info":"<a href=\"https:\/\/quehacerpolitico.mx\/?cat=2\" rel=\"category\">Noticias<\/a>","tag_info":"Noticias","comment_count":"0","_links":{"self":[{"href":"https:\/\/quehacerpolitico.mx\/index.php?rest_route=\/wp\/v2\/posts\/85394","targetHints":{"allow":["GET"]}}],"collection":[{"href":"https:\/\/quehacerpolitico.mx\/index.php?rest_route=\/wp\/v2\/posts"}],"about":[{"href":"https:\/\/quehacerpolitico.mx\/index.php?rest_route=\/wp\/v2\/types\/post"}],"author":[{"embeddable":true,"href":"https:\/\/quehacerpolitico.mx\/index.php?rest_route=\/wp\/v2\/users\/2"}],"replies":[{"embeddable":true,"href":"https:\/\/quehacerpolitico.mx\/index.php?rest_route=%2Fwp%2Fv2%2Fcomments&post=85394"}],"version-history":[{"count":1,"href":"https:\/\/quehacerpolitico.mx\/index.php?rest_route=\/wp\/v2\/posts\/85394\/revisions"}],"predecessor-version":[{"id":85396,"href":"https:\/\/quehacerpolitico.mx\/index.php?rest_route=\/wp\/v2\/posts\/85394\/revisions\/85396"}],"wp:featuredmedia":[{"embeddable":true,"href":"https:\/\/quehacerpolitico.mx\/index.php?rest_route=\/wp\/v2\/media\/85395"}],"wp:attachment":[{"href":"https:\/\/quehacerpolitico.mx\/index.php?rest_route=%2Fwp%2Fv2%2Fmedia&parent=85394"}],"wp:term":[{"taxonomy":"category","embeddable":true,"href":"https:\/\/quehacerpolitico.mx\/index.php?rest_route=%2Fwp%2Fv2%2Fcategories&post=85394"},{"taxonomy":"post_tag","embeddable":true,"href":"https:\/\/quehacerpolitico.mx\/index.php?rest_route=%2Fwp%2Fv2%2Ftags&post=85394"}],"curies":[{"name":"wp","href":"https:\/\/api.w.org\/{rel}","templated":true}]}}