{"id":85384,"date":"2021-10-05T03:02:52","date_gmt":"2021-10-05T03:02:52","guid":{"rendered":"https:\/\/quehacerpolitico.mx\/?p=85384"},"modified":"2021-10-05T03:02:55","modified_gmt":"2021-10-05T03:02:55","slug":"hoy-en-mexico-303-muertes-y-dos-mil-contagios-por-covid-en-24-horas","status":"publish","type":"post","link":"https:\/\/quehacerpolitico.mx\/?p=85384","title":{"rendered":"Hoy en M\u00e9xico 303 muertes y dos mil contagios por COVID en 24 horas"},"content":{"rendered":"\n<p>Por Redacci\u00f3n QP<\/p>\n\n\n\n<p>En M\u00e9xico existen 46 mil 748 casos activos, mientras que se contabilizan 516 mil 53 sospechosos<\/p>\n\n\n\n<figure class=\"wp-block-embed is-type-rich is-provider-twitter wp-block-embed-twitter\"><div class=\"wp-block-embed__wrapper\">\n<blockquote class=\"twitter-tweet\" data-width=\"550\" data-dnt=\"true\"><p lang=\"es\" dir=\"ltr\">Comunicado T\u00e9cnico Diario: Nuevo Coronavirus en el Mundo <a href=\"https:\/\/twitter.com\/hashtag\/COVID19?src=hash&amp;ref_src=twsrc%5Etfw\">#COVID19<\/a> | 4 de octubre de 2021<br><br>\u27a1\ufe0f <a href=\"https:\/\/t.co\/aVX6shDgDd\">https:\/\/t.co\/aVX6shDgDd<\/a> <a href=\"https:\/\/t.co\/7GQZ3TSEUp\">pic.twitter.com\/7GQZ3TSEUp<\/a><\/p>&mdash; SALUD M\u00e9xico (@SSalud_mx) <a href=\"https:\/\/twitter.com\/SSalud_mx\/status\/1445213151084040197?ref_src=twsrc%5Etfw\">October 5, 2021<\/a><\/blockquote><script async src=\"https:\/\/platform.twitter.com\/widgets.js\" charset=\"utf-8\"><\/script>\n<\/div><\/figure>\n\n\n\n<p>Al corte del lunes 4 de octubre,\u00a0<strong>en el pa\u00eds se contabilizan 279 mil 104 muertes por COVID-19, lo que representa 303 defunciones m\u00e1s que ayer<\/strong>, inform\u00f3 la\u00a0Secretaria de Salud\u00a0(Ssa) en su reporte t\u00e9cnico diario de la situaci\u00f3n del COVID-19 en M\u00e9xico.<\/p>\n\n\n\n<figure class=\"wp-block-embed is-type-video is-provider-youtube wp-block-embed-youtube wp-embed-aspect-16-9 wp-has-aspect-ratio\"><div class=\"wp-block-embed__wrapper\">\n<iframe loading=\"lazy\" title=\"M\u00e9xico suma 303 muertes y 2 mil 282 contagios por Covid-19 en 24 horas\" width=\"640\" height=\"360\" src=\"https:\/\/www.youtube.com\/embed\/RbCMI8iiuJU?feature=oembed\" frameborder=\"0\" allow=\"accelerometer; autoplay; clipboard-write; encrypted-media; gyroscope; picture-in-picture; web-share\" referrerpolicy=\"strict-origin-when-cross-origin\" allowfullscreen><\/iframe>\n<\/div><\/figure>\n\n\n\n<p>Asimismo, la dependencia dio a conocer que desde el inicio de la pandemia,&nbsp;<strong>M\u00e9xico acumula tres millones 684 mil 242 casos positivos al virus, reportando dos mil 282 contagios m\u00e1s que en las \u00faltimas 24 horas.<\/strong><\/p>\n\n\n\n<p>A su vez, en el pa\u00eds existen 46 mil 748 casos activos, es decir, aquellos casos positivos que iniciaron s\u00edntomas en los \u00faltimos 14 d\u00edas; mientras que se contabilizan 516 mil 53 sospechosos.<\/p>\n\n\n\n<figure class=\"wp-block-image\"><img decoding=\"async\" src=\"https:\/\/www.informador.mx\/export\/sites\/elinformador\/img\/2021\/10\/04\/1_5.jpg_362971378.jpg\" alt=\"\" title=\"\"\/><\/figure>\n\n\n\n<h2 class=\"wp-block-heading\">Sem\u00e1foro epidemiol\u00f3gico<\/h2>\n\n\n\n<p>Tras la actualizaci\u00f3n quincenal que realiza la Secretar\u00eda de Salud del sem\u00e1foro de riesgo epid\u00e9mico por COVID-19 en la semana que va del 4 al 17 de octubre,\u00a0<strong>el pa\u00eds se pint\u00f3 de amarillo al colocar a 22 estados en ese color, otros nueve en verde, uno en naranja y ninguno en rojo.<\/strong><\/p>\n\n\n\n<figure class=\"wp-block-embed is-type-rich is-provider-twitter wp-block-embed-twitter\"><div class=\"wp-block-embed__wrapper\">\n<blockquote class=\"twitter-tweet\" data-width=\"550\" data-dnt=\"true\"><p lang=\"es\" dir=\"ltr\">Comunicado T\u00e9cnico Diario: Nuevo Coronavirus en el Mundo <a href=\"https:\/\/twitter.com\/hashtag\/COVID19?src=hash&amp;ref_src=twsrc%5Etfw\">#COVID19<\/a> | 4 de octubre de 2021<br><br>\u27a1\ufe0f <a href=\"https:\/\/t.co\/aVX6shDgDd\">https:\/\/t.co\/aVX6shDgDd<\/a> <a href=\"https:\/\/t.co\/ltCIF4SkwI\">pic.twitter.com\/ltCIF4SkwI<\/a><\/p>&mdash; SALUD M\u00e9xico (@SSalud_mx) <a href=\"https:\/\/twitter.com\/SSalud_mx\/status\/1445151263797174274?ref_src=twsrc%5Etfw\">October 4, 2021<\/a><\/blockquote><script async src=\"https:\/\/platform.twitter.com\/widgets.js\" charset=\"utf-8\"><\/script>\n<\/div><\/figure>\n\n\n\n<p>Los estados que est\u00e1n en amarillo son: Sonora, Coahuila, Nuevo Le\u00f3n, Tamaulipas, Veracruz, San Luis Potos\u00ed, Guanajuato, Aguascalientes, Jalisco, Nayarit, Colima, Michoac\u00e1n, Estado de M\u00e9xico, Quer\u00e9taro, Hidalgo, Morelos, Ciudad de M\u00e9xico, Tlaxcala, Puebla, Tabasco, Campeche y Yucat\u00e1n.<\/p>\n\n\n\n<p>En tanto, los estados que est\u00e1n en verde son Baja California Sur, Chihuahua, Sinaloa, Durango, Zacatecas, Guerrero, Oaxaca, Chiapas y Quintana Roo, mientras que el \u00fanico estado en naranja es Baja California.<\/p>\n\n\n\n<p>Con Informaci\u00f3n de SUN <\/p>\n","protected":false},"excerpt":{"rendered":"<p>Por Redacci\u00f3n QP En M\u00e9xico existen 46 mil 748 casos activos, mientras que se contabilizan&#8230;<\/p>\n","protected":false},"author":2,"featured_media":85385,"comment_status":"open","ping_status":"open","sticky":false,"template":"","format":"standard","meta":{"_monsterinsights_skip_tracking":false,"_monsterinsights_sitenote_active":false,"_monsterinsights_sitenote_note":"","_monsterinsights_sitenote_category":0,"footnotes":""},"categories":[2],"tags":[],"class_list":["post-85384","post","type-post","status-publish","format-standard","has-post-thumbnail","hentry","category-noticias"],"yoast_head":"<!-- This site is optimized with the Yoast SEO plugin v27.3 - https:\/\/yoast.com\/product\/yoast-seo-wordpress\/ -->\n<title>Hoy en M\u00e9xico 303 muertes y dos mil contagios por COVID en 24 horas -<\/title>\n<meta name=\"robots\" content=\"index, follow, max-snippet:-1, max-image-preview:large, max-video-preview:-1\" \/>\n<link rel=\"canonical\" href=\"https:\/\/quehacerpolitico.mx\/?p=85384\" \/>\n<meta property=\"og:locale\" content=\"es_MX\" \/>\n<meta property=\"og:type\" content=\"article\" \/>\n<meta property=\"og:title\" content=\"Hoy en M\u00e9xico 303 muertes y dos mil contagios por COVID en 24 horas -\" \/>\n<meta property=\"og:description\" content=\"Por Redacci\u00f3n QP En M\u00e9xico existen 46 mil 748 casos activos, mientras que se contabilizan...\" \/>\n<meta property=\"og:url\" content=\"https:\/\/quehacerpolitico.mx\/?p=85384\" \/>\n<meta property=\"article:published_time\" content=\"2021-10-05T03:02:52+00:00\" \/>\n<meta property=\"article:modified_time\" content=\"2021-10-05T03:02:55+00:00\" \/>\n<meta property=\"og:image\" content=\"https:\/\/quehacerpolitico.mx\/wp-content\/uploads\/2021\/10\/DC8BB68B-4F3F-4020-856C-39D4D8391DDC.jpeg\" \/>\n\t<meta property=\"og:image:width\" content=\"1114\" \/>\n\t<meta property=\"og:image:height\" content=\"677\" \/>\n\t<meta property=\"og:image:type\" content=\"image\/jpeg\" \/>\n<meta name=\"author\" content=\"Redacci\u00f3n QP\" \/>\n<meta name=\"twitter:card\" content=\"summary_large_image\" \/>\n<meta name=\"twitter:label1\" content=\"Escrito por\" \/>\n\t<meta name=\"twitter:data1\" content=\"Redacci\u00f3n QP\" \/>\n\t<meta name=\"twitter:label2\" content=\"Tiempo de lectura\" \/>\n\t<meta name=\"twitter:data2\" content=\"1 minuto\" \/>\n<script type=\"application\/ld+json\" class=\"yoast-schema-graph\">{\"@context\":\"https:\\\/\\\/schema.org\",\"@graph\":[{\"@type\":\"Article\",\"@id\":\"https:\\\/\\\/quehacerpolitico.mx\\\/?p=85384#article\",\"isPartOf\":{\"@id\":\"https:\\\/\\\/quehacerpolitico.mx\\\/?p=85384\"},\"author\":{\"name\":\"Redacci\u00f3n QP\",\"@id\":\"https:\\\/\\\/quehacerpolitico.mx\\\/#\\\/schema\\\/person\\\/496d8ad2d1d3f8036101dca7ee39e585\"},\"headline\":\"Hoy en M\u00e9xico 303 muertes y dos mil contagios por COVID en 24 horas\",\"datePublished\":\"2021-10-05T03:02:52+00:00\",\"dateModified\":\"2021-10-05T03:02:55+00:00\",\"mainEntityOfPage\":{\"@id\":\"https:\\\/\\\/quehacerpolitico.mx\\\/?p=85384\"},\"wordCount\":301,\"commentCount\":0,\"image\":{\"@id\":\"https:\\\/\\\/quehacerpolitico.mx\\\/?p=85384#primaryimage\"},\"thumbnailUrl\":\"https:\\\/\\\/quehacerpolitico.mx\\\/wp-content\\\/uploads\\\/2021\\\/10\\\/DC8BB68B-4F3F-4020-856C-39D4D8391DDC.jpeg\",\"articleSection\":[\"Noticias\"],\"inLanguage\":\"es\",\"potentialAction\":[{\"@type\":\"CommentAction\",\"name\":\"Comment\",\"target\":[\"https:\\\/\\\/quehacerpolitico.mx\\\/?p=85384#respond\"]}]},{\"@type\":\"WebPage\",\"@id\":\"https:\\\/\\\/quehacerpolitico.mx\\\/?p=85384\",\"url\":\"https:\\\/\\\/quehacerpolitico.mx\\\/?p=85384\",\"name\":\"Hoy en M\u00e9xico 303 muertes y dos mil contagios por COVID en 24 horas -\",\"isPartOf\":{\"@id\":\"https:\\\/\\\/quehacerpolitico.mx\\\/#website\"},\"primaryImageOfPage\":{\"@id\":\"https:\\\/\\\/quehacerpolitico.mx\\\/?p=85384#primaryimage\"},\"image\":{\"@id\":\"https:\\\/\\\/quehacerpolitico.mx\\\/?p=85384#primaryimage\"},\"thumbnailUrl\":\"https:\\\/\\\/quehacerpolitico.mx\\\/wp-content\\\/uploads\\\/2021\\\/10\\\/DC8BB68B-4F3F-4020-856C-39D4D8391DDC.jpeg\",\"datePublished\":\"2021-10-05T03:02:52+00:00\",\"dateModified\":\"2021-10-05T03:02:55+00:00\",\"author\":{\"@id\":\"https:\\\/\\\/quehacerpolitico.mx\\\/#\\\/schema\\\/person\\\/496d8ad2d1d3f8036101dca7ee39e585\"},\"breadcrumb\":{\"@id\":\"https:\\\/\\\/quehacerpolitico.mx\\\/?p=85384#breadcrumb\"},\"inLanguage\":\"es\",\"potentialAction\":[{\"@type\":\"ReadAction\",\"target\":[\"https:\\\/\\\/quehacerpolitico.mx\\\/?p=85384\"]}]},{\"@type\":\"ImageObject\",\"inLanguage\":\"es\",\"@id\":\"https:\\\/\\\/quehacerpolitico.mx\\\/?p=85384#primaryimage\",\"url\":\"https:\\\/\\\/quehacerpolitico.mx\\\/wp-content\\\/uploads\\\/2021\\\/10\\\/DC8BB68B-4F3F-4020-856C-39D4D8391DDC.jpeg\",\"contentUrl\":\"https:\\\/\\\/quehacerpolitico.mx\\\/wp-content\\\/uploads\\\/2021\\\/10\\\/DC8BB68B-4F3F-4020-856C-39D4D8391DDC.jpeg\",\"width\":1114,\"height\":677},{\"@type\":\"BreadcrumbList\",\"@id\":\"https:\\\/\\\/quehacerpolitico.mx\\\/?p=85384#breadcrumb\",\"itemListElement\":[{\"@type\":\"ListItem\",\"position\":1,\"name\":\"Inicio\",\"item\":\"https:\\\/\\\/quehacerpolitico.mx\\\/\"},{\"@type\":\"ListItem\",\"position\":2,\"name\":\"Hoy en M\u00e9xico 303 muertes y dos mil contagios por COVID en 24 horas\"}]},{\"@type\":\"WebSite\",\"@id\":\"https:\\\/\\\/quehacerpolitico.mx\\\/#website\",\"url\":\"https:\\\/\\\/quehacerpolitico.mx\\\/\",\"name\":\"\",\"description\":\"\",\"potentialAction\":[{\"@type\":\"SearchAction\",\"target\":{\"@type\":\"EntryPoint\",\"urlTemplate\":\"https:\\\/\\\/quehacerpolitico.mx\\\/?s={search_term_string}\"},\"query-input\":{\"@type\":\"PropertyValueSpecification\",\"valueRequired\":true,\"valueName\":\"search_term_string\"}}],\"inLanguage\":\"es\"},{\"@type\":\"Person\",\"@id\":\"https:\\\/\\\/quehacerpolitico.mx\\\/#\\\/schema\\\/person\\\/496d8ad2d1d3f8036101dca7ee39e585\",\"name\":\"Redacci\u00f3n QP\",\"image\":{\"@type\":\"ImageObject\",\"inLanguage\":\"es\",\"@id\":\"https:\\\/\\\/secure.gravatar.com\\\/avatar\\\/c7164ed6fdec453195284ad24a5ae5b6e1eed2b848477fa2a4787ba9adf39a41?s=96&d=mm&r=g\",\"url\":\"https:\\\/\\\/secure.gravatar.com\\\/avatar\\\/c7164ed6fdec453195284ad24a5ae5b6e1eed2b848477fa2a4787ba9adf39a41?s=96&d=mm&r=g\",\"contentUrl\":\"https:\\\/\\\/secure.gravatar.com\\\/avatar\\\/c7164ed6fdec453195284ad24a5ae5b6e1eed2b848477fa2a4787ba9adf39a41?s=96&d=mm&r=g\",\"caption\":\"Redacci\u00f3n QP\"},\"url\":\"https:\\\/\\\/quehacerpolitico.mx\\\/?author=2\"}]}<\/script>\n<!-- \/ Yoast SEO plugin. -->","yoast_head_json":{"title":"Hoy en M\u00e9xico 303 muertes y dos mil contagios por COVID en 24 horas -","robots":{"index":"index","follow":"follow","max-snippet":"max-snippet:-1","max-image-preview":"max-image-preview:large","max-video-preview":"max-video-preview:-1"},"canonical":"https:\/\/quehacerpolitico.mx\/?p=85384","og_locale":"es_MX","og_type":"article","og_title":"Hoy en M\u00e9xico 303 muertes y dos mil contagios por COVID en 24 horas -","og_description":"Por Redacci\u00f3n QP En M\u00e9xico existen 46 mil 748 casos activos, mientras que se contabilizan...","og_url":"https:\/\/quehacerpolitico.mx\/?p=85384","article_published_time":"2021-10-05T03:02:52+00:00","article_modified_time":"2021-10-05T03:02:55+00:00","og_image":[{"width":1114,"height":677,"url":"https:\/\/quehacerpolitico.mx\/wp-content\/uploads\/2021\/10\/DC8BB68B-4F3F-4020-856C-39D4D8391DDC.jpeg","type":"image\/jpeg"}],"author":"Redacci\u00f3n QP","twitter_card":"summary_large_image","twitter_misc":{"Escrito por":"Redacci\u00f3n QP","Tiempo de lectura":"1 minuto"},"schema":{"@context":"https:\/\/schema.org","@graph":[{"@type":"Article","@id":"https:\/\/quehacerpolitico.mx\/?p=85384#article","isPartOf":{"@id":"https:\/\/quehacerpolitico.mx\/?p=85384"},"author":{"name":"Redacci\u00f3n QP","@id":"https:\/\/quehacerpolitico.mx\/#\/schema\/person\/496d8ad2d1d3f8036101dca7ee39e585"},"headline":"Hoy en M\u00e9xico 303 muertes y dos mil contagios por COVID en 24 horas","datePublished":"2021-10-05T03:02:52+00:00","dateModified":"2021-10-05T03:02:55+00:00","mainEntityOfPage":{"@id":"https:\/\/quehacerpolitico.mx\/?p=85384"},"wordCount":301,"commentCount":0,"image":{"@id":"https:\/\/quehacerpolitico.mx\/?p=85384#primaryimage"},"thumbnailUrl":"https:\/\/quehacerpolitico.mx\/wp-content\/uploads\/2021\/10\/DC8BB68B-4F3F-4020-856C-39D4D8391DDC.jpeg","articleSection":["Noticias"],"inLanguage":"es","potentialAction":[{"@type":"CommentAction","name":"Comment","target":["https:\/\/quehacerpolitico.mx\/?p=85384#respond"]}]},{"@type":"WebPage","@id":"https:\/\/quehacerpolitico.mx\/?p=85384","url":"https:\/\/quehacerpolitico.mx\/?p=85384","name":"Hoy en M\u00e9xico 303 muertes y dos mil contagios por COVID en 24 horas -","isPartOf":{"@id":"https:\/\/quehacerpolitico.mx\/#website"},"primaryImageOfPage":{"@id":"https:\/\/quehacerpolitico.mx\/?p=85384#primaryimage"},"image":{"@id":"https:\/\/quehacerpolitico.mx\/?p=85384#primaryimage"},"thumbnailUrl":"https:\/\/quehacerpolitico.mx\/wp-content\/uploads\/2021\/10\/DC8BB68B-4F3F-4020-856C-39D4D8391DDC.jpeg","datePublished":"2021-10-05T03:02:52+00:00","dateModified":"2021-10-05T03:02:55+00:00","author":{"@id":"https:\/\/quehacerpolitico.mx\/#\/schema\/person\/496d8ad2d1d3f8036101dca7ee39e585"},"breadcrumb":{"@id":"https:\/\/quehacerpolitico.mx\/?p=85384#breadcrumb"},"inLanguage":"es","potentialAction":[{"@type":"ReadAction","target":["https:\/\/quehacerpolitico.mx\/?p=85384"]}]},{"@type":"ImageObject","inLanguage":"es","@id":"https:\/\/quehacerpolitico.mx\/?p=85384#primaryimage","url":"https:\/\/quehacerpolitico.mx\/wp-content\/uploads\/2021\/10\/DC8BB68B-4F3F-4020-856C-39D4D8391DDC.jpeg","contentUrl":"https:\/\/quehacerpolitico.mx\/wp-content\/uploads\/2021\/10\/DC8BB68B-4F3F-4020-856C-39D4D8391DDC.jpeg","width":1114,"height":677},{"@type":"BreadcrumbList","@id":"https:\/\/quehacerpolitico.mx\/?p=85384#breadcrumb","itemListElement":[{"@type":"ListItem","position":1,"name":"Inicio","item":"https:\/\/quehacerpolitico.mx\/"},{"@type":"ListItem","position":2,"name":"Hoy en M\u00e9xico 303 muertes y dos mil contagios por COVID en 24 horas"}]},{"@type":"WebSite","@id":"https:\/\/quehacerpolitico.mx\/#website","url":"https:\/\/quehacerpolitico.mx\/","name":"","description":"","potentialAction":[{"@type":"SearchAction","target":{"@type":"EntryPoint","urlTemplate":"https:\/\/quehacerpolitico.mx\/?s={search_term_string}"},"query-input":{"@type":"PropertyValueSpecification","valueRequired":true,"valueName":"search_term_string"}}],"inLanguage":"es"},{"@type":"Person","@id":"https:\/\/quehacerpolitico.mx\/#\/schema\/person\/496d8ad2d1d3f8036101dca7ee39e585","name":"Redacci\u00f3n QP","image":{"@type":"ImageObject","inLanguage":"es","@id":"https:\/\/secure.gravatar.com\/avatar\/c7164ed6fdec453195284ad24a5ae5b6e1eed2b848477fa2a4787ba9adf39a41?s=96&d=mm&r=g","url":"https:\/\/secure.gravatar.com\/avatar\/c7164ed6fdec453195284ad24a5ae5b6e1eed2b848477fa2a4787ba9adf39a41?s=96&d=mm&r=g","contentUrl":"https:\/\/secure.gravatar.com\/avatar\/c7164ed6fdec453195284ad24a5ae5b6e1eed2b848477fa2a4787ba9adf39a41?s=96&d=mm&r=g","caption":"Redacci\u00f3n QP"},"url":"https:\/\/quehacerpolitico.mx\/?author=2"}]}},"featured_image_urls":{"full":["https:\/\/quehacerpolitico.mx\/wp-content\/uploads\/2021\/10\/DC8BB68B-4F3F-4020-856C-39D4D8391DDC.jpeg",1114,677,false],"thumbnail":["https:\/\/quehacerpolitico.mx\/wp-content\/uploads\/2021\/10\/DC8BB68B-4F3F-4020-856C-39D4D8391DDC-150x150.jpeg",150,150,true],"medium":["https:\/\/quehacerpolitico.mx\/wp-content\/uploads\/2021\/10\/DC8BB68B-4F3F-4020-856C-39D4D8391DDC-300x182.jpeg",300,182,true],"medium_large":["https:\/\/quehacerpolitico.mx\/wp-content\/uploads\/2021\/10\/DC8BB68B-4F3F-4020-856C-39D4D8391DDC-768x467.jpeg",640,389,true],"large":["https:\/\/quehacerpolitico.mx\/wp-content\/uploads\/2021\/10\/DC8BB68B-4F3F-4020-856C-39D4D8391DDC-1024x622.jpeg",640,389,true],"1536x1536":["https:\/\/quehacerpolitico.mx\/wp-content\/uploads\/2021\/10\/DC8BB68B-4F3F-4020-856C-39D4D8391DDC.jpeg",1114,677,false],"2048x2048":["https:\/\/quehacerpolitico.mx\/wp-content\/uploads\/2021\/10\/DC8BB68B-4F3F-4020-856C-39D4D8391DDC.jpeg",1114,677,false],"covernews-featured":["https:\/\/quehacerpolitico.mx\/wp-content\/uploads\/2021\/10\/DC8BB68B-4F3F-4020-856C-39D4D8391DDC.jpeg",1024,622,false],"covernews-medium":["https:\/\/quehacerpolitico.mx\/wp-content\/uploads\/2021\/10\/DC8BB68B-4F3F-4020-856C-39D4D8391DDC.jpeg",540,328,false]},"author_info":{"display_name":"Redacci\u00f3n QP","author_link":"https:\/\/quehacerpolitico.mx\/?author=2"},"category_info":"<a href=\"https:\/\/quehacerpolitico.mx\/?cat=2\" rel=\"category\">Noticias<\/a>","tag_info":"Noticias","comment_count":"0","_links":{"self":[{"href":"https:\/\/quehacerpolitico.mx\/index.php?rest_route=\/wp\/v2\/posts\/85384","targetHints":{"allow":["GET"]}}],"collection":[{"href":"https:\/\/quehacerpolitico.mx\/index.php?rest_route=\/wp\/v2\/posts"}],"about":[{"href":"https:\/\/quehacerpolitico.mx\/index.php?rest_route=\/wp\/v2\/types\/post"}],"author":[{"embeddable":true,"href":"https:\/\/quehacerpolitico.mx\/index.php?rest_route=\/wp\/v2\/users\/2"}],"replies":[{"embeddable":true,"href":"https:\/\/quehacerpolitico.mx\/index.php?rest_route=%2Fwp%2Fv2%2Fcomments&post=85384"}],"version-history":[{"count":1,"href":"https:\/\/quehacerpolitico.mx\/index.php?rest_route=\/wp\/v2\/posts\/85384\/revisions"}],"predecessor-version":[{"id":85386,"href":"https:\/\/quehacerpolitico.mx\/index.php?rest_route=\/wp\/v2\/posts\/85384\/revisions\/85386"}],"wp:featuredmedia":[{"embeddable":true,"href":"https:\/\/quehacerpolitico.mx\/index.php?rest_route=\/wp\/v2\/media\/85385"}],"wp:attachment":[{"href":"https:\/\/quehacerpolitico.mx\/index.php?rest_route=%2Fwp%2Fv2%2Fmedia&parent=85384"}],"wp:term":[{"taxonomy":"category","embeddable":true,"href":"https:\/\/quehacerpolitico.mx\/index.php?rest_route=%2Fwp%2Fv2%2Fcategories&post=85384"},{"taxonomy":"post_tag","embeddable":true,"href":"https:\/\/quehacerpolitico.mx\/index.php?rest_route=%2Fwp%2Fv2%2Ftags&post=85384"}],"curies":[{"name":"wp","href":"https:\/\/api.w.org\/{rel}","templated":true}]}}