{"id":85377,"date":"2021-10-04T19:38:36","date_gmt":"2021-10-04T19:38:36","guid":{"rendered":"https:\/\/quehacerpolitico.mx\/?p=85377"},"modified":"2021-10-04T19:38:38","modified_gmt":"2021-10-04T19:38:38","slug":"ricardo-anaya-juez-aplaza-de-nuevo-audiencia","status":"publish","type":"post","link":"https:\/\/quehacerpolitico.mx\/?p=85377","title":{"rendered":"Ricardo Anaya: Juez aplaza de nuevo audiencia"},"content":{"rendered":"\n<p>Por Redacci\u00f3n QP<\/p>\n\n\n\n<p>El excandidato presidencial Anaya participa por videoconferencia en la sesi\u00f3n de este lunes<\/p>\n\n\n\n<p><strong>Un juez mexicano aplaz\u00f3 este lunes por segunda vez la audiencia de Ricardo Anaya<\/strong>, excandidato presidencial del PAN acusado de recibir sobornos de Odebrecht.<\/p>\n\n\n\n<p>&#8220;Se reprogram\u00f3 para el 8 de noviembre, a las 9 de la ma\u00f1ana. El juez exhort\u00f3 a la defensa a estar al lado del imputado en la siguiente sesi\u00f3n&#8221;, inform\u00f3 a la prensa el Consejo de la Judicatura Federal (CJF).<\/p>\n\n\n\n<p>Anaya, quien sali\u00f3 de M\u00e9xico el pasado 5 de julio y se le presupone en Estados Unidos, particip\u00f3 por\u00a0<strong>videoconferencia\u00a0<\/strong>en la audiencia de este lunes, la cual tuvo un receso de varios minutos.<\/p>\n\n\n\n<p>La defensa pidi\u00f3 posponer la sesi\u00f3n para analizar nueva informaci\u00f3n incluida en la carpeta de investigaci\u00f3n<\/p>\n\n\n\n<p>La Fiscal\u00eda General de la Rep\u00fablica (FGR) acusa a Anaya de haber recibido 6.8 millones de pesos (unos 336 mil d\u00f3lares) en sobornos de la constructora brasile\u00f1a Odebrecht para que votara a favor en 2014 de la reforma energ\u00e9tica del presidente Enrique Pe\u00f1a Nieto (2012-2018), que abri\u00f3 el sector a la iniciativa privada.<\/p>\n\n\n\n<p>El Ministerio P\u00fablico se basa en la\u00a0<strong>denuncia del exdirector de Pemex<\/strong>\u00a0Emilio Lozoya, quien el a\u00f1o pasado denunci\u00f3 a Pe\u00f1a Nieto y a su secretario de Hacienda Luis Videgaray de haberle ordenado entregar sobornos de Odebrecht a legisladores de la oposici\u00f3n para que votaran a favor de la reforma.<\/p>\n\n\n\n<p>Ricardo Anaya, quien perdi\u00f3 frente a Andr\u00e9s Manuel L\u00f3pez Obrador (AMLO) en las elecciones presidenciales de 2018, acus\u00f3 en agosto al actual Presidente de persecuci\u00f3n pol\u00edtica y anunci\u00f3 su &#8220;exilio&#8221;, si bien ya llevaba varias semanas fuera del pa\u00eds.<\/p>\n\n\n\n<p>El pol\u00edtico, que quiere repetir como candidato de la derecha en 2024, sostiene que no era diputado en la fecha en la que el Ministerio P\u00fablico lo acusa de haber recibido el dinero.<\/p>\n\n\n\n<p>En un video difundido en redes sociales, Anaya dijo este lunes que tiene &#8220;una estrategia legal muy bien pensada&#8221; y critic\u00f3 que la FGR &#8220;en todo obedece a L\u00f3pez Obrador y se pasa la ley por el arco del triunfo&#8221;.<\/p>\n\n\n\n<p>Por la misma denuncia, un juez impuso en abril pasado prisi\u00f3n preventiva contra el exsenador Jorge Luis Lavalle, \u00fanica persona que hasta la fecha se encuentra en la c\u00e1rcel por el caso Odebrecht en M\u00e9xico.<\/p>\n\n\n\n<p>Con Informaci\u00f3n de EFE<\/p>\n","protected":false},"excerpt":{"rendered":"<p>Por Redacci\u00f3n QP El excandidato presidencial Anaya participa por videoconferencia en la sesi\u00f3n de este&#8230;<\/p>\n","protected":false},"author":2,"featured_media":85378,"comment_status":"open","ping_status":"open","sticky":false,"template":"","format":"standard","meta":{"_monsterinsights_skip_tracking":false,"_monsterinsights_sitenote_active":false,"_monsterinsights_sitenote_note":"","_monsterinsights_sitenote_category":0,"footnotes":""},"categories":[2],"tags":[],"class_list":["post-85377","post","type-post","status-publish","format-standard","has-post-thumbnail","hentry","category-noticias"],"yoast_head":"<!-- This site is optimized with the Yoast SEO plugin v27.3 - https:\/\/yoast.com\/product\/yoast-seo-wordpress\/ -->\n<title>Ricardo Anaya: Juez aplaza de nuevo audiencia -<\/title>\n<meta name=\"robots\" content=\"index, follow, max-snippet:-1, max-image-preview:large, max-video-preview:-1\" \/>\n<link rel=\"canonical\" href=\"https:\/\/quehacerpolitico.mx\/?p=85377\" \/>\n<meta property=\"og:locale\" content=\"es_MX\" \/>\n<meta property=\"og:type\" content=\"article\" \/>\n<meta property=\"og:title\" content=\"Ricardo Anaya: Juez aplaza de nuevo audiencia -\" \/>\n<meta property=\"og:description\" content=\"Por Redacci\u00f3n QP El excandidato presidencial Anaya participa por videoconferencia en la sesi\u00f3n de este...\" \/>\n<meta property=\"og:url\" content=\"https:\/\/quehacerpolitico.mx\/?p=85377\" \/>\n<meta property=\"article:published_time\" content=\"2021-10-04T19:38:36+00:00\" \/>\n<meta property=\"article:modified_time\" content=\"2021-10-04T19:38:38+00:00\" \/>\n<meta property=\"og:image\" content=\"https:\/\/quehacerpolitico.mx\/wp-content\/uploads\/2021\/10\/A09A6000-6ED6-403D-9148-29FDEE8BF08E.jpeg\" \/>\n\t<meta property=\"og:image:width\" content=\"670\" \/>\n\t<meta property=\"og:image:height\" content=\"458\" \/>\n\t<meta property=\"og:image:type\" content=\"image\/jpeg\" \/>\n<meta name=\"author\" content=\"Redacci\u00f3n QP\" \/>\n<meta name=\"twitter:card\" content=\"summary_large_image\" \/>\n<meta name=\"twitter:label1\" content=\"Escrito por\" \/>\n\t<meta name=\"twitter:data1\" content=\"Redacci\u00f3n QP\" \/>\n\t<meta name=\"twitter:label2\" content=\"Tiempo de lectura\" \/>\n\t<meta name=\"twitter:data2\" content=\"2 minutos\" \/>\n<script type=\"application\/ld+json\" class=\"yoast-schema-graph\">{\"@context\":\"https:\\\/\\\/schema.org\",\"@graph\":[{\"@type\":\"Article\",\"@id\":\"https:\\\/\\\/quehacerpolitico.mx\\\/?p=85377#article\",\"isPartOf\":{\"@id\":\"https:\\\/\\\/quehacerpolitico.mx\\\/?p=85377\"},\"author\":{\"name\":\"Redacci\u00f3n QP\",\"@id\":\"https:\\\/\\\/quehacerpolitico.mx\\\/#\\\/schema\\\/person\\\/496d8ad2d1d3f8036101dca7ee39e585\"},\"headline\":\"Ricardo Anaya: Juez aplaza de nuevo audiencia\",\"datePublished\":\"2021-10-04T19:38:36+00:00\",\"dateModified\":\"2021-10-04T19:38:38+00:00\",\"mainEntityOfPage\":{\"@id\":\"https:\\\/\\\/quehacerpolitico.mx\\\/?p=85377\"},\"wordCount\":413,\"commentCount\":0,\"image\":{\"@id\":\"https:\\\/\\\/quehacerpolitico.mx\\\/?p=85377#primaryimage\"},\"thumbnailUrl\":\"https:\\\/\\\/quehacerpolitico.mx\\\/wp-content\\\/uploads\\\/2021\\\/10\\\/A09A6000-6ED6-403D-9148-29FDEE8BF08E.jpeg\",\"articleSection\":[\"Noticias\"],\"inLanguage\":\"es\",\"potentialAction\":[{\"@type\":\"CommentAction\",\"name\":\"Comment\",\"target\":[\"https:\\\/\\\/quehacerpolitico.mx\\\/?p=85377#respond\"]}]},{\"@type\":\"WebPage\",\"@id\":\"https:\\\/\\\/quehacerpolitico.mx\\\/?p=85377\",\"url\":\"https:\\\/\\\/quehacerpolitico.mx\\\/?p=85377\",\"name\":\"Ricardo Anaya: Juez aplaza de nuevo audiencia -\",\"isPartOf\":{\"@id\":\"https:\\\/\\\/quehacerpolitico.mx\\\/#website\"},\"primaryImageOfPage\":{\"@id\":\"https:\\\/\\\/quehacerpolitico.mx\\\/?p=85377#primaryimage\"},\"image\":{\"@id\":\"https:\\\/\\\/quehacerpolitico.mx\\\/?p=85377#primaryimage\"},\"thumbnailUrl\":\"https:\\\/\\\/quehacerpolitico.mx\\\/wp-content\\\/uploads\\\/2021\\\/10\\\/A09A6000-6ED6-403D-9148-29FDEE8BF08E.jpeg\",\"datePublished\":\"2021-10-04T19:38:36+00:00\",\"dateModified\":\"2021-10-04T19:38:38+00:00\",\"author\":{\"@id\":\"https:\\\/\\\/quehacerpolitico.mx\\\/#\\\/schema\\\/person\\\/496d8ad2d1d3f8036101dca7ee39e585\"},\"breadcrumb\":{\"@id\":\"https:\\\/\\\/quehacerpolitico.mx\\\/?p=85377#breadcrumb\"},\"inLanguage\":\"es\",\"potentialAction\":[{\"@type\":\"ReadAction\",\"target\":[\"https:\\\/\\\/quehacerpolitico.mx\\\/?p=85377\"]}]},{\"@type\":\"ImageObject\",\"inLanguage\":\"es\",\"@id\":\"https:\\\/\\\/quehacerpolitico.mx\\\/?p=85377#primaryimage\",\"url\":\"https:\\\/\\\/quehacerpolitico.mx\\\/wp-content\\\/uploads\\\/2021\\\/10\\\/A09A6000-6ED6-403D-9148-29FDEE8BF08E.jpeg\",\"contentUrl\":\"https:\\\/\\\/quehacerpolitico.mx\\\/wp-content\\\/uploads\\\/2021\\\/10\\\/A09A6000-6ED6-403D-9148-29FDEE8BF08E.jpeg\",\"width\":670,\"height\":458},{\"@type\":\"BreadcrumbList\",\"@id\":\"https:\\\/\\\/quehacerpolitico.mx\\\/?p=85377#breadcrumb\",\"itemListElement\":[{\"@type\":\"ListItem\",\"position\":1,\"name\":\"Inicio\",\"item\":\"https:\\\/\\\/quehacerpolitico.mx\\\/\"},{\"@type\":\"ListItem\",\"position\":2,\"name\":\"Ricardo Anaya: Juez aplaza de nuevo audiencia\"}]},{\"@type\":\"WebSite\",\"@id\":\"https:\\\/\\\/quehacerpolitico.mx\\\/#website\",\"url\":\"https:\\\/\\\/quehacerpolitico.mx\\\/\",\"name\":\"\",\"description\":\"\",\"potentialAction\":[{\"@type\":\"SearchAction\",\"target\":{\"@type\":\"EntryPoint\",\"urlTemplate\":\"https:\\\/\\\/quehacerpolitico.mx\\\/?s={search_term_string}\"},\"query-input\":{\"@type\":\"PropertyValueSpecification\",\"valueRequired\":true,\"valueName\":\"search_term_string\"}}],\"inLanguage\":\"es\"},{\"@type\":\"Person\",\"@id\":\"https:\\\/\\\/quehacerpolitico.mx\\\/#\\\/schema\\\/person\\\/496d8ad2d1d3f8036101dca7ee39e585\",\"name\":\"Redacci\u00f3n QP\",\"image\":{\"@type\":\"ImageObject\",\"inLanguage\":\"es\",\"@id\":\"https:\\\/\\\/secure.gravatar.com\\\/avatar\\\/c7164ed6fdec453195284ad24a5ae5b6e1eed2b848477fa2a4787ba9adf39a41?s=96&d=mm&r=g\",\"url\":\"https:\\\/\\\/secure.gravatar.com\\\/avatar\\\/c7164ed6fdec453195284ad24a5ae5b6e1eed2b848477fa2a4787ba9adf39a41?s=96&d=mm&r=g\",\"contentUrl\":\"https:\\\/\\\/secure.gravatar.com\\\/avatar\\\/c7164ed6fdec453195284ad24a5ae5b6e1eed2b848477fa2a4787ba9adf39a41?s=96&d=mm&r=g\",\"caption\":\"Redacci\u00f3n QP\"},\"url\":\"https:\\\/\\\/quehacerpolitico.mx\\\/?author=2\"}]}<\/script>\n<!-- \/ Yoast SEO plugin. -->","yoast_head_json":{"title":"Ricardo Anaya: Juez aplaza de nuevo audiencia -","robots":{"index":"index","follow":"follow","max-snippet":"max-snippet:-1","max-image-preview":"max-image-preview:large","max-video-preview":"max-video-preview:-1"},"canonical":"https:\/\/quehacerpolitico.mx\/?p=85377","og_locale":"es_MX","og_type":"article","og_title":"Ricardo Anaya: Juez aplaza de nuevo audiencia -","og_description":"Por Redacci\u00f3n QP El excandidato presidencial Anaya participa por videoconferencia en la sesi\u00f3n de este...","og_url":"https:\/\/quehacerpolitico.mx\/?p=85377","article_published_time":"2021-10-04T19:38:36+00:00","article_modified_time":"2021-10-04T19:38:38+00:00","og_image":[{"width":670,"height":458,"url":"https:\/\/quehacerpolitico.mx\/wp-content\/uploads\/2021\/10\/A09A6000-6ED6-403D-9148-29FDEE8BF08E.jpeg","type":"image\/jpeg"}],"author":"Redacci\u00f3n QP","twitter_card":"summary_large_image","twitter_misc":{"Escrito por":"Redacci\u00f3n QP","Tiempo de lectura":"2 minutos"},"schema":{"@context":"https:\/\/schema.org","@graph":[{"@type":"Article","@id":"https:\/\/quehacerpolitico.mx\/?p=85377#article","isPartOf":{"@id":"https:\/\/quehacerpolitico.mx\/?p=85377"},"author":{"name":"Redacci\u00f3n QP","@id":"https:\/\/quehacerpolitico.mx\/#\/schema\/person\/496d8ad2d1d3f8036101dca7ee39e585"},"headline":"Ricardo Anaya: Juez aplaza de nuevo audiencia","datePublished":"2021-10-04T19:38:36+00:00","dateModified":"2021-10-04T19:38:38+00:00","mainEntityOfPage":{"@id":"https:\/\/quehacerpolitico.mx\/?p=85377"},"wordCount":413,"commentCount":0,"image":{"@id":"https:\/\/quehacerpolitico.mx\/?p=85377#primaryimage"},"thumbnailUrl":"https:\/\/quehacerpolitico.mx\/wp-content\/uploads\/2021\/10\/A09A6000-6ED6-403D-9148-29FDEE8BF08E.jpeg","articleSection":["Noticias"],"inLanguage":"es","potentialAction":[{"@type":"CommentAction","name":"Comment","target":["https:\/\/quehacerpolitico.mx\/?p=85377#respond"]}]},{"@type":"WebPage","@id":"https:\/\/quehacerpolitico.mx\/?p=85377","url":"https:\/\/quehacerpolitico.mx\/?p=85377","name":"Ricardo Anaya: Juez aplaza de nuevo audiencia -","isPartOf":{"@id":"https:\/\/quehacerpolitico.mx\/#website"},"primaryImageOfPage":{"@id":"https:\/\/quehacerpolitico.mx\/?p=85377#primaryimage"},"image":{"@id":"https:\/\/quehacerpolitico.mx\/?p=85377#primaryimage"},"thumbnailUrl":"https:\/\/quehacerpolitico.mx\/wp-content\/uploads\/2021\/10\/A09A6000-6ED6-403D-9148-29FDEE8BF08E.jpeg","datePublished":"2021-10-04T19:38:36+00:00","dateModified":"2021-10-04T19:38:38+00:00","author":{"@id":"https:\/\/quehacerpolitico.mx\/#\/schema\/person\/496d8ad2d1d3f8036101dca7ee39e585"},"breadcrumb":{"@id":"https:\/\/quehacerpolitico.mx\/?p=85377#breadcrumb"},"inLanguage":"es","potentialAction":[{"@type":"ReadAction","target":["https:\/\/quehacerpolitico.mx\/?p=85377"]}]},{"@type":"ImageObject","inLanguage":"es","@id":"https:\/\/quehacerpolitico.mx\/?p=85377#primaryimage","url":"https:\/\/quehacerpolitico.mx\/wp-content\/uploads\/2021\/10\/A09A6000-6ED6-403D-9148-29FDEE8BF08E.jpeg","contentUrl":"https:\/\/quehacerpolitico.mx\/wp-content\/uploads\/2021\/10\/A09A6000-6ED6-403D-9148-29FDEE8BF08E.jpeg","width":670,"height":458},{"@type":"BreadcrumbList","@id":"https:\/\/quehacerpolitico.mx\/?p=85377#breadcrumb","itemListElement":[{"@type":"ListItem","position":1,"name":"Inicio","item":"https:\/\/quehacerpolitico.mx\/"},{"@type":"ListItem","position":2,"name":"Ricardo Anaya: Juez aplaza de nuevo audiencia"}]},{"@type":"WebSite","@id":"https:\/\/quehacerpolitico.mx\/#website","url":"https:\/\/quehacerpolitico.mx\/","name":"","description":"","potentialAction":[{"@type":"SearchAction","target":{"@type":"EntryPoint","urlTemplate":"https:\/\/quehacerpolitico.mx\/?s={search_term_string}"},"query-input":{"@type":"PropertyValueSpecification","valueRequired":true,"valueName":"search_term_string"}}],"inLanguage":"es"},{"@type":"Person","@id":"https:\/\/quehacerpolitico.mx\/#\/schema\/person\/496d8ad2d1d3f8036101dca7ee39e585","name":"Redacci\u00f3n QP","image":{"@type":"ImageObject","inLanguage":"es","@id":"https:\/\/secure.gravatar.com\/avatar\/c7164ed6fdec453195284ad24a5ae5b6e1eed2b848477fa2a4787ba9adf39a41?s=96&d=mm&r=g","url":"https:\/\/secure.gravatar.com\/avatar\/c7164ed6fdec453195284ad24a5ae5b6e1eed2b848477fa2a4787ba9adf39a41?s=96&d=mm&r=g","contentUrl":"https:\/\/secure.gravatar.com\/avatar\/c7164ed6fdec453195284ad24a5ae5b6e1eed2b848477fa2a4787ba9adf39a41?s=96&d=mm&r=g","caption":"Redacci\u00f3n QP"},"url":"https:\/\/quehacerpolitico.mx\/?author=2"}]}},"featured_image_urls":{"full":["https:\/\/quehacerpolitico.mx\/wp-content\/uploads\/2021\/10\/A09A6000-6ED6-403D-9148-29FDEE8BF08E.jpeg",670,458,false],"thumbnail":["https:\/\/quehacerpolitico.mx\/wp-content\/uploads\/2021\/10\/A09A6000-6ED6-403D-9148-29FDEE8BF08E-150x150.jpeg",150,150,true],"medium":["https:\/\/quehacerpolitico.mx\/wp-content\/uploads\/2021\/10\/A09A6000-6ED6-403D-9148-29FDEE8BF08E-300x205.jpeg",300,205,true],"medium_large":["https:\/\/quehacerpolitico.mx\/wp-content\/uploads\/2021\/10\/A09A6000-6ED6-403D-9148-29FDEE8BF08E.jpeg",640,437,false],"large":["https:\/\/quehacerpolitico.mx\/wp-content\/uploads\/2021\/10\/A09A6000-6ED6-403D-9148-29FDEE8BF08E.jpeg",640,437,false],"1536x1536":["https:\/\/quehacerpolitico.mx\/wp-content\/uploads\/2021\/10\/A09A6000-6ED6-403D-9148-29FDEE8BF08E.jpeg",670,458,false],"2048x2048":["https:\/\/quehacerpolitico.mx\/wp-content\/uploads\/2021\/10\/A09A6000-6ED6-403D-9148-29FDEE8BF08E.jpeg",670,458,false],"covernews-featured":["https:\/\/quehacerpolitico.mx\/wp-content\/uploads\/2021\/10\/A09A6000-6ED6-403D-9148-29FDEE8BF08E.jpeg",670,458,false],"covernews-medium":["https:\/\/quehacerpolitico.mx\/wp-content\/uploads\/2021\/10\/A09A6000-6ED6-403D-9148-29FDEE8BF08E.jpeg",497,340,false]},"author_info":{"display_name":"Redacci\u00f3n QP","author_link":"https:\/\/quehacerpolitico.mx\/?author=2"},"category_info":"<a href=\"https:\/\/quehacerpolitico.mx\/?cat=2\" rel=\"category\">Noticias<\/a>","tag_info":"Noticias","comment_count":"0","_links":{"self":[{"href":"https:\/\/quehacerpolitico.mx\/index.php?rest_route=\/wp\/v2\/posts\/85377","targetHints":{"allow":["GET"]}}],"collection":[{"href":"https:\/\/quehacerpolitico.mx\/index.php?rest_route=\/wp\/v2\/posts"}],"about":[{"href":"https:\/\/quehacerpolitico.mx\/index.php?rest_route=\/wp\/v2\/types\/post"}],"author":[{"embeddable":true,"href":"https:\/\/quehacerpolitico.mx\/index.php?rest_route=\/wp\/v2\/users\/2"}],"replies":[{"embeddable":true,"href":"https:\/\/quehacerpolitico.mx\/index.php?rest_route=%2Fwp%2Fv2%2Fcomments&post=85377"}],"version-history":[{"count":1,"href":"https:\/\/quehacerpolitico.mx\/index.php?rest_route=\/wp\/v2\/posts\/85377\/revisions"}],"predecessor-version":[{"id":85379,"href":"https:\/\/quehacerpolitico.mx\/index.php?rest_route=\/wp\/v2\/posts\/85377\/revisions\/85379"}],"wp:featuredmedia":[{"embeddable":true,"href":"https:\/\/quehacerpolitico.mx\/index.php?rest_route=\/wp\/v2\/media\/85378"}],"wp:attachment":[{"href":"https:\/\/quehacerpolitico.mx\/index.php?rest_route=%2Fwp%2Fv2%2Fmedia&parent=85377"}],"wp:term":[{"taxonomy":"category","embeddable":true,"href":"https:\/\/quehacerpolitico.mx\/index.php?rest_route=%2Fwp%2Fv2%2Fcategories&post=85377"},{"taxonomy":"post_tag","embeddable":true,"href":"https:\/\/quehacerpolitico.mx\/index.php?rest_route=%2Fwp%2Fv2%2Ftags&post=85377"}],"curies":[{"name":"wp","href":"https:\/\/api.w.org\/{rel}","templated":true}]}}