{"id":85374,"date":"2021-10-04T19:30:28","date_gmt":"2021-10-04T19:30:28","guid":{"rendered":"https:\/\/quehacerpolitico.mx\/?p=85374"},"modified":"2021-10-04T19:30:30","modified_gmt":"2021-10-04T19:30:30","slug":"sopas-instantaneas-cuales-marcas-retirara-la-profeco-del-mercado","status":"publish","type":"post","link":"https:\/\/quehacerpolitico.mx\/?p=85374","title":{"rendered":"Sopas instant\u00e1neas: \u00bfCu\u00e1les marcas retirar\u00e1 la Profeco del mercado?"},"content":{"rendered":"\n<p>Por Redacci\u00f3n QP<\/p>\n\n\n\n<p>La Profeco da a conocer el nombre de las marcas de sopas instant\u00e1neas que retirar\u00e1n de las tiendas; \u00bfLas de &#8220;vasito&#8221; est\u00e1n incluidas?<\/p>\n\n\n\n<p>Ricardo Sheffield, titular de la Procuradur\u00eda Federal del Consumidor (Profeco), puntualiz\u00f3 algunas cuestiones sobre el retiro de las sopas instant\u00e1neas Maruchan del mercado, durante la conferencia de prensa matutina del Presidente\u00a0Andr\u00e9s Manuel L\u00f3pez Obrador\u00a0(AMLO), conocida como\u00a0\u201cLa Ma\u00f1anera\u201d<\/p>\n\n\n\n<p>Sheffield confirm\u00f3 que&nbsp;<strong>hay dos marcas de sopas instant\u00e1neas que ser\u00e1n retiradas del mercado,<\/strong>pero tambi\u00e9n&nbsp;<strong>hizo una advertencia respecto a las que se venden en &#8220;vasito&#8221;.<\/strong><\/p>\n\n\n\n<p><strong>&#8220;Est\u00e1 prohibido meterlas al horno de microondas&#8221;,<\/strong>\u00a0dijo el titular de la Profeco. En este rubro\u00a0<strong>se incluye a las Maruchan,<\/strong>\u00a0las cuales se preparan justamente as\u00ed en la calle. Sin embargo,\u00a0<strong>las sopas de esta marca no ser\u00e1n retiradas del mercado.<\/strong><\/p>\n\n\n\n<p><strong>Las que s\u00ed ser\u00e1n retiradas son las de la marcas Buldak y Ottogui Ramen.<\/strong><\/p>\n\n\n\n<p>Ricardo Sheffield a\u00f1adi\u00f3 que\u00a0<strong>quienes tengan m\u00e1s dudas sobre el consumo de sopas Maruchan pueden consultar la Revista del Consumidor de este mes.<\/strong><\/p>\n\n\n\n<figure class=\"wp-block-embed is-type-rich is-provider-twitter wp-block-embed-twitter\"><div class=\"wp-block-embed__wrapper\">\n<blockquote class=\"twitter-tweet\" data-width=\"550\" data-dnt=\"true\"><p lang=\"es\" dir=\"ltr\">Tranquilos todos: la Maruchan no ser\u00e1 sacada del mercado.<br><br>Son <a href=\"https:\/\/twitter.com\/hashtag\/fakenews?src=hash&amp;ref_src=twsrc%5Etfw\">#fakenews<\/a>, dice Ricardo Sheffield (<a href=\"https:\/\/twitter.com\/SheffieldGto?ref_src=twsrc%5Etfw\">@SheffieldGto<\/a>), titular de la <a href=\"https:\/\/twitter.com\/Profeco?ref_src=twsrc%5Etfw\">@Profeco<\/a>. <br><br>Tres sopas de diferentes marcas s\u00ed fueron retiradas del mercado. En el caso de Maruchan es s\u00f3lo la de tipo ramen, porque no trae verduras. <a href=\"https:\/\/t.co\/dhpIffUWBw\">pic.twitter.com\/dhpIffUWBw<\/a><\/p>&mdash; Ruido en la Red (@RuidoEnLaRed) <a href=\"https:\/\/twitter.com\/RuidoEnLaRed\/status\/1445025159803506701?ref_src=twsrc%5Etfw\">October 4, 2021<\/a><\/blockquote><script async src=\"https:\/\/platform.twitter.com\/widgets.js\" charset=\"utf-8\"><\/script>\n<\/div><\/figure>\n\n\n\n<h2 class=\"wp-block-heading\">La pol\u00e9mica de las sopas instant\u00e1neas en M\u00e9xico<\/h2>\n\n\n\n<p>Desde el viernes pasado hay una gran incertidumbre porque\u00a0la Profeco encontr\u00f3 que\u00a0las sopas instant\u00e1neas tienen un alto contenido de sodio, alto nivel cal\u00f3rico y muy bajo aporte nutrimental, por lo que algunas se pueden retirar del mercado en\u00a0Mexico<\/p>\n\n\n\n<p>Entre las alertas que realiz\u00f3 la Profeco est\u00e1 la que hizo en torno a que\u00a0<strong>la sopa Maruchan puede producir dolor de cabeza, en otro estudio que realiz\u00f3 dijo que esa sopa no nutre, contiene exceso de sodio y tiene componentes que pueden producir taquicardia, sofocaci\u00f3n, adormecimiento de la boca, entre otras cosas.<\/strong><\/p>\n\n\n\n<p>Se atribuye al glutamato monos\u00f3dico todas las alteraciones al cuerpo a las que tambi\u00e9n se suman dolor de pecho y debilidad, ingrediente que est\u00e1 presente en la mayor\u00eda de sopas instant\u00e1neas.<\/p>\n\n\n\n<p>Con Informaci\u00f3n de SUN <\/p>\n","protected":false},"excerpt":{"rendered":"<p>Por Redacci\u00f3n QP La Profeco da a conocer el nombre de las marcas de sopas&#8230;<\/p>\n","protected":false},"author":2,"featured_media":85375,"comment_status":"open","ping_status":"open","sticky":false,"template":"","format":"standard","meta":{"_monsterinsights_skip_tracking":false,"_monsterinsights_sitenote_active":false,"_monsterinsights_sitenote_note":"","_monsterinsights_sitenote_category":0,"footnotes":""},"categories":[56],"tags":[],"class_list":["post-85374","post","type-post","status-publish","format-standard","has-post-thumbnail","hentry","category-economia"],"yoast_head":"<!-- This site is optimized with the Yoast SEO plugin v27.3 - https:\/\/yoast.com\/product\/yoast-seo-wordpress\/ -->\n<title>Sopas instant\u00e1neas: \u00bfCu\u00e1les marcas retirar\u00e1 la Profeco del mercado? -<\/title>\n<meta name=\"robots\" content=\"index, follow, max-snippet:-1, max-image-preview:large, max-video-preview:-1\" \/>\n<link rel=\"canonical\" href=\"https:\/\/quehacerpolitico.mx\/?p=85374\" \/>\n<meta property=\"og:locale\" content=\"es_MX\" \/>\n<meta property=\"og:type\" content=\"article\" \/>\n<meta property=\"og:title\" content=\"Sopas instant\u00e1neas: \u00bfCu\u00e1les marcas retirar\u00e1 la Profeco del mercado? -\" \/>\n<meta property=\"og:description\" content=\"Por Redacci\u00f3n QP La Profeco da a conocer el nombre de las marcas de sopas...\" \/>\n<meta property=\"og:url\" content=\"https:\/\/quehacerpolitico.mx\/?p=85374\" \/>\n<meta property=\"article:published_time\" content=\"2021-10-04T19:30:28+00:00\" \/>\n<meta property=\"article:modified_time\" content=\"2021-10-04T19:30:30+00:00\" \/>\n<meta property=\"og:image\" content=\"https:\/\/quehacerpolitico.mx\/wp-content\/uploads\/2021\/10\/8D9B6E75-1E68-4D47-8DCA-6CCC60C8EF72.jpeg\" \/>\n\t<meta property=\"og:image:width\" content=\"736\" \/>\n\t<meta property=\"og:image:height\" content=\"417\" \/>\n\t<meta property=\"og:image:type\" content=\"image\/jpeg\" \/>\n<meta name=\"author\" content=\"Redacci\u00f3n QP\" \/>\n<meta name=\"twitter:card\" content=\"summary_large_image\" \/>\n<meta name=\"twitter:label1\" content=\"Escrito por\" \/>\n\t<meta name=\"twitter:data1\" content=\"Redacci\u00f3n QP\" \/>\n\t<meta name=\"twitter:label2\" content=\"Tiempo de lectura\" \/>\n\t<meta name=\"twitter:data2\" content=\"2 minutos\" \/>\n<script type=\"application\/ld+json\" class=\"yoast-schema-graph\">{\"@context\":\"https:\\\/\\\/schema.org\",\"@graph\":[{\"@type\":\"Article\",\"@id\":\"https:\\\/\\\/quehacerpolitico.mx\\\/?p=85374#article\",\"isPartOf\":{\"@id\":\"https:\\\/\\\/quehacerpolitico.mx\\\/?p=85374\"},\"author\":{\"name\":\"Redacci\u00f3n QP\",\"@id\":\"https:\\\/\\\/quehacerpolitico.mx\\\/#\\\/schema\\\/person\\\/496d8ad2d1d3f8036101dca7ee39e585\"},\"headline\":\"Sopas instant\u00e1neas: \u00bfCu\u00e1les marcas retirar\u00e1 la Profeco del mercado?\",\"datePublished\":\"2021-10-04T19:30:28+00:00\",\"dateModified\":\"2021-10-04T19:30:30+00:00\",\"mainEntityOfPage\":{\"@id\":\"https:\\\/\\\/quehacerpolitico.mx\\\/?p=85374\"},\"wordCount\":355,\"commentCount\":0,\"image\":{\"@id\":\"https:\\\/\\\/quehacerpolitico.mx\\\/?p=85374#primaryimage\"},\"thumbnailUrl\":\"https:\\\/\\\/quehacerpolitico.mx\\\/wp-content\\\/uploads\\\/2021\\\/10\\\/8D9B6E75-1E68-4D47-8DCA-6CCC60C8EF72.jpeg\",\"articleSection\":[\"Econom\u00eda\"],\"inLanguage\":\"es\",\"potentialAction\":[{\"@type\":\"CommentAction\",\"name\":\"Comment\",\"target\":[\"https:\\\/\\\/quehacerpolitico.mx\\\/?p=85374#respond\"]}]},{\"@type\":\"WebPage\",\"@id\":\"https:\\\/\\\/quehacerpolitico.mx\\\/?p=85374\",\"url\":\"https:\\\/\\\/quehacerpolitico.mx\\\/?p=85374\",\"name\":\"Sopas instant\u00e1neas: \u00bfCu\u00e1les marcas retirar\u00e1 la Profeco del mercado? -\",\"isPartOf\":{\"@id\":\"https:\\\/\\\/quehacerpolitico.mx\\\/#website\"},\"primaryImageOfPage\":{\"@id\":\"https:\\\/\\\/quehacerpolitico.mx\\\/?p=85374#primaryimage\"},\"image\":{\"@id\":\"https:\\\/\\\/quehacerpolitico.mx\\\/?p=85374#primaryimage\"},\"thumbnailUrl\":\"https:\\\/\\\/quehacerpolitico.mx\\\/wp-content\\\/uploads\\\/2021\\\/10\\\/8D9B6E75-1E68-4D47-8DCA-6CCC60C8EF72.jpeg\",\"datePublished\":\"2021-10-04T19:30:28+00:00\",\"dateModified\":\"2021-10-04T19:30:30+00:00\",\"author\":{\"@id\":\"https:\\\/\\\/quehacerpolitico.mx\\\/#\\\/schema\\\/person\\\/496d8ad2d1d3f8036101dca7ee39e585\"},\"breadcrumb\":{\"@id\":\"https:\\\/\\\/quehacerpolitico.mx\\\/?p=85374#breadcrumb\"},\"inLanguage\":\"es\",\"potentialAction\":[{\"@type\":\"ReadAction\",\"target\":[\"https:\\\/\\\/quehacerpolitico.mx\\\/?p=85374\"]}]},{\"@type\":\"ImageObject\",\"inLanguage\":\"es\",\"@id\":\"https:\\\/\\\/quehacerpolitico.mx\\\/?p=85374#primaryimage\",\"url\":\"https:\\\/\\\/quehacerpolitico.mx\\\/wp-content\\\/uploads\\\/2021\\\/10\\\/8D9B6E75-1E68-4D47-8DCA-6CCC60C8EF72.jpeg\",\"contentUrl\":\"https:\\\/\\\/quehacerpolitico.mx\\\/wp-content\\\/uploads\\\/2021\\\/10\\\/8D9B6E75-1E68-4D47-8DCA-6CCC60C8EF72.jpeg\",\"width\":736,\"height\":417},{\"@type\":\"BreadcrumbList\",\"@id\":\"https:\\\/\\\/quehacerpolitico.mx\\\/?p=85374#breadcrumb\",\"itemListElement\":[{\"@type\":\"ListItem\",\"position\":1,\"name\":\"Inicio\",\"item\":\"https:\\\/\\\/quehacerpolitico.mx\\\/\"},{\"@type\":\"ListItem\",\"position\":2,\"name\":\"Sopas instant\u00e1neas: \u00bfCu\u00e1les marcas retirar\u00e1 la Profeco del mercado?\"}]},{\"@type\":\"WebSite\",\"@id\":\"https:\\\/\\\/quehacerpolitico.mx\\\/#website\",\"url\":\"https:\\\/\\\/quehacerpolitico.mx\\\/\",\"name\":\"\",\"description\":\"\",\"potentialAction\":[{\"@type\":\"SearchAction\",\"target\":{\"@type\":\"EntryPoint\",\"urlTemplate\":\"https:\\\/\\\/quehacerpolitico.mx\\\/?s={search_term_string}\"},\"query-input\":{\"@type\":\"PropertyValueSpecification\",\"valueRequired\":true,\"valueName\":\"search_term_string\"}}],\"inLanguage\":\"es\"},{\"@type\":\"Person\",\"@id\":\"https:\\\/\\\/quehacerpolitico.mx\\\/#\\\/schema\\\/person\\\/496d8ad2d1d3f8036101dca7ee39e585\",\"name\":\"Redacci\u00f3n QP\",\"image\":{\"@type\":\"ImageObject\",\"inLanguage\":\"es\",\"@id\":\"https:\\\/\\\/secure.gravatar.com\\\/avatar\\\/c7164ed6fdec453195284ad24a5ae5b6e1eed2b848477fa2a4787ba9adf39a41?s=96&d=mm&r=g\",\"url\":\"https:\\\/\\\/secure.gravatar.com\\\/avatar\\\/c7164ed6fdec453195284ad24a5ae5b6e1eed2b848477fa2a4787ba9adf39a41?s=96&d=mm&r=g\",\"contentUrl\":\"https:\\\/\\\/secure.gravatar.com\\\/avatar\\\/c7164ed6fdec453195284ad24a5ae5b6e1eed2b848477fa2a4787ba9adf39a41?s=96&d=mm&r=g\",\"caption\":\"Redacci\u00f3n QP\"},\"url\":\"https:\\\/\\\/quehacerpolitico.mx\\\/?author=2\"}]}<\/script>\n<!-- \/ Yoast SEO plugin. -->","yoast_head_json":{"title":"Sopas instant\u00e1neas: \u00bfCu\u00e1les marcas retirar\u00e1 la Profeco del mercado? -","robots":{"index":"index","follow":"follow","max-snippet":"max-snippet:-1","max-image-preview":"max-image-preview:large","max-video-preview":"max-video-preview:-1"},"canonical":"https:\/\/quehacerpolitico.mx\/?p=85374","og_locale":"es_MX","og_type":"article","og_title":"Sopas instant\u00e1neas: \u00bfCu\u00e1les marcas retirar\u00e1 la Profeco del mercado? -","og_description":"Por Redacci\u00f3n QP La Profeco da a conocer el nombre de las marcas de sopas...","og_url":"https:\/\/quehacerpolitico.mx\/?p=85374","article_published_time":"2021-10-04T19:30:28+00:00","article_modified_time":"2021-10-04T19:30:30+00:00","og_image":[{"width":736,"height":417,"url":"https:\/\/quehacerpolitico.mx\/wp-content\/uploads\/2021\/10\/8D9B6E75-1E68-4D47-8DCA-6CCC60C8EF72.jpeg","type":"image\/jpeg"}],"author":"Redacci\u00f3n QP","twitter_card":"summary_large_image","twitter_misc":{"Escrito por":"Redacci\u00f3n QP","Tiempo de lectura":"2 minutos"},"schema":{"@context":"https:\/\/schema.org","@graph":[{"@type":"Article","@id":"https:\/\/quehacerpolitico.mx\/?p=85374#article","isPartOf":{"@id":"https:\/\/quehacerpolitico.mx\/?p=85374"},"author":{"name":"Redacci\u00f3n QP","@id":"https:\/\/quehacerpolitico.mx\/#\/schema\/person\/496d8ad2d1d3f8036101dca7ee39e585"},"headline":"Sopas instant\u00e1neas: \u00bfCu\u00e1les marcas retirar\u00e1 la Profeco del mercado?","datePublished":"2021-10-04T19:30:28+00:00","dateModified":"2021-10-04T19:30:30+00:00","mainEntityOfPage":{"@id":"https:\/\/quehacerpolitico.mx\/?p=85374"},"wordCount":355,"commentCount":0,"image":{"@id":"https:\/\/quehacerpolitico.mx\/?p=85374#primaryimage"},"thumbnailUrl":"https:\/\/quehacerpolitico.mx\/wp-content\/uploads\/2021\/10\/8D9B6E75-1E68-4D47-8DCA-6CCC60C8EF72.jpeg","articleSection":["Econom\u00eda"],"inLanguage":"es","potentialAction":[{"@type":"CommentAction","name":"Comment","target":["https:\/\/quehacerpolitico.mx\/?p=85374#respond"]}]},{"@type":"WebPage","@id":"https:\/\/quehacerpolitico.mx\/?p=85374","url":"https:\/\/quehacerpolitico.mx\/?p=85374","name":"Sopas instant\u00e1neas: \u00bfCu\u00e1les marcas retirar\u00e1 la Profeco del mercado? -","isPartOf":{"@id":"https:\/\/quehacerpolitico.mx\/#website"},"primaryImageOfPage":{"@id":"https:\/\/quehacerpolitico.mx\/?p=85374#primaryimage"},"image":{"@id":"https:\/\/quehacerpolitico.mx\/?p=85374#primaryimage"},"thumbnailUrl":"https:\/\/quehacerpolitico.mx\/wp-content\/uploads\/2021\/10\/8D9B6E75-1E68-4D47-8DCA-6CCC60C8EF72.jpeg","datePublished":"2021-10-04T19:30:28+00:00","dateModified":"2021-10-04T19:30:30+00:00","author":{"@id":"https:\/\/quehacerpolitico.mx\/#\/schema\/person\/496d8ad2d1d3f8036101dca7ee39e585"},"breadcrumb":{"@id":"https:\/\/quehacerpolitico.mx\/?p=85374#breadcrumb"},"inLanguage":"es","potentialAction":[{"@type":"ReadAction","target":["https:\/\/quehacerpolitico.mx\/?p=85374"]}]},{"@type":"ImageObject","inLanguage":"es","@id":"https:\/\/quehacerpolitico.mx\/?p=85374#primaryimage","url":"https:\/\/quehacerpolitico.mx\/wp-content\/uploads\/2021\/10\/8D9B6E75-1E68-4D47-8DCA-6CCC60C8EF72.jpeg","contentUrl":"https:\/\/quehacerpolitico.mx\/wp-content\/uploads\/2021\/10\/8D9B6E75-1E68-4D47-8DCA-6CCC60C8EF72.jpeg","width":736,"height":417},{"@type":"BreadcrumbList","@id":"https:\/\/quehacerpolitico.mx\/?p=85374#breadcrumb","itemListElement":[{"@type":"ListItem","position":1,"name":"Inicio","item":"https:\/\/quehacerpolitico.mx\/"},{"@type":"ListItem","position":2,"name":"Sopas instant\u00e1neas: \u00bfCu\u00e1les marcas retirar\u00e1 la Profeco del mercado?"}]},{"@type":"WebSite","@id":"https:\/\/quehacerpolitico.mx\/#website","url":"https:\/\/quehacerpolitico.mx\/","name":"","description":"","potentialAction":[{"@type":"SearchAction","target":{"@type":"EntryPoint","urlTemplate":"https:\/\/quehacerpolitico.mx\/?s={search_term_string}"},"query-input":{"@type":"PropertyValueSpecification","valueRequired":true,"valueName":"search_term_string"}}],"inLanguage":"es"},{"@type":"Person","@id":"https:\/\/quehacerpolitico.mx\/#\/schema\/person\/496d8ad2d1d3f8036101dca7ee39e585","name":"Redacci\u00f3n QP","image":{"@type":"ImageObject","inLanguage":"es","@id":"https:\/\/secure.gravatar.com\/avatar\/c7164ed6fdec453195284ad24a5ae5b6e1eed2b848477fa2a4787ba9adf39a41?s=96&d=mm&r=g","url":"https:\/\/secure.gravatar.com\/avatar\/c7164ed6fdec453195284ad24a5ae5b6e1eed2b848477fa2a4787ba9adf39a41?s=96&d=mm&r=g","contentUrl":"https:\/\/secure.gravatar.com\/avatar\/c7164ed6fdec453195284ad24a5ae5b6e1eed2b848477fa2a4787ba9adf39a41?s=96&d=mm&r=g","caption":"Redacci\u00f3n QP"},"url":"https:\/\/quehacerpolitico.mx\/?author=2"}]}},"featured_image_urls":{"full":["https:\/\/quehacerpolitico.mx\/wp-content\/uploads\/2021\/10\/8D9B6E75-1E68-4D47-8DCA-6CCC60C8EF72.jpeg",736,417,false],"thumbnail":["https:\/\/quehacerpolitico.mx\/wp-content\/uploads\/2021\/10\/8D9B6E75-1E68-4D47-8DCA-6CCC60C8EF72-150x150.jpeg",150,150,true],"medium":["https:\/\/quehacerpolitico.mx\/wp-content\/uploads\/2021\/10\/8D9B6E75-1E68-4D47-8DCA-6CCC60C8EF72-300x170.jpeg",300,170,true],"medium_large":["https:\/\/quehacerpolitico.mx\/wp-content\/uploads\/2021\/10\/8D9B6E75-1E68-4D47-8DCA-6CCC60C8EF72.jpeg",640,363,false],"large":["https:\/\/quehacerpolitico.mx\/wp-content\/uploads\/2021\/10\/8D9B6E75-1E68-4D47-8DCA-6CCC60C8EF72.jpeg",640,363,false],"1536x1536":["https:\/\/quehacerpolitico.mx\/wp-content\/uploads\/2021\/10\/8D9B6E75-1E68-4D47-8DCA-6CCC60C8EF72.jpeg",736,417,false],"2048x2048":["https:\/\/quehacerpolitico.mx\/wp-content\/uploads\/2021\/10\/8D9B6E75-1E68-4D47-8DCA-6CCC60C8EF72.jpeg",736,417,false],"covernews-featured":["https:\/\/quehacerpolitico.mx\/wp-content\/uploads\/2021\/10\/8D9B6E75-1E68-4D47-8DCA-6CCC60C8EF72.jpeg",736,417,false],"covernews-medium":["https:\/\/quehacerpolitico.mx\/wp-content\/uploads\/2021\/10\/8D9B6E75-1E68-4D47-8DCA-6CCC60C8EF72.jpeg",540,306,false]},"author_info":{"display_name":"Redacci\u00f3n QP","author_link":"https:\/\/quehacerpolitico.mx\/?author=2"},"category_info":"<a href=\"https:\/\/quehacerpolitico.mx\/?cat=56\" rel=\"category\">Econom\u00eda<\/a>","tag_info":"Econom\u00eda","comment_count":"0","_links":{"self":[{"href":"https:\/\/quehacerpolitico.mx\/index.php?rest_route=\/wp\/v2\/posts\/85374","targetHints":{"allow":["GET"]}}],"collection":[{"href":"https:\/\/quehacerpolitico.mx\/index.php?rest_route=\/wp\/v2\/posts"}],"about":[{"href":"https:\/\/quehacerpolitico.mx\/index.php?rest_route=\/wp\/v2\/types\/post"}],"author":[{"embeddable":true,"href":"https:\/\/quehacerpolitico.mx\/index.php?rest_route=\/wp\/v2\/users\/2"}],"replies":[{"embeddable":true,"href":"https:\/\/quehacerpolitico.mx\/index.php?rest_route=%2Fwp%2Fv2%2Fcomments&post=85374"}],"version-history":[{"count":1,"href":"https:\/\/quehacerpolitico.mx\/index.php?rest_route=\/wp\/v2\/posts\/85374\/revisions"}],"predecessor-version":[{"id":85376,"href":"https:\/\/quehacerpolitico.mx\/index.php?rest_route=\/wp\/v2\/posts\/85374\/revisions\/85376"}],"wp:featuredmedia":[{"embeddable":true,"href":"https:\/\/quehacerpolitico.mx\/index.php?rest_route=\/wp\/v2\/media\/85375"}],"wp:attachment":[{"href":"https:\/\/quehacerpolitico.mx\/index.php?rest_route=%2Fwp%2Fv2%2Fmedia&parent=85374"}],"wp:term":[{"taxonomy":"category","embeddable":true,"href":"https:\/\/quehacerpolitico.mx\/index.php?rest_route=%2Fwp%2Fv2%2Fcategories&post=85374"},{"taxonomy":"post_tag","embeddable":true,"href":"https:\/\/quehacerpolitico.mx\/index.php?rest_route=%2Fwp%2Fv2%2Ftags&post=85374"}],"curies":[{"name":"wp","href":"https:\/\/api.w.org\/{rel}","templated":true}]}}