{"id":85371,"date":"2021-10-04T19:19:45","date_gmt":"2021-10-04T19:19:45","guid":{"rendered":"https:\/\/quehacerpolitico.mx\/?p=85371"},"modified":"2021-10-04T19:19:48","modified_gmt":"2021-10-04T19:19:48","slug":"internacionales-carolina-alonso-romei-la-ema-aprueba-tercera-dosis-de-vacuna-pfizer-para-mayores-de-18-anos","status":"publish","type":"post","link":"https:\/\/quehacerpolitico.mx\/?p=85371","title":{"rendered":"Internacionales\/\/\/Carolina Alonso Romei\/\/\/La EMA aprueba tercera dosis de vacuna Pfizer para mayores de 18 a\u00f1os"},"content":{"rendered":"\n<p>Por Carolina Alonso Romei <\/p>\n\n\n\n<p>Internacionalista <\/p>\n\n\n\n<p>El Comit\u00e9 de Medicamentos de Uso Humano de la EMA &#8220;evalu\u00f3 datos que muestran un aumento de los niveles de anticuerpos cuando se administra una tercera dosis&#8221;<\/p>\n\n\n\n<p>La Agencia Europea de Medicamentos (EMA) aprob\u00f3 el lunes una tercera dosis de refuerzo de la vacuna contra el COVID-19 de Pfizer\/BioNTech para los mayores de 18 a\u00f1os, ante la preocupaci\u00f3n de que la protecci\u00f3n disminuya tras las dos primeras inyecciones.<\/p>\n\n\n\n<p><strong>&#8220;Las dosis de refuerzo de Comirnaty pueden considerarse para personas de 18 a\u00f1os en adelante, al menos seis meses despu\u00e9s de la segunda dosis&#8221;<\/strong>, dijo la EMA en un comunicado, citando el nombre comercial de la vacuna de Pfizer.<\/p>\n\n\n\n<blockquote class=\"wp-block-quote is-layout-flow wp-block-quote-is-layout-flow\"><p>&#8220;Las decisiones sobre las terceras dosis ser\u00e1n tomadas por los organismos de salud p\u00fablica a nivel nacional&#8221;<\/p><\/blockquote>\n\n\n\n<p>El Comit\u00e9 de Medicamentos de Uso Humano (CHMP) de la EMA &#8220;evalu\u00f3 datos de Comirnaty que muestran un aumento de los niveles de anticuerpos cuando se administra una tercera dosis&#8221;.<\/p>\n\n\n\n<p>&#8220;El riesgo de enfermedades card\u00edacas inflamatorias u otros efectos secundarios muy raros tras (la inyecci\u00f3n de) refuerzo no se conoce y est\u00e1 bajo estrecha vigilancia&#8221;, a\u00f1adi\u00f3 la EMA.<\/p>\n\n\n\n<p>Se han registrado rar\u00edsimos casos de miocardio, una inflamaci\u00f3n del m\u00fasculo card\u00edaco, en personas que hab\u00edan recibido la vacuna Pfizer, sobre todo hombres j\u00f3venes.<\/p>\n\n\n\n<p><strong>La agencia aprob\u00f3 tambi\u00e9n el suministro de una tercera dosis de Moderna o Pfizer para las personas con sistemas inmunitarios fr\u00e1giles<\/strong>, al menos 28 d\u00edas despu\u00e9s de su segunda dosis.<\/p>\n\n\n\n<p>A veces dos dosis no bastan para producir suficientes anticuerpos en las personas inmunodeprimidas.<\/p>\n\n\n\n<p>&#8220;Aunque no hay ninguna prueba directa de que la capacidad de producir anticuerpos en estos pacientes proteja contra el covid-19, esperamos que esta dosis adicional aumente la protecci\u00f3n al menos en algunos pacientes&#8221;, declar\u00f3 el regulador europeo.<\/p>\n\n\n\n<p>Con Informaci\u00f3n de AFP<\/p>\n","protected":false},"excerpt":{"rendered":"<p>Por Carolina Alonso Romei Internacionalista El Comit\u00e9 de Medicamentos de Uso Humano de la EMA&#8230;<\/p>\n","protected":false},"author":2,"featured_media":85372,"comment_status":"open","ping_status":"open","sticky":false,"template":"","format":"standard","meta":{"_monsterinsights_skip_tracking":false,"_monsterinsights_sitenote_active":false,"_monsterinsights_sitenote_note":"","_monsterinsights_sitenote_category":0,"footnotes":""},"categories":[1],"tags":[],"class_list":["post-85371","post","type-post","status-publish","format-standard","has-post-thumbnail","hentry","category-sin-categoria"],"yoast_head":"<!-- This site is optimized with the Yoast SEO plugin v27.3 - https:\/\/yoast.com\/product\/yoast-seo-wordpress\/ -->\n<title>Internacionales\/\/\/Carolina Alonso Romei\/\/\/La EMA aprueba tercera dosis de vacuna Pfizer para mayores de 18 a\u00f1os -<\/title>\n<meta name=\"robots\" content=\"index, follow, max-snippet:-1, max-image-preview:large, max-video-preview:-1\" \/>\n<link rel=\"canonical\" href=\"https:\/\/quehacerpolitico.mx\/?p=85371\" \/>\n<meta property=\"og:locale\" content=\"es_MX\" \/>\n<meta property=\"og:type\" content=\"article\" \/>\n<meta property=\"og:title\" content=\"Internacionales\/\/\/Carolina Alonso Romei\/\/\/La EMA aprueba tercera dosis de vacuna Pfizer para mayores de 18 a\u00f1os -\" \/>\n<meta property=\"og:description\" content=\"Por Carolina Alonso Romei Internacionalista El Comit\u00e9 de Medicamentos de Uso Humano de la EMA...\" \/>\n<meta property=\"og:url\" content=\"https:\/\/quehacerpolitico.mx\/?p=85371\" \/>\n<meta property=\"article:published_time\" content=\"2021-10-04T19:19:45+00:00\" \/>\n<meta property=\"article:modified_time\" content=\"2021-10-04T19:19:48+00:00\" \/>\n<meta property=\"og:image\" content=\"https:\/\/quehacerpolitico.mx\/wp-content\/uploads\/2021\/10\/142989BF-EBBC-49C3-8902-999F7B2BF9A6.jpeg\" \/>\n\t<meta property=\"og:image:width\" content=\"720\" \/>\n\t<meta property=\"og:image:height\" content=\"405\" \/>\n\t<meta property=\"og:image:type\" content=\"image\/jpeg\" \/>\n<meta name=\"author\" content=\"Redacci\u00f3n QP\" \/>\n<meta name=\"twitter:card\" content=\"summary_large_image\" \/>\n<meta name=\"twitter:label1\" content=\"Escrito por\" \/>\n\t<meta name=\"twitter:data1\" content=\"Redacci\u00f3n QP\" \/>\n\t<meta name=\"twitter:label2\" content=\"Tiempo de lectura\" \/>\n\t<meta name=\"twitter:data2\" content=\"2 minutos\" \/>\n<script type=\"application\/ld+json\" class=\"yoast-schema-graph\">{\"@context\":\"https:\\\/\\\/schema.org\",\"@graph\":[{\"@type\":\"Article\",\"@id\":\"https:\\\/\\\/quehacerpolitico.mx\\\/?p=85371#article\",\"isPartOf\":{\"@id\":\"https:\\\/\\\/quehacerpolitico.mx\\\/?p=85371\"},\"author\":{\"name\":\"Redacci\u00f3n QP\",\"@id\":\"https:\\\/\\\/quehacerpolitico.mx\\\/#\\\/schema\\\/person\\\/496d8ad2d1d3f8036101dca7ee39e585\"},\"headline\":\"Internacionales\\\/\\\/\\\/Carolina Alonso Romei\\\/\\\/\\\/La EMA aprueba tercera dosis de vacuna Pfizer para mayores de 18 a\u00f1os\",\"datePublished\":\"2021-10-04T19:19:45+00:00\",\"dateModified\":\"2021-10-04T19:19:48+00:00\",\"mainEntityOfPage\":{\"@id\":\"https:\\\/\\\/quehacerpolitico.mx\\\/?p=85371\"},\"wordCount\":333,\"commentCount\":0,\"image\":{\"@id\":\"https:\\\/\\\/quehacerpolitico.mx\\\/?p=85371#primaryimage\"},\"thumbnailUrl\":\"https:\\\/\\\/quehacerpolitico.mx\\\/wp-content\\\/uploads\\\/2021\\\/10\\\/142989BF-EBBC-49C3-8902-999F7B2BF9A6.jpeg\",\"articleSection\":[\"Internacionales\"],\"inLanguage\":\"es\",\"potentialAction\":[{\"@type\":\"CommentAction\",\"name\":\"Comment\",\"target\":[\"https:\\\/\\\/quehacerpolitico.mx\\\/?p=85371#respond\"]}]},{\"@type\":\"WebPage\",\"@id\":\"https:\\\/\\\/quehacerpolitico.mx\\\/?p=85371\",\"url\":\"https:\\\/\\\/quehacerpolitico.mx\\\/?p=85371\",\"name\":\"Internacionales\\\/\\\/\\\/Carolina Alonso Romei\\\/\\\/\\\/La EMA aprueba tercera dosis de vacuna Pfizer para mayores de 18 a\u00f1os -\",\"isPartOf\":{\"@id\":\"https:\\\/\\\/quehacerpolitico.mx\\\/#website\"},\"primaryImageOfPage\":{\"@id\":\"https:\\\/\\\/quehacerpolitico.mx\\\/?p=85371#primaryimage\"},\"image\":{\"@id\":\"https:\\\/\\\/quehacerpolitico.mx\\\/?p=85371#primaryimage\"},\"thumbnailUrl\":\"https:\\\/\\\/quehacerpolitico.mx\\\/wp-content\\\/uploads\\\/2021\\\/10\\\/142989BF-EBBC-49C3-8902-999F7B2BF9A6.jpeg\",\"datePublished\":\"2021-10-04T19:19:45+00:00\",\"dateModified\":\"2021-10-04T19:19:48+00:00\",\"author\":{\"@id\":\"https:\\\/\\\/quehacerpolitico.mx\\\/#\\\/schema\\\/person\\\/496d8ad2d1d3f8036101dca7ee39e585\"},\"breadcrumb\":{\"@id\":\"https:\\\/\\\/quehacerpolitico.mx\\\/?p=85371#breadcrumb\"},\"inLanguage\":\"es\",\"potentialAction\":[{\"@type\":\"ReadAction\",\"target\":[\"https:\\\/\\\/quehacerpolitico.mx\\\/?p=85371\"]}]},{\"@type\":\"ImageObject\",\"inLanguage\":\"es\",\"@id\":\"https:\\\/\\\/quehacerpolitico.mx\\\/?p=85371#primaryimage\",\"url\":\"https:\\\/\\\/quehacerpolitico.mx\\\/wp-content\\\/uploads\\\/2021\\\/10\\\/142989BF-EBBC-49C3-8902-999F7B2BF9A6.jpeg\",\"contentUrl\":\"https:\\\/\\\/quehacerpolitico.mx\\\/wp-content\\\/uploads\\\/2021\\\/10\\\/142989BF-EBBC-49C3-8902-999F7B2BF9A6.jpeg\",\"width\":720,\"height\":405},{\"@type\":\"BreadcrumbList\",\"@id\":\"https:\\\/\\\/quehacerpolitico.mx\\\/?p=85371#breadcrumb\",\"itemListElement\":[{\"@type\":\"ListItem\",\"position\":1,\"name\":\"Inicio\",\"item\":\"https:\\\/\\\/quehacerpolitico.mx\\\/\"},{\"@type\":\"ListItem\",\"position\":2,\"name\":\"Internacionales\\\/\\\/\\\/Carolina Alonso Romei\\\/\\\/\\\/La EMA aprueba tercera dosis de vacuna Pfizer para mayores de 18 a\u00f1os\"}]},{\"@type\":\"WebSite\",\"@id\":\"https:\\\/\\\/quehacerpolitico.mx\\\/#website\",\"url\":\"https:\\\/\\\/quehacerpolitico.mx\\\/\",\"name\":\"\",\"description\":\"\",\"potentialAction\":[{\"@type\":\"SearchAction\",\"target\":{\"@type\":\"EntryPoint\",\"urlTemplate\":\"https:\\\/\\\/quehacerpolitico.mx\\\/?s={search_term_string}\"},\"query-input\":{\"@type\":\"PropertyValueSpecification\",\"valueRequired\":true,\"valueName\":\"search_term_string\"}}],\"inLanguage\":\"es\"},{\"@type\":\"Person\",\"@id\":\"https:\\\/\\\/quehacerpolitico.mx\\\/#\\\/schema\\\/person\\\/496d8ad2d1d3f8036101dca7ee39e585\",\"name\":\"Redacci\u00f3n QP\",\"image\":{\"@type\":\"ImageObject\",\"inLanguage\":\"es\",\"@id\":\"https:\\\/\\\/secure.gravatar.com\\\/avatar\\\/c7164ed6fdec453195284ad24a5ae5b6e1eed2b848477fa2a4787ba9adf39a41?s=96&d=mm&r=g\",\"url\":\"https:\\\/\\\/secure.gravatar.com\\\/avatar\\\/c7164ed6fdec453195284ad24a5ae5b6e1eed2b848477fa2a4787ba9adf39a41?s=96&d=mm&r=g\",\"contentUrl\":\"https:\\\/\\\/secure.gravatar.com\\\/avatar\\\/c7164ed6fdec453195284ad24a5ae5b6e1eed2b848477fa2a4787ba9adf39a41?s=96&d=mm&r=g\",\"caption\":\"Redacci\u00f3n QP\"},\"url\":\"https:\\\/\\\/quehacerpolitico.mx\\\/?author=2\"}]}<\/script>\n<!-- \/ Yoast SEO plugin. -->","yoast_head_json":{"title":"Internacionales\/\/\/Carolina Alonso Romei\/\/\/La EMA aprueba tercera dosis de vacuna Pfizer para mayores de 18 a\u00f1os -","robots":{"index":"index","follow":"follow","max-snippet":"max-snippet:-1","max-image-preview":"max-image-preview:large","max-video-preview":"max-video-preview:-1"},"canonical":"https:\/\/quehacerpolitico.mx\/?p=85371","og_locale":"es_MX","og_type":"article","og_title":"Internacionales\/\/\/Carolina Alonso Romei\/\/\/La EMA aprueba tercera dosis de vacuna Pfizer para mayores de 18 a\u00f1os -","og_description":"Por Carolina Alonso Romei Internacionalista El Comit\u00e9 de Medicamentos de Uso Humano de la EMA...","og_url":"https:\/\/quehacerpolitico.mx\/?p=85371","article_published_time":"2021-10-04T19:19:45+00:00","article_modified_time":"2021-10-04T19:19:48+00:00","og_image":[{"width":720,"height":405,"url":"https:\/\/quehacerpolitico.mx\/wp-content\/uploads\/2021\/10\/142989BF-EBBC-49C3-8902-999F7B2BF9A6.jpeg","type":"image\/jpeg"}],"author":"Redacci\u00f3n QP","twitter_card":"summary_large_image","twitter_misc":{"Escrito por":"Redacci\u00f3n QP","Tiempo de lectura":"2 minutos"},"schema":{"@context":"https:\/\/schema.org","@graph":[{"@type":"Article","@id":"https:\/\/quehacerpolitico.mx\/?p=85371#article","isPartOf":{"@id":"https:\/\/quehacerpolitico.mx\/?p=85371"},"author":{"name":"Redacci\u00f3n QP","@id":"https:\/\/quehacerpolitico.mx\/#\/schema\/person\/496d8ad2d1d3f8036101dca7ee39e585"},"headline":"Internacionales\/\/\/Carolina Alonso Romei\/\/\/La EMA aprueba tercera dosis de vacuna Pfizer para mayores de 18 a\u00f1os","datePublished":"2021-10-04T19:19:45+00:00","dateModified":"2021-10-04T19:19:48+00:00","mainEntityOfPage":{"@id":"https:\/\/quehacerpolitico.mx\/?p=85371"},"wordCount":333,"commentCount":0,"image":{"@id":"https:\/\/quehacerpolitico.mx\/?p=85371#primaryimage"},"thumbnailUrl":"https:\/\/quehacerpolitico.mx\/wp-content\/uploads\/2021\/10\/142989BF-EBBC-49C3-8902-999F7B2BF9A6.jpeg","articleSection":["Internacionales"],"inLanguage":"es","potentialAction":[{"@type":"CommentAction","name":"Comment","target":["https:\/\/quehacerpolitico.mx\/?p=85371#respond"]}]},{"@type":"WebPage","@id":"https:\/\/quehacerpolitico.mx\/?p=85371","url":"https:\/\/quehacerpolitico.mx\/?p=85371","name":"Internacionales\/\/\/Carolina Alonso Romei\/\/\/La EMA aprueba tercera dosis de vacuna Pfizer para mayores de 18 a\u00f1os -","isPartOf":{"@id":"https:\/\/quehacerpolitico.mx\/#website"},"primaryImageOfPage":{"@id":"https:\/\/quehacerpolitico.mx\/?p=85371#primaryimage"},"image":{"@id":"https:\/\/quehacerpolitico.mx\/?p=85371#primaryimage"},"thumbnailUrl":"https:\/\/quehacerpolitico.mx\/wp-content\/uploads\/2021\/10\/142989BF-EBBC-49C3-8902-999F7B2BF9A6.jpeg","datePublished":"2021-10-04T19:19:45+00:00","dateModified":"2021-10-04T19:19:48+00:00","author":{"@id":"https:\/\/quehacerpolitico.mx\/#\/schema\/person\/496d8ad2d1d3f8036101dca7ee39e585"},"breadcrumb":{"@id":"https:\/\/quehacerpolitico.mx\/?p=85371#breadcrumb"},"inLanguage":"es","potentialAction":[{"@type":"ReadAction","target":["https:\/\/quehacerpolitico.mx\/?p=85371"]}]},{"@type":"ImageObject","inLanguage":"es","@id":"https:\/\/quehacerpolitico.mx\/?p=85371#primaryimage","url":"https:\/\/quehacerpolitico.mx\/wp-content\/uploads\/2021\/10\/142989BF-EBBC-49C3-8902-999F7B2BF9A6.jpeg","contentUrl":"https:\/\/quehacerpolitico.mx\/wp-content\/uploads\/2021\/10\/142989BF-EBBC-49C3-8902-999F7B2BF9A6.jpeg","width":720,"height":405},{"@type":"BreadcrumbList","@id":"https:\/\/quehacerpolitico.mx\/?p=85371#breadcrumb","itemListElement":[{"@type":"ListItem","position":1,"name":"Inicio","item":"https:\/\/quehacerpolitico.mx\/"},{"@type":"ListItem","position":2,"name":"Internacionales\/\/\/Carolina Alonso Romei\/\/\/La EMA aprueba tercera dosis de vacuna Pfizer para mayores de 18 a\u00f1os"}]},{"@type":"WebSite","@id":"https:\/\/quehacerpolitico.mx\/#website","url":"https:\/\/quehacerpolitico.mx\/","name":"","description":"","potentialAction":[{"@type":"SearchAction","target":{"@type":"EntryPoint","urlTemplate":"https:\/\/quehacerpolitico.mx\/?s={search_term_string}"},"query-input":{"@type":"PropertyValueSpecification","valueRequired":true,"valueName":"search_term_string"}}],"inLanguage":"es"},{"@type":"Person","@id":"https:\/\/quehacerpolitico.mx\/#\/schema\/person\/496d8ad2d1d3f8036101dca7ee39e585","name":"Redacci\u00f3n QP","image":{"@type":"ImageObject","inLanguage":"es","@id":"https:\/\/secure.gravatar.com\/avatar\/c7164ed6fdec453195284ad24a5ae5b6e1eed2b848477fa2a4787ba9adf39a41?s=96&d=mm&r=g","url":"https:\/\/secure.gravatar.com\/avatar\/c7164ed6fdec453195284ad24a5ae5b6e1eed2b848477fa2a4787ba9adf39a41?s=96&d=mm&r=g","contentUrl":"https:\/\/secure.gravatar.com\/avatar\/c7164ed6fdec453195284ad24a5ae5b6e1eed2b848477fa2a4787ba9adf39a41?s=96&d=mm&r=g","caption":"Redacci\u00f3n QP"},"url":"https:\/\/quehacerpolitico.mx\/?author=2"}]}},"featured_image_urls":{"full":["https:\/\/quehacerpolitico.mx\/wp-content\/uploads\/2021\/10\/142989BF-EBBC-49C3-8902-999F7B2BF9A6.jpeg",720,405,false],"thumbnail":["https:\/\/quehacerpolitico.mx\/wp-content\/uploads\/2021\/10\/142989BF-EBBC-49C3-8902-999F7B2BF9A6-150x150.jpeg",150,150,true],"medium":["https:\/\/quehacerpolitico.mx\/wp-content\/uploads\/2021\/10\/142989BF-EBBC-49C3-8902-999F7B2BF9A6-300x169.jpeg",300,169,true],"medium_large":["https:\/\/quehacerpolitico.mx\/wp-content\/uploads\/2021\/10\/142989BF-EBBC-49C3-8902-999F7B2BF9A6.jpeg",640,360,false],"large":["https:\/\/quehacerpolitico.mx\/wp-content\/uploads\/2021\/10\/142989BF-EBBC-49C3-8902-999F7B2BF9A6.jpeg",640,360,false],"1536x1536":["https:\/\/quehacerpolitico.mx\/wp-content\/uploads\/2021\/10\/142989BF-EBBC-49C3-8902-999F7B2BF9A6.jpeg",720,405,false],"2048x2048":["https:\/\/quehacerpolitico.mx\/wp-content\/uploads\/2021\/10\/142989BF-EBBC-49C3-8902-999F7B2BF9A6.jpeg",720,405,false],"covernews-featured":["https:\/\/quehacerpolitico.mx\/wp-content\/uploads\/2021\/10\/142989BF-EBBC-49C3-8902-999F7B2BF9A6.jpeg",720,405,false],"covernews-medium":["https:\/\/quehacerpolitico.mx\/wp-content\/uploads\/2021\/10\/142989BF-EBBC-49C3-8902-999F7B2BF9A6.jpeg",540,304,false]},"author_info":{"display_name":"Redacci\u00f3n QP","author_link":"https:\/\/quehacerpolitico.mx\/?author=2"},"category_info":"<a href=\"https:\/\/quehacerpolitico.mx\/?cat=1\" rel=\"category\">Internacionales<\/a>","tag_info":"Internacionales","comment_count":"0","_links":{"self":[{"href":"https:\/\/quehacerpolitico.mx\/index.php?rest_route=\/wp\/v2\/posts\/85371","targetHints":{"allow":["GET"]}}],"collection":[{"href":"https:\/\/quehacerpolitico.mx\/index.php?rest_route=\/wp\/v2\/posts"}],"about":[{"href":"https:\/\/quehacerpolitico.mx\/index.php?rest_route=\/wp\/v2\/types\/post"}],"author":[{"embeddable":true,"href":"https:\/\/quehacerpolitico.mx\/index.php?rest_route=\/wp\/v2\/users\/2"}],"replies":[{"embeddable":true,"href":"https:\/\/quehacerpolitico.mx\/index.php?rest_route=%2Fwp%2Fv2%2Fcomments&post=85371"}],"version-history":[{"count":1,"href":"https:\/\/quehacerpolitico.mx\/index.php?rest_route=\/wp\/v2\/posts\/85371\/revisions"}],"predecessor-version":[{"id":85373,"href":"https:\/\/quehacerpolitico.mx\/index.php?rest_route=\/wp\/v2\/posts\/85371\/revisions\/85373"}],"wp:featuredmedia":[{"embeddable":true,"href":"https:\/\/quehacerpolitico.mx\/index.php?rest_route=\/wp\/v2\/media\/85372"}],"wp:attachment":[{"href":"https:\/\/quehacerpolitico.mx\/index.php?rest_route=%2Fwp%2Fv2%2Fmedia&parent=85371"}],"wp:term":[{"taxonomy":"category","embeddable":true,"href":"https:\/\/quehacerpolitico.mx\/index.php?rest_route=%2Fwp%2Fv2%2Fcategories&post=85371"},{"taxonomy":"post_tag","embeddable":true,"href":"https:\/\/quehacerpolitico.mx\/index.php?rest_route=%2Fwp%2Fv2%2Ftags&post=85371"}],"curies":[{"name":"wp","href":"https:\/\/api.w.org\/{rel}","templated":true}]}}