{"id":85368,"date":"2021-10-04T19:08:29","date_gmt":"2021-10-04T19:08:29","guid":{"rendered":"https:\/\/quehacerpolitico.mx\/?p=85368"},"modified":"2021-10-04T19:08:31","modified_gmt":"2021-10-04T19:08:31","slug":"amlo-defiende-al-titular-de-la-sct-tras-aparecer-en-lista-de-pandora-papers","status":"publish","type":"post","link":"https:\/\/quehacerpolitico.mx\/?p=85368","title":{"rendered":"AMLO defiende al titular de la SCT tras aparecer en lista de &#8220;Pandora Papers&#8221;"},"content":{"rendered":"\n<p>Por Redacci\u00f3n QP<\/p>\n\n\n\n<p>AMLO defiende a Jorge Arganis, tras aparecer\u00a0en lista &#8220;Pandora Papers&#8221;, la cual exhibe a funcionarios y empresarios mexicanos que colocaron recursos en para\u00edsos fiscales<\/p>\n\n\n\n<p>El Presidente\u00a0<strong>Andr\u00e9s Manuel L\u00f3pez Obrador\u00a0<\/strong>(AMLO) defendi\u00f3 al titular de la\u00a0<strong>SCT<\/strong>, Jorge Arganis Diaz Leal, quien dijo fue &#8220;transado&#8221; con un fondo de inversi\u00f3n y aparece en lista\u00a0\u201cPandora Papers\u201d que exhibe a funcionarios y empresarios mexicanos que colocaron recursos en para\u00edsos fiscales.<\/p>\n\n\n\n<figure class=\"wp-block-embed is-type-rich is-provider-twitter wp-block-embed-twitter\"><div class=\"wp-block-embed__wrapper\">\n<blockquote class=\"twitter-tweet\" data-width=\"550\" data-dnt=\"true\"><p lang=\"es\" dir=\"ltr\">Una joya: para el presidente, Julio Scherer debe aclarar personalmente su participaci\u00f3n en <a href=\"https:\/\/twitter.com\/hashtag\/PandoraPapers?src=hash&amp;ref_src=twsrc%5Etfw\">#PandoraPapers<\/a> porque quien fuera abogado de la naci\u00f3n tres a\u00f1os, ya no es parte del gobierno. <br><br>Sobre el secretario Arganis, dice que el dinero se lo dio ICA en 1998 y hasta lo transaron. <a href=\"https:\/\/t.co\/bUywH0cIlF\">pic.twitter.com\/bUywH0cIlF<\/a><\/p>&mdash; Ruido en la Red (@RuidoEnLaRed) <a href=\"https:\/\/twitter.com\/RuidoEnLaRed\/status\/1445032981878427654?ref_src=twsrc%5Etfw\">October 4, 2021<\/a><\/blockquote><script async src=\"https:\/\/platform.twitter.com\/widgets.js\" charset=\"utf-8\"><\/script>\n<\/div><\/figure>\n\n\n\n<p>En su conferencia de prensa, en la Escuela Militar de Sargentos, AMLO dijo que en el caso del exconsejero Jur\u00eddico de Presidencia Julio Scherer; el senador Armando Guadiana<strong>\u00a0(Morena)<\/strong>\u00a0y la pareja del titular de CFE Manuel Bartlett, Julia Abdala, ellos no forman parte del gobierno y tendr\u00e1n que aclarar.<\/p>\n\n\n\n<p>&#8220;Son muchos tres mil, pero f\u00edjense lo que son las cosas, eso es lo que son las cosas, son 3000 y salen tres, hasta en los peri\u00f3dicos donde los due\u00f1os de los medios est\u00e1n en las listas sacan tres nada m\u00e1s: Arganis, Julio Scherer y a la esposa del licenciado Bartlett; ah y Guadiana&#8221;.<\/p>\n\n\n\n<p>&#8220;Yo estaba enterado que iba a salir esta investigaci\u00f3n porque el secretario Arganis me dijo que estaba preocupado sobre un dinero que deposit\u00f3 en un fondo y fue al extranjero, y ese dinero inclusive se lo robaron, lo transaron y no solo a \u00e9l sino a varios&#8221;.<\/p>\n\n\n\n<p>AMLO difundi\u00f3 un mensaje de WhatsApp le le envi\u00f3 en titular de SCT donde le explica que se trata de tres millones de pesos de acciones que cobr\u00f3 al retirarse de ICA en 1998.<\/p>\n\n\n\n<p><strong>&#8220;Fui defraudado por Stanford Trust Compagny al igual que muchos inversionistas en el mundo&#8221;<\/strong>, se\u00f1ala el mensaje.<\/p>\n\n\n\n<p>L\u00f3pez Obrador insisti\u00f3 en que todos deben ser investigados por el UIF, SAT y Procuradur\u00eda Fiscal, pero pidi\u00f3 esperar a que salga toda la informaci\u00f3n sobre los montos de las transacciones, en qu\u00e9 a\u00f1o se llevaron a cabo y el origen de esos recursos.<\/p>\n\n\n\n<p>Con Informaci\u00f3n de SUN <\/p>\n","protected":false},"excerpt":{"rendered":"<p>Por Redacci\u00f3n QP AMLO defiende a Jorge Arganis, tras aparecer\u00a0en lista &#8220;Pandora Papers&#8221;, la cual&#8230;<\/p>\n","protected":false},"author":2,"featured_media":85369,"comment_status":"open","ping_status":"open","sticky":false,"template":"","format":"standard","meta":{"_monsterinsights_skip_tracking":false,"_monsterinsights_sitenote_active":false,"_monsterinsights_sitenote_note":"","_monsterinsights_sitenote_category":0,"footnotes":""},"categories":[2],"tags":[],"class_list":["post-85368","post","type-post","status-publish","format-standard","has-post-thumbnail","hentry","category-noticias"],"yoast_head":"<!-- This site is optimized with the Yoast SEO plugin v27.3 - https:\/\/yoast.com\/product\/yoast-seo-wordpress\/ -->\n<title>AMLO defiende al titular de la SCT tras aparecer en lista de &quot;Pandora Papers&quot; -<\/title>\n<meta name=\"robots\" content=\"index, follow, max-snippet:-1, max-image-preview:large, max-video-preview:-1\" \/>\n<link rel=\"canonical\" href=\"https:\/\/quehacerpolitico.mx\/?p=85368\" \/>\n<meta property=\"og:locale\" content=\"es_MX\" \/>\n<meta property=\"og:type\" content=\"article\" \/>\n<meta property=\"og:title\" content=\"AMLO defiende al titular de la SCT tras aparecer en lista de &quot;Pandora Papers&quot; -\" \/>\n<meta property=\"og:description\" content=\"Por Redacci\u00f3n QP AMLO defiende a Jorge Arganis, tras aparecer\u00a0en lista &#8220;Pandora Papers&#8221;, la cual...\" \/>\n<meta property=\"og:url\" content=\"https:\/\/quehacerpolitico.mx\/?p=85368\" \/>\n<meta property=\"article:published_time\" content=\"2021-10-04T19:08:29+00:00\" \/>\n<meta property=\"article:modified_time\" content=\"2021-10-04T19:08:31+00:00\" \/>\n<meta property=\"og:image\" content=\"https:\/\/quehacerpolitico.mx\/wp-content\/uploads\/2021\/10\/9CB069EC-2102-4E46-9792-EE5F43BB9BF8.jpeg\" \/>\n\t<meta property=\"og:image:width\" content=\"1284\" \/>\n\t<meta property=\"og:image:height\" content=\"700\" \/>\n\t<meta property=\"og:image:type\" content=\"image\/jpeg\" \/>\n<meta name=\"author\" content=\"Redacci\u00f3n QP\" \/>\n<meta name=\"twitter:card\" content=\"summary_large_image\" \/>\n<meta name=\"twitter:label1\" content=\"Escrito por\" \/>\n\t<meta name=\"twitter:data1\" content=\"Redacci\u00f3n QP\" \/>\n\t<meta name=\"twitter:label2\" content=\"Tiempo de lectura\" \/>\n\t<meta name=\"twitter:data2\" content=\"2 minutos\" \/>\n<script type=\"application\/ld+json\" class=\"yoast-schema-graph\">{\"@context\":\"https:\\\/\\\/schema.org\",\"@graph\":[{\"@type\":\"Article\",\"@id\":\"https:\\\/\\\/quehacerpolitico.mx\\\/?p=85368#article\",\"isPartOf\":{\"@id\":\"https:\\\/\\\/quehacerpolitico.mx\\\/?p=85368\"},\"author\":{\"name\":\"Redacci\u00f3n QP\",\"@id\":\"https:\\\/\\\/quehacerpolitico.mx\\\/#\\\/schema\\\/person\\\/496d8ad2d1d3f8036101dca7ee39e585\"},\"headline\":\"AMLO defiende al titular de la SCT tras aparecer en lista de &#8220;Pandora Papers&#8221;\",\"datePublished\":\"2021-10-04T19:08:29+00:00\",\"dateModified\":\"2021-10-04T19:08:31+00:00\",\"mainEntityOfPage\":{\"@id\":\"https:\\\/\\\/quehacerpolitico.mx\\\/?p=85368\"},\"wordCount\":361,\"commentCount\":0,\"image\":{\"@id\":\"https:\\\/\\\/quehacerpolitico.mx\\\/?p=85368#primaryimage\"},\"thumbnailUrl\":\"https:\\\/\\\/quehacerpolitico.mx\\\/wp-content\\\/uploads\\\/2021\\\/10\\\/9CB069EC-2102-4E46-9792-EE5F43BB9BF8.jpeg\",\"articleSection\":[\"Noticias\"],\"inLanguage\":\"es\",\"potentialAction\":[{\"@type\":\"CommentAction\",\"name\":\"Comment\",\"target\":[\"https:\\\/\\\/quehacerpolitico.mx\\\/?p=85368#respond\"]}]},{\"@type\":\"WebPage\",\"@id\":\"https:\\\/\\\/quehacerpolitico.mx\\\/?p=85368\",\"url\":\"https:\\\/\\\/quehacerpolitico.mx\\\/?p=85368\",\"name\":\"AMLO defiende al titular de la SCT tras aparecer en lista de \\\"Pandora Papers\\\" -\",\"isPartOf\":{\"@id\":\"https:\\\/\\\/quehacerpolitico.mx\\\/#website\"},\"primaryImageOfPage\":{\"@id\":\"https:\\\/\\\/quehacerpolitico.mx\\\/?p=85368#primaryimage\"},\"image\":{\"@id\":\"https:\\\/\\\/quehacerpolitico.mx\\\/?p=85368#primaryimage\"},\"thumbnailUrl\":\"https:\\\/\\\/quehacerpolitico.mx\\\/wp-content\\\/uploads\\\/2021\\\/10\\\/9CB069EC-2102-4E46-9792-EE5F43BB9BF8.jpeg\",\"datePublished\":\"2021-10-04T19:08:29+00:00\",\"dateModified\":\"2021-10-04T19:08:31+00:00\",\"author\":{\"@id\":\"https:\\\/\\\/quehacerpolitico.mx\\\/#\\\/schema\\\/person\\\/496d8ad2d1d3f8036101dca7ee39e585\"},\"breadcrumb\":{\"@id\":\"https:\\\/\\\/quehacerpolitico.mx\\\/?p=85368#breadcrumb\"},\"inLanguage\":\"es\",\"potentialAction\":[{\"@type\":\"ReadAction\",\"target\":[\"https:\\\/\\\/quehacerpolitico.mx\\\/?p=85368\"]}]},{\"@type\":\"ImageObject\",\"inLanguage\":\"es\",\"@id\":\"https:\\\/\\\/quehacerpolitico.mx\\\/?p=85368#primaryimage\",\"url\":\"https:\\\/\\\/quehacerpolitico.mx\\\/wp-content\\\/uploads\\\/2021\\\/10\\\/9CB069EC-2102-4E46-9792-EE5F43BB9BF8.jpeg\",\"contentUrl\":\"https:\\\/\\\/quehacerpolitico.mx\\\/wp-content\\\/uploads\\\/2021\\\/10\\\/9CB069EC-2102-4E46-9792-EE5F43BB9BF8.jpeg\",\"width\":1284,\"height\":700},{\"@type\":\"BreadcrumbList\",\"@id\":\"https:\\\/\\\/quehacerpolitico.mx\\\/?p=85368#breadcrumb\",\"itemListElement\":[{\"@type\":\"ListItem\",\"position\":1,\"name\":\"Inicio\",\"item\":\"https:\\\/\\\/quehacerpolitico.mx\\\/\"},{\"@type\":\"ListItem\",\"position\":2,\"name\":\"AMLO defiende al titular de la SCT tras aparecer en lista de &#8220;Pandora Papers&#8221;\"}]},{\"@type\":\"WebSite\",\"@id\":\"https:\\\/\\\/quehacerpolitico.mx\\\/#website\",\"url\":\"https:\\\/\\\/quehacerpolitico.mx\\\/\",\"name\":\"\",\"description\":\"\",\"potentialAction\":[{\"@type\":\"SearchAction\",\"target\":{\"@type\":\"EntryPoint\",\"urlTemplate\":\"https:\\\/\\\/quehacerpolitico.mx\\\/?s={search_term_string}\"},\"query-input\":{\"@type\":\"PropertyValueSpecification\",\"valueRequired\":true,\"valueName\":\"search_term_string\"}}],\"inLanguage\":\"es\"},{\"@type\":\"Person\",\"@id\":\"https:\\\/\\\/quehacerpolitico.mx\\\/#\\\/schema\\\/person\\\/496d8ad2d1d3f8036101dca7ee39e585\",\"name\":\"Redacci\u00f3n QP\",\"image\":{\"@type\":\"ImageObject\",\"inLanguage\":\"es\",\"@id\":\"https:\\\/\\\/secure.gravatar.com\\\/avatar\\\/c7164ed6fdec453195284ad24a5ae5b6e1eed2b848477fa2a4787ba9adf39a41?s=96&d=mm&r=g\",\"url\":\"https:\\\/\\\/secure.gravatar.com\\\/avatar\\\/c7164ed6fdec453195284ad24a5ae5b6e1eed2b848477fa2a4787ba9adf39a41?s=96&d=mm&r=g\",\"contentUrl\":\"https:\\\/\\\/secure.gravatar.com\\\/avatar\\\/c7164ed6fdec453195284ad24a5ae5b6e1eed2b848477fa2a4787ba9adf39a41?s=96&d=mm&r=g\",\"caption\":\"Redacci\u00f3n QP\"},\"url\":\"https:\\\/\\\/quehacerpolitico.mx\\\/?author=2\"}]}<\/script>\n<!-- \/ Yoast SEO plugin. -->","yoast_head_json":{"title":"AMLO defiende al titular de la SCT tras aparecer en lista de \"Pandora Papers\" -","robots":{"index":"index","follow":"follow","max-snippet":"max-snippet:-1","max-image-preview":"max-image-preview:large","max-video-preview":"max-video-preview:-1"},"canonical":"https:\/\/quehacerpolitico.mx\/?p=85368","og_locale":"es_MX","og_type":"article","og_title":"AMLO defiende al titular de la SCT tras aparecer en lista de \"Pandora Papers\" -","og_description":"Por Redacci\u00f3n QP AMLO defiende a Jorge Arganis, tras aparecer\u00a0en lista &#8220;Pandora Papers&#8221;, la cual...","og_url":"https:\/\/quehacerpolitico.mx\/?p=85368","article_published_time":"2021-10-04T19:08:29+00:00","article_modified_time":"2021-10-04T19:08:31+00:00","og_image":[{"width":1284,"height":700,"url":"https:\/\/quehacerpolitico.mx\/wp-content\/uploads\/2021\/10\/9CB069EC-2102-4E46-9792-EE5F43BB9BF8.jpeg","type":"image\/jpeg"}],"author":"Redacci\u00f3n QP","twitter_card":"summary_large_image","twitter_misc":{"Escrito por":"Redacci\u00f3n QP","Tiempo de lectura":"2 minutos"},"schema":{"@context":"https:\/\/schema.org","@graph":[{"@type":"Article","@id":"https:\/\/quehacerpolitico.mx\/?p=85368#article","isPartOf":{"@id":"https:\/\/quehacerpolitico.mx\/?p=85368"},"author":{"name":"Redacci\u00f3n QP","@id":"https:\/\/quehacerpolitico.mx\/#\/schema\/person\/496d8ad2d1d3f8036101dca7ee39e585"},"headline":"AMLO defiende al titular de la SCT tras aparecer en lista de &#8220;Pandora Papers&#8221;","datePublished":"2021-10-04T19:08:29+00:00","dateModified":"2021-10-04T19:08:31+00:00","mainEntityOfPage":{"@id":"https:\/\/quehacerpolitico.mx\/?p=85368"},"wordCount":361,"commentCount":0,"image":{"@id":"https:\/\/quehacerpolitico.mx\/?p=85368#primaryimage"},"thumbnailUrl":"https:\/\/quehacerpolitico.mx\/wp-content\/uploads\/2021\/10\/9CB069EC-2102-4E46-9792-EE5F43BB9BF8.jpeg","articleSection":["Noticias"],"inLanguage":"es","potentialAction":[{"@type":"CommentAction","name":"Comment","target":["https:\/\/quehacerpolitico.mx\/?p=85368#respond"]}]},{"@type":"WebPage","@id":"https:\/\/quehacerpolitico.mx\/?p=85368","url":"https:\/\/quehacerpolitico.mx\/?p=85368","name":"AMLO defiende al titular de la SCT tras aparecer en lista de \"Pandora Papers\" -","isPartOf":{"@id":"https:\/\/quehacerpolitico.mx\/#website"},"primaryImageOfPage":{"@id":"https:\/\/quehacerpolitico.mx\/?p=85368#primaryimage"},"image":{"@id":"https:\/\/quehacerpolitico.mx\/?p=85368#primaryimage"},"thumbnailUrl":"https:\/\/quehacerpolitico.mx\/wp-content\/uploads\/2021\/10\/9CB069EC-2102-4E46-9792-EE5F43BB9BF8.jpeg","datePublished":"2021-10-04T19:08:29+00:00","dateModified":"2021-10-04T19:08:31+00:00","author":{"@id":"https:\/\/quehacerpolitico.mx\/#\/schema\/person\/496d8ad2d1d3f8036101dca7ee39e585"},"breadcrumb":{"@id":"https:\/\/quehacerpolitico.mx\/?p=85368#breadcrumb"},"inLanguage":"es","potentialAction":[{"@type":"ReadAction","target":["https:\/\/quehacerpolitico.mx\/?p=85368"]}]},{"@type":"ImageObject","inLanguage":"es","@id":"https:\/\/quehacerpolitico.mx\/?p=85368#primaryimage","url":"https:\/\/quehacerpolitico.mx\/wp-content\/uploads\/2021\/10\/9CB069EC-2102-4E46-9792-EE5F43BB9BF8.jpeg","contentUrl":"https:\/\/quehacerpolitico.mx\/wp-content\/uploads\/2021\/10\/9CB069EC-2102-4E46-9792-EE5F43BB9BF8.jpeg","width":1284,"height":700},{"@type":"BreadcrumbList","@id":"https:\/\/quehacerpolitico.mx\/?p=85368#breadcrumb","itemListElement":[{"@type":"ListItem","position":1,"name":"Inicio","item":"https:\/\/quehacerpolitico.mx\/"},{"@type":"ListItem","position":2,"name":"AMLO defiende al titular de la SCT tras aparecer en lista de &#8220;Pandora Papers&#8221;"}]},{"@type":"WebSite","@id":"https:\/\/quehacerpolitico.mx\/#website","url":"https:\/\/quehacerpolitico.mx\/","name":"","description":"","potentialAction":[{"@type":"SearchAction","target":{"@type":"EntryPoint","urlTemplate":"https:\/\/quehacerpolitico.mx\/?s={search_term_string}"},"query-input":{"@type":"PropertyValueSpecification","valueRequired":true,"valueName":"search_term_string"}}],"inLanguage":"es"},{"@type":"Person","@id":"https:\/\/quehacerpolitico.mx\/#\/schema\/person\/496d8ad2d1d3f8036101dca7ee39e585","name":"Redacci\u00f3n QP","image":{"@type":"ImageObject","inLanguage":"es","@id":"https:\/\/secure.gravatar.com\/avatar\/c7164ed6fdec453195284ad24a5ae5b6e1eed2b848477fa2a4787ba9adf39a41?s=96&d=mm&r=g","url":"https:\/\/secure.gravatar.com\/avatar\/c7164ed6fdec453195284ad24a5ae5b6e1eed2b848477fa2a4787ba9adf39a41?s=96&d=mm&r=g","contentUrl":"https:\/\/secure.gravatar.com\/avatar\/c7164ed6fdec453195284ad24a5ae5b6e1eed2b848477fa2a4787ba9adf39a41?s=96&d=mm&r=g","caption":"Redacci\u00f3n QP"},"url":"https:\/\/quehacerpolitico.mx\/?author=2"}]}},"featured_image_urls":{"full":["https:\/\/quehacerpolitico.mx\/wp-content\/uploads\/2021\/10\/9CB069EC-2102-4E46-9792-EE5F43BB9BF8.jpeg",1284,700,false],"thumbnail":["https:\/\/quehacerpolitico.mx\/wp-content\/uploads\/2021\/10\/9CB069EC-2102-4E46-9792-EE5F43BB9BF8-150x150.jpeg",150,150,true],"medium":["https:\/\/quehacerpolitico.mx\/wp-content\/uploads\/2021\/10\/9CB069EC-2102-4E46-9792-EE5F43BB9BF8-300x164.jpeg",300,164,true],"medium_large":["https:\/\/quehacerpolitico.mx\/wp-content\/uploads\/2021\/10\/9CB069EC-2102-4E46-9792-EE5F43BB9BF8-768x419.jpeg",640,349,true],"large":["https:\/\/quehacerpolitico.mx\/wp-content\/uploads\/2021\/10\/9CB069EC-2102-4E46-9792-EE5F43BB9BF8-1024x558.jpeg",640,349,true],"1536x1536":["https:\/\/quehacerpolitico.mx\/wp-content\/uploads\/2021\/10\/9CB069EC-2102-4E46-9792-EE5F43BB9BF8.jpeg",1284,700,false],"2048x2048":["https:\/\/quehacerpolitico.mx\/wp-content\/uploads\/2021\/10\/9CB069EC-2102-4E46-9792-EE5F43BB9BF8.jpeg",1284,700,false],"covernews-featured":["https:\/\/quehacerpolitico.mx\/wp-content\/uploads\/2021\/10\/9CB069EC-2102-4E46-9792-EE5F43BB9BF8.jpeg",1024,558,false],"covernews-medium":["https:\/\/quehacerpolitico.mx\/wp-content\/uploads\/2021\/10\/9CB069EC-2102-4E46-9792-EE5F43BB9BF8.jpeg",540,294,false]},"author_info":{"display_name":"Redacci\u00f3n QP","author_link":"https:\/\/quehacerpolitico.mx\/?author=2"},"category_info":"<a href=\"https:\/\/quehacerpolitico.mx\/?cat=2\" rel=\"category\">Noticias<\/a>","tag_info":"Noticias","comment_count":"0","_links":{"self":[{"href":"https:\/\/quehacerpolitico.mx\/index.php?rest_route=\/wp\/v2\/posts\/85368","targetHints":{"allow":["GET"]}}],"collection":[{"href":"https:\/\/quehacerpolitico.mx\/index.php?rest_route=\/wp\/v2\/posts"}],"about":[{"href":"https:\/\/quehacerpolitico.mx\/index.php?rest_route=\/wp\/v2\/types\/post"}],"author":[{"embeddable":true,"href":"https:\/\/quehacerpolitico.mx\/index.php?rest_route=\/wp\/v2\/users\/2"}],"replies":[{"embeddable":true,"href":"https:\/\/quehacerpolitico.mx\/index.php?rest_route=%2Fwp%2Fv2%2Fcomments&post=85368"}],"version-history":[{"count":1,"href":"https:\/\/quehacerpolitico.mx\/index.php?rest_route=\/wp\/v2\/posts\/85368\/revisions"}],"predecessor-version":[{"id":85370,"href":"https:\/\/quehacerpolitico.mx\/index.php?rest_route=\/wp\/v2\/posts\/85368\/revisions\/85370"}],"wp:featuredmedia":[{"embeddable":true,"href":"https:\/\/quehacerpolitico.mx\/index.php?rest_route=\/wp\/v2\/media\/85369"}],"wp:attachment":[{"href":"https:\/\/quehacerpolitico.mx\/index.php?rest_route=%2Fwp%2Fv2%2Fmedia&parent=85368"}],"wp:term":[{"taxonomy":"category","embeddable":true,"href":"https:\/\/quehacerpolitico.mx\/index.php?rest_route=%2Fwp%2Fv2%2Fcategories&post=85368"},{"taxonomy":"post_tag","embeddable":true,"href":"https:\/\/quehacerpolitico.mx\/index.php?rest_route=%2Fwp%2Fv2%2Ftags&post=85368"}],"curies":[{"name":"wp","href":"https:\/\/api.w.org\/{rel}","templated":true}]}}