{"id":85360,"date":"2021-10-04T18:21:09","date_gmt":"2021-10-04T18:21:09","guid":{"rendered":"https:\/\/quehacerpolitico.mx\/?p=85360"},"modified":"2021-10-04T18:21:11","modified_gmt":"2021-10-04T18:21:11","slug":"sin-tramites-ni-palancas-miercoles-ciudadanos","status":"publish","type":"post","link":"https:\/\/quehacerpolitico.mx\/?p=85360","title":{"rendered":"SIN TRAMITES, NI PALANCAS: MI\u00c9RCOLES CIUDADANOS"},"content":{"rendered":"\n<p>Por Andr\u00e9s Ram\u00edrez Torres<\/p>\n\n\n\n<p>Brindaremos la atenci\u00f3n a todos los ciudadanos que lo requieran, nosotros mismos como alcaldes, estaremos presentes mi\u00e9rcoles a mi\u00e9rcoles: Margarita Salda\u00f1a<\/p>\n\n\n\n<p>Este lunes 4 de octubre, durante la \u00faltima conferencia de la vocer\u00eda de la Alcaldesa de \u00c1lvaro Obreg\u00f3n, &nbsp;Lia Limon, se habl\u00f3 de los Mi\u00e9rcoles de Ciudadan\u00eda, donde se establece la comunicaci\u00f3n directa con los alcaldes y concejales de cada demarcaci\u00f3n, sin tramites tortuosos o palancas dentro de la alcald\u00eda, ya que todo el.que lo requiera, podr\u00e1 acercarse.<\/p>\n\n\n\n<p>Comenta Giovani Guti\u00e9rrez, Alcalde de Coyoac\u00e1n, que la din\u00e1mica empezar\u00e1 desde las 7 de la ma\u00f1ana, donde se repartir\u00e1n fichas a los vecinos, para poder ser atendidos hasta por 5 min cada uno, fomentando as\u00ed la comunicaci\u00f3n entre vecinos y alcaldes.<\/p>\n\n\n\n<figure class=\"wp-block-image size-large\"><img loading=\"lazy\" decoding=\"async\" width=\"1024\" height=\"683\" src=\"https:\/\/quehacerpolitico.mx\/wp-content\/uploads\/2021\/10\/image-5-1024x683.jpeg\" alt=\"\" class=\"wp-image-85361\" srcset=\"https:\/\/quehacerpolitico.mx\/wp-content\/uploads\/2021\/10\/image-5-1024x683.jpeg 1024w, https:\/\/quehacerpolitico.mx\/wp-content\/uploads\/2021\/10\/image-5-300x200.jpeg 300w, https:\/\/quehacerpolitico.mx\/wp-content\/uploads\/2021\/10\/image-5-768x512.jpeg 768w, https:\/\/quehacerpolitico.mx\/wp-content\/uploads\/2021\/10\/image-5-1536x1024.jpeg 1536w, https:\/\/quehacerpolitico.mx\/wp-content\/uploads\/2021\/10\/image-5-219x146.jpeg 219w, https:\/\/quehacerpolitico.mx\/wp-content\/uploads\/2021\/10\/image-5-50x33.jpeg 50w, https:\/\/quehacerpolitico.mx\/wp-content\/uploads\/2021\/10\/image-5-113x75.jpeg 113w, https:\/\/quehacerpolitico.mx\/wp-content\/uploads\/2021\/10\/image-5.jpeg 1599w\" sizes=\"auto, (max-width: 1024px) 100vw, 1024px\" \/><\/figure>\n\n\n\n<p>Por su parte Adri\u00e1n Ruvalcaba, Alcalde de Cuajimalpa, se\u00f1al\u00f3 que esta din\u00e1mica la inici\u00f3 desde su primer gobierno, los d\u00edas lunes y tambi\u00e9n hace uso de las tecnolog\u00edas para poder tener distintos tipos de acercamiento. Margarita Mendoza, Alcaldesa de Azcapotzalco, &nbsp; confirm\u00f3 lo dicho por Ruvalcaba, &nbsp;pues asegura que esta din\u00e1mica resulta ser un \u00e9xito.<\/p>\n\n\n\n<p>En cuanto al inicio de gobierno de cada uno de los alcaldes, Mauricio Tabe, Alcalde de Miguel Hidalgo dio a conocer la entrega de un contrato de una empresa de log\u00edstica, misma que tiene un valor de 10 millones de pesos, expresando la sorpresa de la entrega de este contacto.<\/p>\n\n\n\n<figure class=\"wp-block-image size-large\"><img loading=\"lazy\" decoding=\"async\" width=\"1024\" height=\"682\" src=\"https:\/\/quehacerpolitico.mx\/wp-content\/uploads\/2021\/10\/image-6-1024x682.jpeg\" alt=\"\" class=\"wp-image-85362\" srcset=\"https:\/\/quehacerpolitico.mx\/wp-content\/uploads\/2021\/10\/image-6-1024x682.jpeg 1024w, https:\/\/quehacerpolitico.mx\/wp-content\/uploads\/2021\/10\/image-6-300x200.jpeg 300w, https:\/\/quehacerpolitico.mx\/wp-content\/uploads\/2021\/10\/image-6-768x512.jpeg 768w, https:\/\/quehacerpolitico.mx\/wp-content\/uploads\/2021\/10\/image-6-219x146.jpeg 219w, https:\/\/quehacerpolitico.mx\/wp-content\/uploads\/2021\/10\/image-6-50x33.jpeg 50w, https:\/\/quehacerpolitico.mx\/wp-content\/uploads\/2021\/10\/image-6-113x75.jpeg 113w, https:\/\/quehacerpolitico.mx\/wp-content\/uploads\/2021\/10\/image-6.jpeg 1280w\" sizes=\"auto, (max-width: 1024px) 100vw, 1024px\" \/><\/figure>\n\n\n\n<p>De la misma manera Luis Gerardo Quijano, Alcalde de la Magdalena Contreras, al comentar que la entrega de la administraci\u00f3n pasada dej\u00f3 patrullas incompletas, veh\u00edculos de limpia en p\u00e9simo estado, comenta que hasta las computadoras les desconectaron.<\/p>\n\n\n\n<p>En cuanto a Sandra Cuevas, dio a conocer la entrega de cuentas incompletas por parte de la administraci\u00f3n pasada, esto en los ba\u00f1os de los mercados p\u00fablicos, generando una revisi\u00f3n m\u00e1s exhaustiva y recuperando muchos m\u00e1s del dinero que se genera.<\/p>\n\n\n\n<p>Se firm\u00f3 y constituy\u00f3 de manera oficial la Union de Alcaldes de la Ciudad de M\u00e9xico (UNACDMX), realizando la firma durante la conferencia, del documento que lo avala.<\/p>\n\n\n\n<figure class=\"wp-block-embed is-type-rich is-provider-twitter wp-block-embed-twitter\"><div class=\"wp-block-embed__wrapper\">\nhttps:\/\/twitter.com\/unacdmx_oficial\/status\/1445068870801412105?s=21\n<\/div><\/figure>\n\n\n\n<p>As\u00ed como el cambio de estafeta en la vocer\u00eda de la UNACDMX, de Lia Lim\u00f3n a Giovani Guti\u00e9rrez.<\/p>\n\n\n\n<figure class=\"wp-block-embed is-type-rich is-provider-twitter wp-block-embed-twitter\"><div class=\"wp-block-embed__wrapper\">\n<blockquote class=\"twitter-tweet\" data-width=\"550\" data-dnt=\"true\"><p lang=\"es\" dir=\"ltr\"><a href=\"https:\/\/twitter.com\/hashtag\/QPMX?src=hash&amp;ref_src=twsrc%5Etfw\">#QPMX<\/a> \ud83d\udd34<a href=\"https:\/\/twitter.com\/hashtag\/EnVivo?src=hash&amp;ref_src=twsrc%5Etfw\">#EnVivo<\/a> Conferencia de prensa de las alcaldesas y alcaldes de la <a href=\"https:\/\/twitter.com\/UNACDMX_OFICIAL?ref_src=twsrc%5Etfw\">@UNACDMX_OFICIAL<\/a> | lunes 04 de Octubre del 2021 <a href=\"https:\/\/t.co\/8spb00f6kI\">https:\/\/t.co\/8spb00f6kI<\/a><\/p>&mdash; Quehacer Pol\u00edtico (@QueHacerPolitic) <a href=\"https:\/\/twitter.com\/QueHacerPolitic\/status\/1445006622909210627?ref_src=twsrc%5Etfw\">October 4, 2021<\/a><\/blockquote><script async src=\"https:\/\/platform.twitter.com\/widgets.js\" charset=\"utf-8\"><\/script>\n<\/div><\/figure>\n","protected":false},"excerpt":{"rendered":"<p>Por Andr\u00e9s Ram\u00edrez Torres Brindaremos la atenci\u00f3n a todos los ciudadanos que lo requieran, nosotros&#8230;<\/p>\n","protected":false},"author":2,"featured_media":85363,"comment_status":"open","ping_status":"open","sticky":false,"template":"","format":"standard","meta":{"_monsterinsights_skip_tracking":false,"_monsterinsights_sitenote_active":false,"_monsterinsights_sitenote_note":"","_monsterinsights_sitenote_category":0,"footnotes":""},"categories":[55],"tags":[],"class_list":["post-85360","post","type-post","status-publish","format-standard","has-post-thumbnail","hentry","category-cdmx"],"yoast_head":"<!-- This site is optimized with the Yoast SEO plugin v27.3 - https:\/\/yoast.com\/product\/yoast-seo-wordpress\/ -->\n<title>SIN TRAMITES, NI PALANCAS: MI\u00c9RCOLES CIUDADANOS -<\/title>\n<meta name=\"robots\" content=\"index, follow, max-snippet:-1, max-image-preview:large, max-video-preview:-1\" \/>\n<link rel=\"canonical\" href=\"https:\/\/quehacerpolitico.mx\/?p=85360\" \/>\n<meta property=\"og:locale\" content=\"es_MX\" \/>\n<meta property=\"og:type\" content=\"article\" \/>\n<meta property=\"og:title\" content=\"SIN TRAMITES, NI PALANCAS: MI\u00c9RCOLES CIUDADANOS -\" \/>\n<meta property=\"og:description\" content=\"Por Andr\u00e9s Ram\u00edrez Torres Brindaremos la atenci\u00f3n a todos los ciudadanos que lo requieran, nosotros...\" \/>\n<meta property=\"og:url\" content=\"https:\/\/quehacerpolitico.mx\/?p=85360\" \/>\n<meta property=\"article:published_time\" content=\"2021-10-04T18:21:09+00:00\" \/>\n<meta property=\"article:modified_time\" content=\"2021-10-04T18:21:11+00:00\" \/>\n<meta property=\"og:image\" content=\"https:\/\/quehacerpolitico.mx\/wp-content\/uploads\/2021\/10\/8DA36CF1-3C2A-41B3-9BD7-C3B838159610.jpeg\" \/>\n\t<meta property=\"og:image:width\" content=\"1599\" \/>\n\t<meta property=\"og:image:height\" content=\"1066\" \/>\n\t<meta property=\"og:image:type\" content=\"image\/jpeg\" \/>\n<meta name=\"author\" content=\"Redacci\u00f3n QP\" \/>\n<meta name=\"twitter:card\" content=\"summary_large_image\" \/>\n<meta name=\"twitter:label1\" content=\"Escrito por\" \/>\n\t<meta name=\"twitter:data1\" content=\"Redacci\u00f3n QP\" \/>\n\t<meta name=\"twitter:label2\" content=\"Tiempo de lectura\" \/>\n\t<meta name=\"twitter:data2\" content=\"2 minutos\" \/>\n<script type=\"application\/ld+json\" class=\"yoast-schema-graph\">{\"@context\":\"https:\\\/\\\/schema.org\",\"@graph\":[{\"@type\":\"Article\",\"@id\":\"https:\\\/\\\/quehacerpolitico.mx\\\/?p=85360#article\",\"isPartOf\":{\"@id\":\"https:\\\/\\\/quehacerpolitico.mx\\\/?p=85360\"},\"author\":{\"name\":\"Redacci\u00f3n QP\",\"@id\":\"https:\\\/\\\/quehacerpolitico.mx\\\/#\\\/schema\\\/person\\\/496d8ad2d1d3f8036101dca7ee39e585\"},\"headline\":\"SIN TRAMITES, NI PALANCAS: MI\u00c9RCOLES CIUDADANOS\",\"datePublished\":\"2021-10-04T18:21:09+00:00\",\"dateModified\":\"2021-10-04T18:21:11+00:00\",\"mainEntityOfPage\":{\"@id\":\"https:\\\/\\\/quehacerpolitico.mx\\\/?p=85360\"},\"wordCount\":412,\"commentCount\":0,\"image\":{\"@id\":\"https:\\\/\\\/quehacerpolitico.mx\\\/?p=85360#primaryimage\"},\"thumbnailUrl\":\"https:\\\/\\\/quehacerpolitico.mx\\\/wp-content\\\/uploads\\\/2021\\\/10\\\/8DA36CF1-3C2A-41B3-9BD7-C3B838159610.jpeg\",\"articleSection\":[\"CDMX\"],\"inLanguage\":\"es\",\"potentialAction\":[{\"@type\":\"CommentAction\",\"name\":\"Comment\",\"target\":[\"https:\\\/\\\/quehacerpolitico.mx\\\/?p=85360#respond\"]}]},{\"@type\":\"WebPage\",\"@id\":\"https:\\\/\\\/quehacerpolitico.mx\\\/?p=85360\",\"url\":\"https:\\\/\\\/quehacerpolitico.mx\\\/?p=85360\",\"name\":\"SIN TRAMITES, NI PALANCAS: MI\u00c9RCOLES CIUDADANOS -\",\"isPartOf\":{\"@id\":\"https:\\\/\\\/quehacerpolitico.mx\\\/#website\"},\"primaryImageOfPage\":{\"@id\":\"https:\\\/\\\/quehacerpolitico.mx\\\/?p=85360#primaryimage\"},\"image\":{\"@id\":\"https:\\\/\\\/quehacerpolitico.mx\\\/?p=85360#primaryimage\"},\"thumbnailUrl\":\"https:\\\/\\\/quehacerpolitico.mx\\\/wp-content\\\/uploads\\\/2021\\\/10\\\/8DA36CF1-3C2A-41B3-9BD7-C3B838159610.jpeg\",\"datePublished\":\"2021-10-04T18:21:09+00:00\",\"dateModified\":\"2021-10-04T18:21:11+00:00\",\"author\":{\"@id\":\"https:\\\/\\\/quehacerpolitico.mx\\\/#\\\/schema\\\/person\\\/496d8ad2d1d3f8036101dca7ee39e585\"},\"breadcrumb\":{\"@id\":\"https:\\\/\\\/quehacerpolitico.mx\\\/?p=85360#breadcrumb\"},\"inLanguage\":\"es\",\"potentialAction\":[{\"@type\":\"ReadAction\",\"target\":[\"https:\\\/\\\/quehacerpolitico.mx\\\/?p=85360\"]}]},{\"@type\":\"ImageObject\",\"inLanguage\":\"es\",\"@id\":\"https:\\\/\\\/quehacerpolitico.mx\\\/?p=85360#primaryimage\",\"url\":\"https:\\\/\\\/quehacerpolitico.mx\\\/wp-content\\\/uploads\\\/2021\\\/10\\\/8DA36CF1-3C2A-41B3-9BD7-C3B838159610.jpeg\",\"contentUrl\":\"https:\\\/\\\/quehacerpolitico.mx\\\/wp-content\\\/uploads\\\/2021\\\/10\\\/8DA36CF1-3C2A-41B3-9BD7-C3B838159610.jpeg\",\"width\":1599,\"height\":1066},{\"@type\":\"BreadcrumbList\",\"@id\":\"https:\\\/\\\/quehacerpolitico.mx\\\/?p=85360#breadcrumb\",\"itemListElement\":[{\"@type\":\"ListItem\",\"position\":1,\"name\":\"Inicio\",\"item\":\"https:\\\/\\\/quehacerpolitico.mx\\\/\"},{\"@type\":\"ListItem\",\"position\":2,\"name\":\"SIN TRAMITES, NI PALANCAS: MI\u00c9RCOLES CIUDADANOS\"}]},{\"@type\":\"WebSite\",\"@id\":\"https:\\\/\\\/quehacerpolitico.mx\\\/#website\",\"url\":\"https:\\\/\\\/quehacerpolitico.mx\\\/\",\"name\":\"\",\"description\":\"\",\"potentialAction\":[{\"@type\":\"SearchAction\",\"target\":{\"@type\":\"EntryPoint\",\"urlTemplate\":\"https:\\\/\\\/quehacerpolitico.mx\\\/?s={search_term_string}\"},\"query-input\":{\"@type\":\"PropertyValueSpecification\",\"valueRequired\":true,\"valueName\":\"search_term_string\"}}],\"inLanguage\":\"es\"},{\"@type\":\"Person\",\"@id\":\"https:\\\/\\\/quehacerpolitico.mx\\\/#\\\/schema\\\/person\\\/496d8ad2d1d3f8036101dca7ee39e585\",\"name\":\"Redacci\u00f3n QP\",\"image\":{\"@type\":\"ImageObject\",\"inLanguage\":\"es\",\"@id\":\"https:\\\/\\\/secure.gravatar.com\\\/avatar\\\/c7164ed6fdec453195284ad24a5ae5b6e1eed2b848477fa2a4787ba9adf39a41?s=96&d=mm&r=g\",\"url\":\"https:\\\/\\\/secure.gravatar.com\\\/avatar\\\/c7164ed6fdec453195284ad24a5ae5b6e1eed2b848477fa2a4787ba9adf39a41?s=96&d=mm&r=g\",\"contentUrl\":\"https:\\\/\\\/secure.gravatar.com\\\/avatar\\\/c7164ed6fdec453195284ad24a5ae5b6e1eed2b848477fa2a4787ba9adf39a41?s=96&d=mm&r=g\",\"caption\":\"Redacci\u00f3n QP\"},\"url\":\"https:\\\/\\\/quehacerpolitico.mx\\\/?author=2\"}]}<\/script>\n<!-- \/ Yoast SEO plugin. -->","yoast_head_json":{"title":"SIN TRAMITES, NI PALANCAS: MI\u00c9RCOLES CIUDADANOS -","robots":{"index":"index","follow":"follow","max-snippet":"max-snippet:-1","max-image-preview":"max-image-preview:large","max-video-preview":"max-video-preview:-1"},"canonical":"https:\/\/quehacerpolitico.mx\/?p=85360","og_locale":"es_MX","og_type":"article","og_title":"SIN TRAMITES, NI PALANCAS: MI\u00c9RCOLES CIUDADANOS -","og_description":"Por Andr\u00e9s Ram\u00edrez Torres Brindaremos la atenci\u00f3n a todos los ciudadanos que lo requieran, nosotros...","og_url":"https:\/\/quehacerpolitico.mx\/?p=85360","article_published_time":"2021-10-04T18:21:09+00:00","article_modified_time":"2021-10-04T18:21:11+00:00","og_image":[{"width":1599,"height":1066,"url":"https:\/\/quehacerpolitico.mx\/wp-content\/uploads\/2021\/10\/8DA36CF1-3C2A-41B3-9BD7-C3B838159610.jpeg","type":"image\/jpeg"}],"author":"Redacci\u00f3n QP","twitter_card":"summary_large_image","twitter_misc":{"Escrito por":"Redacci\u00f3n QP","Tiempo de lectura":"2 minutos"},"schema":{"@context":"https:\/\/schema.org","@graph":[{"@type":"Article","@id":"https:\/\/quehacerpolitico.mx\/?p=85360#article","isPartOf":{"@id":"https:\/\/quehacerpolitico.mx\/?p=85360"},"author":{"name":"Redacci\u00f3n QP","@id":"https:\/\/quehacerpolitico.mx\/#\/schema\/person\/496d8ad2d1d3f8036101dca7ee39e585"},"headline":"SIN TRAMITES, NI PALANCAS: MI\u00c9RCOLES CIUDADANOS","datePublished":"2021-10-04T18:21:09+00:00","dateModified":"2021-10-04T18:21:11+00:00","mainEntityOfPage":{"@id":"https:\/\/quehacerpolitico.mx\/?p=85360"},"wordCount":412,"commentCount":0,"image":{"@id":"https:\/\/quehacerpolitico.mx\/?p=85360#primaryimage"},"thumbnailUrl":"https:\/\/quehacerpolitico.mx\/wp-content\/uploads\/2021\/10\/8DA36CF1-3C2A-41B3-9BD7-C3B838159610.jpeg","articleSection":["CDMX"],"inLanguage":"es","potentialAction":[{"@type":"CommentAction","name":"Comment","target":["https:\/\/quehacerpolitico.mx\/?p=85360#respond"]}]},{"@type":"WebPage","@id":"https:\/\/quehacerpolitico.mx\/?p=85360","url":"https:\/\/quehacerpolitico.mx\/?p=85360","name":"SIN TRAMITES, NI PALANCAS: MI\u00c9RCOLES CIUDADANOS -","isPartOf":{"@id":"https:\/\/quehacerpolitico.mx\/#website"},"primaryImageOfPage":{"@id":"https:\/\/quehacerpolitico.mx\/?p=85360#primaryimage"},"image":{"@id":"https:\/\/quehacerpolitico.mx\/?p=85360#primaryimage"},"thumbnailUrl":"https:\/\/quehacerpolitico.mx\/wp-content\/uploads\/2021\/10\/8DA36CF1-3C2A-41B3-9BD7-C3B838159610.jpeg","datePublished":"2021-10-04T18:21:09+00:00","dateModified":"2021-10-04T18:21:11+00:00","author":{"@id":"https:\/\/quehacerpolitico.mx\/#\/schema\/person\/496d8ad2d1d3f8036101dca7ee39e585"},"breadcrumb":{"@id":"https:\/\/quehacerpolitico.mx\/?p=85360#breadcrumb"},"inLanguage":"es","potentialAction":[{"@type":"ReadAction","target":["https:\/\/quehacerpolitico.mx\/?p=85360"]}]},{"@type":"ImageObject","inLanguage":"es","@id":"https:\/\/quehacerpolitico.mx\/?p=85360#primaryimage","url":"https:\/\/quehacerpolitico.mx\/wp-content\/uploads\/2021\/10\/8DA36CF1-3C2A-41B3-9BD7-C3B838159610.jpeg","contentUrl":"https:\/\/quehacerpolitico.mx\/wp-content\/uploads\/2021\/10\/8DA36CF1-3C2A-41B3-9BD7-C3B838159610.jpeg","width":1599,"height":1066},{"@type":"BreadcrumbList","@id":"https:\/\/quehacerpolitico.mx\/?p=85360#breadcrumb","itemListElement":[{"@type":"ListItem","position":1,"name":"Inicio","item":"https:\/\/quehacerpolitico.mx\/"},{"@type":"ListItem","position":2,"name":"SIN TRAMITES, NI PALANCAS: MI\u00c9RCOLES CIUDADANOS"}]},{"@type":"WebSite","@id":"https:\/\/quehacerpolitico.mx\/#website","url":"https:\/\/quehacerpolitico.mx\/","name":"","description":"","potentialAction":[{"@type":"SearchAction","target":{"@type":"EntryPoint","urlTemplate":"https:\/\/quehacerpolitico.mx\/?s={search_term_string}"},"query-input":{"@type":"PropertyValueSpecification","valueRequired":true,"valueName":"search_term_string"}}],"inLanguage":"es"},{"@type":"Person","@id":"https:\/\/quehacerpolitico.mx\/#\/schema\/person\/496d8ad2d1d3f8036101dca7ee39e585","name":"Redacci\u00f3n QP","image":{"@type":"ImageObject","inLanguage":"es","@id":"https:\/\/secure.gravatar.com\/avatar\/c7164ed6fdec453195284ad24a5ae5b6e1eed2b848477fa2a4787ba9adf39a41?s=96&d=mm&r=g","url":"https:\/\/secure.gravatar.com\/avatar\/c7164ed6fdec453195284ad24a5ae5b6e1eed2b848477fa2a4787ba9adf39a41?s=96&d=mm&r=g","contentUrl":"https:\/\/secure.gravatar.com\/avatar\/c7164ed6fdec453195284ad24a5ae5b6e1eed2b848477fa2a4787ba9adf39a41?s=96&d=mm&r=g","caption":"Redacci\u00f3n QP"},"url":"https:\/\/quehacerpolitico.mx\/?author=2"}]}},"featured_image_urls":{"full":["https:\/\/quehacerpolitico.mx\/wp-content\/uploads\/2021\/10\/8DA36CF1-3C2A-41B3-9BD7-C3B838159610.jpeg",1599,1066,false],"thumbnail":["https:\/\/quehacerpolitico.mx\/wp-content\/uploads\/2021\/10\/8DA36CF1-3C2A-41B3-9BD7-C3B838159610-150x150.jpeg",150,150,true],"medium":["https:\/\/quehacerpolitico.mx\/wp-content\/uploads\/2021\/10\/8DA36CF1-3C2A-41B3-9BD7-C3B838159610-300x200.jpeg",300,200,true],"medium_large":["https:\/\/quehacerpolitico.mx\/wp-content\/uploads\/2021\/10\/8DA36CF1-3C2A-41B3-9BD7-C3B838159610-768x512.jpeg",640,427,true],"large":["https:\/\/quehacerpolitico.mx\/wp-content\/uploads\/2021\/10\/8DA36CF1-3C2A-41B3-9BD7-C3B838159610-1024x683.jpeg",640,427,true],"1536x1536":["https:\/\/quehacerpolitico.mx\/wp-content\/uploads\/2021\/10\/8DA36CF1-3C2A-41B3-9BD7-C3B838159610-1536x1024.jpeg",1536,1024,true],"2048x2048":["https:\/\/quehacerpolitico.mx\/wp-content\/uploads\/2021\/10\/8DA36CF1-3C2A-41B3-9BD7-C3B838159610.jpeg",1599,1066,false],"covernews-featured":["https:\/\/quehacerpolitico.mx\/wp-content\/uploads\/2021\/10\/8DA36CF1-3C2A-41B3-9BD7-C3B838159610.jpeg",1024,683,false],"covernews-medium":["https:\/\/quehacerpolitico.mx\/wp-content\/uploads\/2021\/10\/8DA36CF1-3C2A-41B3-9BD7-C3B838159610.jpeg",510,340,false]},"author_info":{"display_name":"Redacci\u00f3n QP","author_link":"https:\/\/quehacerpolitico.mx\/?author=2"},"category_info":"<a href=\"https:\/\/quehacerpolitico.mx\/?cat=55\" rel=\"category\">CDMX<\/a>","tag_info":"CDMX","comment_count":"0","_links":{"self":[{"href":"https:\/\/quehacerpolitico.mx\/index.php?rest_route=\/wp\/v2\/posts\/85360","targetHints":{"allow":["GET"]}}],"collection":[{"href":"https:\/\/quehacerpolitico.mx\/index.php?rest_route=\/wp\/v2\/posts"}],"about":[{"href":"https:\/\/quehacerpolitico.mx\/index.php?rest_route=\/wp\/v2\/types\/post"}],"author":[{"embeddable":true,"href":"https:\/\/quehacerpolitico.mx\/index.php?rest_route=\/wp\/v2\/users\/2"}],"replies":[{"embeddable":true,"href":"https:\/\/quehacerpolitico.mx\/index.php?rest_route=%2Fwp%2Fv2%2Fcomments&post=85360"}],"version-history":[{"count":1,"href":"https:\/\/quehacerpolitico.mx\/index.php?rest_route=\/wp\/v2\/posts\/85360\/revisions"}],"predecessor-version":[{"id":85364,"href":"https:\/\/quehacerpolitico.mx\/index.php?rest_route=\/wp\/v2\/posts\/85360\/revisions\/85364"}],"wp:featuredmedia":[{"embeddable":true,"href":"https:\/\/quehacerpolitico.mx\/index.php?rest_route=\/wp\/v2\/media\/85363"}],"wp:attachment":[{"href":"https:\/\/quehacerpolitico.mx\/index.php?rest_route=%2Fwp%2Fv2%2Fmedia&parent=85360"}],"wp:term":[{"taxonomy":"category","embeddable":true,"href":"https:\/\/quehacerpolitico.mx\/index.php?rest_route=%2Fwp%2Fv2%2Fcategories&post=85360"},{"taxonomy":"post_tag","embeddable":true,"href":"https:\/\/quehacerpolitico.mx\/index.php?rest_route=%2Fwp%2Fv2%2Ftags&post=85360"}],"curies":[{"name":"wp","href":"https:\/\/api.w.org\/{rel}","templated":true}]}}