{"id":85357,"date":"2021-10-04T18:11:12","date_gmt":"2021-10-04T18:11:12","guid":{"rendered":"https:\/\/quehacerpolitico.mx\/?p=85357"},"modified":"2021-10-04T18:11:17","modified_gmt":"2021-10-04T18:11:17","slug":"amlo-defiende-reforma-electrica-para-evitar-lo-que-pasa-en-espana","status":"publish","type":"post","link":"https:\/\/quehacerpolitico.mx\/?p=85357","title":{"rendered":"AMLO defiende reforma el\u00e9ctrica para evitar &#8220;lo que pasa en Espa\u00f1a&#8221;"},"content":{"rendered":"\n<p>Por Redacci\u00f3n QP<\/p>\n\n\n\n<p>AMLO dice que el objetivo de\u00a0la nueva iniciativa\u00a0es que se pague lo justo para la energ\u00eda el\u00e9ctrica y no aumente el precio de la Luz<\/p>\n\n\n\n<p>El Presidente\u00a0<strong>Andr\u00e9s Manuel L\u00f3pez Obrador\u00a0<\/strong>(AMLO) defendi\u00f3 este lunes su pol\u00e9mica propuesta de reforma el\u00e9ctrica con el objetivo de evitar aumentos del precio de la luz como los ocurridos en Espa\u00f1a.<\/p>\n\n\n\n<p>&#8220;La nueva iniciativa lo que busca es que no haya estos privilegios para que se pague lo justo para la energ\u00eda el\u00e9ctrica y no aumente el precio de la luz, ese es el objetivo principal, que no pase lo que est\u00e1 sucediendo en Espa\u00f1a&#8221;, dijo en su rueda de prensa matutina en la ciudad de Puebla.<\/p>\n\n\n\n<blockquote class=\"wp-block-quote is-layout-flow wp-block-quote-is-layout-flow\"><p>&#8220;La reforma el\u00e9ctrica es para garantizar que no aumente la luz. \u00bfQui\u00e9nes se beneficiar\u00e1n? Todos nos beneficiamos. Los empresarios (tambi\u00e9n)&#8221;<\/p><\/blockquote>\n\n\n\n<p>AMLO arremeti\u00f3 una vez m\u00e1s contra los Gobiernos pasados que a su juicio favorecieron la entrada de empresas el\u00e9ctricas extranjeras, las cuales actuaron en\u00a0Mexico\u00a0como si fuera\u00a0<strong>&#8220;tierra de conquista&#8221;<\/strong>.<\/p>\n\n\n\n<figure class=\"wp-block-embed is-type-video is-provider-youtube wp-block-embed-youtube wp-embed-aspect-16-9 wp-has-aspect-ratio\"><div class=\"wp-block-embed__wrapper\">\n<iframe loading=\"lazy\" title=\"Quienes voten contra reforma el\u00e9ctrica ser\u00e1n exhibidos en ma\u00f1aneras, advierte AMLO\" width=\"640\" height=\"360\" src=\"https:\/\/www.youtube.com\/embed\/gjgTlvtjyD4?feature=oembed\" frameborder=\"0\" allow=\"accelerometer; autoplay; clipboard-write; encrypted-media; gyroscope; picture-in-picture; web-share\" referrerpolicy=\"strict-origin-when-cross-origin\" allowfullscreen><\/iframe>\n<\/div><\/figure>\n\n\n\n<p>&#8220;En Espa\u00f1a ellos dominan y miren c\u00f3mo est\u00e1n los precios de la luz. Hay una crisis tremenda pero las autoridades espa\u00f1olas dependen mucho de estas empresas&#8221;, opin\u00f3.<\/p>\n\n\n\n<p>L\u00f3pez Obrador dijo que el Gobierno de M\u00e9xico tiene\u00a0<strong>&#8220;la gran ventaja&#8221;\u00a0<\/strong>de que fue elegido &#8220;por el pueblo&#8221;: &#8220;Somos libres y tenemos que defender la econom\u00eda popular&#8221;, expres\u00f3.<\/p>\n\n\n\n<p>L\u00f3pez Obrador\u00a0envi\u00f3 el pasado jueves al Congreso su iniciativa de reforma constitucional al sector energ\u00e9tico, que pretende establecer que la estatal Comisi\u00f3n Federal de Electricidad\u00a0(CFE) tenga el\u00a0<strong>54%<\/strong>\u00a0del mercado.<\/p>\n\n\n\n<p>No obstante, la Confederaci\u00f3n de C\u00e1maras Industriales (Concamin) de M\u00e9xico advirti\u00f3 que, de aprobarse la reforma constitucional en materia energ\u00e9tica, podr\u00edan perderse inversiones y proyectos, sin que se alcanzara a cubrir la demanda nacional de electricidad.<\/p>\n\n\n\n<p>&#8220;La reforma el\u00e9ctrica es para garantizar que no aumente la luz. \u00bfQui\u00e9nes se beneficiar\u00e1n? Todos nos beneficiamos. Los empresarios (tambi\u00e9n)&#8221;, respondi\u00f3 AMLO.<\/p>\n\n\n\n<p>La coalici\u00f3n oficialista, liderada por el Movimiento Regeneraci\u00f3n Nacional&nbsp;<strong>(Morena)<\/strong>, no ostenta la mayor\u00eda calificada de dos terceras partes del Congreso para aprobar reformas constitucionales, por lo que necesitar\u00e1 pactar con la oposici\u00f3n.<\/p>\n\n\n\n<p>Por ello, L\u00f3pez Obrador advirti\u00f3 a los legisladores que van a tener que<strong>&nbsp;&#8220;asumir su responsabilidad&#8221;<\/strong>.<\/p>\n\n\n\n<p><strong>&#8220;Que no est\u00e9n pensando que van a votar en contra de esta reforma que es para beneficiar al pueblo y nadie se va enterar&#8221;<\/strong>, amenaz\u00f3.<\/p>\n\n\n\n<p>Se dirigi\u00f3 especialmente a los legisladores del Partido Revolucionario Institucional (PRI), posible socio en la votaci\u00f3n, a quienes les record\u00f3 que el presidente priista Adolfo L\u00f3pez Mateos (1958-1964) &#8220;nacionaliz\u00f3 la industria el\u00e9ctrica&#8221;.<\/p>\n\n\n\n<p>Con Informaci\u00f3n de EFE<\/p>\n","protected":false},"excerpt":{"rendered":"<p>Por Redacci\u00f3n QP AMLO dice que el objetivo de\u00a0la nueva iniciativa\u00a0es que se pague lo&#8230;<\/p>\n","protected":false},"author":2,"featured_media":85358,"comment_status":"open","ping_status":"open","sticky":false,"template":"","format":"standard","meta":{"_monsterinsights_skip_tracking":false,"_monsterinsights_sitenote_active":false,"_monsterinsights_sitenote_note":"","_monsterinsights_sitenote_category":0,"footnotes":""},"categories":[2],"tags":[],"class_list":["post-85357","post","type-post","status-publish","format-standard","has-post-thumbnail","hentry","category-noticias"],"yoast_head":"<!-- This site is optimized with the Yoast SEO plugin v27.3 - https:\/\/yoast.com\/product\/yoast-seo-wordpress\/ -->\n<title>AMLO defiende reforma el\u00e9ctrica para evitar &quot;lo que pasa en Espa\u00f1a&quot; -<\/title>\n<meta name=\"robots\" content=\"index, follow, max-snippet:-1, max-image-preview:large, max-video-preview:-1\" \/>\n<link rel=\"canonical\" href=\"https:\/\/quehacerpolitico.mx\/?p=85357\" \/>\n<meta property=\"og:locale\" content=\"es_MX\" \/>\n<meta property=\"og:type\" content=\"article\" \/>\n<meta property=\"og:title\" content=\"AMLO defiende reforma el\u00e9ctrica para evitar &quot;lo que pasa en Espa\u00f1a&quot; -\" \/>\n<meta property=\"og:description\" content=\"Por Redacci\u00f3n QP AMLO dice que el objetivo de\u00a0la nueva iniciativa\u00a0es que se pague lo...\" \/>\n<meta property=\"og:url\" content=\"https:\/\/quehacerpolitico.mx\/?p=85357\" \/>\n<meta property=\"article:published_time\" content=\"2021-10-04T18:11:12+00:00\" \/>\n<meta property=\"article:modified_time\" content=\"2021-10-04T18:11:17+00:00\" \/>\n<meta property=\"og:image\" content=\"https:\/\/quehacerpolitico.mx\/wp-content\/uploads\/2021\/10\/0A0B650C-085B-42F5-B663-E3A92CC6ACB2.jpeg\" \/>\n\t<meta property=\"og:image:width\" content=\"1284\" \/>\n\t<meta property=\"og:image:height\" content=\"701\" \/>\n\t<meta property=\"og:image:type\" content=\"image\/jpeg\" \/>\n<meta name=\"author\" content=\"Redacci\u00f3n QP\" \/>\n<meta name=\"twitter:card\" content=\"summary_large_image\" \/>\n<meta name=\"twitter:label1\" content=\"Escrito por\" \/>\n\t<meta name=\"twitter:data1\" content=\"Redacci\u00f3n QP\" \/>\n\t<meta name=\"twitter:label2\" content=\"Tiempo de lectura\" \/>\n\t<meta name=\"twitter:data2\" content=\"2 minutos\" \/>\n<script type=\"application\/ld+json\" class=\"yoast-schema-graph\">{\"@context\":\"https:\\\/\\\/schema.org\",\"@graph\":[{\"@type\":\"Article\",\"@id\":\"https:\\\/\\\/quehacerpolitico.mx\\\/?p=85357#article\",\"isPartOf\":{\"@id\":\"https:\\\/\\\/quehacerpolitico.mx\\\/?p=85357\"},\"author\":{\"name\":\"Redacci\u00f3n QP\",\"@id\":\"https:\\\/\\\/quehacerpolitico.mx\\\/#\\\/schema\\\/person\\\/496d8ad2d1d3f8036101dca7ee39e585\"},\"headline\":\"AMLO defiende reforma el\u00e9ctrica para evitar &#8220;lo que pasa en Espa\u00f1a&#8221;\",\"datePublished\":\"2021-10-04T18:11:12+00:00\",\"dateModified\":\"2021-10-04T18:11:17+00:00\",\"mainEntityOfPage\":{\"@id\":\"https:\\\/\\\/quehacerpolitico.mx\\\/?p=85357\"},\"wordCount\":489,\"commentCount\":0,\"image\":{\"@id\":\"https:\\\/\\\/quehacerpolitico.mx\\\/?p=85357#primaryimage\"},\"thumbnailUrl\":\"https:\\\/\\\/quehacerpolitico.mx\\\/wp-content\\\/uploads\\\/2021\\\/10\\\/0A0B650C-085B-42F5-B663-E3A92CC6ACB2.jpeg\",\"articleSection\":[\"Noticias\"],\"inLanguage\":\"es\",\"potentialAction\":[{\"@type\":\"CommentAction\",\"name\":\"Comment\",\"target\":[\"https:\\\/\\\/quehacerpolitico.mx\\\/?p=85357#respond\"]}]},{\"@type\":\"WebPage\",\"@id\":\"https:\\\/\\\/quehacerpolitico.mx\\\/?p=85357\",\"url\":\"https:\\\/\\\/quehacerpolitico.mx\\\/?p=85357\",\"name\":\"AMLO defiende reforma el\u00e9ctrica para evitar \\\"lo que pasa en Espa\u00f1a\\\" -\",\"isPartOf\":{\"@id\":\"https:\\\/\\\/quehacerpolitico.mx\\\/#website\"},\"primaryImageOfPage\":{\"@id\":\"https:\\\/\\\/quehacerpolitico.mx\\\/?p=85357#primaryimage\"},\"image\":{\"@id\":\"https:\\\/\\\/quehacerpolitico.mx\\\/?p=85357#primaryimage\"},\"thumbnailUrl\":\"https:\\\/\\\/quehacerpolitico.mx\\\/wp-content\\\/uploads\\\/2021\\\/10\\\/0A0B650C-085B-42F5-B663-E3A92CC6ACB2.jpeg\",\"datePublished\":\"2021-10-04T18:11:12+00:00\",\"dateModified\":\"2021-10-04T18:11:17+00:00\",\"author\":{\"@id\":\"https:\\\/\\\/quehacerpolitico.mx\\\/#\\\/schema\\\/person\\\/496d8ad2d1d3f8036101dca7ee39e585\"},\"breadcrumb\":{\"@id\":\"https:\\\/\\\/quehacerpolitico.mx\\\/?p=85357#breadcrumb\"},\"inLanguage\":\"es\",\"potentialAction\":[{\"@type\":\"ReadAction\",\"target\":[\"https:\\\/\\\/quehacerpolitico.mx\\\/?p=85357\"]}]},{\"@type\":\"ImageObject\",\"inLanguage\":\"es\",\"@id\":\"https:\\\/\\\/quehacerpolitico.mx\\\/?p=85357#primaryimage\",\"url\":\"https:\\\/\\\/quehacerpolitico.mx\\\/wp-content\\\/uploads\\\/2021\\\/10\\\/0A0B650C-085B-42F5-B663-E3A92CC6ACB2.jpeg\",\"contentUrl\":\"https:\\\/\\\/quehacerpolitico.mx\\\/wp-content\\\/uploads\\\/2021\\\/10\\\/0A0B650C-085B-42F5-B663-E3A92CC6ACB2.jpeg\",\"width\":1284,\"height\":701},{\"@type\":\"BreadcrumbList\",\"@id\":\"https:\\\/\\\/quehacerpolitico.mx\\\/?p=85357#breadcrumb\",\"itemListElement\":[{\"@type\":\"ListItem\",\"position\":1,\"name\":\"Inicio\",\"item\":\"https:\\\/\\\/quehacerpolitico.mx\\\/\"},{\"@type\":\"ListItem\",\"position\":2,\"name\":\"AMLO defiende reforma el\u00e9ctrica para evitar &#8220;lo que pasa en Espa\u00f1a&#8221;\"}]},{\"@type\":\"WebSite\",\"@id\":\"https:\\\/\\\/quehacerpolitico.mx\\\/#website\",\"url\":\"https:\\\/\\\/quehacerpolitico.mx\\\/\",\"name\":\"\",\"description\":\"\",\"potentialAction\":[{\"@type\":\"SearchAction\",\"target\":{\"@type\":\"EntryPoint\",\"urlTemplate\":\"https:\\\/\\\/quehacerpolitico.mx\\\/?s={search_term_string}\"},\"query-input\":{\"@type\":\"PropertyValueSpecification\",\"valueRequired\":true,\"valueName\":\"search_term_string\"}}],\"inLanguage\":\"es\"},{\"@type\":\"Person\",\"@id\":\"https:\\\/\\\/quehacerpolitico.mx\\\/#\\\/schema\\\/person\\\/496d8ad2d1d3f8036101dca7ee39e585\",\"name\":\"Redacci\u00f3n QP\",\"image\":{\"@type\":\"ImageObject\",\"inLanguage\":\"es\",\"@id\":\"https:\\\/\\\/secure.gravatar.com\\\/avatar\\\/c7164ed6fdec453195284ad24a5ae5b6e1eed2b848477fa2a4787ba9adf39a41?s=96&d=mm&r=g\",\"url\":\"https:\\\/\\\/secure.gravatar.com\\\/avatar\\\/c7164ed6fdec453195284ad24a5ae5b6e1eed2b848477fa2a4787ba9adf39a41?s=96&d=mm&r=g\",\"contentUrl\":\"https:\\\/\\\/secure.gravatar.com\\\/avatar\\\/c7164ed6fdec453195284ad24a5ae5b6e1eed2b848477fa2a4787ba9adf39a41?s=96&d=mm&r=g\",\"caption\":\"Redacci\u00f3n QP\"},\"url\":\"https:\\\/\\\/quehacerpolitico.mx\\\/?author=2\"}]}<\/script>\n<!-- \/ Yoast SEO plugin. -->","yoast_head_json":{"title":"AMLO defiende reforma el\u00e9ctrica para evitar \"lo que pasa en Espa\u00f1a\" -","robots":{"index":"index","follow":"follow","max-snippet":"max-snippet:-1","max-image-preview":"max-image-preview:large","max-video-preview":"max-video-preview:-1"},"canonical":"https:\/\/quehacerpolitico.mx\/?p=85357","og_locale":"es_MX","og_type":"article","og_title":"AMLO defiende reforma el\u00e9ctrica para evitar \"lo que pasa en Espa\u00f1a\" -","og_description":"Por Redacci\u00f3n QP AMLO dice que el objetivo de\u00a0la nueva iniciativa\u00a0es que se pague lo...","og_url":"https:\/\/quehacerpolitico.mx\/?p=85357","article_published_time":"2021-10-04T18:11:12+00:00","article_modified_time":"2021-10-04T18:11:17+00:00","og_image":[{"width":1284,"height":701,"url":"https:\/\/quehacerpolitico.mx\/wp-content\/uploads\/2021\/10\/0A0B650C-085B-42F5-B663-E3A92CC6ACB2.jpeg","type":"image\/jpeg"}],"author":"Redacci\u00f3n QP","twitter_card":"summary_large_image","twitter_misc":{"Escrito por":"Redacci\u00f3n QP","Tiempo de lectura":"2 minutos"},"schema":{"@context":"https:\/\/schema.org","@graph":[{"@type":"Article","@id":"https:\/\/quehacerpolitico.mx\/?p=85357#article","isPartOf":{"@id":"https:\/\/quehacerpolitico.mx\/?p=85357"},"author":{"name":"Redacci\u00f3n QP","@id":"https:\/\/quehacerpolitico.mx\/#\/schema\/person\/496d8ad2d1d3f8036101dca7ee39e585"},"headline":"AMLO defiende reforma el\u00e9ctrica para evitar &#8220;lo que pasa en Espa\u00f1a&#8221;","datePublished":"2021-10-04T18:11:12+00:00","dateModified":"2021-10-04T18:11:17+00:00","mainEntityOfPage":{"@id":"https:\/\/quehacerpolitico.mx\/?p=85357"},"wordCount":489,"commentCount":0,"image":{"@id":"https:\/\/quehacerpolitico.mx\/?p=85357#primaryimage"},"thumbnailUrl":"https:\/\/quehacerpolitico.mx\/wp-content\/uploads\/2021\/10\/0A0B650C-085B-42F5-B663-E3A92CC6ACB2.jpeg","articleSection":["Noticias"],"inLanguage":"es","potentialAction":[{"@type":"CommentAction","name":"Comment","target":["https:\/\/quehacerpolitico.mx\/?p=85357#respond"]}]},{"@type":"WebPage","@id":"https:\/\/quehacerpolitico.mx\/?p=85357","url":"https:\/\/quehacerpolitico.mx\/?p=85357","name":"AMLO defiende reforma el\u00e9ctrica para evitar \"lo que pasa en Espa\u00f1a\" -","isPartOf":{"@id":"https:\/\/quehacerpolitico.mx\/#website"},"primaryImageOfPage":{"@id":"https:\/\/quehacerpolitico.mx\/?p=85357#primaryimage"},"image":{"@id":"https:\/\/quehacerpolitico.mx\/?p=85357#primaryimage"},"thumbnailUrl":"https:\/\/quehacerpolitico.mx\/wp-content\/uploads\/2021\/10\/0A0B650C-085B-42F5-B663-E3A92CC6ACB2.jpeg","datePublished":"2021-10-04T18:11:12+00:00","dateModified":"2021-10-04T18:11:17+00:00","author":{"@id":"https:\/\/quehacerpolitico.mx\/#\/schema\/person\/496d8ad2d1d3f8036101dca7ee39e585"},"breadcrumb":{"@id":"https:\/\/quehacerpolitico.mx\/?p=85357#breadcrumb"},"inLanguage":"es","potentialAction":[{"@type":"ReadAction","target":["https:\/\/quehacerpolitico.mx\/?p=85357"]}]},{"@type":"ImageObject","inLanguage":"es","@id":"https:\/\/quehacerpolitico.mx\/?p=85357#primaryimage","url":"https:\/\/quehacerpolitico.mx\/wp-content\/uploads\/2021\/10\/0A0B650C-085B-42F5-B663-E3A92CC6ACB2.jpeg","contentUrl":"https:\/\/quehacerpolitico.mx\/wp-content\/uploads\/2021\/10\/0A0B650C-085B-42F5-B663-E3A92CC6ACB2.jpeg","width":1284,"height":701},{"@type":"BreadcrumbList","@id":"https:\/\/quehacerpolitico.mx\/?p=85357#breadcrumb","itemListElement":[{"@type":"ListItem","position":1,"name":"Inicio","item":"https:\/\/quehacerpolitico.mx\/"},{"@type":"ListItem","position":2,"name":"AMLO defiende reforma el\u00e9ctrica para evitar &#8220;lo que pasa en Espa\u00f1a&#8221;"}]},{"@type":"WebSite","@id":"https:\/\/quehacerpolitico.mx\/#website","url":"https:\/\/quehacerpolitico.mx\/","name":"","description":"","potentialAction":[{"@type":"SearchAction","target":{"@type":"EntryPoint","urlTemplate":"https:\/\/quehacerpolitico.mx\/?s={search_term_string}"},"query-input":{"@type":"PropertyValueSpecification","valueRequired":true,"valueName":"search_term_string"}}],"inLanguage":"es"},{"@type":"Person","@id":"https:\/\/quehacerpolitico.mx\/#\/schema\/person\/496d8ad2d1d3f8036101dca7ee39e585","name":"Redacci\u00f3n QP","image":{"@type":"ImageObject","inLanguage":"es","@id":"https:\/\/secure.gravatar.com\/avatar\/c7164ed6fdec453195284ad24a5ae5b6e1eed2b848477fa2a4787ba9adf39a41?s=96&d=mm&r=g","url":"https:\/\/secure.gravatar.com\/avatar\/c7164ed6fdec453195284ad24a5ae5b6e1eed2b848477fa2a4787ba9adf39a41?s=96&d=mm&r=g","contentUrl":"https:\/\/secure.gravatar.com\/avatar\/c7164ed6fdec453195284ad24a5ae5b6e1eed2b848477fa2a4787ba9adf39a41?s=96&d=mm&r=g","caption":"Redacci\u00f3n QP"},"url":"https:\/\/quehacerpolitico.mx\/?author=2"}]}},"featured_image_urls":{"full":["https:\/\/quehacerpolitico.mx\/wp-content\/uploads\/2021\/10\/0A0B650C-085B-42F5-B663-E3A92CC6ACB2.jpeg",1284,701,false],"thumbnail":["https:\/\/quehacerpolitico.mx\/wp-content\/uploads\/2021\/10\/0A0B650C-085B-42F5-B663-E3A92CC6ACB2-150x150.jpeg",150,150,true],"medium":["https:\/\/quehacerpolitico.mx\/wp-content\/uploads\/2021\/10\/0A0B650C-085B-42F5-B663-E3A92CC6ACB2-300x164.jpeg",300,164,true],"medium_large":["https:\/\/quehacerpolitico.mx\/wp-content\/uploads\/2021\/10\/0A0B650C-085B-42F5-B663-E3A92CC6ACB2-768x419.jpeg",640,349,true],"large":["https:\/\/quehacerpolitico.mx\/wp-content\/uploads\/2021\/10\/0A0B650C-085B-42F5-B663-E3A92CC6ACB2-1024x559.jpeg",640,349,true],"1536x1536":["https:\/\/quehacerpolitico.mx\/wp-content\/uploads\/2021\/10\/0A0B650C-085B-42F5-B663-E3A92CC6ACB2.jpeg",1284,701,false],"2048x2048":["https:\/\/quehacerpolitico.mx\/wp-content\/uploads\/2021\/10\/0A0B650C-085B-42F5-B663-E3A92CC6ACB2.jpeg",1284,701,false],"covernews-featured":["https:\/\/quehacerpolitico.mx\/wp-content\/uploads\/2021\/10\/0A0B650C-085B-42F5-B663-E3A92CC6ACB2.jpeg",1024,559,false],"covernews-medium":["https:\/\/quehacerpolitico.mx\/wp-content\/uploads\/2021\/10\/0A0B650C-085B-42F5-B663-E3A92CC6ACB2.jpeg",540,295,false]},"author_info":{"display_name":"Redacci\u00f3n QP","author_link":"https:\/\/quehacerpolitico.mx\/?author=2"},"category_info":"<a href=\"https:\/\/quehacerpolitico.mx\/?cat=2\" rel=\"category\">Noticias<\/a>","tag_info":"Noticias","comment_count":"0","_links":{"self":[{"href":"https:\/\/quehacerpolitico.mx\/index.php?rest_route=\/wp\/v2\/posts\/85357","targetHints":{"allow":["GET"]}}],"collection":[{"href":"https:\/\/quehacerpolitico.mx\/index.php?rest_route=\/wp\/v2\/posts"}],"about":[{"href":"https:\/\/quehacerpolitico.mx\/index.php?rest_route=\/wp\/v2\/types\/post"}],"author":[{"embeddable":true,"href":"https:\/\/quehacerpolitico.mx\/index.php?rest_route=\/wp\/v2\/users\/2"}],"replies":[{"embeddable":true,"href":"https:\/\/quehacerpolitico.mx\/index.php?rest_route=%2Fwp%2Fv2%2Fcomments&post=85357"}],"version-history":[{"count":1,"href":"https:\/\/quehacerpolitico.mx\/index.php?rest_route=\/wp\/v2\/posts\/85357\/revisions"}],"predecessor-version":[{"id":85359,"href":"https:\/\/quehacerpolitico.mx\/index.php?rest_route=\/wp\/v2\/posts\/85357\/revisions\/85359"}],"wp:featuredmedia":[{"embeddable":true,"href":"https:\/\/quehacerpolitico.mx\/index.php?rest_route=\/wp\/v2\/media\/85358"}],"wp:attachment":[{"href":"https:\/\/quehacerpolitico.mx\/index.php?rest_route=%2Fwp%2Fv2%2Fmedia&parent=85357"}],"wp:term":[{"taxonomy":"category","embeddable":true,"href":"https:\/\/quehacerpolitico.mx\/index.php?rest_route=%2Fwp%2Fv2%2Fcategories&post=85357"},{"taxonomy":"post_tag","embeddable":true,"href":"https:\/\/quehacerpolitico.mx\/index.php?rest_route=%2Fwp%2Fv2%2Ftags&post=85357"}],"curies":[{"name":"wp","href":"https:\/\/api.w.org\/{rel}","templated":true}]}}