{"id":85354,"date":"2021-10-04T17:51:39","date_gmt":"2021-10-04T17:51:39","guid":{"rendered":"https:\/\/quehacerpolitico.mx\/?p=85354"},"modified":"2021-10-04T17:51:42","modified_gmt":"2021-10-04T17:51:42","slug":"amlo-minimiza-irrupcion-de-manifestantes-durante-evento-en-puebla","status":"publish","type":"post","link":"https:\/\/quehacerpolitico.mx\/?p=85354","title":{"rendered":"AMLO minimiza irrupci\u00f3n de manifestantes durante evento en Puebla"},"content":{"rendered":"\n<p>Por Redacci\u00f3n QP<\/p>\n\n\n\n<p>El Presidente dijo que se trataban de &#8220;gajes del oficio&#8221; y que tiene su &#8220;\u00e1ngel de la guarda, que es el pueblo de M\u00e9xico&#8221;<\/p>\n\n\n\n<p>El Presidente de M\u00e9xico, Andr\u00e9s Manuel L\u00f3pez Obrador (AMLO) calific\u00f3 este lunes como &#8220;gajes del oficio&#8221; el hecho que tuviera que abandonar el domingo un acto p\u00fablico en Puebla por la irrupci\u00f3n de manifestantes, un hecho que gener\u00f3 dudas sobre su dispositivo de seguridad.<\/p>\n\n\n\n<p>&#8220;Son gajes del oficio, imag\u00ednense, cu\u00e1ntos a\u00f1os llevo aqu\u00ed, no solo enfrentando portazos, sino situaciones m\u00e1s delicadas y no pasa nada&#8221;, dijo AMLO durante su habitual &#8220;ma\u00f1anera&#8221;.<\/p>\n\n\n\n<p><strong>AMLO agreg\u00f3 que tiene su &#8220;\u00e1ngel de la guarda, que es el pueblo de M\u00e9xico&#8221;<\/strong>.<\/p>\n\n\n\n<figure class=\"wp-block-embed is-type-rich is-provider-twitter wp-block-embed-twitter\"><div class=\"wp-block-embed__wrapper\">\n<blockquote class=\"twitter-tweet\" data-width=\"550\" data-dnt=\"true\"><p lang=\"es\" dir=\"ltr\">\u00a1Am\u00f3nos!<br><br>El presidente tiene un \u00e1ngel de la guarda: nada m\u00e1s y nada menos que el pueblo de M\u00e9xico: &quot;Por eso puedo enfrentar cualquier situaci\u00f3n adversa&quot;. <a href=\"https:\/\/t.co\/uOfpainS12\">pic.twitter.com\/uOfpainS12<\/a><\/p>&mdash; Ruido en la Red (@RuidoEnLaRed) <a href=\"https:\/\/twitter.com\/RuidoEnLaRed\/status\/1445016049599012864?ref_src=twsrc%5Etfw\">October 4, 2021<\/a><\/blockquote><script async src=\"https:\/\/platform.twitter.com\/widgets.js\" charset=\"utf-8\"><\/script>\n<\/div><\/figure>\n\n\n\n<p>&#8220;Por eso puedo enfrentar cualquier situaci\u00f3n adversa y por eso no traigo guardaespaldas ni me traslado en carros blindados y puedo ir a todos lados, tengo mi conciencia tranquila&#8221;, dijo.<\/p>\n\n\n\n<p>El domingo, AMLO suspendi\u00f3 un acto p\u00fablico en Puebla luego de que decenas de personas irrumpieran en el recinto donde rend\u00eda un informe.<\/p>\n\n\n\n<p>Decenas de personas se apostaron en las afueras del edificio, detr\u00e1s de unas vallas met\u00e1licas, y lanzaron consignas que por momentos hicieron inaudible su discurso.<\/p>\n\n\n\n<figure class=\"wp-block-embed is-type-rich is-provider-twitter wp-block-embed-twitter\"><div class=\"wp-block-embed__wrapper\">\n<blockquote class=\"twitter-tweet\" data-width=\"550\" data-dnt=\"true\"><p lang=\"es\" dir=\"ltr\">El portazo de ayer en Huachinango fue organizado por grupos que intermediaban la entrega de apoyos a damnificados, acusa el presidente <a href=\"https:\/\/twitter.com\/lopezobrador_?ref_src=twsrc%5Etfw\">@lopezobrador_<\/a>. <a href=\"https:\/\/t.co\/N0JkiLU8JP\">pic.twitter.com\/N0JkiLU8JP<\/a><\/p>&mdash; Ruido en la Red (@RuidoEnLaRed) <a href=\"https:\/\/twitter.com\/RuidoEnLaRed\/status\/1445013961187991560?ref_src=twsrc%5Etfw\">October 4, 2021<\/a><\/blockquote><script async src=\"https:\/\/platform.twitter.com\/widgets.js\" charset=\"utf-8\"><\/script>\n<\/div><\/figure>\n\n\n\n<blockquote class=\"wp-block-quote is-layout-flow wp-block-quote-is-layout-flow\"><p>&#8220;Son gajes del oficio, imag\u00ednense, cu\u00e1ntos a\u00f1os llevo aqu\u00ed, no solo enfrentando portazos, sino situaciones m\u00e1s delicadas y no pasa nada&#8221;<\/p><\/blockquote>\n\n\n\n<p>Momentos despu\u00e9s rebasaron al equipo de seguridad desplegado en la puerta e ingresaron al sal\u00f3n con pancartas en las cuales se quejaban de no haber recibido suficiente apoyo.<\/p>\n\n\n\n<p>&#8220;\u00bfMe van a dejar hablar?&#8221;, espet\u00f3 L\u00f3pez Obrador desde una mesa a los manifestantes, algunos de los cuales se acercaron luego para encararlo, aunque sin llegar a agredirlo.<\/p>\n\n\n\n<p>Se trat\u00f3 del segundo incidente de este tipo en el que se ve envuelto L\u00f3pez Obrador, ya que el pasado 27 de agosto, un grupo de maestros impidi\u00f3 el avance de su caravana durante cerca de dos horas en Chiapas.<\/p>\n\n\n\n<p><strong>Ambos hechos pusieron en cuesti\u00f3n el dispositivo de seguridad de AMLO<\/strong>&nbsp;en un pa\u00eds azotado por la violencia de los carteles del narcotr\u00e1fico.<\/p>\n\n\n\n<p>A diferencia de sus antecesores, L\u00f3pez Obrador no est\u00e1 resguardado por miembros del Ej\u00e9rcito. En su lugar, utiliza una &#8220;ayudant\u00eda&#8221;, un grupo de j\u00f3venes que se hace cargo de seguridad.<\/p>\n\n\n\n<p>Con Informaci\u00f3n de AFP<\/p>\n","protected":false},"excerpt":{"rendered":"<p>Por Redacci\u00f3n QP El Presidente dijo que se trataban de &#8220;gajes del oficio&#8221; y que&#8230;<\/p>\n","protected":false},"author":2,"featured_media":85355,"comment_status":"open","ping_status":"open","sticky":false,"template":"","format":"standard","meta":{"_monsterinsights_skip_tracking":false,"_monsterinsights_sitenote_active":false,"_monsterinsights_sitenote_note":"","_monsterinsights_sitenote_category":0,"footnotes":""},"categories":[2],"tags":[],"class_list":["post-85354","post","type-post","status-publish","format-standard","has-post-thumbnail","hentry","category-noticias"],"yoast_head":"<!-- This site is optimized with the Yoast SEO plugin v27.3 - https:\/\/yoast.com\/product\/yoast-seo-wordpress\/ -->\n<title>AMLO minimiza irrupci\u00f3n de manifestantes durante evento en Puebla -<\/title>\n<meta name=\"robots\" content=\"index, follow, max-snippet:-1, max-image-preview:large, max-video-preview:-1\" \/>\n<link rel=\"canonical\" href=\"https:\/\/quehacerpolitico.mx\/?p=85354\" \/>\n<meta property=\"og:locale\" content=\"es_MX\" \/>\n<meta property=\"og:type\" content=\"article\" \/>\n<meta property=\"og:title\" content=\"AMLO minimiza irrupci\u00f3n de manifestantes durante evento en Puebla -\" \/>\n<meta property=\"og:description\" content=\"Por Redacci\u00f3n QP El Presidente dijo que se trataban de &#8220;gajes del oficio&#8221; y que...\" \/>\n<meta property=\"og:url\" content=\"https:\/\/quehacerpolitico.mx\/?p=85354\" \/>\n<meta property=\"article:published_time\" content=\"2021-10-04T17:51:39+00:00\" \/>\n<meta property=\"article:modified_time\" content=\"2021-10-04T17:51:42+00:00\" \/>\n<meta property=\"og:image\" content=\"https:\/\/quehacerpolitico.mx\/wp-content\/uploads\/2021\/10\/4A3E5656-8A1B-48B6-8A3C-EC3D0DE8FA3F.jpeg\" \/>\n\t<meta property=\"og:image:width\" content=\"1284\" \/>\n\t<meta property=\"og:image:height\" content=\"702\" \/>\n\t<meta property=\"og:image:type\" content=\"image\/jpeg\" \/>\n<meta name=\"author\" content=\"Redacci\u00f3n QP\" \/>\n<meta name=\"twitter:card\" content=\"summary_large_image\" \/>\n<meta name=\"twitter:label1\" content=\"Escrito por\" \/>\n\t<meta name=\"twitter:data1\" content=\"Redacci\u00f3n QP\" \/>\n\t<meta name=\"twitter:label2\" content=\"Tiempo de lectura\" \/>\n\t<meta name=\"twitter:data2\" content=\"2 minutos\" \/>\n<script type=\"application\/ld+json\" class=\"yoast-schema-graph\">{\"@context\":\"https:\\\/\\\/schema.org\",\"@graph\":[{\"@type\":\"Article\",\"@id\":\"https:\\\/\\\/quehacerpolitico.mx\\\/?p=85354#article\",\"isPartOf\":{\"@id\":\"https:\\\/\\\/quehacerpolitico.mx\\\/?p=85354\"},\"author\":{\"name\":\"Redacci\u00f3n QP\",\"@id\":\"https:\\\/\\\/quehacerpolitico.mx\\\/#\\\/schema\\\/person\\\/496d8ad2d1d3f8036101dca7ee39e585\"},\"headline\":\"AMLO minimiza irrupci\u00f3n de manifestantes durante evento en Puebla\",\"datePublished\":\"2021-10-04T17:51:39+00:00\",\"dateModified\":\"2021-10-04T17:51:42+00:00\",\"mainEntityOfPage\":{\"@id\":\"https:\\\/\\\/quehacerpolitico.mx\\\/?p=85354\"},\"wordCount\":421,\"commentCount\":0,\"image\":{\"@id\":\"https:\\\/\\\/quehacerpolitico.mx\\\/?p=85354#primaryimage\"},\"thumbnailUrl\":\"https:\\\/\\\/quehacerpolitico.mx\\\/wp-content\\\/uploads\\\/2021\\\/10\\\/4A3E5656-8A1B-48B6-8A3C-EC3D0DE8FA3F.jpeg\",\"articleSection\":[\"Noticias\"],\"inLanguage\":\"es\",\"potentialAction\":[{\"@type\":\"CommentAction\",\"name\":\"Comment\",\"target\":[\"https:\\\/\\\/quehacerpolitico.mx\\\/?p=85354#respond\"]}]},{\"@type\":\"WebPage\",\"@id\":\"https:\\\/\\\/quehacerpolitico.mx\\\/?p=85354\",\"url\":\"https:\\\/\\\/quehacerpolitico.mx\\\/?p=85354\",\"name\":\"AMLO minimiza irrupci\u00f3n de manifestantes durante evento en Puebla -\",\"isPartOf\":{\"@id\":\"https:\\\/\\\/quehacerpolitico.mx\\\/#website\"},\"primaryImageOfPage\":{\"@id\":\"https:\\\/\\\/quehacerpolitico.mx\\\/?p=85354#primaryimage\"},\"image\":{\"@id\":\"https:\\\/\\\/quehacerpolitico.mx\\\/?p=85354#primaryimage\"},\"thumbnailUrl\":\"https:\\\/\\\/quehacerpolitico.mx\\\/wp-content\\\/uploads\\\/2021\\\/10\\\/4A3E5656-8A1B-48B6-8A3C-EC3D0DE8FA3F.jpeg\",\"datePublished\":\"2021-10-04T17:51:39+00:00\",\"dateModified\":\"2021-10-04T17:51:42+00:00\",\"author\":{\"@id\":\"https:\\\/\\\/quehacerpolitico.mx\\\/#\\\/schema\\\/person\\\/496d8ad2d1d3f8036101dca7ee39e585\"},\"breadcrumb\":{\"@id\":\"https:\\\/\\\/quehacerpolitico.mx\\\/?p=85354#breadcrumb\"},\"inLanguage\":\"es\",\"potentialAction\":[{\"@type\":\"ReadAction\",\"target\":[\"https:\\\/\\\/quehacerpolitico.mx\\\/?p=85354\"]}]},{\"@type\":\"ImageObject\",\"inLanguage\":\"es\",\"@id\":\"https:\\\/\\\/quehacerpolitico.mx\\\/?p=85354#primaryimage\",\"url\":\"https:\\\/\\\/quehacerpolitico.mx\\\/wp-content\\\/uploads\\\/2021\\\/10\\\/4A3E5656-8A1B-48B6-8A3C-EC3D0DE8FA3F.jpeg\",\"contentUrl\":\"https:\\\/\\\/quehacerpolitico.mx\\\/wp-content\\\/uploads\\\/2021\\\/10\\\/4A3E5656-8A1B-48B6-8A3C-EC3D0DE8FA3F.jpeg\",\"width\":1284,\"height\":702},{\"@type\":\"BreadcrumbList\",\"@id\":\"https:\\\/\\\/quehacerpolitico.mx\\\/?p=85354#breadcrumb\",\"itemListElement\":[{\"@type\":\"ListItem\",\"position\":1,\"name\":\"Inicio\",\"item\":\"https:\\\/\\\/quehacerpolitico.mx\\\/\"},{\"@type\":\"ListItem\",\"position\":2,\"name\":\"AMLO minimiza irrupci\u00f3n de manifestantes durante evento en Puebla\"}]},{\"@type\":\"WebSite\",\"@id\":\"https:\\\/\\\/quehacerpolitico.mx\\\/#website\",\"url\":\"https:\\\/\\\/quehacerpolitico.mx\\\/\",\"name\":\"\",\"description\":\"\",\"potentialAction\":[{\"@type\":\"SearchAction\",\"target\":{\"@type\":\"EntryPoint\",\"urlTemplate\":\"https:\\\/\\\/quehacerpolitico.mx\\\/?s={search_term_string}\"},\"query-input\":{\"@type\":\"PropertyValueSpecification\",\"valueRequired\":true,\"valueName\":\"search_term_string\"}}],\"inLanguage\":\"es\"},{\"@type\":\"Person\",\"@id\":\"https:\\\/\\\/quehacerpolitico.mx\\\/#\\\/schema\\\/person\\\/496d8ad2d1d3f8036101dca7ee39e585\",\"name\":\"Redacci\u00f3n QP\",\"image\":{\"@type\":\"ImageObject\",\"inLanguage\":\"es\",\"@id\":\"https:\\\/\\\/secure.gravatar.com\\\/avatar\\\/c7164ed6fdec453195284ad24a5ae5b6e1eed2b848477fa2a4787ba9adf39a41?s=96&d=mm&r=g\",\"url\":\"https:\\\/\\\/secure.gravatar.com\\\/avatar\\\/c7164ed6fdec453195284ad24a5ae5b6e1eed2b848477fa2a4787ba9adf39a41?s=96&d=mm&r=g\",\"contentUrl\":\"https:\\\/\\\/secure.gravatar.com\\\/avatar\\\/c7164ed6fdec453195284ad24a5ae5b6e1eed2b848477fa2a4787ba9adf39a41?s=96&d=mm&r=g\",\"caption\":\"Redacci\u00f3n QP\"},\"url\":\"https:\\\/\\\/quehacerpolitico.mx\\\/?author=2\"}]}<\/script>\n<!-- \/ Yoast SEO plugin. -->","yoast_head_json":{"title":"AMLO minimiza irrupci\u00f3n de manifestantes durante evento en Puebla -","robots":{"index":"index","follow":"follow","max-snippet":"max-snippet:-1","max-image-preview":"max-image-preview:large","max-video-preview":"max-video-preview:-1"},"canonical":"https:\/\/quehacerpolitico.mx\/?p=85354","og_locale":"es_MX","og_type":"article","og_title":"AMLO minimiza irrupci\u00f3n de manifestantes durante evento en Puebla -","og_description":"Por Redacci\u00f3n QP El Presidente dijo que se trataban de &#8220;gajes del oficio&#8221; y que...","og_url":"https:\/\/quehacerpolitico.mx\/?p=85354","article_published_time":"2021-10-04T17:51:39+00:00","article_modified_time":"2021-10-04T17:51:42+00:00","og_image":[{"width":1284,"height":702,"url":"https:\/\/quehacerpolitico.mx\/wp-content\/uploads\/2021\/10\/4A3E5656-8A1B-48B6-8A3C-EC3D0DE8FA3F.jpeg","type":"image\/jpeg"}],"author":"Redacci\u00f3n QP","twitter_card":"summary_large_image","twitter_misc":{"Escrito por":"Redacci\u00f3n QP","Tiempo de lectura":"2 minutos"},"schema":{"@context":"https:\/\/schema.org","@graph":[{"@type":"Article","@id":"https:\/\/quehacerpolitico.mx\/?p=85354#article","isPartOf":{"@id":"https:\/\/quehacerpolitico.mx\/?p=85354"},"author":{"name":"Redacci\u00f3n QP","@id":"https:\/\/quehacerpolitico.mx\/#\/schema\/person\/496d8ad2d1d3f8036101dca7ee39e585"},"headline":"AMLO minimiza irrupci\u00f3n de manifestantes durante evento en Puebla","datePublished":"2021-10-04T17:51:39+00:00","dateModified":"2021-10-04T17:51:42+00:00","mainEntityOfPage":{"@id":"https:\/\/quehacerpolitico.mx\/?p=85354"},"wordCount":421,"commentCount":0,"image":{"@id":"https:\/\/quehacerpolitico.mx\/?p=85354#primaryimage"},"thumbnailUrl":"https:\/\/quehacerpolitico.mx\/wp-content\/uploads\/2021\/10\/4A3E5656-8A1B-48B6-8A3C-EC3D0DE8FA3F.jpeg","articleSection":["Noticias"],"inLanguage":"es","potentialAction":[{"@type":"CommentAction","name":"Comment","target":["https:\/\/quehacerpolitico.mx\/?p=85354#respond"]}]},{"@type":"WebPage","@id":"https:\/\/quehacerpolitico.mx\/?p=85354","url":"https:\/\/quehacerpolitico.mx\/?p=85354","name":"AMLO minimiza irrupci\u00f3n de manifestantes durante evento en Puebla -","isPartOf":{"@id":"https:\/\/quehacerpolitico.mx\/#website"},"primaryImageOfPage":{"@id":"https:\/\/quehacerpolitico.mx\/?p=85354#primaryimage"},"image":{"@id":"https:\/\/quehacerpolitico.mx\/?p=85354#primaryimage"},"thumbnailUrl":"https:\/\/quehacerpolitico.mx\/wp-content\/uploads\/2021\/10\/4A3E5656-8A1B-48B6-8A3C-EC3D0DE8FA3F.jpeg","datePublished":"2021-10-04T17:51:39+00:00","dateModified":"2021-10-04T17:51:42+00:00","author":{"@id":"https:\/\/quehacerpolitico.mx\/#\/schema\/person\/496d8ad2d1d3f8036101dca7ee39e585"},"breadcrumb":{"@id":"https:\/\/quehacerpolitico.mx\/?p=85354#breadcrumb"},"inLanguage":"es","potentialAction":[{"@type":"ReadAction","target":["https:\/\/quehacerpolitico.mx\/?p=85354"]}]},{"@type":"ImageObject","inLanguage":"es","@id":"https:\/\/quehacerpolitico.mx\/?p=85354#primaryimage","url":"https:\/\/quehacerpolitico.mx\/wp-content\/uploads\/2021\/10\/4A3E5656-8A1B-48B6-8A3C-EC3D0DE8FA3F.jpeg","contentUrl":"https:\/\/quehacerpolitico.mx\/wp-content\/uploads\/2021\/10\/4A3E5656-8A1B-48B6-8A3C-EC3D0DE8FA3F.jpeg","width":1284,"height":702},{"@type":"BreadcrumbList","@id":"https:\/\/quehacerpolitico.mx\/?p=85354#breadcrumb","itemListElement":[{"@type":"ListItem","position":1,"name":"Inicio","item":"https:\/\/quehacerpolitico.mx\/"},{"@type":"ListItem","position":2,"name":"AMLO minimiza irrupci\u00f3n de manifestantes durante evento en Puebla"}]},{"@type":"WebSite","@id":"https:\/\/quehacerpolitico.mx\/#website","url":"https:\/\/quehacerpolitico.mx\/","name":"","description":"","potentialAction":[{"@type":"SearchAction","target":{"@type":"EntryPoint","urlTemplate":"https:\/\/quehacerpolitico.mx\/?s={search_term_string}"},"query-input":{"@type":"PropertyValueSpecification","valueRequired":true,"valueName":"search_term_string"}}],"inLanguage":"es"},{"@type":"Person","@id":"https:\/\/quehacerpolitico.mx\/#\/schema\/person\/496d8ad2d1d3f8036101dca7ee39e585","name":"Redacci\u00f3n QP","image":{"@type":"ImageObject","inLanguage":"es","@id":"https:\/\/secure.gravatar.com\/avatar\/c7164ed6fdec453195284ad24a5ae5b6e1eed2b848477fa2a4787ba9adf39a41?s=96&d=mm&r=g","url":"https:\/\/secure.gravatar.com\/avatar\/c7164ed6fdec453195284ad24a5ae5b6e1eed2b848477fa2a4787ba9adf39a41?s=96&d=mm&r=g","contentUrl":"https:\/\/secure.gravatar.com\/avatar\/c7164ed6fdec453195284ad24a5ae5b6e1eed2b848477fa2a4787ba9adf39a41?s=96&d=mm&r=g","caption":"Redacci\u00f3n QP"},"url":"https:\/\/quehacerpolitico.mx\/?author=2"}]}},"featured_image_urls":{"full":["https:\/\/quehacerpolitico.mx\/wp-content\/uploads\/2021\/10\/4A3E5656-8A1B-48B6-8A3C-EC3D0DE8FA3F.jpeg",1284,702,false],"thumbnail":["https:\/\/quehacerpolitico.mx\/wp-content\/uploads\/2021\/10\/4A3E5656-8A1B-48B6-8A3C-EC3D0DE8FA3F-150x150.jpeg",150,150,true],"medium":["https:\/\/quehacerpolitico.mx\/wp-content\/uploads\/2021\/10\/4A3E5656-8A1B-48B6-8A3C-EC3D0DE8FA3F-300x164.jpeg",300,164,true],"medium_large":["https:\/\/quehacerpolitico.mx\/wp-content\/uploads\/2021\/10\/4A3E5656-8A1B-48B6-8A3C-EC3D0DE8FA3F-768x420.jpeg",640,350,true],"large":["https:\/\/quehacerpolitico.mx\/wp-content\/uploads\/2021\/10\/4A3E5656-8A1B-48B6-8A3C-EC3D0DE8FA3F-1024x560.jpeg",640,350,true],"1536x1536":["https:\/\/quehacerpolitico.mx\/wp-content\/uploads\/2021\/10\/4A3E5656-8A1B-48B6-8A3C-EC3D0DE8FA3F.jpeg",1284,702,false],"2048x2048":["https:\/\/quehacerpolitico.mx\/wp-content\/uploads\/2021\/10\/4A3E5656-8A1B-48B6-8A3C-EC3D0DE8FA3F.jpeg",1284,702,false],"covernews-featured":["https:\/\/quehacerpolitico.mx\/wp-content\/uploads\/2021\/10\/4A3E5656-8A1B-48B6-8A3C-EC3D0DE8FA3F.jpeg",1024,560,false],"covernews-medium":["https:\/\/quehacerpolitico.mx\/wp-content\/uploads\/2021\/10\/4A3E5656-8A1B-48B6-8A3C-EC3D0DE8FA3F.jpeg",540,295,false]},"author_info":{"display_name":"Redacci\u00f3n QP","author_link":"https:\/\/quehacerpolitico.mx\/?author=2"},"category_info":"<a href=\"https:\/\/quehacerpolitico.mx\/?cat=2\" rel=\"category\">Noticias<\/a>","tag_info":"Noticias","comment_count":"0","_links":{"self":[{"href":"https:\/\/quehacerpolitico.mx\/index.php?rest_route=\/wp\/v2\/posts\/85354","targetHints":{"allow":["GET"]}}],"collection":[{"href":"https:\/\/quehacerpolitico.mx\/index.php?rest_route=\/wp\/v2\/posts"}],"about":[{"href":"https:\/\/quehacerpolitico.mx\/index.php?rest_route=\/wp\/v2\/types\/post"}],"author":[{"embeddable":true,"href":"https:\/\/quehacerpolitico.mx\/index.php?rest_route=\/wp\/v2\/users\/2"}],"replies":[{"embeddable":true,"href":"https:\/\/quehacerpolitico.mx\/index.php?rest_route=%2Fwp%2Fv2%2Fcomments&post=85354"}],"version-history":[{"count":1,"href":"https:\/\/quehacerpolitico.mx\/index.php?rest_route=\/wp\/v2\/posts\/85354\/revisions"}],"predecessor-version":[{"id":85356,"href":"https:\/\/quehacerpolitico.mx\/index.php?rest_route=\/wp\/v2\/posts\/85354\/revisions\/85356"}],"wp:featuredmedia":[{"embeddable":true,"href":"https:\/\/quehacerpolitico.mx\/index.php?rest_route=\/wp\/v2\/media\/85355"}],"wp:attachment":[{"href":"https:\/\/quehacerpolitico.mx\/index.php?rest_route=%2Fwp%2Fv2%2Fmedia&parent=85354"}],"wp:term":[{"taxonomy":"category","embeddable":true,"href":"https:\/\/quehacerpolitico.mx\/index.php?rest_route=%2Fwp%2Fv2%2Fcategories&post=85354"},{"taxonomy":"post_tag","embeddable":true,"href":"https:\/\/quehacerpolitico.mx\/index.php?rest_route=%2Fwp%2Fv2%2Ftags&post=85354"}],"curies":[{"name":"wp","href":"https:\/\/api.w.org\/{rel}","templated":true}]}}