{"id":85338,"date":"2021-10-03T20:02:55","date_gmt":"2021-10-03T20:02:55","guid":{"rendered":"https:\/\/quehacerpolitico.mx\/?p=85338"},"modified":"2021-10-03T20:02:57","modified_gmt":"2021-10-03T20:02:57","slug":"internacionales-carolina-alonso-romei-corea-del-norte-amenaza-al-consejo-de-seguridad-de-naciones-unidas-tras-reunion","status":"publish","type":"post","link":"https:\/\/quehacerpolitico.mx\/?p=85338","title":{"rendered":"Internacionales\/\/\/Carolina Alonso Romei\/\/\/Corea del Norte amenaza al Consejo de Seguridad de Naciones Unidas tras reuni\u00f3n"},"content":{"rendered":"\n<p>Por Carolina Alonso Romei<\/p>\n\n\n\n<p>Internacionalista <\/p>\n\n\n\n<p>Corea del Norte advirti\u00f3 que el Consejo de Seguridad de Naciones Unidas deber\u00eda pensar mejor en qu\u00e9 consecuencias traer\u00e1 en el futuro en caso de que intente infringir su&nbsp;soberan\u00eda<\/p>\n\n\n\n<ul class=\"wp-block-list\"><li>Corea del Norte acus\u00f3 al organismo de Naciones Unidas de no reaccionar igual contra los ensayos armament\u00edsticos de Estados Unidos y sus aliados<\/li><\/ul>\n\n\n\n<p>Corea del Norte advirti\u00f3 al Consejo de Seguridad de Naciones Unidas que no critique el programa de\u00a0<strong>misiles<\/strong>\u00a0del aislado pa\u00eds, en un comunicado el domingo que incluy\u00f3\u00a0<strong>amenazas<\/strong>\u00a0no especificadas contra el organismo internacional.<\/p>\n\n\n\n<p>Durante una reuni\u00f3n de emergencia del organismo de la\u00a0<strong>ONU<\/strong>\u00a0el viernes celebrada a puerta cerrada, Francia circul\u00f3 una propuesta de comunicado que expresaba preocupaci\u00f3n por los<strong>\u00a0lanzamientos de misiles<\/strong>\u00a0de Corea del Norte y le ped\u00eda que aplicara por completo las resoluciones del consejo que proh\u00edben sus lanzamientos de\u00a0<strong>misiles bal\u00edsticos<\/strong><\/p>\n\n\n\n<p>Jo Chol Su, funcionario destacado del Ministerio Norcoreano de Exteriores, advirti\u00f3 que el consejo de Naciones Unidas \u201cdeber\u00eda pensar mejor en qu\u00e9 consecuencias traer\u00e1 en el futuro en caso de que intente infringir la&nbsp;<strong>soberan\u00eda\u201d<\/strong>de Corea del Norte.<\/p>\n\n\n\n<p>Jo tambi\u00e9n acus\u00f3 al organismo de Naciones Unidas de tener \u201cun doble rasero\u201d porque no reacciona igual a&nbsp;<strong>ensayos armament\u00edsticos<\/strong>similares de&nbsp;<strong>Estados Unidos<\/strong>&nbsp;y sus aliados, seg\u00fan el comunicado difundido por medios estatales.<\/p>\n\n\n\n<p>Tras un par\u00e9ntesis de seis meses, Corea del Norte reanud\u00f3 las pruebas de misiles en septiembre con el lanzamiento de misiles de reciente desarrollo, incluidas armas capaces de realizar\u00a0<strong>ataques nucleares<\/strong>\u00a0y que dejan a\u00a0<strong>Corea del Sur<\/strong>\u00a0y\u00a0<strong>jap\u00f3n,<\/strong>\u00a0dos importantes aliados de Estados Unidos, a su alcance.<\/p>\n\n\n\n<p>El pa\u00eds mantuvo su oferta de conversaciones condicionadas con Corea del Sur, en lo que algunos expertos describen como un intento de presionar a Se\u00fal para persuadir a Washington de que relaje las duras sanciones econ\u00f3micas sobre&nbsp;<strong>Pyongyang.<\/strong><\/p>\n\n\n\n<p>Corea del Norte, sujeta a varias resoluciones del Consejo de Seguridad de la ONU, tiene prohibido realizar actividades de misiles bal\u00edsticos, ya que el pa\u00eds aspira a colocar armas nucleares en sus misiles bal\u00edsticos.<\/p>\n\n\n\n<p>Corea del Norte ha alegado que su&nbsp;<strong>programa nuclear<\/strong>&nbsp;pretende responder a las amenazas militares de Estados Unidos, aunque Washington ha dicho que no tiene intenciones hostiles hacia Pyongyang.<\/p>\n\n\n\n<p>Pese a sus recientes lanzamientos, Corea del Norte mantiene una moratoria autoimpuesta de 2018 sobre los ensayos de misiles de largo alcance que amenacen directamente&nbsp;<strong>territorio estadounidense<\/strong>, un indicio de que a\u00fan quiere mantener con vida las posibilidades de futuras relaciones&nbsp;<strong>diplom\u00e1ticas<\/strong>&nbsp;con Estados Unidos.<\/p>\n\n\n\n<p>Las autoridades estadounidenses han instado a Corea del Norte a regresar a las negociaciones sin condiciones previas, pero Pyongyang ha afirmado que no lo har\u00e1 salvo que los estadounidenses abandonen su \u201cpol\u00edtica hostil\u201d, una aparente referencia a las sanciones y las maniobras militares regulares entre Washington y Se\u00fal.<\/p>\n\n\n\n<p>Con informaci\u00f3n de AP.<\/p>\n","protected":false},"excerpt":{"rendered":"<p>Por Carolina Alonso Romei Internacionalista Corea del Norte advirti\u00f3 que el Consejo de Seguridad de&#8230;<\/p>\n","protected":false},"author":2,"featured_media":85339,"comment_status":"open","ping_status":"open","sticky":false,"template":"","format":"standard","meta":{"_monsterinsights_skip_tracking":false,"_monsterinsights_sitenote_active":false,"_monsterinsights_sitenote_note":"","_monsterinsights_sitenote_category":0,"footnotes":""},"categories":[1],"tags":[],"class_list":["post-85338","post","type-post","status-publish","format-standard","has-post-thumbnail","hentry","category-sin-categoria"],"yoast_head":"<!-- This site is optimized with the Yoast SEO plugin v27.3 - https:\/\/yoast.com\/product\/yoast-seo-wordpress\/ -->\n<title>Internacionales\/\/\/Carolina Alonso Romei\/\/\/Corea del Norte amenaza al Consejo de Seguridad de Naciones Unidas tras reuni\u00f3n -<\/title>\n<meta name=\"robots\" content=\"index, follow, max-snippet:-1, max-image-preview:large, max-video-preview:-1\" \/>\n<link rel=\"canonical\" href=\"https:\/\/quehacerpolitico.mx\/?p=85338\" \/>\n<meta property=\"og:locale\" content=\"es_MX\" \/>\n<meta property=\"og:type\" content=\"article\" \/>\n<meta property=\"og:title\" content=\"Internacionales\/\/\/Carolina Alonso Romei\/\/\/Corea del Norte amenaza al Consejo de Seguridad de Naciones Unidas tras reuni\u00f3n -\" \/>\n<meta property=\"og:description\" content=\"Por Carolina Alonso Romei Internacionalista Corea del Norte advirti\u00f3 que el Consejo de Seguridad de...\" \/>\n<meta property=\"og:url\" content=\"https:\/\/quehacerpolitico.mx\/?p=85338\" \/>\n<meta property=\"article:published_time\" content=\"2021-10-03T20:02:55+00:00\" \/>\n<meta property=\"article:modified_time\" content=\"2021-10-03T20:02:57+00:00\" \/>\n<meta property=\"og:image\" content=\"https:\/\/quehacerpolitico.mx\/wp-content\/uploads\/2021\/10\/B6F7DB03-EEFA-4BA1-9C4A-0ACE1DE4B8C1.jpeg\" \/>\n\t<meta property=\"og:image:width\" content=\"699\" \/>\n\t<meta property=\"og:image:height\" content=\"439\" \/>\n\t<meta property=\"og:image:type\" content=\"image\/jpeg\" \/>\n<meta name=\"author\" content=\"Redacci\u00f3n QP\" \/>\n<meta name=\"twitter:card\" content=\"summary_large_image\" \/>\n<meta name=\"twitter:label1\" content=\"Escrito por\" \/>\n\t<meta name=\"twitter:data1\" content=\"Redacci\u00f3n QP\" \/>\n\t<meta name=\"twitter:label2\" content=\"Tiempo de lectura\" \/>\n\t<meta name=\"twitter:data2\" content=\"3 minutos\" \/>\n<script type=\"application\/ld+json\" class=\"yoast-schema-graph\">{\"@context\":\"https:\\\/\\\/schema.org\",\"@graph\":[{\"@type\":\"Article\",\"@id\":\"https:\\\/\\\/quehacerpolitico.mx\\\/?p=85338#article\",\"isPartOf\":{\"@id\":\"https:\\\/\\\/quehacerpolitico.mx\\\/?p=85338\"},\"author\":{\"name\":\"Redacci\u00f3n QP\",\"@id\":\"https:\\\/\\\/quehacerpolitico.mx\\\/#\\\/schema\\\/person\\\/496d8ad2d1d3f8036101dca7ee39e585\"},\"headline\":\"Internacionales\\\/\\\/\\\/Carolina Alonso Romei\\\/\\\/\\\/Corea del Norte amenaza al Consejo de Seguridad de Naciones Unidas tras reuni\u00f3n\",\"datePublished\":\"2021-10-03T20:02:55+00:00\",\"dateModified\":\"2021-10-03T20:02:57+00:00\",\"mainEntityOfPage\":{\"@id\":\"https:\\\/\\\/quehacerpolitico.mx\\\/?p=85338\"},\"wordCount\":519,\"commentCount\":0,\"image\":{\"@id\":\"https:\\\/\\\/quehacerpolitico.mx\\\/?p=85338#primaryimage\"},\"thumbnailUrl\":\"https:\\\/\\\/quehacerpolitico.mx\\\/wp-content\\\/uploads\\\/2021\\\/10\\\/B6F7DB03-EEFA-4BA1-9C4A-0ACE1DE4B8C1.jpeg\",\"articleSection\":[\"Internacionales\"],\"inLanguage\":\"es\",\"potentialAction\":[{\"@type\":\"CommentAction\",\"name\":\"Comment\",\"target\":[\"https:\\\/\\\/quehacerpolitico.mx\\\/?p=85338#respond\"]}]},{\"@type\":\"WebPage\",\"@id\":\"https:\\\/\\\/quehacerpolitico.mx\\\/?p=85338\",\"url\":\"https:\\\/\\\/quehacerpolitico.mx\\\/?p=85338\",\"name\":\"Internacionales\\\/\\\/\\\/Carolina Alonso Romei\\\/\\\/\\\/Corea del Norte amenaza al Consejo de Seguridad de Naciones Unidas tras reuni\u00f3n -\",\"isPartOf\":{\"@id\":\"https:\\\/\\\/quehacerpolitico.mx\\\/#website\"},\"primaryImageOfPage\":{\"@id\":\"https:\\\/\\\/quehacerpolitico.mx\\\/?p=85338#primaryimage\"},\"image\":{\"@id\":\"https:\\\/\\\/quehacerpolitico.mx\\\/?p=85338#primaryimage\"},\"thumbnailUrl\":\"https:\\\/\\\/quehacerpolitico.mx\\\/wp-content\\\/uploads\\\/2021\\\/10\\\/B6F7DB03-EEFA-4BA1-9C4A-0ACE1DE4B8C1.jpeg\",\"datePublished\":\"2021-10-03T20:02:55+00:00\",\"dateModified\":\"2021-10-03T20:02:57+00:00\",\"author\":{\"@id\":\"https:\\\/\\\/quehacerpolitico.mx\\\/#\\\/schema\\\/person\\\/496d8ad2d1d3f8036101dca7ee39e585\"},\"breadcrumb\":{\"@id\":\"https:\\\/\\\/quehacerpolitico.mx\\\/?p=85338#breadcrumb\"},\"inLanguage\":\"es\",\"potentialAction\":[{\"@type\":\"ReadAction\",\"target\":[\"https:\\\/\\\/quehacerpolitico.mx\\\/?p=85338\"]}]},{\"@type\":\"ImageObject\",\"inLanguage\":\"es\",\"@id\":\"https:\\\/\\\/quehacerpolitico.mx\\\/?p=85338#primaryimage\",\"url\":\"https:\\\/\\\/quehacerpolitico.mx\\\/wp-content\\\/uploads\\\/2021\\\/10\\\/B6F7DB03-EEFA-4BA1-9C4A-0ACE1DE4B8C1.jpeg\",\"contentUrl\":\"https:\\\/\\\/quehacerpolitico.mx\\\/wp-content\\\/uploads\\\/2021\\\/10\\\/B6F7DB03-EEFA-4BA1-9C4A-0ACE1DE4B8C1.jpeg\",\"width\":699,\"height\":439},{\"@type\":\"BreadcrumbList\",\"@id\":\"https:\\\/\\\/quehacerpolitico.mx\\\/?p=85338#breadcrumb\",\"itemListElement\":[{\"@type\":\"ListItem\",\"position\":1,\"name\":\"Inicio\",\"item\":\"https:\\\/\\\/quehacerpolitico.mx\\\/\"},{\"@type\":\"ListItem\",\"position\":2,\"name\":\"Internacionales\\\/\\\/\\\/Carolina Alonso Romei\\\/\\\/\\\/Corea del Norte amenaza al Consejo de Seguridad de Naciones Unidas tras reuni\u00f3n\"}]},{\"@type\":\"WebSite\",\"@id\":\"https:\\\/\\\/quehacerpolitico.mx\\\/#website\",\"url\":\"https:\\\/\\\/quehacerpolitico.mx\\\/\",\"name\":\"\",\"description\":\"\",\"potentialAction\":[{\"@type\":\"SearchAction\",\"target\":{\"@type\":\"EntryPoint\",\"urlTemplate\":\"https:\\\/\\\/quehacerpolitico.mx\\\/?s={search_term_string}\"},\"query-input\":{\"@type\":\"PropertyValueSpecification\",\"valueRequired\":true,\"valueName\":\"search_term_string\"}}],\"inLanguage\":\"es\"},{\"@type\":\"Person\",\"@id\":\"https:\\\/\\\/quehacerpolitico.mx\\\/#\\\/schema\\\/person\\\/496d8ad2d1d3f8036101dca7ee39e585\",\"name\":\"Redacci\u00f3n QP\",\"image\":{\"@type\":\"ImageObject\",\"inLanguage\":\"es\",\"@id\":\"https:\\\/\\\/secure.gravatar.com\\\/avatar\\\/c7164ed6fdec453195284ad24a5ae5b6e1eed2b848477fa2a4787ba9adf39a41?s=96&d=mm&r=g\",\"url\":\"https:\\\/\\\/secure.gravatar.com\\\/avatar\\\/c7164ed6fdec453195284ad24a5ae5b6e1eed2b848477fa2a4787ba9adf39a41?s=96&d=mm&r=g\",\"contentUrl\":\"https:\\\/\\\/secure.gravatar.com\\\/avatar\\\/c7164ed6fdec453195284ad24a5ae5b6e1eed2b848477fa2a4787ba9adf39a41?s=96&d=mm&r=g\",\"caption\":\"Redacci\u00f3n QP\"},\"url\":\"https:\\\/\\\/quehacerpolitico.mx\\\/?author=2\"}]}<\/script>\n<!-- \/ Yoast SEO plugin. -->","yoast_head_json":{"title":"Internacionales\/\/\/Carolina Alonso Romei\/\/\/Corea del Norte amenaza al Consejo de Seguridad de Naciones Unidas tras reuni\u00f3n -","robots":{"index":"index","follow":"follow","max-snippet":"max-snippet:-1","max-image-preview":"max-image-preview:large","max-video-preview":"max-video-preview:-1"},"canonical":"https:\/\/quehacerpolitico.mx\/?p=85338","og_locale":"es_MX","og_type":"article","og_title":"Internacionales\/\/\/Carolina Alonso Romei\/\/\/Corea del Norte amenaza al Consejo de Seguridad de Naciones Unidas tras reuni\u00f3n -","og_description":"Por Carolina Alonso Romei Internacionalista Corea del Norte advirti\u00f3 que el Consejo de Seguridad de...","og_url":"https:\/\/quehacerpolitico.mx\/?p=85338","article_published_time":"2021-10-03T20:02:55+00:00","article_modified_time":"2021-10-03T20:02:57+00:00","og_image":[{"width":699,"height":439,"url":"https:\/\/quehacerpolitico.mx\/wp-content\/uploads\/2021\/10\/B6F7DB03-EEFA-4BA1-9C4A-0ACE1DE4B8C1.jpeg","type":"image\/jpeg"}],"author":"Redacci\u00f3n QP","twitter_card":"summary_large_image","twitter_misc":{"Escrito por":"Redacci\u00f3n QP","Tiempo de lectura":"3 minutos"},"schema":{"@context":"https:\/\/schema.org","@graph":[{"@type":"Article","@id":"https:\/\/quehacerpolitico.mx\/?p=85338#article","isPartOf":{"@id":"https:\/\/quehacerpolitico.mx\/?p=85338"},"author":{"name":"Redacci\u00f3n QP","@id":"https:\/\/quehacerpolitico.mx\/#\/schema\/person\/496d8ad2d1d3f8036101dca7ee39e585"},"headline":"Internacionales\/\/\/Carolina Alonso Romei\/\/\/Corea del Norte amenaza al Consejo de Seguridad de Naciones Unidas tras reuni\u00f3n","datePublished":"2021-10-03T20:02:55+00:00","dateModified":"2021-10-03T20:02:57+00:00","mainEntityOfPage":{"@id":"https:\/\/quehacerpolitico.mx\/?p=85338"},"wordCount":519,"commentCount":0,"image":{"@id":"https:\/\/quehacerpolitico.mx\/?p=85338#primaryimage"},"thumbnailUrl":"https:\/\/quehacerpolitico.mx\/wp-content\/uploads\/2021\/10\/B6F7DB03-EEFA-4BA1-9C4A-0ACE1DE4B8C1.jpeg","articleSection":["Internacionales"],"inLanguage":"es","potentialAction":[{"@type":"CommentAction","name":"Comment","target":["https:\/\/quehacerpolitico.mx\/?p=85338#respond"]}]},{"@type":"WebPage","@id":"https:\/\/quehacerpolitico.mx\/?p=85338","url":"https:\/\/quehacerpolitico.mx\/?p=85338","name":"Internacionales\/\/\/Carolina Alonso Romei\/\/\/Corea del Norte amenaza al Consejo de Seguridad de Naciones Unidas tras reuni\u00f3n -","isPartOf":{"@id":"https:\/\/quehacerpolitico.mx\/#website"},"primaryImageOfPage":{"@id":"https:\/\/quehacerpolitico.mx\/?p=85338#primaryimage"},"image":{"@id":"https:\/\/quehacerpolitico.mx\/?p=85338#primaryimage"},"thumbnailUrl":"https:\/\/quehacerpolitico.mx\/wp-content\/uploads\/2021\/10\/B6F7DB03-EEFA-4BA1-9C4A-0ACE1DE4B8C1.jpeg","datePublished":"2021-10-03T20:02:55+00:00","dateModified":"2021-10-03T20:02:57+00:00","author":{"@id":"https:\/\/quehacerpolitico.mx\/#\/schema\/person\/496d8ad2d1d3f8036101dca7ee39e585"},"breadcrumb":{"@id":"https:\/\/quehacerpolitico.mx\/?p=85338#breadcrumb"},"inLanguage":"es","potentialAction":[{"@type":"ReadAction","target":["https:\/\/quehacerpolitico.mx\/?p=85338"]}]},{"@type":"ImageObject","inLanguage":"es","@id":"https:\/\/quehacerpolitico.mx\/?p=85338#primaryimage","url":"https:\/\/quehacerpolitico.mx\/wp-content\/uploads\/2021\/10\/B6F7DB03-EEFA-4BA1-9C4A-0ACE1DE4B8C1.jpeg","contentUrl":"https:\/\/quehacerpolitico.mx\/wp-content\/uploads\/2021\/10\/B6F7DB03-EEFA-4BA1-9C4A-0ACE1DE4B8C1.jpeg","width":699,"height":439},{"@type":"BreadcrumbList","@id":"https:\/\/quehacerpolitico.mx\/?p=85338#breadcrumb","itemListElement":[{"@type":"ListItem","position":1,"name":"Inicio","item":"https:\/\/quehacerpolitico.mx\/"},{"@type":"ListItem","position":2,"name":"Internacionales\/\/\/Carolina Alonso Romei\/\/\/Corea del Norte amenaza al Consejo de Seguridad de Naciones Unidas tras reuni\u00f3n"}]},{"@type":"WebSite","@id":"https:\/\/quehacerpolitico.mx\/#website","url":"https:\/\/quehacerpolitico.mx\/","name":"","description":"","potentialAction":[{"@type":"SearchAction","target":{"@type":"EntryPoint","urlTemplate":"https:\/\/quehacerpolitico.mx\/?s={search_term_string}"},"query-input":{"@type":"PropertyValueSpecification","valueRequired":true,"valueName":"search_term_string"}}],"inLanguage":"es"},{"@type":"Person","@id":"https:\/\/quehacerpolitico.mx\/#\/schema\/person\/496d8ad2d1d3f8036101dca7ee39e585","name":"Redacci\u00f3n QP","image":{"@type":"ImageObject","inLanguage":"es","@id":"https:\/\/secure.gravatar.com\/avatar\/c7164ed6fdec453195284ad24a5ae5b6e1eed2b848477fa2a4787ba9adf39a41?s=96&d=mm&r=g","url":"https:\/\/secure.gravatar.com\/avatar\/c7164ed6fdec453195284ad24a5ae5b6e1eed2b848477fa2a4787ba9adf39a41?s=96&d=mm&r=g","contentUrl":"https:\/\/secure.gravatar.com\/avatar\/c7164ed6fdec453195284ad24a5ae5b6e1eed2b848477fa2a4787ba9adf39a41?s=96&d=mm&r=g","caption":"Redacci\u00f3n QP"},"url":"https:\/\/quehacerpolitico.mx\/?author=2"}]}},"featured_image_urls":{"full":["https:\/\/quehacerpolitico.mx\/wp-content\/uploads\/2021\/10\/B6F7DB03-EEFA-4BA1-9C4A-0ACE1DE4B8C1.jpeg",699,439,false],"thumbnail":["https:\/\/quehacerpolitico.mx\/wp-content\/uploads\/2021\/10\/B6F7DB03-EEFA-4BA1-9C4A-0ACE1DE4B8C1-150x150.jpeg",150,150,true],"medium":["https:\/\/quehacerpolitico.mx\/wp-content\/uploads\/2021\/10\/B6F7DB03-EEFA-4BA1-9C4A-0ACE1DE4B8C1-300x188.jpeg",300,188,true],"medium_large":["https:\/\/quehacerpolitico.mx\/wp-content\/uploads\/2021\/10\/B6F7DB03-EEFA-4BA1-9C4A-0ACE1DE4B8C1.jpeg",640,402,false],"large":["https:\/\/quehacerpolitico.mx\/wp-content\/uploads\/2021\/10\/B6F7DB03-EEFA-4BA1-9C4A-0ACE1DE4B8C1.jpeg",640,402,false],"1536x1536":["https:\/\/quehacerpolitico.mx\/wp-content\/uploads\/2021\/10\/B6F7DB03-EEFA-4BA1-9C4A-0ACE1DE4B8C1.jpeg",699,439,false],"2048x2048":["https:\/\/quehacerpolitico.mx\/wp-content\/uploads\/2021\/10\/B6F7DB03-EEFA-4BA1-9C4A-0ACE1DE4B8C1.jpeg",699,439,false],"covernews-featured":["https:\/\/quehacerpolitico.mx\/wp-content\/uploads\/2021\/10\/B6F7DB03-EEFA-4BA1-9C4A-0ACE1DE4B8C1.jpeg",699,439,false],"covernews-medium":["https:\/\/quehacerpolitico.mx\/wp-content\/uploads\/2021\/10\/B6F7DB03-EEFA-4BA1-9C4A-0ACE1DE4B8C1.jpeg",540,340,false]},"author_info":{"display_name":"Redacci\u00f3n QP","author_link":"https:\/\/quehacerpolitico.mx\/?author=2"},"category_info":"<a href=\"https:\/\/quehacerpolitico.mx\/?cat=1\" rel=\"category\">Internacionales<\/a>","tag_info":"Internacionales","comment_count":"0","_links":{"self":[{"href":"https:\/\/quehacerpolitico.mx\/index.php?rest_route=\/wp\/v2\/posts\/85338","targetHints":{"allow":["GET"]}}],"collection":[{"href":"https:\/\/quehacerpolitico.mx\/index.php?rest_route=\/wp\/v2\/posts"}],"about":[{"href":"https:\/\/quehacerpolitico.mx\/index.php?rest_route=\/wp\/v2\/types\/post"}],"author":[{"embeddable":true,"href":"https:\/\/quehacerpolitico.mx\/index.php?rest_route=\/wp\/v2\/users\/2"}],"replies":[{"embeddable":true,"href":"https:\/\/quehacerpolitico.mx\/index.php?rest_route=%2Fwp%2Fv2%2Fcomments&post=85338"}],"version-history":[{"count":1,"href":"https:\/\/quehacerpolitico.mx\/index.php?rest_route=\/wp\/v2\/posts\/85338\/revisions"}],"predecessor-version":[{"id":85340,"href":"https:\/\/quehacerpolitico.mx\/index.php?rest_route=\/wp\/v2\/posts\/85338\/revisions\/85340"}],"wp:featuredmedia":[{"embeddable":true,"href":"https:\/\/quehacerpolitico.mx\/index.php?rest_route=\/wp\/v2\/media\/85339"}],"wp:attachment":[{"href":"https:\/\/quehacerpolitico.mx\/index.php?rest_route=%2Fwp%2Fv2%2Fmedia&parent=85338"}],"wp:term":[{"taxonomy":"category","embeddable":true,"href":"https:\/\/quehacerpolitico.mx\/index.php?rest_route=%2Fwp%2Fv2%2Fcategories&post=85338"},{"taxonomy":"post_tag","embeddable":true,"href":"https:\/\/quehacerpolitico.mx\/index.php?rest_route=%2Fwp%2Fv2%2Ftags&post=85338"}],"curies":[{"name":"wp","href":"https:\/\/api.w.org\/{rel}","templated":true}]}}