{"id":85335,"date":"2021-10-03T19:43:16","date_gmt":"2021-10-03T19:43:16","guid":{"rendered":"https:\/\/quehacerpolitico.mx\/?p=85335"},"modified":"2021-10-03T19:43:18","modified_gmt":"2021-10-03T19:43:18","slug":"afectados-por-huracan-grace-irrumpen-evento-de-amlo-en-puebla","status":"publish","type":"post","link":"https:\/\/quehacerpolitico.mx\/?p=85335","title":{"rendered":"Afectados por hurac\u00e1n &#8220;Grace&#8221; irrumpen evento de AMLO en Puebla"},"content":{"rendered":"\n<p>Por Redacci\u00f3n QP<\/p>\n\n\n\n<p>Un grupo de 300 personas lograron pasar los cuatro filtros que hab\u00eda e ingresaron a la fuerza al auditorio donde estaba el Presidente de M\u00e9xico<\/p>\n\n\n\n<figure class=\"wp-block-embed is-type-video is-provider-youtube wp-block-embed-youtube wp-embed-aspect-16-9 wp-has-aspect-ratio\"><div class=\"wp-block-embed__wrapper\">\n<iframe loading=\"lazy\" title=\"Manifestantes dan portazo en evento de AMLO en Puebla\" width=\"640\" height=\"360\" src=\"https:\/\/www.youtube.com\/embed\/OE4Gnqj3pWU?feature=oembed\" frameborder=\"0\" allow=\"accelerometer; autoplay; clipboard-write; encrypted-media; gyroscope; picture-in-picture; web-share\" referrerpolicy=\"strict-origin-when-cross-origin\" allowfullscreen><\/iframe>\n<\/div><\/figure>\n\n\n\n<p>Este domingo, damnificados provenientes de Puebla, Tlaxcala, Veracruz e Hidalgo que no fueron censados por el hurac\u00e1n &#8220;Grace&#8221;, ingresaron a la fuerza al auditorio en Huauchinango, Puebla donde el Presidente de M\u00e9xico, Andr\u00e9s Manuel L\u00f3pez Obrador (AMLO) daba un informe sobre los avances de la entrega de apoyos.<\/p>\n\n\n\n<p>A las 10:30 horas,\u00a0<strong>un grupo de 300 personas lograron pasar los cuatro filtros que hay y pudieron ingresar a la fuerza al auditorio del recinto ferial de esta comunidad<\/strong>.<\/p>\n\n\n\n<figure class=\"wp-block-embed is-type-rich is-provider-twitter wp-block-embed-twitter\"><div class=\"wp-block-embed__wrapper\">\nhttps:\/\/twitter.com\/mlopezsanmartin\/status\/1444700659723476995?s=21\n<\/div><\/figure>\n\n\n\n<p>AMLO al ver la manifestaci\u00f3n, se\u00f1al\u00f3 que hab\u00eda inconformidad de organizaciones sociales como Antorcha Campesina a quien acus\u00f3 de estar acostumbrada a que se le entregaran apoyos a ellos y cuyos l\u00edderes, se\u00f1al\u00f3, los repart\u00edan algo que consider\u00f3 que &#8220;no era justo&#8221;.<\/p>\n\n\n\n<p>&#8220;Hay inconformidad porque organizaciones sociales (como) Antorcha Campesina estaba acostumbrada a que se le entregara el apoyo de manera directa y ellos eran los que repart\u00edan o entregaban y no era justo, siempre se quedaban los l\u00edderes con los apoyos, ahora no ser\u00e1 as\u00ed, aunque haya gritos y sombrerazos, ahora ser\u00e1 casa por casa y de manera directa&#8221;.<\/p>\n\n\n\n<p>&#8220;Vamos a esperar&#8230;Nos van a dejar a hablar? (&#8230;) \u00bfVan a guardar silencio? \u00bfVan a guardar silencio?&#8221;, pregunt\u00f3 a los manifestantes.<\/p>\n\n\n\n<figure class=\"wp-block-embed is-type-rich is-provider-twitter wp-block-embed-twitter\"><div class=\"wp-block-embed__wrapper\">\nhttps:\/\/twitter.com\/carlostorresf_\/status\/1444700587094904836?s=21\n<\/div><\/figure>\n\n\n\n<p>Luego que los \u00e1nimos se calmaron y hubo silencio,&nbsp;<strong>AMLO se\u00f1al\u00f3 que se entregar\u00e1n apoyos para que mejoren su vivienda y tambi\u00e9n se van a entregar enseres, es decir camas, estufas o refrigeradores<\/strong>.<\/p>\n\n\n\n<p>&#8220;Todo que se escuche bien y que se escuche lejos, todo se va a entregar de manera directa, sin intermediarios, o quieren ustedes que lo entreguemos a las organizaciones?&#8221;, pregunt\u00f3.<\/p>\n\n\n\n<p>&#8220;\u00a1Noooo!&#8221;, respondieron.<\/p>\n\n\n\n<p>Finalmente, AMLO dej\u00f3 el lugar porque ten\u00eda otro evento en Apizaco, Tlaxcala , pero se quedar\u00eda Rosa Icela Rodr\u00edguez, secretaria de Seguridad y Protecci\u00f3n Ciudadana (SSPC) y Javier May, titular de Bienestar para escuchar sus demandas.<\/p>\n\n\n\n<p>Con Informaci\u00f3n de SUN <\/p>\n","protected":false},"excerpt":{"rendered":"<p>Por Redacci\u00f3n QP Un grupo de 300 personas lograron pasar los cuatro filtros que hab\u00eda&#8230;<\/p>\n","protected":false},"author":2,"featured_media":85336,"comment_status":"open","ping_status":"open","sticky":false,"template":"","format":"standard","meta":{"_monsterinsights_skip_tracking":false,"_monsterinsights_sitenote_active":false,"_monsterinsights_sitenote_note":"","_monsterinsights_sitenote_category":0,"footnotes":""},"categories":[2],"tags":[],"class_list":["post-85335","post","type-post","status-publish","format-standard","has-post-thumbnail","hentry","category-noticias"],"yoast_head":"<!-- This site is optimized with the Yoast SEO plugin v27.3 - https:\/\/yoast.com\/product\/yoast-seo-wordpress\/ -->\n<title>Afectados por hurac\u00e1n &quot;Grace&quot; irrumpen evento de AMLO en Puebla -<\/title>\n<meta name=\"robots\" content=\"index, follow, max-snippet:-1, max-image-preview:large, max-video-preview:-1\" \/>\n<link rel=\"canonical\" href=\"https:\/\/quehacerpolitico.mx\/?p=85335\" \/>\n<meta property=\"og:locale\" content=\"es_MX\" \/>\n<meta property=\"og:type\" content=\"article\" \/>\n<meta property=\"og:title\" content=\"Afectados por hurac\u00e1n &quot;Grace&quot; irrumpen evento de AMLO en Puebla -\" \/>\n<meta property=\"og:description\" content=\"Por Redacci\u00f3n QP Un grupo de 300 personas lograron pasar los cuatro filtros que hab\u00eda...\" \/>\n<meta property=\"og:url\" content=\"https:\/\/quehacerpolitico.mx\/?p=85335\" \/>\n<meta property=\"article:published_time\" content=\"2021-10-03T19:43:16+00:00\" \/>\n<meta property=\"article:modified_time\" content=\"2021-10-03T19:43:18+00:00\" \/>\n<meta property=\"og:image\" content=\"https:\/\/quehacerpolitico.mx\/wp-content\/uploads\/2021\/10\/E0620134-0337-41BD-A4A5-8FA84A98A2D9.jpeg\" \/>\n\t<meta property=\"og:image:width\" content=\"1108\" \/>\n\t<meta property=\"og:image:height\" content=\"668\" \/>\n\t<meta property=\"og:image:type\" content=\"image\/jpeg\" \/>\n<meta name=\"author\" content=\"Redacci\u00f3n QP\" \/>\n<meta name=\"twitter:card\" content=\"summary_large_image\" \/>\n<meta name=\"twitter:label1\" content=\"Escrito por\" \/>\n\t<meta name=\"twitter:data1\" content=\"Redacci\u00f3n QP\" \/>\n\t<meta name=\"twitter:label2\" content=\"Tiempo de lectura\" \/>\n\t<meta name=\"twitter:data2\" content=\"2 minutos\" \/>\n<script type=\"application\/ld+json\" class=\"yoast-schema-graph\">{\"@context\":\"https:\\\/\\\/schema.org\",\"@graph\":[{\"@type\":\"Article\",\"@id\":\"https:\\\/\\\/quehacerpolitico.mx\\\/?p=85335#article\",\"isPartOf\":{\"@id\":\"https:\\\/\\\/quehacerpolitico.mx\\\/?p=85335\"},\"author\":{\"name\":\"Redacci\u00f3n QP\",\"@id\":\"https:\\\/\\\/quehacerpolitico.mx\\\/#\\\/schema\\\/person\\\/496d8ad2d1d3f8036101dca7ee39e585\"},\"headline\":\"Afectados por hurac\u00e1n &#8220;Grace&#8221; irrumpen evento de AMLO en Puebla\",\"datePublished\":\"2021-10-03T19:43:16+00:00\",\"dateModified\":\"2021-10-03T19:43:18+00:00\",\"mainEntityOfPage\":{\"@id\":\"https:\\\/\\\/quehacerpolitico.mx\\\/?p=85335\"},\"wordCount\":381,\"commentCount\":0,\"image\":{\"@id\":\"https:\\\/\\\/quehacerpolitico.mx\\\/?p=85335#primaryimage\"},\"thumbnailUrl\":\"https:\\\/\\\/quehacerpolitico.mx\\\/wp-content\\\/uploads\\\/2021\\\/10\\\/E0620134-0337-41BD-A4A5-8FA84A98A2D9.jpeg\",\"articleSection\":[\"Noticias\"],\"inLanguage\":\"es\",\"potentialAction\":[{\"@type\":\"CommentAction\",\"name\":\"Comment\",\"target\":[\"https:\\\/\\\/quehacerpolitico.mx\\\/?p=85335#respond\"]}]},{\"@type\":\"WebPage\",\"@id\":\"https:\\\/\\\/quehacerpolitico.mx\\\/?p=85335\",\"url\":\"https:\\\/\\\/quehacerpolitico.mx\\\/?p=85335\",\"name\":\"Afectados por hurac\u00e1n \\\"Grace\\\" irrumpen evento de AMLO en Puebla -\",\"isPartOf\":{\"@id\":\"https:\\\/\\\/quehacerpolitico.mx\\\/#website\"},\"primaryImageOfPage\":{\"@id\":\"https:\\\/\\\/quehacerpolitico.mx\\\/?p=85335#primaryimage\"},\"image\":{\"@id\":\"https:\\\/\\\/quehacerpolitico.mx\\\/?p=85335#primaryimage\"},\"thumbnailUrl\":\"https:\\\/\\\/quehacerpolitico.mx\\\/wp-content\\\/uploads\\\/2021\\\/10\\\/E0620134-0337-41BD-A4A5-8FA84A98A2D9.jpeg\",\"datePublished\":\"2021-10-03T19:43:16+00:00\",\"dateModified\":\"2021-10-03T19:43:18+00:00\",\"author\":{\"@id\":\"https:\\\/\\\/quehacerpolitico.mx\\\/#\\\/schema\\\/person\\\/496d8ad2d1d3f8036101dca7ee39e585\"},\"breadcrumb\":{\"@id\":\"https:\\\/\\\/quehacerpolitico.mx\\\/?p=85335#breadcrumb\"},\"inLanguage\":\"es\",\"potentialAction\":[{\"@type\":\"ReadAction\",\"target\":[\"https:\\\/\\\/quehacerpolitico.mx\\\/?p=85335\"]}]},{\"@type\":\"ImageObject\",\"inLanguage\":\"es\",\"@id\":\"https:\\\/\\\/quehacerpolitico.mx\\\/?p=85335#primaryimage\",\"url\":\"https:\\\/\\\/quehacerpolitico.mx\\\/wp-content\\\/uploads\\\/2021\\\/10\\\/E0620134-0337-41BD-A4A5-8FA84A98A2D9.jpeg\",\"contentUrl\":\"https:\\\/\\\/quehacerpolitico.mx\\\/wp-content\\\/uploads\\\/2021\\\/10\\\/E0620134-0337-41BD-A4A5-8FA84A98A2D9.jpeg\",\"width\":1108,\"height\":668},{\"@type\":\"BreadcrumbList\",\"@id\":\"https:\\\/\\\/quehacerpolitico.mx\\\/?p=85335#breadcrumb\",\"itemListElement\":[{\"@type\":\"ListItem\",\"position\":1,\"name\":\"Inicio\",\"item\":\"https:\\\/\\\/quehacerpolitico.mx\\\/\"},{\"@type\":\"ListItem\",\"position\":2,\"name\":\"Afectados por hurac\u00e1n &#8220;Grace&#8221; irrumpen evento de AMLO en Puebla\"}]},{\"@type\":\"WebSite\",\"@id\":\"https:\\\/\\\/quehacerpolitico.mx\\\/#website\",\"url\":\"https:\\\/\\\/quehacerpolitico.mx\\\/\",\"name\":\"\",\"description\":\"\",\"potentialAction\":[{\"@type\":\"SearchAction\",\"target\":{\"@type\":\"EntryPoint\",\"urlTemplate\":\"https:\\\/\\\/quehacerpolitico.mx\\\/?s={search_term_string}\"},\"query-input\":{\"@type\":\"PropertyValueSpecification\",\"valueRequired\":true,\"valueName\":\"search_term_string\"}}],\"inLanguage\":\"es\"},{\"@type\":\"Person\",\"@id\":\"https:\\\/\\\/quehacerpolitico.mx\\\/#\\\/schema\\\/person\\\/496d8ad2d1d3f8036101dca7ee39e585\",\"name\":\"Redacci\u00f3n QP\",\"image\":{\"@type\":\"ImageObject\",\"inLanguage\":\"es\",\"@id\":\"https:\\\/\\\/secure.gravatar.com\\\/avatar\\\/c7164ed6fdec453195284ad24a5ae5b6e1eed2b848477fa2a4787ba9adf39a41?s=96&d=mm&r=g\",\"url\":\"https:\\\/\\\/secure.gravatar.com\\\/avatar\\\/c7164ed6fdec453195284ad24a5ae5b6e1eed2b848477fa2a4787ba9adf39a41?s=96&d=mm&r=g\",\"contentUrl\":\"https:\\\/\\\/secure.gravatar.com\\\/avatar\\\/c7164ed6fdec453195284ad24a5ae5b6e1eed2b848477fa2a4787ba9adf39a41?s=96&d=mm&r=g\",\"caption\":\"Redacci\u00f3n QP\"},\"url\":\"https:\\\/\\\/quehacerpolitico.mx\\\/?author=2\"}]}<\/script>\n<!-- \/ Yoast SEO plugin. -->","yoast_head_json":{"title":"Afectados por hurac\u00e1n \"Grace\" irrumpen evento de AMLO en Puebla -","robots":{"index":"index","follow":"follow","max-snippet":"max-snippet:-1","max-image-preview":"max-image-preview:large","max-video-preview":"max-video-preview:-1"},"canonical":"https:\/\/quehacerpolitico.mx\/?p=85335","og_locale":"es_MX","og_type":"article","og_title":"Afectados por hurac\u00e1n \"Grace\" irrumpen evento de AMLO en Puebla -","og_description":"Por Redacci\u00f3n QP Un grupo de 300 personas lograron pasar los cuatro filtros que hab\u00eda...","og_url":"https:\/\/quehacerpolitico.mx\/?p=85335","article_published_time":"2021-10-03T19:43:16+00:00","article_modified_time":"2021-10-03T19:43:18+00:00","og_image":[{"width":1108,"height":668,"url":"https:\/\/quehacerpolitico.mx\/wp-content\/uploads\/2021\/10\/E0620134-0337-41BD-A4A5-8FA84A98A2D9.jpeg","type":"image\/jpeg"}],"author":"Redacci\u00f3n QP","twitter_card":"summary_large_image","twitter_misc":{"Escrito por":"Redacci\u00f3n QP","Tiempo de lectura":"2 minutos"},"schema":{"@context":"https:\/\/schema.org","@graph":[{"@type":"Article","@id":"https:\/\/quehacerpolitico.mx\/?p=85335#article","isPartOf":{"@id":"https:\/\/quehacerpolitico.mx\/?p=85335"},"author":{"name":"Redacci\u00f3n QP","@id":"https:\/\/quehacerpolitico.mx\/#\/schema\/person\/496d8ad2d1d3f8036101dca7ee39e585"},"headline":"Afectados por hurac\u00e1n &#8220;Grace&#8221; irrumpen evento de AMLO en Puebla","datePublished":"2021-10-03T19:43:16+00:00","dateModified":"2021-10-03T19:43:18+00:00","mainEntityOfPage":{"@id":"https:\/\/quehacerpolitico.mx\/?p=85335"},"wordCount":381,"commentCount":0,"image":{"@id":"https:\/\/quehacerpolitico.mx\/?p=85335#primaryimage"},"thumbnailUrl":"https:\/\/quehacerpolitico.mx\/wp-content\/uploads\/2021\/10\/E0620134-0337-41BD-A4A5-8FA84A98A2D9.jpeg","articleSection":["Noticias"],"inLanguage":"es","potentialAction":[{"@type":"CommentAction","name":"Comment","target":["https:\/\/quehacerpolitico.mx\/?p=85335#respond"]}]},{"@type":"WebPage","@id":"https:\/\/quehacerpolitico.mx\/?p=85335","url":"https:\/\/quehacerpolitico.mx\/?p=85335","name":"Afectados por hurac\u00e1n \"Grace\" irrumpen evento de AMLO en Puebla -","isPartOf":{"@id":"https:\/\/quehacerpolitico.mx\/#website"},"primaryImageOfPage":{"@id":"https:\/\/quehacerpolitico.mx\/?p=85335#primaryimage"},"image":{"@id":"https:\/\/quehacerpolitico.mx\/?p=85335#primaryimage"},"thumbnailUrl":"https:\/\/quehacerpolitico.mx\/wp-content\/uploads\/2021\/10\/E0620134-0337-41BD-A4A5-8FA84A98A2D9.jpeg","datePublished":"2021-10-03T19:43:16+00:00","dateModified":"2021-10-03T19:43:18+00:00","author":{"@id":"https:\/\/quehacerpolitico.mx\/#\/schema\/person\/496d8ad2d1d3f8036101dca7ee39e585"},"breadcrumb":{"@id":"https:\/\/quehacerpolitico.mx\/?p=85335#breadcrumb"},"inLanguage":"es","potentialAction":[{"@type":"ReadAction","target":["https:\/\/quehacerpolitico.mx\/?p=85335"]}]},{"@type":"ImageObject","inLanguage":"es","@id":"https:\/\/quehacerpolitico.mx\/?p=85335#primaryimage","url":"https:\/\/quehacerpolitico.mx\/wp-content\/uploads\/2021\/10\/E0620134-0337-41BD-A4A5-8FA84A98A2D9.jpeg","contentUrl":"https:\/\/quehacerpolitico.mx\/wp-content\/uploads\/2021\/10\/E0620134-0337-41BD-A4A5-8FA84A98A2D9.jpeg","width":1108,"height":668},{"@type":"BreadcrumbList","@id":"https:\/\/quehacerpolitico.mx\/?p=85335#breadcrumb","itemListElement":[{"@type":"ListItem","position":1,"name":"Inicio","item":"https:\/\/quehacerpolitico.mx\/"},{"@type":"ListItem","position":2,"name":"Afectados por hurac\u00e1n &#8220;Grace&#8221; irrumpen evento de AMLO en Puebla"}]},{"@type":"WebSite","@id":"https:\/\/quehacerpolitico.mx\/#website","url":"https:\/\/quehacerpolitico.mx\/","name":"","description":"","potentialAction":[{"@type":"SearchAction","target":{"@type":"EntryPoint","urlTemplate":"https:\/\/quehacerpolitico.mx\/?s={search_term_string}"},"query-input":{"@type":"PropertyValueSpecification","valueRequired":true,"valueName":"search_term_string"}}],"inLanguage":"es"},{"@type":"Person","@id":"https:\/\/quehacerpolitico.mx\/#\/schema\/person\/496d8ad2d1d3f8036101dca7ee39e585","name":"Redacci\u00f3n QP","image":{"@type":"ImageObject","inLanguage":"es","@id":"https:\/\/secure.gravatar.com\/avatar\/c7164ed6fdec453195284ad24a5ae5b6e1eed2b848477fa2a4787ba9adf39a41?s=96&d=mm&r=g","url":"https:\/\/secure.gravatar.com\/avatar\/c7164ed6fdec453195284ad24a5ae5b6e1eed2b848477fa2a4787ba9adf39a41?s=96&d=mm&r=g","contentUrl":"https:\/\/secure.gravatar.com\/avatar\/c7164ed6fdec453195284ad24a5ae5b6e1eed2b848477fa2a4787ba9adf39a41?s=96&d=mm&r=g","caption":"Redacci\u00f3n QP"},"url":"https:\/\/quehacerpolitico.mx\/?author=2"}]}},"featured_image_urls":{"full":["https:\/\/quehacerpolitico.mx\/wp-content\/uploads\/2021\/10\/E0620134-0337-41BD-A4A5-8FA84A98A2D9.jpeg",1108,668,false],"thumbnail":["https:\/\/quehacerpolitico.mx\/wp-content\/uploads\/2021\/10\/E0620134-0337-41BD-A4A5-8FA84A98A2D9-150x150.jpeg",150,150,true],"medium":["https:\/\/quehacerpolitico.mx\/wp-content\/uploads\/2021\/10\/E0620134-0337-41BD-A4A5-8FA84A98A2D9-300x181.jpeg",300,181,true],"medium_large":["https:\/\/quehacerpolitico.mx\/wp-content\/uploads\/2021\/10\/E0620134-0337-41BD-A4A5-8FA84A98A2D9-768x463.jpeg",640,386,true],"large":["https:\/\/quehacerpolitico.mx\/wp-content\/uploads\/2021\/10\/E0620134-0337-41BD-A4A5-8FA84A98A2D9-1024x617.jpeg",640,386,true],"1536x1536":["https:\/\/quehacerpolitico.mx\/wp-content\/uploads\/2021\/10\/E0620134-0337-41BD-A4A5-8FA84A98A2D9.jpeg",1108,668,false],"2048x2048":["https:\/\/quehacerpolitico.mx\/wp-content\/uploads\/2021\/10\/E0620134-0337-41BD-A4A5-8FA84A98A2D9.jpeg",1108,668,false],"covernews-featured":["https:\/\/quehacerpolitico.mx\/wp-content\/uploads\/2021\/10\/E0620134-0337-41BD-A4A5-8FA84A98A2D9.jpeg",1024,617,false],"covernews-medium":["https:\/\/quehacerpolitico.mx\/wp-content\/uploads\/2021\/10\/E0620134-0337-41BD-A4A5-8FA84A98A2D9.jpeg",540,326,false]},"author_info":{"display_name":"Redacci\u00f3n QP","author_link":"https:\/\/quehacerpolitico.mx\/?author=2"},"category_info":"<a href=\"https:\/\/quehacerpolitico.mx\/?cat=2\" rel=\"category\">Noticias<\/a>","tag_info":"Noticias","comment_count":"0","_links":{"self":[{"href":"https:\/\/quehacerpolitico.mx\/index.php?rest_route=\/wp\/v2\/posts\/85335","targetHints":{"allow":["GET"]}}],"collection":[{"href":"https:\/\/quehacerpolitico.mx\/index.php?rest_route=\/wp\/v2\/posts"}],"about":[{"href":"https:\/\/quehacerpolitico.mx\/index.php?rest_route=\/wp\/v2\/types\/post"}],"author":[{"embeddable":true,"href":"https:\/\/quehacerpolitico.mx\/index.php?rest_route=\/wp\/v2\/users\/2"}],"replies":[{"embeddable":true,"href":"https:\/\/quehacerpolitico.mx\/index.php?rest_route=%2Fwp%2Fv2%2Fcomments&post=85335"}],"version-history":[{"count":1,"href":"https:\/\/quehacerpolitico.mx\/index.php?rest_route=\/wp\/v2\/posts\/85335\/revisions"}],"predecessor-version":[{"id":85337,"href":"https:\/\/quehacerpolitico.mx\/index.php?rest_route=\/wp\/v2\/posts\/85335\/revisions\/85337"}],"wp:featuredmedia":[{"embeddable":true,"href":"https:\/\/quehacerpolitico.mx\/index.php?rest_route=\/wp\/v2\/media\/85336"}],"wp:attachment":[{"href":"https:\/\/quehacerpolitico.mx\/index.php?rest_route=%2Fwp%2Fv2%2Fmedia&parent=85335"}],"wp:term":[{"taxonomy":"category","embeddable":true,"href":"https:\/\/quehacerpolitico.mx\/index.php?rest_route=%2Fwp%2Fv2%2Fcategories&post=85335"},{"taxonomy":"post_tag","embeddable":true,"href":"https:\/\/quehacerpolitico.mx\/index.php?rest_route=%2Fwp%2Fv2%2Ftags&post=85335"}],"curies":[{"name":"wp","href":"https:\/\/api.w.org\/{rel}","templated":true}]}}