{"id":85328,"date":"2021-10-03T18:45:50","date_gmt":"2021-10-03T18:45:50","guid":{"rendered":"https:\/\/quehacerpolitico.mx\/?p=85328"},"modified":"2021-10-03T18:45:52","modified_gmt":"2021-10-03T18:45:52","slug":"quien-es-magaly-solano-beltran-la-cantante-que-se-viralizo-por-cantar-la-llorona-en-una-birrieria","status":"publish","type":"post","link":"https:\/\/quehacerpolitico.mx\/?p=85328","title":{"rendered":"\u00bfQui\u00e9n es Magaly Solano Beltr\u00e1n la cantante que se viraliz\u00f3 por cantar &#8220;La Llorona&#8221; en una birrier\u00eda?"},"content":{"rendered":"\n<p>Por Redacci\u00f3n QP<\/p>\n\n\n\n<p>Magaly Solano Beltr\u00e1n, quien se hizo viral en los d\u00edas pasados, ha participado en el programa &#8220;La Voz M\u00e9xico&#8221;<\/p>\n\n\n\n<p>Hace d\u00edas se viraliz\u00f3 un video donde se ve a una joven sentada en un banco afuera de una birrier\u00eda, en la CDMX, cantando la popular canci\u00f3n mexicana \u201cLa Llorona\u201d, pero poco sabemos de la chica que ha cautivado a miles de internautas en redes sociales.&nbsp;<\/p>\n\n\n\n<p><strong>El nuevo video viral es protagonizado por Magaly Solano Beltr\u00e1n, de 31 a\u00f1os de edad, una joven que regularmente pasea por los restaurantes de la Ciudad de M\u00e9xico para interpretar temas ic\u00f3nicos de la m\u00fasica vern\u00e1cula<\/strong>. Ella estudi\u00f3 durante tres a\u00f1os en el Conservatorio de M\u00fasica del Estado de M\u00e9xico, pero decidi\u00f3 dejarlo para poder terminar la preparatoria.<\/p>\n\n\n\n<p>\u00a0En una entrevista que ofreci\u00f3 a Cultura Colectiva, Magaly, que es originaria del municipio Lerma, de Edomex, asever\u00f3 que desde peque\u00f1a ha amado la m\u00fasica y por eso hasta el d\u00eda de hoy, que se encuentra casada y con tres hijos, sigue cantando en los locales que se lo permiten.<\/p>\n\n\n\n<p>\u201cCanto de todo, lo m\u00edo es la m\u00fasica vern\u00e1cula\u201d, recalc\u00f3 Magaly, quien dijo que visita hasta ocho restaurantes durante el fin de semana para poder interpretar sus canciones favoritas.&nbsp;<\/p>\n\n\n\n<h4 class=\"wp-block-heading\">Su audici\u00f3n en \u201cLa Voz M\u00e9xico\u201d&nbsp;<\/h4>\n\n\n\n<p>Esta no es la primera vez que Magaly da un paso hacia la fama, pues el a\u00f1o pasado audicion\u00f3 para formar parte del programa \u201cLa Voz M\u00e9xico\u201d, sin embargo, los jueces de aquel entonces, Belinda, Christian Nodal, Mar\u00eda Jos\u00e9 y Ricardo Montaner no se dieron la vuelta y ah\u00ed termin\u00f3 su participaci\u00f3n.<\/p>\n\n\n\n<figure class=\"wp-block-embed is-type-video is-provider-youtube wp-block-embed-youtube wp-embed-aspect-16-9 wp-has-aspect-ratio\"><div class=\"wp-block-embed__wrapper\">\n<iframe loading=\"lazy\" title=\"Magaly Beltran Tata Dios Audicion +Mas historia de vida La Voz mexico 2020\" width=\"640\" height=\"360\" src=\"https:\/\/www.youtube.com\/embed\/yVuetUtNUU0?feature=oembed\" frameborder=\"0\" allow=\"accelerometer; autoplay; clipboard-write; encrypted-media; gyroscope; picture-in-picture; web-share\" referrerpolicy=\"strict-origin-when-cross-origin\" allowfullscreen><\/iframe>\n<\/div><\/figure>\n\n\n\n<p>Finalmente, Magaly agradeci\u00f3 a los cientos de personas que se han acercado para ofrecerle apoyo, o seguirla en sus redes sociales.<\/p>\n\n\n\n<figure class=\"wp-block-image\"><img decoding=\"async\" src=\"https:\/\/www.informador.mx\/export\/sites\/elinformador\/img\/2021\/10\/03\/imagen_1.png_933348188.png\" alt=\"\"\/><\/figure>\n\n\n\n<h4 class=\"wp-block-heading\"><\/h4>\n","protected":false},"excerpt":{"rendered":"<p>Por Redacci\u00f3n QP Magaly Solano Beltr\u00e1n, quien se hizo viral en los d\u00edas pasados, ha&#8230;<\/p>\n","protected":false},"author":2,"featured_media":85329,"comment_status":"open","ping_status":"open","sticky":false,"template":"","format":"standard","meta":{"_monsterinsights_skip_tracking":false,"_monsterinsights_sitenote_active":false,"_monsterinsights_sitenote_note":"","_monsterinsights_sitenote_category":0,"footnotes":""},"categories":[58],"tags":[],"class_list":["post-85328","post","type-post","status-publish","format-standard","has-post-thumbnail","hentry","category-cultura"],"yoast_head":"<!-- This site is optimized with the Yoast SEO plugin v27.3 - https:\/\/yoast.com\/product\/yoast-seo-wordpress\/ -->\n<title>\u00bfQui\u00e9n es Magaly Solano Beltr\u00e1n la cantante que se viraliz\u00f3 por cantar &quot;La Llorona&quot; en una birrier\u00eda? -<\/title>\n<meta name=\"robots\" content=\"index, follow, max-snippet:-1, max-image-preview:large, max-video-preview:-1\" \/>\n<link rel=\"canonical\" href=\"https:\/\/quehacerpolitico.mx\/?p=85328\" \/>\n<meta property=\"og:locale\" content=\"es_MX\" \/>\n<meta property=\"og:type\" content=\"article\" \/>\n<meta property=\"og:title\" content=\"\u00bfQui\u00e9n es Magaly Solano Beltr\u00e1n la cantante que se viraliz\u00f3 por cantar &quot;La Llorona&quot; en una birrier\u00eda? -\" \/>\n<meta property=\"og:description\" content=\"Por Redacci\u00f3n QP Magaly Solano Beltr\u00e1n, quien se hizo viral en los d\u00edas pasados, ha...\" \/>\n<meta property=\"og:url\" content=\"https:\/\/quehacerpolitico.mx\/?p=85328\" \/>\n<meta property=\"article:published_time\" content=\"2021-10-03T18:45:50+00:00\" \/>\n<meta property=\"article:modified_time\" content=\"2021-10-03T18:45:52+00:00\" \/>\n<meta property=\"og:image\" content=\"https:\/\/quehacerpolitico.mx\/wp-content\/uploads\/2021\/10\/73F92693-9FB3-4E96-A9FD-322A095D2006.jpeg\" \/>\n\t<meta property=\"og:image:width\" content=\"1200\" \/>\n\t<meta property=\"og:image:height\" content=\"756\" \/>\n\t<meta property=\"og:image:type\" content=\"image\/jpeg\" \/>\n<meta name=\"author\" content=\"Redacci\u00f3n QP\" \/>\n<meta name=\"twitter:card\" content=\"summary_large_image\" \/>\n<meta name=\"twitter:label1\" content=\"Escrito por\" \/>\n\t<meta name=\"twitter:data1\" content=\"Redacci\u00f3n QP\" \/>\n\t<meta name=\"twitter:label2\" content=\"Tiempo de lectura\" \/>\n\t<meta name=\"twitter:data2\" content=\"2 minutos\" \/>\n<script type=\"application\/ld+json\" class=\"yoast-schema-graph\">{\"@context\":\"https:\\\/\\\/schema.org\",\"@graph\":[{\"@type\":\"Article\",\"@id\":\"https:\\\/\\\/quehacerpolitico.mx\\\/?p=85328#article\",\"isPartOf\":{\"@id\":\"https:\\\/\\\/quehacerpolitico.mx\\\/?p=85328\"},\"author\":{\"name\":\"Redacci\u00f3n QP\",\"@id\":\"https:\\\/\\\/quehacerpolitico.mx\\\/#\\\/schema\\\/person\\\/496d8ad2d1d3f8036101dca7ee39e585\"},\"headline\":\"\u00bfQui\u00e9n es Magaly Solano Beltr\u00e1n la cantante que se viraliz\u00f3 por cantar &#8220;La Llorona&#8221; en una birrier\u00eda?\",\"datePublished\":\"2021-10-03T18:45:50+00:00\",\"dateModified\":\"2021-10-03T18:45:52+00:00\",\"mainEntityOfPage\":{\"@id\":\"https:\\\/\\\/quehacerpolitico.mx\\\/?p=85328\"},\"wordCount\":338,\"commentCount\":0,\"image\":{\"@id\":\"https:\\\/\\\/quehacerpolitico.mx\\\/?p=85328#primaryimage\"},\"thumbnailUrl\":\"https:\\\/\\\/quehacerpolitico.mx\\\/wp-content\\\/uploads\\\/2021\\\/10\\\/73F92693-9FB3-4E96-A9FD-322A095D2006.jpeg\",\"articleSection\":[\"Cultura y Entretenimiento\"],\"inLanguage\":\"es\",\"potentialAction\":[{\"@type\":\"CommentAction\",\"name\":\"Comment\",\"target\":[\"https:\\\/\\\/quehacerpolitico.mx\\\/?p=85328#respond\"]}]},{\"@type\":\"WebPage\",\"@id\":\"https:\\\/\\\/quehacerpolitico.mx\\\/?p=85328\",\"url\":\"https:\\\/\\\/quehacerpolitico.mx\\\/?p=85328\",\"name\":\"\u00bfQui\u00e9n es Magaly Solano Beltr\u00e1n la cantante que se viraliz\u00f3 por cantar \\\"La Llorona\\\" en una birrier\u00eda? -\",\"isPartOf\":{\"@id\":\"https:\\\/\\\/quehacerpolitico.mx\\\/#website\"},\"primaryImageOfPage\":{\"@id\":\"https:\\\/\\\/quehacerpolitico.mx\\\/?p=85328#primaryimage\"},\"image\":{\"@id\":\"https:\\\/\\\/quehacerpolitico.mx\\\/?p=85328#primaryimage\"},\"thumbnailUrl\":\"https:\\\/\\\/quehacerpolitico.mx\\\/wp-content\\\/uploads\\\/2021\\\/10\\\/73F92693-9FB3-4E96-A9FD-322A095D2006.jpeg\",\"datePublished\":\"2021-10-03T18:45:50+00:00\",\"dateModified\":\"2021-10-03T18:45:52+00:00\",\"author\":{\"@id\":\"https:\\\/\\\/quehacerpolitico.mx\\\/#\\\/schema\\\/person\\\/496d8ad2d1d3f8036101dca7ee39e585\"},\"breadcrumb\":{\"@id\":\"https:\\\/\\\/quehacerpolitico.mx\\\/?p=85328#breadcrumb\"},\"inLanguage\":\"es\",\"potentialAction\":[{\"@type\":\"ReadAction\",\"target\":[\"https:\\\/\\\/quehacerpolitico.mx\\\/?p=85328\"]}]},{\"@type\":\"ImageObject\",\"inLanguage\":\"es\",\"@id\":\"https:\\\/\\\/quehacerpolitico.mx\\\/?p=85328#primaryimage\",\"url\":\"https:\\\/\\\/quehacerpolitico.mx\\\/wp-content\\\/uploads\\\/2021\\\/10\\\/73F92693-9FB3-4E96-A9FD-322A095D2006.jpeg\",\"contentUrl\":\"https:\\\/\\\/quehacerpolitico.mx\\\/wp-content\\\/uploads\\\/2021\\\/10\\\/73F92693-9FB3-4E96-A9FD-322A095D2006.jpeg\",\"width\":1200,\"height\":756},{\"@type\":\"BreadcrumbList\",\"@id\":\"https:\\\/\\\/quehacerpolitico.mx\\\/?p=85328#breadcrumb\",\"itemListElement\":[{\"@type\":\"ListItem\",\"position\":1,\"name\":\"Inicio\",\"item\":\"https:\\\/\\\/quehacerpolitico.mx\\\/\"},{\"@type\":\"ListItem\",\"position\":2,\"name\":\"\u00bfQui\u00e9n es Magaly Solano Beltr\u00e1n la cantante que se viraliz\u00f3 por cantar &#8220;La Llorona&#8221; en una birrier\u00eda?\"}]},{\"@type\":\"WebSite\",\"@id\":\"https:\\\/\\\/quehacerpolitico.mx\\\/#website\",\"url\":\"https:\\\/\\\/quehacerpolitico.mx\\\/\",\"name\":\"\",\"description\":\"\",\"potentialAction\":[{\"@type\":\"SearchAction\",\"target\":{\"@type\":\"EntryPoint\",\"urlTemplate\":\"https:\\\/\\\/quehacerpolitico.mx\\\/?s={search_term_string}\"},\"query-input\":{\"@type\":\"PropertyValueSpecification\",\"valueRequired\":true,\"valueName\":\"search_term_string\"}}],\"inLanguage\":\"es\"},{\"@type\":\"Person\",\"@id\":\"https:\\\/\\\/quehacerpolitico.mx\\\/#\\\/schema\\\/person\\\/496d8ad2d1d3f8036101dca7ee39e585\",\"name\":\"Redacci\u00f3n QP\",\"image\":{\"@type\":\"ImageObject\",\"inLanguage\":\"es\",\"@id\":\"https:\\\/\\\/secure.gravatar.com\\\/avatar\\\/c7164ed6fdec453195284ad24a5ae5b6e1eed2b848477fa2a4787ba9adf39a41?s=96&d=mm&r=g\",\"url\":\"https:\\\/\\\/secure.gravatar.com\\\/avatar\\\/c7164ed6fdec453195284ad24a5ae5b6e1eed2b848477fa2a4787ba9adf39a41?s=96&d=mm&r=g\",\"contentUrl\":\"https:\\\/\\\/secure.gravatar.com\\\/avatar\\\/c7164ed6fdec453195284ad24a5ae5b6e1eed2b848477fa2a4787ba9adf39a41?s=96&d=mm&r=g\",\"caption\":\"Redacci\u00f3n QP\"},\"url\":\"https:\\\/\\\/quehacerpolitico.mx\\\/?author=2\"}]}<\/script>\n<!-- \/ Yoast SEO plugin. -->","yoast_head_json":{"title":"\u00bfQui\u00e9n es Magaly Solano Beltr\u00e1n la cantante que se viraliz\u00f3 por cantar \"La Llorona\" en una birrier\u00eda? -","robots":{"index":"index","follow":"follow","max-snippet":"max-snippet:-1","max-image-preview":"max-image-preview:large","max-video-preview":"max-video-preview:-1"},"canonical":"https:\/\/quehacerpolitico.mx\/?p=85328","og_locale":"es_MX","og_type":"article","og_title":"\u00bfQui\u00e9n es Magaly Solano Beltr\u00e1n la cantante que se viraliz\u00f3 por cantar \"La Llorona\" en una birrier\u00eda? -","og_description":"Por Redacci\u00f3n QP Magaly Solano Beltr\u00e1n, quien se hizo viral en los d\u00edas pasados, ha...","og_url":"https:\/\/quehacerpolitico.mx\/?p=85328","article_published_time":"2021-10-03T18:45:50+00:00","article_modified_time":"2021-10-03T18:45:52+00:00","og_image":[{"width":1200,"height":756,"url":"https:\/\/quehacerpolitico.mx\/wp-content\/uploads\/2021\/10\/73F92693-9FB3-4E96-A9FD-322A095D2006.jpeg","type":"image\/jpeg"}],"author":"Redacci\u00f3n QP","twitter_card":"summary_large_image","twitter_misc":{"Escrito por":"Redacci\u00f3n QP","Tiempo de lectura":"2 minutos"},"schema":{"@context":"https:\/\/schema.org","@graph":[{"@type":"Article","@id":"https:\/\/quehacerpolitico.mx\/?p=85328#article","isPartOf":{"@id":"https:\/\/quehacerpolitico.mx\/?p=85328"},"author":{"name":"Redacci\u00f3n QP","@id":"https:\/\/quehacerpolitico.mx\/#\/schema\/person\/496d8ad2d1d3f8036101dca7ee39e585"},"headline":"\u00bfQui\u00e9n es Magaly Solano Beltr\u00e1n la cantante que se viraliz\u00f3 por cantar &#8220;La Llorona&#8221; en una birrier\u00eda?","datePublished":"2021-10-03T18:45:50+00:00","dateModified":"2021-10-03T18:45:52+00:00","mainEntityOfPage":{"@id":"https:\/\/quehacerpolitico.mx\/?p=85328"},"wordCount":338,"commentCount":0,"image":{"@id":"https:\/\/quehacerpolitico.mx\/?p=85328#primaryimage"},"thumbnailUrl":"https:\/\/quehacerpolitico.mx\/wp-content\/uploads\/2021\/10\/73F92693-9FB3-4E96-A9FD-322A095D2006.jpeg","articleSection":["Cultura y Entretenimiento"],"inLanguage":"es","potentialAction":[{"@type":"CommentAction","name":"Comment","target":["https:\/\/quehacerpolitico.mx\/?p=85328#respond"]}]},{"@type":"WebPage","@id":"https:\/\/quehacerpolitico.mx\/?p=85328","url":"https:\/\/quehacerpolitico.mx\/?p=85328","name":"\u00bfQui\u00e9n es Magaly Solano Beltr\u00e1n la cantante que se viraliz\u00f3 por cantar \"La Llorona\" en una birrier\u00eda? -","isPartOf":{"@id":"https:\/\/quehacerpolitico.mx\/#website"},"primaryImageOfPage":{"@id":"https:\/\/quehacerpolitico.mx\/?p=85328#primaryimage"},"image":{"@id":"https:\/\/quehacerpolitico.mx\/?p=85328#primaryimage"},"thumbnailUrl":"https:\/\/quehacerpolitico.mx\/wp-content\/uploads\/2021\/10\/73F92693-9FB3-4E96-A9FD-322A095D2006.jpeg","datePublished":"2021-10-03T18:45:50+00:00","dateModified":"2021-10-03T18:45:52+00:00","author":{"@id":"https:\/\/quehacerpolitico.mx\/#\/schema\/person\/496d8ad2d1d3f8036101dca7ee39e585"},"breadcrumb":{"@id":"https:\/\/quehacerpolitico.mx\/?p=85328#breadcrumb"},"inLanguage":"es","potentialAction":[{"@type":"ReadAction","target":["https:\/\/quehacerpolitico.mx\/?p=85328"]}]},{"@type":"ImageObject","inLanguage":"es","@id":"https:\/\/quehacerpolitico.mx\/?p=85328#primaryimage","url":"https:\/\/quehacerpolitico.mx\/wp-content\/uploads\/2021\/10\/73F92693-9FB3-4E96-A9FD-322A095D2006.jpeg","contentUrl":"https:\/\/quehacerpolitico.mx\/wp-content\/uploads\/2021\/10\/73F92693-9FB3-4E96-A9FD-322A095D2006.jpeg","width":1200,"height":756},{"@type":"BreadcrumbList","@id":"https:\/\/quehacerpolitico.mx\/?p=85328#breadcrumb","itemListElement":[{"@type":"ListItem","position":1,"name":"Inicio","item":"https:\/\/quehacerpolitico.mx\/"},{"@type":"ListItem","position":2,"name":"\u00bfQui\u00e9n es Magaly Solano Beltr\u00e1n la cantante que se viraliz\u00f3 por cantar &#8220;La Llorona&#8221; en una birrier\u00eda?"}]},{"@type":"WebSite","@id":"https:\/\/quehacerpolitico.mx\/#website","url":"https:\/\/quehacerpolitico.mx\/","name":"","description":"","potentialAction":[{"@type":"SearchAction","target":{"@type":"EntryPoint","urlTemplate":"https:\/\/quehacerpolitico.mx\/?s={search_term_string}"},"query-input":{"@type":"PropertyValueSpecification","valueRequired":true,"valueName":"search_term_string"}}],"inLanguage":"es"},{"@type":"Person","@id":"https:\/\/quehacerpolitico.mx\/#\/schema\/person\/496d8ad2d1d3f8036101dca7ee39e585","name":"Redacci\u00f3n QP","image":{"@type":"ImageObject","inLanguage":"es","@id":"https:\/\/secure.gravatar.com\/avatar\/c7164ed6fdec453195284ad24a5ae5b6e1eed2b848477fa2a4787ba9adf39a41?s=96&d=mm&r=g","url":"https:\/\/secure.gravatar.com\/avatar\/c7164ed6fdec453195284ad24a5ae5b6e1eed2b848477fa2a4787ba9adf39a41?s=96&d=mm&r=g","contentUrl":"https:\/\/secure.gravatar.com\/avatar\/c7164ed6fdec453195284ad24a5ae5b6e1eed2b848477fa2a4787ba9adf39a41?s=96&d=mm&r=g","caption":"Redacci\u00f3n QP"},"url":"https:\/\/quehacerpolitico.mx\/?author=2"}]}},"featured_image_urls":{"full":["https:\/\/quehacerpolitico.mx\/wp-content\/uploads\/2021\/10\/73F92693-9FB3-4E96-A9FD-322A095D2006.jpeg",1200,756,false],"thumbnail":["https:\/\/quehacerpolitico.mx\/wp-content\/uploads\/2021\/10\/73F92693-9FB3-4E96-A9FD-322A095D2006-150x150.jpeg",150,150,true],"medium":["https:\/\/quehacerpolitico.mx\/wp-content\/uploads\/2021\/10\/73F92693-9FB3-4E96-A9FD-322A095D2006-300x189.jpeg",300,189,true],"medium_large":["https:\/\/quehacerpolitico.mx\/wp-content\/uploads\/2021\/10\/73F92693-9FB3-4E96-A9FD-322A095D2006-768x484.jpeg",640,403,true],"large":["https:\/\/quehacerpolitico.mx\/wp-content\/uploads\/2021\/10\/73F92693-9FB3-4E96-A9FD-322A095D2006-1024x645.jpeg",640,403,true],"1536x1536":["https:\/\/quehacerpolitico.mx\/wp-content\/uploads\/2021\/10\/73F92693-9FB3-4E96-A9FD-322A095D2006.jpeg",1200,756,false],"2048x2048":["https:\/\/quehacerpolitico.mx\/wp-content\/uploads\/2021\/10\/73F92693-9FB3-4E96-A9FD-322A095D2006.jpeg",1200,756,false],"covernews-featured":["https:\/\/quehacerpolitico.mx\/wp-content\/uploads\/2021\/10\/73F92693-9FB3-4E96-A9FD-322A095D2006.jpeg",1024,645,false],"covernews-medium":["https:\/\/quehacerpolitico.mx\/wp-content\/uploads\/2021\/10\/73F92693-9FB3-4E96-A9FD-322A095D2006.jpeg",540,340,false]},"author_info":{"display_name":"Redacci\u00f3n QP","author_link":"https:\/\/quehacerpolitico.mx\/?author=2"},"category_info":"<a href=\"https:\/\/quehacerpolitico.mx\/?cat=58\" rel=\"category\">Cultura y Entretenimiento<\/a>","tag_info":"Cultura y Entretenimiento","comment_count":"0","_links":{"self":[{"href":"https:\/\/quehacerpolitico.mx\/index.php?rest_route=\/wp\/v2\/posts\/85328","targetHints":{"allow":["GET"]}}],"collection":[{"href":"https:\/\/quehacerpolitico.mx\/index.php?rest_route=\/wp\/v2\/posts"}],"about":[{"href":"https:\/\/quehacerpolitico.mx\/index.php?rest_route=\/wp\/v2\/types\/post"}],"author":[{"embeddable":true,"href":"https:\/\/quehacerpolitico.mx\/index.php?rest_route=\/wp\/v2\/users\/2"}],"replies":[{"embeddable":true,"href":"https:\/\/quehacerpolitico.mx\/index.php?rest_route=%2Fwp%2Fv2%2Fcomments&post=85328"}],"version-history":[{"count":1,"href":"https:\/\/quehacerpolitico.mx\/index.php?rest_route=\/wp\/v2\/posts\/85328\/revisions"}],"predecessor-version":[{"id":85330,"href":"https:\/\/quehacerpolitico.mx\/index.php?rest_route=\/wp\/v2\/posts\/85328\/revisions\/85330"}],"wp:featuredmedia":[{"embeddable":true,"href":"https:\/\/quehacerpolitico.mx\/index.php?rest_route=\/wp\/v2\/media\/85329"}],"wp:attachment":[{"href":"https:\/\/quehacerpolitico.mx\/index.php?rest_route=%2Fwp%2Fv2%2Fmedia&parent=85328"}],"wp:term":[{"taxonomy":"category","embeddable":true,"href":"https:\/\/quehacerpolitico.mx\/index.php?rest_route=%2Fwp%2Fv2%2Fcategories&post=85328"},{"taxonomy":"post_tag","embeddable":true,"href":"https:\/\/quehacerpolitico.mx\/index.php?rest_route=%2Fwp%2Fv2%2Ftags&post=85328"}],"curies":[{"name":"wp","href":"https:\/\/api.w.org\/{rel}","templated":true}]}}