{"id":8504,"date":"2018-11-05T03:19:45","date_gmt":"2018-11-05T03:19:45","guid":{"rendered":"http:\/\/quehacerpolitico.mx\/varios-migrantes-de-la-caravana-no-llegaran-a-eu-ven-en-mexico-buenas-oportunidades-de-vida\/"},"modified":"2018-11-05T03:19:45","modified_gmt":"2018-11-05T03:19:45","slug":"varios-migrantes-de-la-caravana-no-llegaran-a-eu-ven-en-mexico-buenas-oportunidades-de-vida","status":"publish","type":"post","link":"https:\/\/quehacerpolitico.mx\/?p=8504","title":{"rendered":"Varios migrantes de la caravana no llegar\u00e1n a EU; ven en M\u00e9xico buenas oportunidades de vida"},"content":{"rendered":"<h1>Varios migrantes de la caravana no llegar\u00e1n a EU; ven en M\u00e9xico buenas oportunidades de vida<\/h1>\n<p>Por Redacci\u00f3n QP<\/p>\n<p>Conforme se adentran m\u00e1s en <strong>territorio mexicano<\/strong>, las y los <strong>centroamericanos<\/strong> que viajan en la <strong>caravana migrante<\/strong> se convencen de quedarse en alguno de los estados de este pa\u00eds para reiniciar su vida.<\/p>\n<blockquote>\n<p>Si bien su objetivo final era llegar a <strong>Estados Unidos<\/strong>, con los miles de kil\u00f3metros recorridos de por medio, cada d\u00edas m\u00e1s personas <strong>hondure\u00f1as<\/strong>, <strong>salvadore\u00f1as<\/strong> y <strong>guatemaltecas<\/strong> que entraron a <strong>M\u00e9xico<\/strong> el 19 de octubre han decidido quedarse en estados o ciudades mexicanas a laborar \u201cen lo que las cosas se calman\u201d en la frontera norte.<\/p>\n<p>\u201cS\u00e9 que en M\u00e9xico se tiene la oportunidad para salir adelante\u201d, asegur\u00f3 <em>Efe<\/em> el guatemalteco Jos\u00e9 Ram\u00edrez, quien con su esposa y su hijo en brazos viaja por el sur del oriental estado de Veracruz.<\/p>\n<p>En los cruces viales de ciudades por donde transita, solicita ayuda de la poblaci\u00f3n, en lo que -dice- se trasladan a la Ciudad de M\u00e9xico para ver a qu\u00e9 tipo de acuerdos llegan y quedarse a trabajar en el pa\u00eds.<\/p>\n<p>\u201cYa no vamos a ir a Estados Unidos\u201d, aclara el hombre, cuyo oficio est\u00e1 en el ramo de la construcci\u00f3n. Ahora, agrega, <strong>busca quedarse<\/strong>\u201cpara darle una <strong>mejor vida<\/strong>\u201d a su beb\u00e9 y esposa, aunque a\u00fan no tiene definido en qu\u00e9 estado residir\u00e1n.<\/p>\n<p>Se muestra agradecido por la calidez de las y los mexicanos, por las muestras de solidaridad y cari\u00f1o que les han mostrado y eso -dice- lo ha convencido para decidir que su segunda casa sea M\u00e9xico.<\/p>\n<p>En algunas regiones del pa\u00eds, como Veracruz, hay una gran solidaridad de la gente y las costumbres y forma de hablar son muy similares a la de centroamericanos, por lo que la caravana ha sido bien recibida con apoyos en alimentos, agua y ropa.<\/p>\n<p>En regiones costeras del Golfo de M\u00e9xico, los pobladores provienen de tres ra\u00edces: ind\u00edgena, espa\u00f1ola y africana, por lo que el car\u00e1cter caribe\u00f1o se respira, come y escucha en poblados y grandes ciudades.<\/p>\n<p>Quien tiene definido su destino final es uno de los miles de j\u00f3venes hondure\u00f1os que viaja en la <strong>caravana<\/strong>. Sin dar a conocer su nombre, dice que vivir\u00e1 en la ciudad de Monterrey, norte de M\u00e9xico, donde pretende laborar hasta reunir un dinero para enviarlo a su familia.<\/p>\n<blockquote>\n<p>\u201cYo me dirijo a Monterrey, mi meta era llegar a Estados Unidos pero mejor no, habl\u00e9 con mi mam\u00e1 y le dije que me quedar\u00eda mejor en Monterrey para empezar a trabajar y estar\u00e9 mejor aqu\u00ed un tiempo en M\u00e9xico\u201d, afirma.<\/p>\n<\/blockquote>\n<p>Su hermano hab\u00eda intentado estar en la caravana, pero fue detenido por autoridades migratorias en Chiapas y hoy se encuentra en su natal Honduras, donde no piensa volver a intentar llegar a Estados Unidos y ahora menos que fueron enviados soldados para retenerlos.<\/p>\n<p>La<strong> caravana migrante<\/strong> lleg\u00f3 en grupos distintos desde el viernes al municipio de Sayula de Alem\u00e1n, y durante s\u00e1bado y domingo retomaron su camino hacia el central estado de Puebla, donde se reagruparan este d\u00eda para el lunes enfilarse a la Ciudad de M\u00e9xico.<\/p>\n<p>En medio del \u00e9xodo y de sus vicisitudes propias, las personas\u00a0<strong>migrantes<\/strong> siguen evaluando <strong>quedarse en M\u00e9xico<\/strong>, aunque a\u00fan muchos no definen en qu\u00e9 estados del pa\u00eds lo har\u00e1n, porque, como dice uno de ellos llamado Miguel, \u201ctodo depender\u00e1 de c\u00f3mo nos sintamos\u201d.<\/p>\n<p>\u201cLa gente ha sido muy amable con nosotros, nos sentimos en casa\u201d, explica el joven, quien viaja junto con su esposa, de 19 a\u00f1os; su hijo, de 2 a\u00f1os, y una hermana, todos provenientes de <strong>Honduras<\/strong>, pa\u00eds que abandonaron hace 23 d\u00edas.<\/p>\n<p>Aunque el grueso del contingente, de unos 5 mil centroamericanos, que entraron a M\u00e9xico el 19 de octubre, a\u00fan tiene como meta llegar a <strong>Estados Unidos<\/strong>, un grupo importante ve dif\u00edcil que les permitan ingresar a ese pa\u00eds y entonces su opci\u00f3n es <strong>quedarse en M\u00e9xico<\/strong>.<\/p>\n<p>Un campesino de Col\u00f3n, del departamento de Sonaguera en Honduras, quien dice llamarse Balvis, err\u00f3neamente asegura que lograr\u00e1 entrar a<strong> Estados Unidos<\/strong> gracias a que Barack Obama dej\u00f3 una ley que establec\u00eda que todo centroamericano que lleve menores de edad puede ingresar.<\/p>\n<p>Viajando con tres ni\u00f1os, dos de ellos sus hijos y un sobrino, as\u00ed como su esposa y una cu\u00f1ada, tiene la esperanza de cruzar la frontera norte mediante el programa de procesamiento de refugiados para menores centroamericanos (Central American minors (CAM) Refugee\/Parole program), el cual en agosto de 2017 fue cancelado por el actual Gobernante, Donald Trump.<\/p>\n<p>Por el contrario, Miguel cada d\u00eda se convence m\u00e1s que ser\u00e1 dif\u00edcil que los dejen entrar, por lo que una vez que est\u00e9n la Ciudad de M\u00e9xico decidir\u00e1 a qu\u00e9 estado de este pa\u00eds se ir\u00e1 a vivir.<\/p>\n<p>Con Informaci\u00f3n de EFE<\/p>\n<\/blockquote>\n","protected":false},"excerpt":{"rendered":"<p>Varios migrantes de la caravana no llegar\u00e1n a EU; ven en M\u00e9xico buenas oportunidades de vida<br \/>\nPor Redacci\u00f3n QP<\/p>\n","protected":false},"author":2,"featured_media":8503,"comment_status":"open","ping_status":"open","sticky":false,"template":"","format":"standard","meta":{"_monsterinsights_skip_tracking":false,"_monsterinsights_sitenote_active":false,"_monsterinsights_sitenote_note":"","_monsterinsights_sitenote_category":0,"footnotes":""},"categories":[2],"tags":[],"class_list":["post-8504","post","type-post","status-publish","format-standard","has-post-thumbnail","hentry","category-noticias"],"yoast_head":"<!-- This site is optimized with the Yoast SEO plugin v27.3 - https:\/\/yoast.com\/product\/yoast-seo-wordpress\/ -->\n<title>Varios migrantes de la caravana no llegar\u00e1n a EU; ven en M\u00e9xico buenas oportunidades de vida -<\/title>\n<meta name=\"robots\" content=\"index, follow, max-snippet:-1, max-image-preview:large, max-video-preview:-1\" \/>\n<link rel=\"canonical\" href=\"https:\/\/quehacerpolitico.mx\/?p=8504\" \/>\n<meta property=\"og:locale\" content=\"es_MX\" \/>\n<meta property=\"og:type\" content=\"article\" \/>\n<meta property=\"og:title\" content=\"Varios migrantes de la caravana no llegar\u00e1n a EU; ven en M\u00e9xico buenas oportunidades de vida -\" \/>\n<meta property=\"og:description\" content=\"Varios migrantes de la caravana no llegar\u00e1n a EU; ven en M\u00e9xico buenas oportunidades de vida Por Redacci\u00f3n QP\" \/>\n<meta property=\"og:url\" content=\"https:\/\/quehacerpolitico.mx\/?p=8504\" \/>\n<meta property=\"article:published_time\" content=\"2018-11-05T03:19:45+00:00\" \/>\n<meta name=\"author\" content=\"Redacci\u00f3n QP\" \/>\n<meta name=\"twitter:card\" content=\"summary_large_image\" \/>\n<meta name=\"twitter:label1\" content=\"Escrito por\" \/>\n\t<meta name=\"twitter:data1\" content=\"Redacci\u00f3n QP\" \/>\n\t<meta name=\"twitter:label2\" content=\"Tiempo de lectura\" \/>\n\t<meta name=\"twitter:data2\" content=\"4 minutos\" \/>\n<script type=\"application\/ld+json\" class=\"yoast-schema-graph\">{\"@context\":\"https:\\\/\\\/schema.org\",\"@graph\":[{\"@type\":\"Article\",\"@id\":\"https:\\\/\\\/quehacerpolitico.mx\\\/?p=8504#article\",\"isPartOf\":{\"@id\":\"https:\\\/\\\/quehacerpolitico.mx\\\/?p=8504\"},\"author\":{\"name\":\"Redacci\u00f3n QP\",\"@id\":\"https:\\\/\\\/quehacerpolitico.mx\\\/#\\\/schema\\\/person\\\/496d8ad2d1d3f8036101dca7ee39e585\"},\"headline\":\"Varios migrantes de la caravana no llegar\u00e1n a EU; ven en M\u00e9xico buenas oportunidades de vida\",\"datePublished\":\"2018-11-05T03:19:45+00:00\",\"mainEntityOfPage\":{\"@id\":\"https:\\\/\\\/quehacerpolitico.mx\\\/?p=8504\"},\"wordCount\":864,\"commentCount\":0,\"image\":{\"@id\":\"https:\\\/\\\/quehacerpolitico.mx\\\/?p=8504#primaryimage\"},\"thumbnailUrl\":\"\",\"articleSection\":[\"Noticias\"],\"inLanguage\":\"es\",\"potentialAction\":[{\"@type\":\"CommentAction\",\"name\":\"Comment\",\"target\":[\"https:\\\/\\\/quehacerpolitico.mx\\\/?p=8504#respond\"]}]},{\"@type\":\"WebPage\",\"@id\":\"https:\\\/\\\/quehacerpolitico.mx\\\/?p=8504\",\"url\":\"https:\\\/\\\/quehacerpolitico.mx\\\/?p=8504\",\"name\":\"Varios migrantes de la caravana no llegar\u00e1n a EU; ven en M\u00e9xico buenas oportunidades de vida -\",\"isPartOf\":{\"@id\":\"https:\\\/\\\/quehacerpolitico.mx\\\/#website\"},\"primaryImageOfPage\":{\"@id\":\"https:\\\/\\\/quehacerpolitico.mx\\\/?p=8504#primaryimage\"},\"image\":{\"@id\":\"https:\\\/\\\/quehacerpolitico.mx\\\/?p=8504#primaryimage\"},\"thumbnailUrl\":\"\",\"datePublished\":\"2018-11-05T03:19:45+00:00\",\"author\":{\"@id\":\"https:\\\/\\\/quehacerpolitico.mx\\\/#\\\/schema\\\/person\\\/496d8ad2d1d3f8036101dca7ee39e585\"},\"breadcrumb\":{\"@id\":\"https:\\\/\\\/quehacerpolitico.mx\\\/?p=8504#breadcrumb\"},\"inLanguage\":\"es\",\"potentialAction\":[{\"@type\":\"ReadAction\",\"target\":[\"https:\\\/\\\/quehacerpolitico.mx\\\/?p=8504\"]}]},{\"@type\":\"ImageObject\",\"inLanguage\":\"es\",\"@id\":\"https:\\\/\\\/quehacerpolitico.mx\\\/?p=8504#primaryimage\",\"url\":\"\",\"contentUrl\":\"\"},{\"@type\":\"BreadcrumbList\",\"@id\":\"https:\\\/\\\/quehacerpolitico.mx\\\/?p=8504#breadcrumb\",\"itemListElement\":[{\"@type\":\"ListItem\",\"position\":1,\"name\":\"Inicio\",\"item\":\"https:\\\/\\\/quehacerpolitico.mx\\\/\"},{\"@type\":\"ListItem\",\"position\":2,\"name\":\"Varios migrantes de la caravana no llegar\u00e1n a EU; ven en M\u00e9xico buenas oportunidades de vida\"}]},{\"@type\":\"WebSite\",\"@id\":\"https:\\\/\\\/quehacerpolitico.mx\\\/#website\",\"url\":\"https:\\\/\\\/quehacerpolitico.mx\\\/\",\"name\":\"\",\"description\":\"\",\"potentialAction\":[{\"@type\":\"SearchAction\",\"target\":{\"@type\":\"EntryPoint\",\"urlTemplate\":\"https:\\\/\\\/quehacerpolitico.mx\\\/?s={search_term_string}\"},\"query-input\":{\"@type\":\"PropertyValueSpecification\",\"valueRequired\":true,\"valueName\":\"search_term_string\"}}],\"inLanguage\":\"es\"},{\"@type\":\"Person\",\"@id\":\"https:\\\/\\\/quehacerpolitico.mx\\\/#\\\/schema\\\/person\\\/496d8ad2d1d3f8036101dca7ee39e585\",\"name\":\"Redacci\u00f3n QP\",\"image\":{\"@type\":\"ImageObject\",\"inLanguage\":\"es\",\"@id\":\"https:\\\/\\\/secure.gravatar.com\\\/avatar\\\/c7164ed6fdec453195284ad24a5ae5b6e1eed2b848477fa2a4787ba9adf39a41?s=96&d=mm&r=g\",\"url\":\"https:\\\/\\\/secure.gravatar.com\\\/avatar\\\/c7164ed6fdec453195284ad24a5ae5b6e1eed2b848477fa2a4787ba9adf39a41?s=96&d=mm&r=g\",\"contentUrl\":\"https:\\\/\\\/secure.gravatar.com\\\/avatar\\\/c7164ed6fdec453195284ad24a5ae5b6e1eed2b848477fa2a4787ba9adf39a41?s=96&d=mm&r=g\",\"caption\":\"Redacci\u00f3n QP\"},\"url\":\"https:\\\/\\\/quehacerpolitico.mx\\\/?author=2\"}]}<\/script>\n<!-- \/ Yoast SEO plugin. -->","yoast_head_json":{"title":"Varios migrantes de la caravana no llegar\u00e1n a EU; ven en M\u00e9xico buenas oportunidades de vida -","robots":{"index":"index","follow":"follow","max-snippet":"max-snippet:-1","max-image-preview":"max-image-preview:large","max-video-preview":"max-video-preview:-1"},"canonical":"https:\/\/quehacerpolitico.mx\/?p=8504","og_locale":"es_MX","og_type":"article","og_title":"Varios migrantes de la caravana no llegar\u00e1n a EU; ven en M\u00e9xico buenas oportunidades de vida -","og_description":"Varios migrantes de la caravana no llegar\u00e1n a EU; ven en M\u00e9xico buenas oportunidades de vida Por Redacci\u00f3n QP","og_url":"https:\/\/quehacerpolitico.mx\/?p=8504","article_published_time":"2018-11-05T03:19:45+00:00","author":"Redacci\u00f3n QP","twitter_card":"summary_large_image","twitter_misc":{"Escrito por":"Redacci\u00f3n QP","Tiempo de lectura":"4 minutos"},"schema":{"@context":"https:\/\/schema.org","@graph":[{"@type":"Article","@id":"https:\/\/quehacerpolitico.mx\/?p=8504#article","isPartOf":{"@id":"https:\/\/quehacerpolitico.mx\/?p=8504"},"author":{"name":"Redacci\u00f3n QP","@id":"https:\/\/quehacerpolitico.mx\/#\/schema\/person\/496d8ad2d1d3f8036101dca7ee39e585"},"headline":"Varios migrantes de la caravana no llegar\u00e1n a EU; ven en M\u00e9xico buenas oportunidades de vida","datePublished":"2018-11-05T03:19:45+00:00","mainEntityOfPage":{"@id":"https:\/\/quehacerpolitico.mx\/?p=8504"},"wordCount":864,"commentCount":0,"image":{"@id":"https:\/\/quehacerpolitico.mx\/?p=8504#primaryimage"},"thumbnailUrl":"","articleSection":["Noticias"],"inLanguage":"es","potentialAction":[{"@type":"CommentAction","name":"Comment","target":["https:\/\/quehacerpolitico.mx\/?p=8504#respond"]}]},{"@type":"WebPage","@id":"https:\/\/quehacerpolitico.mx\/?p=8504","url":"https:\/\/quehacerpolitico.mx\/?p=8504","name":"Varios migrantes de la caravana no llegar\u00e1n a EU; ven en M\u00e9xico buenas oportunidades de vida -","isPartOf":{"@id":"https:\/\/quehacerpolitico.mx\/#website"},"primaryImageOfPage":{"@id":"https:\/\/quehacerpolitico.mx\/?p=8504#primaryimage"},"image":{"@id":"https:\/\/quehacerpolitico.mx\/?p=8504#primaryimage"},"thumbnailUrl":"","datePublished":"2018-11-05T03:19:45+00:00","author":{"@id":"https:\/\/quehacerpolitico.mx\/#\/schema\/person\/496d8ad2d1d3f8036101dca7ee39e585"},"breadcrumb":{"@id":"https:\/\/quehacerpolitico.mx\/?p=8504#breadcrumb"},"inLanguage":"es","potentialAction":[{"@type":"ReadAction","target":["https:\/\/quehacerpolitico.mx\/?p=8504"]}]},{"@type":"ImageObject","inLanguage":"es","@id":"https:\/\/quehacerpolitico.mx\/?p=8504#primaryimage","url":"","contentUrl":""},{"@type":"BreadcrumbList","@id":"https:\/\/quehacerpolitico.mx\/?p=8504#breadcrumb","itemListElement":[{"@type":"ListItem","position":1,"name":"Inicio","item":"https:\/\/quehacerpolitico.mx\/"},{"@type":"ListItem","position":2,"name":"Varios migrantes de la caravana no llegar\u00e1n a EU; ven en M\u00e9xico buenas oportunidades de vida"}]},{"@type":"WebSite","@id":"https:\/\/quehacerpolitico.mx\/#website","url":"https:\/\/quehacerpolitico.mx\/","name":"","description":"","potentialAction":[{"@type":"SearchAction","target":{"@type":"EntryPoint","urlTemplate":"https:\/\/quehacerpolitico.mx\/?s={search_term_string}"},"query-input":{"@type":"PropertyValueSpecification","valueRequired":true,"valueName":"search_term_string"}}],"inLanguage":"es"},{"@type":"Person","@id":"https:\/\/quehacerpolitico.mx\/#\/schema\/person\/496d8ad2d1d3f8036101dca7ee39e585","name":"Redacci\u00f3n QP","image":{"@type":"ImageObject","inLanguage":"es","@id":"https:\/\/secure.gravatar.com\/avatar\/c7164ed6fdec453195284ad24a5ae5b6e1eed2b848477fa2a4787ba9adf39a41?s=96&d=mm&r=g","url":"https:\/\/secure.gravatar.com\/avatar\/c7164ed6fdec453195284ad24a5ae5b6e1eed2b848477fa2a4787ba9adf39a41?s=96&d=mm&r=g","contentUrl":"https:\/\/secure.gravatar.com\/avatar\/c7164ed6fdec453195284ad24a5ae5b6e1eed2b848477fa2a4787ba9adf39a41?s=96&d=mm&r=g","caption":"Redacci\u00f3n QP"},"url":"https:\/\/quehacerpolitico.mx\/?author=2"}]}},"featured_image_urls":{"full":"","thumbnail":"","medium":"","medium_large":"","large":"","1536x1536":"","2048x2048":"","covernews-featured":"","covernews-medium":""},"author_info":{"display_name":"Redacci\u00f3n QP","author_link":"https:\/\/quehacerpolitico.mx\/?author=2"},"category_info":"<a href=\"https:\/\/quehacerpolitico.mx\/?cat=2\" rel=\"category\">Noticias<\/a>","tag_info":"Noticias","comment_count":"0","_links":{"self":[{"href":"https:\/\/quehacerpolitico.mx\/index.php?rest_route=\/wp\/v2\/posts\/8504","targetHints":{"allow":["GET"]}}],"collection":[{"href":"https:\/\/quehacerpolitico.mx\/index.php?rest_route=\/wp\/v2\/posts"}],"about":[{"href":"https:\/\/quehacerpolitico.mx\/index.php?rest_route=\/wp\/v2\/types\/post"}],"author":[{"embeddable":true,"href":"https:\/\/quehacerpolitico.mx\/index.php?rest_route=\/wp\/v2\/users\/2"}],"replies":[{"embeddable":true,"href":"https:\/\/quehacerpolitico.mx\/index.php?rest_route=%2Fwp%2Fv2%2Fcomments&post=8504"}],"version-history":[{"count":0,"href":"https:\/\/quehacerpolitico.mx\/index.php?rest_route=\/wp\/v2\/posts\/8504\/revisions"}],"wp:featuredmedia":[{"embeddable":true,"href":"https:\/\/quehacerpolitico.mx\/index.php?rest_route=\/"}],"wp:attachment":[{"href":"https:\/\/quehacerpolitico.mx\/index.php?rest_route=%2Fwp%2Fv2%2Fmedia&parent=8504"}],"wp:term":[{"taxonomy":"category","embeddable":true,"href":"https:\/\/quehacerpolitico.mx\/index.php?rest_route=%2Fwp%2Fv2%2Fcategories&post=8504"},{"taxonomy":"post_tag","embeddable":true,"href":"https:\/\/quehacerpolitico.mx\/index.php?rest_route=%2Fwp%2Fv2%2Ftags&post=8504"}],"curies":[{"name":"wp","href":"https:\/\/api.w.org\/{rel}","templated":true}]}}